{"id":14315,"date":"2022-01-24T14:28:47","date_gmt":"2022-01-24T13:28:47","guid":{"rendered":"https:\/\/www.buhl.de\/vermieter-web\/?p=14315"},"modified":"2022-01-24T14:28:47","modified_gmt":"2022-01-24T13:28:47","slug":"kaminkehrer-lieferte-keine-saubere-arbeit","status":"publish","type":"post","link":"https:\/\/www.buhl.de\/vermieter-web\/kaminkehrer-lieferte-keine-saubere-arbeit\/","title":{"rendered":"Kaminkehrer lieferte keine saubere Arbeit"},"content":{"rendered":"<p><strong>Werden R\u00e4ume wegen einer unsachgem\u00e4\u00dfen Kamin Kehrung verru\u00dft, haftet der Schornsteinfeger f\u00fcr die dabei entstehenden Sch\u00e4den. Die notwendigen Kehrarbeiten d\u00fcrfen nicht teilweise auf den Kunden \u00fcbertragen werden. Zu diesem Ergebnis kam das Amtsgericht Brandenburg an der Havel in einem Urteil vom 12.11.2021 (Aktenzeichen 31 C 264\/17).<\/strong><\/p>\n<h5>Nach dem Kaminkehren: Verrusste R\u00e4ume<\/h5>\n<p>In dem Verfahren ging es um starke Ru\u00df- und Rauchentwicklung in einem Wohnhaus, dessen Schornstein kurz zuvor von Mitarbeitern des Bezirksschornsteinfegers gekehrt worden war. Im Haus wurde eine Zentralheizung mit Holzvergaserkessel betrieben. Der Hauseigent\u00fcmer machte den Bezirksschornsteinfeger f\u00fcr die Ru\u00df- und Rauchentwicklung verantwortlich. Er klagte gegen den Schornsteinfeger und verlangte Schadenersatz vom knapp 3500 \u20ac.<\/p>\n<h5>Schornsteinfeger muss zahlen<\/h5>\n<p>Das zust\u00e4ndige Amtsgericht gab dem Kl\u00e4ger Recht. Er habe Anspruch auf die Zahlung von Schadenersatz. Das Gericht best\u00e4tigte, dass die Mitarbeiter des Bezirksschornsteinfegers eine Pflichtverletzung begangen h\u00e4tten. Die Verru\u00dfung sei auf eine unsachgem\u00e4\u00dfe Kehrung des Schornsteins zur\u00fcckzuf\u00fchren. Die Kehrr\u00fcckst\u00e4nde wurden nicht entnommen. Auch das Verbindungsst\u00fcck wurde nach der Kehrung nicht gereinigt. Diese Ma\u00dfnahmen durften nicht auf den Kunden \u00fcbertragen werden. Dies k\u00f6nnte zu gef\u00e4hrlichen Betriebsst\u00f6rungen f\u00fchren. Die Verru\u00dfung sei ein Indiz f\u00fcr die unsachgem\u00e4\u00dfe Kehrung des Kamins, die der Schornsteinfeger zu verantworten habe.<\/p>\n<hr \/>\n<h5>Das k\u00f6nnte sie auch interessieren:<\/h5>\n<p><a href=\"https:\/\/www.buhl.de\/vermieter-web\/aus-fuer-kaminoefen\/\">Aus f\u00fcr Kamin\u00f6fen?<\/a><br \/>\n<a href=\"https:\/\/www.buhl.de\/vermieter-web\/corona-der-schornsteinfeger-waehrend-der-pandemie\/\">Corona: Der Schornsteinfeger w\u00e4hrend der Pandemie<\/a><\/p>\n<hr \/>\n<p>&nbsp;<\/p>\n","protected":false},"excerpt":{"rendered":"<p>Werden R\u00e4ume wegen einer unsachgem\u00e4\u00dfen Kamin Kehrung verru\u00dft, haftet der Schornsteinfeger f\u00fcr die dabei entstehenden Sch\u00e4den. Die notwendigen Kehrarbeiten d\u00fcrfen nicht teilweise auf den Kunden \u00fcbertragen werden. Zu diesem Ergebnis kam das Amtsgericht Brandenburg an der Havel in einem Urteil vom 12.11.2021 (Aktenzeichen 31 C 264\/17). Nach dem Kaminkehren: Verrusste R\u00e4ume In dem Verfahren ging &hellip; <\/p>\n<p class=\"link-more\"><a href=\"https:\/\/www.buhl.de\/vermieter-web\/kaminkehrer-lieferte-keine-saubere-arbeit\/\" class=\"more-link\"><span class=\"screen-reader-text\">\u201eKaminkehrer lieferte keine saubere Arbeit\u201c<\/span> weiterlesen<\/a><\/p>\n","protected":false},"author":15,"featured_media":14323,"comment_status":"closed","ping_status":"open","sticky":false,"template":"","format":"standard","meta":{"footnotes":""},"categories":[1],"tags":[5746,5748,5747,466,5503],"class_list":["post-14315","post","type-post","status-publish","format-standard","has-post-thumbnail","hentry","category-allgemein","tag-kamin","tag-rauch","tag-russ","tag-schaden","tag-schornstein"],"yoast_head":"<!-- This site is optimized with the Yoast SEO Premium plugin v27.4 (Yoast SEO v27.5) - https:\/\/yoast.com\/product\/yoast-seo-premium-wordpress\/ -->\n<title>Kaminkehrer haftet f\u00fcr seine Arbeit<\/title>\n<meta name=\"description\" content=\"Entstehen durch unsachgem\u00e4\u00dfe Arbeiten des Schornsteinfegers oder seiner Mitarbeiter Sch\u00e4den, so haftet der Kaminkehrer hierf\u00fcr.\" \/>\n<meta name=\"robots\" content=\"noindex, nofollow\" \/>\n<meta property=\"og:locale\" content=\"de_DE\" \/>\n<meta property=\"og:type\" content=\"article\" \/>\n<meta property=\"og:title\" content=\"Kaminkehrer lieferte keine saubere Arbeit\" \/>\n<meta property=\"og:description\" content=\"Entstehen durch unsachgem\u00e4\u00dfe Arbeiten des Schornsteinfegers oder seiner Mitarbeiter Sch\u00e4den, so haftet der Kaminkehrer hierf\u00fcr.\" \/>\n<meta property=\"og:url\" content=\"https:\/\/www.buhl.de\/vermieter-web\/kaminkehrer-lieferte-keine-saubere-arbeit\/\" \/>\n<meta property=\"og:site_name\" content=\"Online-Nebenkostenabrechnung mit WISO Vermieter-Web\" \/>\n<meta property=\"article:published_time\" content=\"2022-01-24T13:28:47+00:00\" \/>\n<meta property=\"og:image\" content=\"https:\/\/www.buhl.de\/vermieter-web\/wp-content\/uploads\/sites\/33\/2022\/01\/shutterstock_316119761.jpg\" \/>\n\t<meta property=\"og:image:width\" content=\"840\" \/>\n\t<meta property=\"og:image:height\" content=\"420\" \/>\n\t<meta property=\"og:image:type\" content=\"image\/jpeg\" \/>\n<meta name=\"author\" content=\"Hartmut Fischer\" \/>\n<meta name=\"twitter:card\" content=\"summary_large_image\" \/>\n<meta name=\"twitter:label1\" content=\"Verfasst von\" \/>\n\t<meta name=\"twitter:data1\" content=\"Hartmut Fischer\" \/>\n\t<meta name=\"twitter:label2\" content=\"Gesch\u00e4tzte Lesezeit\" \/>\n\t<meta name=\"twitter:data2\" content=\"1\u00a0Minute\" \/>\n<script type=\"application\/ld+json\" class=\"yoast-schema-graph\">{\"@context\":\"https:\\\/\\\/schema.org\",\"@graph\":[{\"@type\":\"Article\",\"@id\":\"https:\\\/\\\/www.buhl.de\\\/vermieter-web\\\/kaminkehrer-lieferte-keine-saubere-arbeit\\\/#article\",\"isPartOf\":{\"@id\":\"https:\\\/\\\/www.buhl.de\\\/vermieter-web\\\/kaminkehrer-lieferte-keine-saubere-arbeit\\\/\"},\"author\":{\"name\":\"Hartmut Fischer\",\"@id\":\"https:\\\/\\\/www.buhl.de\\\/vermieter-web\\\/#\\\/schema\\\/person\\\/82903e1cb04eb553382702d503991b4f\"},\"headline\":\"Kaminkehrer lieferte keine saubere Arbeit\",\"datePublished\":\"2022-01-24T13:28:47+00:00\",\"mainEntityOfPage\":{\"@id\":\"https:\\\/\\\/www.buhl.de\\\/vermieter-web\\\/kaminkehrer-lieferte-keine-saubere-arbeit\\\/\"},\"wordCount\":241,\"image\":{\"@id\":\"https:\\\/\\\/www.buhl.de\\\/vermieter-web\\\/kaminkehrer-lieferte-keine-saubere-arbeit\\\/#primaryimage\"},\"thumbnailUrl\":\"https:\\\/\\\/www.buhl.de\\\/vermieter-web\\\/wp-content\\\/uploads\\\/sites\\\/33\\\/2022\\\/01\\\/shutterstock_316119761.jpg\",\"keywords\":[\"Kamin\",\"Rauch\",\"Ru\u00df\",\"Schaden\",\"Schornstein\"],\"inLanguage\":\"de\"},{\"@type\":\"WebPage\",\"@id\":\"https:\\\/\\\/www.buhl.de\\\/vermieter-web\\\/kaminkehrer-lieferte-keine-saubere-arbeit\\\/\",\"url\":\"https:\\\/\\\/www.buhl.de\\\/vermieter-web\\\/kaminkehrer-lieferte-keine-saubere-arbeit\\\/\",\"name\":\"Kaminkehrer haftet f\u00fcr seine Arbeit\",\"isPartOf\":{\"@id\":\"https:\\\/\\\/www.buhl.de\\\/vermieter-web\\\/#website\"},\"primaryImageOfPage\":{\"@id\":\"https:\\\/\\\/www.buhl.de\\\/vermieter-web\\\/kaminkehrer-lieferte-keine-saubere-arbeit\\\/#primaryimage\"},\"image\":{\"@id\":\"https:\\\/\\\/www.buhl.de\\\/vermieter-web\\\/kaminkehrer-lieferte-keine-saubere-arbeit\\\/#primaryimage\"},\"thumbnailUrl\":\"https:\\\/\\\/www.buhl.de\\\/vermieter-web\\\/wp-content\\\/uploads\\\/sites\\\/33\\\/2022\\\/01\\\/shutterstock_316119761.jpg\",\"datePublished\":\"2022-01-24T13:28:47+00:00\",\"author\":{\"@id\":\"https:\\\/\\\/www.buhl.de\\\/vermieter-web\\\/#\\\/schema\\\/person\\\/82903e1cb04eb553382702d503991b4f\"},\"description\":\"Entstehen durch unsachgem\u00e4\u00dfe Arbeiten des Schornsteinfegers oder seiner Mitarbeiter Sch\u00e4den, so haftet der Kaminkehrer hierf\u00fcr.\",\"breadcrumb\":{\"@id\":\"https:\\\/\\\/www.buhl.de\\\/vermieter-web\\\/kaminkehrer-lieferte-keine-saubere-arbeit\\\/#breadcrumb\"},\"inLanguage\":\"de\",\"potentialAction\":[{\"@type\":\"ReadAction\",\"target\":[\"https:\\\/\\\/www.buhl.de\\\/vermieter-web\\\/kaminkehrer-lieferte-keine-saubere-arbeit\\\/\"]}]},{\"@type\":\"ImageObject\",\"inLanguage\":\"de\",\"@id\":\"https:\\\/\\\/www.buhl.de\\\/vermieter-web\\\/kaminkehrer-lieferte-keine-saubere-arbeit\\\/#primaryimage\",\"url\":\"https:\\\/\\\/www.buhl.de\\\/vermieter-web\\\/wp-content\\\/uploads\\\/sites\\\/33\\\/2022\\\/01\\\/shutterstock_316119761.jpg\",\"contentUrl\":\"https:\\\/\\\/www.buhl.de\\\/vermieter-web\\\/wp-content\\\/uploads\\\/sites\\\/33\\\/2022\\\/01\\\/shutterstock_316119761.jpg\",\"width\":840,\"height\":420,\"caption\":\"NICA, LATVIA - SEPTEMBER 25, 2013: Young man in black dresses is standing on red roof and cleaning chimney with metal brush on long cable.\"},{\"@type\":\"BreadcrumbList\",\"@id\":\"https:\\\/\\\/www.buhl.de\\\/vermieter-web\\\/kaminkehrer-lieferte-keine-saubere-arbeit\\\/#breadcrumb\",\"itemListElement\":[{\"@type\":\"ListItem\",\"position\":1,\"name\":\"Startseite\",\"item\":\"https:\\\/\\\/www.buhl.de\\\/vermieter-web\\\/\"},{\"@type\":\"ListItem\",\"position\":2,\"name\":\"Kaminkehrer lieferte keine saubere Arbeit\"}]},{\"@type\":\"WebSite\",\"@id\":\"https:\\\/\\\/www.buhl.de\\\/vermieter-web\\\/#website\",\"url\":\"https:\\\/\\\/www.buhl.de\\\/vermieter-web\\\/\",\"name\":\"Online-Nebenkostenabrechnung mit WISO Vermieter-Web\",\"description\":\"\",\"potentialAction\":[{\"@type\":\"SearchAction\",\"target\":{\"@type\":\"EntryPoint\",\"urlTemplate\":\"https:\\\/\\\/www.buhl.de\\\/vermieter-web\\\/?s={search_term_string}\"},\"query-input\":{\"@type\":\"PropertyValueSpecification\",\"valueRequired\":true,\"valueName\":\"search_term_string\"}}],\"inLanguage\":\"de\"},{\"@type\":\"Person\",\"@id\":\"https:\\\/\\\/www.buhl.de\\\/vermieter-web\\\/#\\\/schema\\\/person\\\/82903e1cb04eb553382702d503991b4f\",\"name\":\"Hartmut Fischer\"}]}<\/script>\n<!-- \/ Yoast SEO Premium plugin. -->","yoast_head_json":{"title":"Kaminkehrer haftet f\u00fcr seine Arbeit","description":"Entstehen durch unsachgem\u00e4\u00dfe Arbeiten des Schornsteinfegers oder seiner Mitarbeiter Sch\u00e4den, so haftet der Kaminkehrer hierf\u00fcr.","robots":{"index":"noindex","follow":"nofollow"},"og_locale":"de_DE","og_type":"article","og_title":"Kaminkehrer lieferte keine saubere Arbeit","og_description":"Entstehen durch unsachgem\u00e4\u00dfe Arbeiten des Schornsteinfegers oder seiner Mitarbeiter Sch\u00e4den, so haftet der Kaminkehrer hierf\u00fcr.","og_url":"https:\/\/www.buhl.de\/vermieter-web\/kaminkehrer-lieferte-keine-saubere-arbeit\/","og_site_name":"Online-Nebenkostenabrechnung mit WISO Vermieter-Web","article_published_time":"2022-01-24T13:28:47+00:00","og_image":[{"width":840,"height":420,"url":"https:\/\/www.buhl.de\/vermieter-web\/wp-content\/uploads\/sites\/33\/2022\/01\/shutterstock_316119761.jpg","type":"image\/jpeg"}],"author":"Hartmut Fischer","twitter_card":"summary_large_image","twitter_misc":{"Verfasst von":"Hartmut Fischer","Gesch\u00e4tzte Lesezeit":"1\u00a0Minute"},"schema":{"@context":"https:\/\/schema.org","@graph":[{"@type":"Article","@id":"https:\/\/www.buhl.de\/vermieter-web\/kaminkehrer-lieferte-keine-saubere-arbeit\/#article","isPartOf":{"@id":"https:\/\/www.buhl.de\/vermieter-web\/kaminkehrer-lieferte-keine-saubere-arbeit\/"},"author":{"name":"Hartmut Fischer","@id":"https:\/\/www.buhl.de\/vermieter-web\/#\/schema\/person\/82903e1cb04eb553382702d503991b4f"},"headline":"Kaminkehrer lieferte keine saubere Arbeit","datePublished":"2022-01-24T13:28:47+00:00","mainEntityOfPage":{"@id":"https:\/\/www.buhl.de\/vermieter-web\/kaminkehrer-lieferte-keine-saubere-arbeit\/"},"wordCount":241,"image":{"@id":"https:\/\/www.buhl.de\/vermieter-web\/kaminkehrer-lieferte-keine-saubere-arbeit\/#primaryimage"},"thumbnailUrl":"https:\/\/www.buhl.de\/vermieter-web\/wp-content\/uploads\/sites\/33\/2022\/01\/shutterstock_316119761.jpg","keywords":["Kamin","Rauch","Ru\u00df","Schaden","Schornstein"],"inLanguage":"de"},{"@type":"WebPage","@id":"https:\/\/www.buhl.de\/vermieter-web\/kaminkehrer-lieferte-keine-saubere-arbeit\/","url":"https:\/\/www.buhl.de\/vermieter-web\/kaminkehrer-lieferte-keine-saubere-arbeit\/","name":"Kaminkehrer haftet f\u00fcr seine Arbeit","isPartOf":{"@id":"https:\/\/www.buhl.de\/vermieter-web\/#website"},"primaryImageOfPage":{"@id":"https:\/\/www.buhl.de\/vermieter-web\/kaminkehrer-lieferte-keine-saubere-arbeit\/#primaryimage"},"image":{"@id":"https:\/\/www.buhl.de\/vermieter-web\/kaminkehrer-lieferte-keine-saubere-arbeit\/#primaryimage"},"thumbnailUrl":"https:\/\/www.buhl.de\/vermieter-web\/wp-content\/uploads\/sites\/33\/2022\/01\/shutterstock_316119761.jpg","datePublished":"2022-01-24T13:28:47+00:00","author":{"@id":"https:\/\/www.buhl.de\/vermieter-web\/#\/schema\/person\/82903e1cb04eb553382702d503991b4f"},"description":"Entstehen durch unsachgem\u00e4\u00dfe Arbeiten des Schornsteinfegers oder seiner Mitarbeiter Sch\u00e4den, so haftet der Kaminkehrer hierf\u00fcr.","breadcrumb":{"@id":"https:\/\/www.buhl.de\/vermieter-web\/kaminkehrer-lieferte-keine-saubere-arbeit\/#breadcrumb"},"inLanguage":"de","potentialAction":[{"@type":"ReadAction","target":["https:\/\/www.buhl.de\/vermieter-web\/kaminkehrer-lieferte-keine-saubere-arbeit\/"]}]},{"@type":"ImageObject","inLanguage":"de","@id":"https:\/\/www.buhl.de\/vermieter-web\/kaminkehrer-lieferte-keine-saubere-arbeit\/#primaryimage","url":"https:\/\/www.buhl.de\/vermieter-web\/wp-content\/uploads\/sites\/33\/2022\/01\/shutterstock_316119761.jpg","contentUrl":"https:\/\/www.buhl.de\/vermieter-web\/wp-content\/uploads\/sites\/33\/2022\/01\/shutterstock_316119761.jpg","width":840,"height":420,"caption":"NICA, LATVIA - SEPTEMBER 25, 2013: Young man in black dresses is standing on red roof and cleaning chimney with metal brush on long cable."},{"@type":"BreadcrumbList","@id":"https:\/\/www.buhl.de\/vermieter-web\/kaminkehrer-lieferte-keine-saubere-arbeit\/#breadcrumb","itemListElement":[{"@type":"ListItem","position":1,"name":"Startseite","item":"https:\/\/www.buhl.de\/vermieter-web\/"},{"@type":"ListItem","position":2,"name":"Kaminkehrer lieferte keine saubere Arbeit"}]},{"@type":"WebSite","@id":"https:\/\/www.buhl.de\/vermieter-web\/#website","url":"https:\/\/www.buhl.de\/vermieter-web\/","name":"Online-Nebenkostenabrechnung mit WISO Vermieter-Web","description":"","potentialAction":[{"@type":"SearchAction","target":{"@type":"EntryPoint","urlTemplate":"https:\/\/www.buhl.de\/vermieter-web\/?s={search_term_string}"},"query-input":{"@type":"PropertyValueSpecification","valueRequired":true,"valueName":"search_term_string"}}],"inLanguage":"de"},{"@type":"Person","@id":"https:\/\/www.buhl.de\/vermieter-web\/#\/schema\/person\/82903e1cb04eb553382702d503991b4f","name":"Hartmut Fischer"}]}},"_links":{"self":[{"href":"https:\/\/www.buhl.de\/vermieter-web\/wp-json\/wp\/v2\/posts\/14315","targetHints":{"allow":["GET"]}}],"collection":[{"href":"https:\/\/www.buhl.de\/vermieter-web\/wp-json\/wp\/v2\/posts"}],"about":[{"href":"https:\/\/www.buhl.de\/vermieter-web\/wp-json\/wp\/v2\/types\/post"}],"author":[{"embeddable":true,"href":"https:\/\/www.buhl.de\/vermieter-web\/wp-json\/wp\/v2\/users\/15"}],"replies":[{"embeddable":true,"href":"https:\/\/www.buhl.de\/vermieter-web\/wp-json\/wp\/v2\/comments?post=14315"}],"version-history":[{"count":1,"href":"https:\/\/www.buhl.de\/vermieter-web\/wp-json\/wp\/v2\/posts\/14315\/revisions"}],"predecessor-version":[{"id":14318,"href":"https:\/\/www.buhl.de\/vermieter-web\/wp-json\/wp\/v2\/posts\/14315\/revisions\/14318"}],"wp:featuredmedia":[{"embeddable":true,"href":"https:\/\/www.buhl.de\/vermieter-web\/wp-json\/wp\/v2\/media\/14323"}],"wp:attachment":[{"href":"https:\/\/www.buhl.de\/vermieter-web\/wp-json\/wp\/v2\/media?parent=14315"}],"wp:term":[{"taxonomy":"category","embeddable":true,"href":"https:\/\/www.buhl.de\/vermieter-web\/wp-json\/wp\/v2\/categories?post=14315"},{"taxonomy":"post_tag","embeddable":true,"href":"https:\/\/www.buhl.de\/vermieter-web\/wp-json\/wp\/v2\/tags?post=14315"}],"curies":[{"name":"wp","href":"https:\/\/api.w.org\/{rel}","templated":true}]}}