{"id":14393,"date":"2022-03-04T13:24:09","date_gmt":"2022-03-04T12:24:09","guid":{"rendered":"https:\/\/www.buhl.de\/vermieter-web\/?p=14393"},"modified":"2022-03-04T13:24:09","modified_gmt":"2022-03-04T12:24:09","slug":"keine-sondertarife-bei-grundversorgung-mit-strom","status":"publish","type":"post","link":"https:\/\/www.buhl.de\/vermieter-web\/keine-sondertarife-bei-grundversorgung-mit-strom\/","title":{"rendered":"Keine Sondertarife bei Grundversorgung mit Strom"},"content":{"rendered":"<p><strong>Derzeit kommen immer h\u00e4ufiger Kunden von Energielieferanten in die unangenehme Lage, dass sie nicht mehr beliefert werden. Zwar wird die Stromversorgung nicht unterbrochen \u2013 man rutscht aber in die Ersatzversorgung, bei der man meist einiges mehr zahlen muss, als bisher. Einige Grundversorger haben sogar besondere Tarife f\u00fcr die \u201eGrundversorgten\u201c. Das Landgericht Frankfurt hat am 14.02.2022 hierzu entschieden, dass solche Sondertarife unzul\u00e4ssig sind. (Aktenzeichen 03-06 O 6\/22).<\/strong><\/p>\n<h5>Verbraucherzentrale empfiehlt, sich zu wehren<\/h5>\n<p>Wer nach unzul\u00e4ssiger Beendigung seines Energieversorgungsvertrags in der Ersatzversorgung des Grundversorgers mit teureren Preisen versorgt wird als die Bestandskunden in der Grundversorgung, sollte sich wehren. Darauf weist die Verbraucherzentrale Rheinland-Pfalz hin. Sie r\u00e4t Betroffenen, ihren Energieverbrauch in der \u00fcberteuerten Ersatzversorgung genau zu notieren, um bei entsprechenden Gerichtsurteilen Schadenersatz fordern zu k\u00f6nnen.<\/p>\n<h5>Eilbeschluss des Landgerichts Frankfurt mach Mut<\/h5>\n<p>Ein erster Beschluss im Eilverfahren des Landgerichts Frankfurt untersagte schon die \u00fcberteuerten Neukundenpreise. Das Landgericht h\u00e4lt unterschiedliche Preise eines Grundversorgers f\u00fcr Neukunden und Bestandskunden f\u00fcr unzul\u00e4ssig. Die Richter untersagten die Aufspaltung bis auf Weiteres.<\/p>\n<h5>\u201eEinschl\u00e4gige Gesetze sind eindeutig\u201d<\/h5>\n<p>Die Verbraucherzentrale Rheinland-Pfalz begr\u00fc\u00dft die Entscheidung und sieht sich in ihrer Rechtsauffassung best\u00e4tigt. \u201eDie Formulierungen in den einschl\u00e4gigen Gesetzen sind eindeutig. Deutlich h\u00f6here Preise f\u00fcr Kunden, die in die Ersatzversorgung gefallen sind, als f\u00fcr Bestandskunden in der allgemeinen Grundversorgung, halten wir gesetzlich f\u00fcr ausgeschlossen\u201c, so Fabian Fehrenbach, Referent Energierecht der Verbraucherzentrale.<\/p>\n<p>Auch der Energieversorger Lichtblick ist mit Antr\u00e4gen auf einstweilige Verf\u00fcgungen gegen mehrere Grundversorger in Deutschland vorgegangen, um insbesondere gegen die extrem \u00fcberzogenen Preise f\u00fcr Kunden, die in die Ersatzversorgung gefallen sind, vorzugehen. Mit einer Entscheidung des Landgerichts Frankfurt verzeichnet der Versorger jetzt einen ersten Erfolg. \u201eDie Bewertung dieser Rechtsfragen sind sehr in unserem Sinne, denn sie kl\u00e4ren auch wichtige Verbraucherrechte,\u201c so Fehrenbach. \u201eErfreulich ist, dass es auch Energieversorgungsunternehmen gibt, die die Rechtsauffassung der Verbraucherzentralen in dieser Angelegenheit teilen.\u201c<\/p>\n<hr \/>\n<h5>Das k\u00f6nnte sie auch interessieren:<\/h5>\n<p><a href=\"https:\/\/www.buhl.de\/vermieter-web\/selbstversorgung-mit-strom\/\">Selbstversorgung mit Strom<\/a><br \/>\n<a href=\"https:\/\/www.buhl.de\/vermieter-web\/solarstrom-aus-der-steckdose\/\">Solarstrom aus der Steckdose<\/a><br \/>\n<a href=\"https:\/\/www.buhl.de\/vermieter-web\/energiepreise-vorsicht-bei-laufzeit-garantien\/\">Energiepreise: Vorsicht bei Laufzeit-Garantien<\/a><\/p>\n<hr \/>\n<p>&nbsp;<\/p>\n","protected":false},"excerpt":{"rendered":"<p>Derzeit kommen immer h\u00e4ufiger Kunden von Energielieferanten in die unangenehme Lage, dass sie nicht mehr beliefert werden. Zwar wird die Stromversorgung nicht unterbrochen \u2013 man rutscht aber in die Ersatzversorgung, bei der man meist einiges mehr zahlen muss, als bisher. Einige Grundversorger haben sogar besondere Tarife f\u00fcr die \u201eGrundversorgten\u201c. Das Landgericht Frankfurt hat am 14.02.2022 &hellip; <\/p>\n<p class=\"link-more\"><a href=\"https:\/\/www.buhl.de\/vermieter-web\/keine-sondertarife-bei-grundversorgung-mit-strom\/\" class=\"more-link\"><span class=\"screen-reader-text\">\u201eKeine Sondertarife bei Grundversorgung mit Strom\u201c<\/span> weiterlesen<\/a><\/p>\n","protected":false},"author":15,"featured_media":13695,"comment_status":"closed","ping_status":"open","sticky":false,"template":"","format":"standard","meta":{"footnotes":""},"categories":[1],"tags":[4062,5767,1418,5768],"class_list":["post-14393","post","type-post","status-publish","format-standard","has-post-thumbnail","hentry","category-allgemein","tag-energie","tag-grundversorgung","tag-strom","tag-tarife"],"yoast_head":"<!-- This site is optimized with the Yoast SEO Premium plugin v27.4 (Yoast SEO v27.5) - https:\/\/yoast.com\/product\/yoast-seo-premium-wordpress\/ -->\n<title>Grundversorgung bei Strom: Keine Sondertarife erlaubt<\/title>\n<meta name=\"description\" content=\"Wird ein Kunde von seinem Betreiber nicht mit Energie versorgt, muss der Grundversorger liefern, ohne hierf\u00fcr h\u00f6here Geb\u00fchren zu verlangen.\" \/>\n<meta name=\"robots\" content=\"noindex, nofollow\" \/>\n<meta property=\"og:locale\" content=\"de_DE\" \/>\n<meta property=\"og:type\" content=\"article\" \/>\n<meta property=\"og:title\" content=\"Keine Sondertarife bei Grundversorgung mit Strom\" \/>\n<meta property=\"og:description\" content=\"Wird ein Kunde von seinem Betreiber nicht mit Energie versorgt, muss der Grundversorger liefern, ohne hierf\u00fcr h\u00f6here Geb\u00fchren zu verlangen.\" \/>\n<meta property=\"og:url\" content=\"https:\/\/www.buhl.de\/vermieter-web\/keine-sondertarife-bei-grundversorgung-mit-strom\/\" \/>\n<meta property=\"og:site_name\" content=\"Online-Nebenkostenabrechnung mit WISO Vermieter-Web\" \/>\n<meta property=\"article:published_time\" content=\"2022-03-04T12:24:09+00:00\" \/>\n<meta property=\"og:image\" content=\"https:\/\/www.buhl.de\/vermieter-web\/wp-content\/uploads\/sites\/33\/2021\/06\/shutterstock_1895046628.jpg\" \/>\n\t<meta property=\"og:image:width\" content=\"840\" \/>\n\t<meta property=\"og:image:height\" content=\"420\" \/>\n\t<meta property=\"og:image:type\" content=\"image\/jpeg\" \/>\n<meta name=\"author\" content=\"Hartmut Fischer\" \/>\n<meta name=\"twitter:card\" content=\"summary_large_image\" \/>\n<meta name=\"twitter:label1\" content=\"Verfasst von\" \/>\n\t<meta name=\"twitter:data1\" content=\"Hartmut Fischer\" \/>\n\t<meta name=\"twitter:label2\" content=\"Gesch\u00e4tzte Lesezeit\" \/>\n\t<meta name=\"twitter:data2\" content=\"2\u00a0Minuten\" \/>\n<script type=\"application\/ld+json\" class=\"yoast-schema-graph\">{\"@context\":\"https:\\\/\\\/schema.org\",\"@graph\":[{\"@type\":\"Article\",\"@id\":\"https:\\\/\\\/www.buhl.de\\\/vermieter-web\\\/keine-sondertarife-bei-grundversorgung-mit-strom\\\/#article\",\"isPartOf\":{\"@id\":\"https:\\\/\\\/www.buhl.de\\\/vermieter-web\\\/keine-sondertarife-bei-grundversorgung-mit-strom\\\/\"},\"author\":{\"name\":\"Hartmut Fischer\",\"@id\":\"https:\\\/\\\/www.buhl.de\\\/vermieter-web\\\/#\\\/schema\\\/person\\\/82903e1cb04eb553382702d503991b4f\"},\"headline\":\"Keine Sondertarife bei Grundversorgung mit Strom\",\"datePublished\":\"2022-03-04T12:24:09+00:00\",\"mainEntityOfPage\":{\"@id\":\"https:\\\/\\\/www.buhl.de\\\/vermieter-web\\\/keine-sondertarife-bei-grundversorgung-mit-strom\\\/\"},\"wordCount\":338,\"image\":{\"@id\":\"https:\\\/\\\/www.buhl.de\\\/vermieter-web\\\/keine-sondertarife-bei-grundversorgung-mit-strom\\\/#primaryimage\"},\"thumbnailUrl\":\"https:\\\/\\\/www.buhl.de\\\/vermieter-web\\\/wp-content\\\/uploads\\\/sites\\\/33\\\/2021\\\/06\\\/shutterstock_1895046628.jpg\",\"keywords\":[\"Energie\",\"Grundversorgung\",\"Strom\",\"Tarife\"],\"inLanguage\":\"de\"},{\"@type\":\"WebPage\",\"@id\":\"https:\\\/\\\/www.buhl.de\\\/vermieter-web\\\/keine-sondertarife-bei-grundversorgung-mit-strom\\\/\",\"url\":\"https:\\\/\\\/www.buhl.de\\\/vermieter-web\\\/keine-sondertarife-bei-grundversorgung-mit-strom\\\/\",\"name\":\"Grundversorgung bei Strom: Keine Sondertarife erlaubt\",\"isPartOf\":{\"@id\":\"https:\\\/\\\/www.buhl.de\\\/vermieter-web\\\/#website\"},\"primaryImageOfPage\":{\"@id\":\"https:\\\/\\\/www.buhl.de\\\/vermieter-web\\\/keine-sondertarife-bei-grundversorgung-mit-strom\\\/#primaryimage\"},\"image\":{\"@id\":\"https:\\\/\\\/www.buhl.de\\\/vermieter-web\\\/keine-sondertarife-bei-grundversorgung-mit-strom\\\/#primaryimage\"},\"thumbnailUrl\":\"https:\\\/\\\/www.buhl.de\\\/vermieter-web\\\/wp-content\\\/uploads\\\/sites\\\/33\\\/2021\\\/06\\\/shutterstock_1895046628.jpg\",\"datePublished\":\"2022-03-04T12:24:09+00:00\",\"author\":{\"@id\":\"https:\\\/\\\/www.buhl.de\\\/vermieter-web\\\/#\\\/schema\\\/person\\\/82903e1cb04eb553382702d503991b4f\"},\"description\":\"Wird ein Kunde von seinem Betreiber nicht mit Energie versorgt, muss der Grundversorger liefern, ohne hierf\u00fcr h\u00f6here Geb\u00fchren zu verlangen.\",\"breadcrumb\":{\"@id\":\"https:\\\/\\\/www.buhl.de\\\/vermieter-web\\\/keine-sondertarife-bei-grundversorgung-mit-strom\\\/#breadcrumb\"},\"inLanguage\":\"de\",\"potentialAction\":[{\"@type\":\"ReadAction\",\"target\":[\"https:\\\/\\\/www.buhl.de\\\/vermieter-web\\\/keine-sondertarife-bei-grundversorgung-mit-strom\\\/\"]}]},{\"@type\":\"ImageObject\",\"inLanguage\":\"de\",\"@id\":\"https:\\\/\\\/www.buhl.de\\\/vermieter-web\\\/keine-sondertarife-bei-grundversorgung-mit-strom\\\/#primaryimage\",\"url\":\"https:\\\/\\\/www.buhl.de\\\/vermieter-web\\\/wp-content\\\/uploads\\\/sites\\\/33\\\/2021\\\/06\\\/shutterstock_1895046628.jpg\",\"contentUrl\":\"https:\\\/\\\/www.buhl.de\\\/vermieter-web\\\/wp-content\\\/uploads\\\/sites\\\/33\\\/2021\\\/06\\\/shutterstock_1895046628.jpg\",\"width\":840,\"height\":420,\"caption\":\"Sparschwein auf Geldscheinen, dahinter Strom- und Gasz\u00e4hler\"},{\"@type\":\"BreadcrumbList\",\"@id\":\"https:\\\/\\\/www.buhl.de\\\/vermieter-web\\\/keine-sondertarife-bei-grundversorgung-mit-strom\\\/#breadcrumb\",\"itemListElement\":[{\"@type\":\"ListItem\",\"position\":1,\"name\":\"Startseite\",\"item\":\"https:\\\/\\\/www.buhl.de\\\/vermieter-web\\\/\"},{\"@type\":\"ListItem\",\"position\":2,\"name\":\"Keine Sondertarife bei Grundversorgung mit Strom\"}]},{\"@type\":\"WebSite\",\"@id\":\"https:\\\/\\\/www.buhl.de\\\/vermieter-web\\\/#website\",\"url\":\"https:\\\/\\\/www.buhl.de\\\/vermieter-web\\\/\",\"name\":\"Online-Nebenkostenabrechnung mit WISO Vermieter-Web\",\"description\":\"\",\"potentialAction\":[{\"@type\":\"SearchAction\",\"target\":{\"@type\":\"EntryPoint\",\"urlTemplate\":\"https:\\\/\\\/www.buhl.de\\\/vermieter-web\\\/?s={search_term_string}\"},\"query-input\":{\"@type\":\"PropertyValueSpecification\",\"valueRequired\":true,\"valueName\":\"search_term_string\"}}],\"inLanguage\":\"de\"},{\"@type\":\"Person\",\"@id\":\"https:\\\/\\\/www.buhl.de\\\/vermieter-web\\\/#\\\/schema\\\/person\\\/82903e1cb04eb553382702d503991b4f\",\"name\":\"Hartmut Fischer\"}]}<\/script>\n<!-- \/ Yoast SEO Premium plugin. -->","yoast_head_json":{"title":"Grundversorgung bei Strom: Keine Sondertarife erlaubt","description":"Wird ein Kunde von seinem Betreiber nicht mit Energie versorgt, muss der Grundversorger liefern, ohne hierf\u00fcr h\u00f6here Geb\u00fchren zu verlangen.","robots":{"index":"noindex","follow":"nofollow"},"og_locale":"de_DE","og_type":"article","og_title":"Keine Sondertarife bei Grundversorgung mit Strom","og_description":"Wird ein Kunde von seinem Betreiber nicht mit Energie versorgt, muss der Grundversorger liefern, ohne hierf\u00fcr h\u00f6here Geb\u00fchren zu verlangen.","og_url":"https:\/\/www.buhl.de\/vermieter-web\/keine-sondertarife-bei-grundversorgung-mit-strom\/","og_site_name":"Online-Nebenkostenabrechnung mit WISO Vermieter-Web","article_published_time":"2022-03-04T12:24:09+00:00","og_image":[{"width":840,"height":420,"url":"https:\/\/www.buhl.de\/vermieter-web\/wp-content\/uploads\/sites\/33\/2021\/06\/shutterstock_1895046628.jpg","type":"image\/jpeg"}],"author":"Hartmut Fischer","twitter_card":"summary_large_image","twitter_misc":{"Verfasst von":"Hartmut Fischer","Gesch\u00e4tzte Lesezeit":"2\u00a0Minuten"},"schema":{"@context":"https:\/\/schema.org","@graph":[{"@type":"Article","@id":"https:\/\/www.buhl.de\/vermieter-web\/keine-sondertarife-bei-grundversorgung-mit-strom\/#article","isPartOf":{"@id":"https:\/\/www.buhl.de\/vermieter-web\/keine-sondertarife-bei-grundversorgung-mit-strom\/"},"author":{"name":"Hartmut Fischer","@id":"https:\/\/www.buhl.de\/vermieter-web\/#\/schema\/person\/82903e1cb04eb553382702d503991b4f"},"headline":"Keine Sondertarife bei Grundversorgung mit Strom","datePublished":"2022-03-04T12:24:09+00:00","mainEntityOfPage":{"@id":"https:\/\/www.buhl.de\/vermieter-web\/keine-sondertarife-bei-grundversorgung-mit-strom\/"},"wordCount":338,"image":{"@id":"https:\/\/www.buhl.de\/vermieter-web\/keine-sondertarife-bei-grundversorgung-mit-strom\/#primaryimage"},"thumbnailUrl":"https:\/\/www.buhl.de\/vermieter-web\/wp-content\/uploads\/sites\/33\/2021\/06\/shutterstock_1895046628.jpg","keywords":["Energie","Grundversorgung","Strom","Tarife"],"inLanguage":"de"},{"@type":"WebPage","@id":"https:\/\/www.buhl.de\/vermieter-web\/keine-sondertarife-bei-grundversorgung-mit-strom\/","url":"https:\/\/www.buhl.de\/vermieter-web\/keine-sondertarife-bei-grundversorgung-mit-strom\/","name":"Grundversorgung bei Strom: Keine Sondertarife erlaubt","isPartOf":{"@id":"https:\/\/www.buhl.de\/vermieter-web\/#website"},"primaryImageOfPage":{"@id":"https:\/\/www.buhl.de\/vermieter-web\/keine-sondertarife-bei-grundversorgung-mit-strom\/#primaryimage"},"image":{"@id":"https:\/\/www.buhl.de\/vermieter-web\/keine-sondertarife-bei-grundversorgung-mit-strom\/#primaryimage"},"thumbnailUrl":"https:\/\/www.buhl.de\/vermieter-web\/wp-content\/uploads\/sites\/33\/2021\/06\/shutterstock_1895046628.jpg","datePublished":"2022-03-04T12:24:09+00:00","author":{"@id":"https:\/\/www.buhl.de\/vermieter-web\/#\/schema\/person\/82903e1cb04eb553382702d503991b4f"},"description":"Wird ein Kunde von seinem Betreiber nicht mit Energie versorgt, muss der Grundversorger liefern, ohne hierf\u00fcr h\u00f6here Geb\u00fchren zu verlangen.","breadcrumb":{"@id":"https:\/\/www.buhl.de\/vermieter-web\/keine-sondertarife-bei-grundversorgung-mit-strom\/#breadcrumb"},"inLanguage":"de","potentialAction":[{"@type":"ReadAction","target":["https:\/\/www.buhl.de\/vermieter-web\/keine-sondertarife-bei-grundversorgung-mit-strom\/"]}]},{"@type":"ImageObject","inLanguage":"de","@id":"https:\/\/www.buhl.de\/vermieter-web\/keine-sondertarife-bei-grundversorgung-mit-strom\/#primaryimage","url":"https:\/\/www.buhl.de\/vermieter-web\/wp-content\/uploads\/sites\/33\/2021\/06\/shutterstock_1895046628.jpg","contentUrl":"https:\/\/www.buhl.de\/vermieter-web\/wp-content\/uploads\/sites\/33\/2021\/06\/shutterstock_1895046628.jpg","width":840,"height":420,"caption":"Sparschwein auf Geldscheinen, dahinter Strom- und Gasz\u00e4hler"},{"@type":"BreadcrumbList","@id":"https:\/\/www.buhl.de\/vermieter-web\/keine-sondertarife-bei-grundversorgung-mit-strom\/#breadcrumb","itemListElement":[{"@type":"ListItem","position":1,"name":"Startseite","item":"https:\/\/www.buhl.de\/vermieter-web\/"},{"@type":"ListItem","position":2,"name":"Keine Sondertarife bei Grundversorgung mit Strom"}]},{"@type":"WebSite","@id":"https:\/\/www.buhl.de\/vermieter-web\/#website","url":"https:\/\/www.buhl.de\/vermieter-web\/","name":"Online-Nebenkostenabrechnung mit WISO Vermieter-Web","description":"","potentialAction":[{"@type":"SearchAction","target":{"@type":"EntryPoint","urlTemplate":"https:\/\/www.buhl.de\/vermieter-web\/?s={search_term_string}"},"query-input":{"@type":"PropertyValueSpecification","valueRequired":true,"valueName":"search_term_string"}}],"inLanguage":"de"},{"@type":"Person","@id":"https:\/\/www.buhl.de\/vermieter-web\/#\/schema\/person\/82903e1cb04eb553382702d503991b4f","name":"Hartmut Fischer"}]}},"_links":{"self":[{"href":"https:\/\/www.buhl.de\/vermieter-web\/wp-json\/wp\/v2\/posts\/14393","targetHints":{"allow":["GET"]}}],"collection":[{"href":"https:\/\/www.buhl.de\/vermieter-web\/wp-json\/wp\/v2\/posts"}],"about":[{"href":"https:\/\/www.buhl.de\/vermieter-web\/wp-json\/wp\/v2\/types\/post"}],"author":[{"embeddable":true,"href":"https:\/\/www.buhl.de\/vermieter-web\/wp-json\/wp\/v2\/users\/15"}],"replies":[{"embeddable":true,"href":"https:\/\/www.buhl.de\/vermieter-web\/wp-json\/wp\/v2\/comments?post=14393"}],"version-history":[{"count":1,"href":"https:\/\/www.buhl.de\/vermieter-web\/wp-json\/wp\/v2\/posts\/14393\/revisions"}],"predecessor-version":[{"id":14395,"href":"https:\/\/www.buhl.de\/vermieter-web\/wp-json\/wp\/v2\/posts\/14393\/revisions\/14395"}],"wp:featuredmedia":[{"embeddable":true,"href":"https:\/\/www.buhl.de\/vermieter-web\/wp-json\/wp\/v2\/media\/13695"}],"wp:attachment":[{"href":"https:\/\/www.buhl.de\/vermieter-web\/wp-json\/wp\/v2\/media?parent=14393"}],"wp:term":[{"taxonomy":"category","embeddable":true,"href":"https:\/\/www.buhl.de\/vermieter-web\/wp-json\/wp\/v2\/categories?post=14393"},{"taxonomy":"post_tag","embeddable":true,"href":"https:\/\/www.buhl.de\/vermieter-web\/wp-json\/wp\/v2\/tags?post=14393"}],"curies":[{"name":"wp","href":"https:\/\/api.w.org\/{rel}","templated":true}]}}