{"id":14537,"date":"2022-05-20T16:31:37","date_gmt":"2022-05-20T14:31:37","guid":{"rendered":"https:\/\/www.buhl.de\/vermieter-web\/?p=14537"},"modified":"2022-05-20T16:31:37","modified_gmt":"2022-05-20T14:31:37","slug":"ruecksichtnahme-auch-bei-e-auto-parkplaetzen","status":"publish","type":"post","link":"https:\/\/www.buhl.de\/vermieter-web\/ruecksichtnahme-auch-bei-e-auto-parkplaetzen\/","title":{"rendered":"R\u00fccksichtnahme auch bei E-Auto-Parkpl\u00e4tzen"},"content":{"rendered":"<p><strong>Wie wir bereits berichteten, konnte sich eine Wohneigent\u00fcmergemeinschaft mit einem Verbot einer Ladestation in der Tiefgarage nicht durchsetzen <\/strong><strong>. Doch wie sieht es aus, wenn Parkpl\u00e4tze speziell f\u00fcr Elektroautos eingerichtet werden sollen? Das Verwaltungsgericht Berlin stellte hierzu fest, dass die R\u00fccksichtnahme auf Anwohner und Mieter dies verbieten k\u00f6nne. Auch bei Abstellpl\u00e4tzen f\u00fcr E-Autos sei das baurechtliche Gebot der R\u00fccksichtnahme zu beachten.\u00a0 (Urteil vom 31.03.2022 \u2013 ver\u00f6ffentlicht am 17.05.2022 \u2013 Aktenzeichen VG 13 K 184\/19).<\/strong><\/p>\n<h5>5 Pakrpl\u00e4tze mit 2 Ladestationen geplant<\/h5>\n<p>Geklagt hatte eine Eigent\u00fcmerin eines Grundst\u00fccks mit einem f\u00fcnfgeschossigen Vorder- und einem viergeschossigen Hinterhaus. Beide Geb\u00e4ude wurden nahezu ausschlie\u00dflich zu Wohnzwecken genutzt. Im zweiten Hinterhof befindet sich eine Remise, die bis 2019 als Autowerkstatt diente.<\/p>\n<p>Die Eigent\u00fcmerin wollte statt der Remise f\u00fcnf Parkpl\u00e4tze mit zwei Elektroanschl\u00fcssen f\u00fcr E-Fahrzeuge anlegen. Das Bezirksamt lehnte dies wegen zu erwartenden Schallimmissionen ab, die auch von Elektrofahrzeugen ausgehen k\u00f6nnten. Hiergegen klagte die Eigent\u00fcmerin.<\/p>\n<h5>ablehnung der Beh\u00f6rde f\u00fchrte zur klage<\/h5>\n<p>Sie vertrat die Ansicht, dass Elektroautos die Umgebung kaum beeintr\u00e4chtigten. Beeintr\u00e4chtigten. Von einer Ruhezone im Hinterhofbereich \u2013 von der das Bezirksamt ausging \u2013 k\u00f6nne nicht die Rede sein. Die Richtwerte eines allgemeinen Wohngebiets w\u00fcrden tags\u00fcber eingehalten. In den Nachtzeiten seien die Parkpl\u00e4tze nicht r\u00fccksichtslos. Die Ger\u00e4usche d\u00fcrften auf jeden Fall leiser sein als bei einer Autowerkstatt. Die im \u00dcbrigen von den Fahrzeugen oder ihren Nutzern ausgehende L\u00e4rmbel\u00e4stigung, etwa durch T\u00fcren- oder Kofferraum schlagen, sei bei modernen Autos zu vernachl\u00e4ssigen.<\/p>\n<h5>Verwaltungsgericht auf Seiten\u00a0 der beh\u00f6rde<\/h5>\n<p>Doch das Verwaltungsgericht hat die auf die Erteilung der Baugenehmigung gerichtete Klage abgewiesen. Da ein Bebauungsplan fehlte, k\u00f6nne das Vorhaben keinem ausgewiesenen Baugebiet zugeordnet werden. Daher m\u00fcsse bei der Bewertung von der konkreten Umgebungssituation ausgegangen werden. Insgesamt bestehe hier eine Gemengelage, in die sich das Vorhaben grunds\u00e4tzlich einf\u00fcge.<\/p>\n<h5>gebot der R\u00fccksichtnahme<\/h5>\n<p>Es sei aber wegen eines Versto\u00dfes gegen das Gebot der R\u00fccksichtnahme unzul\u00e4ssig. Unter Ber\u00fccksichtigung der gesamten Situation und nach Abw\u00e4gung der schutzw\u00fcrdigen Belange der beteiligten Grundst\u00fccke seien hier die Betroffenen unzumutbar beeintr\u00e4chtigt. Das Gericht r\u00e4umte ein, dass von den allein zugangsberechtigten Elektroautos keine st\u00f6renden Fahrger\u00e4usche oder akustische Warnsignale ausgingen.\u00a0 Man m\u00fcsse jedoch damit rechnen, dass die Ger\u00e4usche durch T\u00fcren- und Kofferraum schlagen die zul\u00e4ssigen n\u00e4chtlichen Werte \u00fcberschreiten w\u00fcrden. Dies habe sich auch aus mehreren gerichtlich eingeholten Gutachten ergeben.<\/p>\n<p>Auch wenn einzelne Elektrofahrzeuge zwischenzeitlich \u00fcber elektrisch verschlie\u00dfende T\u00fcren und Kofferraumklappen verf\u00fcgten, sei dies \u00fcberwiegend noch nicht der Fall. Auflagen, die das T\u00fcren- und Kofferraumschlagen in den Nachtstunden regeln, d\u00fcrften hingegen nicht umzusetzen sein.<\/p>\n<hr \/>\n<h5>Das k\u00f6nnte Sie auch interessieren:<\/h5>\n<p><a href=\"https:\/\/www.buhl.de\/vermieter-web\/12992-2\/\">Ladestation f\u00fcr E-Autos<\/a><br \/>\n<a href=\"https:\/\/www.buhl.de\/vermieter-web\/weg-e-fahrzeuge-in-der-tiefgarage\/\">WEG: E-Fahrzeuge in der Tiefgarage?<\/a><br \/>\n<a href=\"https:\/\/www.buhl.de\/vermieter-web\/das-ladekabel-ueberm-buergersteig-verlegen\/\">Das Ladekabel \u00fcberm B\u00fcrgersteig verlegen?<\/a><\/p>\n<hr \/>\n<p>&nbsp;<\/p>\n","protected":false},"excerpt":{"rendered":"<p>Wie wir bereits berichteten, konnte sich eine Wohneigent\u00fcmergemeinschaft mit einem Verbot einer Ladestation in der Tiefgarage nicht durchsetzen . Doch wie sieht es aus, wenn Parkpl\u00e4tze speziell f\u00fcr Elektroautos eingerichtet werden sollen? Das Verwaltungsgericht Berlin stellte hierzu fest, dass die R\u00fccksichtnahme auf Anwohner und Mieter dies verbieten k\u00f6nne. Auch bei Abstellpl\u00e4tzen f\u00fcr E-Autos sei das &hellip; <\/p>\n<p class=\"link-more\"><a href=\"https:\/\/www.buhl.de\/vermieter-web\/ruecksichtnahme-auch-bei-e-auto-parkplaetzen\/\" class=\"more-link\"><span class=\"screen-reader-text\">\u201eR\u00fccksichtnahme auch bei E-Auto-Parkpl\u00e4tzen\u201c<\/span> weiterlesen<\/a><\/p>\n","protected":false},"author":15,"featured_media":14539,"comment_status":"closed","ping_status":"open","sticky":false,"template":"","format":"standard","meta":{"footnotes":""},"categories":[1],"tags":[5452,5453,1838,5819],"class_list":["post-14537","post","type-post","status-publish","format-standard","has-post-thumbnail","hentry","category-allgemein","tag-e-auto","tag-ladestation","tag-parkplatz","tag-ruecksichtnahme"],"yoast_head":"<!-- This site is optimized with the Yoast SEO Premium plugin v27.4 (Yoast SEO v27.5) - https:\/\/yoast.com\/product\/yoast-seo-premium-wordpress\/ -->\n<title>R\u00fccksichtnahme gilt auch f\u00fcr E-Auto-Parkpl\u00e4tze<\/title>\n<meta name=\"description\" content=\"Auch bei E-Autos werden Kofferraumdeckel und T\u00fcren zugeschlagen. Darum muss bei Parkpl\u00e4tzen das Gebot der R\u00fccksichtnahme beachtet werden.\" \/>\n<meta name=\"robots\" content=\"noindex, nofollow\" \/>\n<meta property=\"og:locale\" content=\"de_DE\" \/>\n<meta property=\"og:type\" content=\"article\" \/>\n<meta property=\"og:title\" content=\"R\u00fccksichtnahme auch bei E-Auto-Parkpl\u00e4tzen\" \/>\n<meta property=\"og:description\" content=\"Auch bei E-Autos werden Kofferraumdeckel und T\u00fcren zugeschlagen. Darum muss bei Parkpl\u00e4tzen das Gebot der R\u00fccksichtnahme beachtet werden.\" \/>\n<meta property=\"og:url\" content=\"https:\/\/www.buhl.de\/vermieter-web\/ruecksichtnahme-auch-bei-e-auto-parkplaetzen\/\" \/>\n<meta property=\"og:site_name\" content=\"Online-Nebenkostenabrechnung mit WISO Vermieter-Web\" \/>\n<meta property=\"article:published_time\" content=\"2022-05-20T14:31:37+00:00\" \/>\n<meta property=\"og:image\" content=\"https:\/\/www.buhl.de\/vermieter-web\/wp-content\/uploads\/sites\/33\/2022\/05\/shutterstock_1955279587.jpg\" \/>\n\t<meta property=\"og:image:width\" content=\"840\" \/>\n\t<meta property=\"og:image:height\" content=\"420\" \/>\n\t<meta property=\"og:image:type\" content=\"image\/jpeg\" \/>\n<meta name=\"author\" content=\"Hartmut Fischer\" \/>\n<meta name=\"twitter:card\" content=\"summary_large_image\" \/>\n<meta name=\"twitter:label1\" content=\"Verfasst von\" \/>\n\t<meta name=\"twitter:data1\" content=\"Hartmut Fischer\" \/>\n\t<meta name=\"twitter:label2\" content=\"Gesch\u00e4tzte Lesezeit\" \/>\n\t<meta name=\"twitter:data2\" content=\"2\u00a0Minuten\" \/>\n<script type=\"application\/ld+json\" class=\"yoast-schema-graph\">{\"@context\":\"https:\\\/\\\/schema.org\",\"@graph\":[{\"@type\":\"Article\",\"@id\":\"https:\\\/\\\/www.buhl.de\\\/vermieter-web\\\/ruecksichtnahme-auch-bei-e-auto-parkplaetzen\\\/#article\",\"isPartOf\":{\"@id\":\"https:\\\/\\\/www.buhl.de\\\/vermieter-web\\\/ruecksichtnahme-auch-bei-e-auto-parkplaetzen\\\/\"},\"author\":{\"name\":\"Hartmut Fischer\",\"@id\":\"https:\\\/\\\/www.buhl.de\\\/vermieter-web\\\/#\\\/schema\\\/person\\\/82903e1cb04eb553382702d503991b4f\"},\"headline\":\"R\u00fccksichtnahme auch bei E-Auto-Parkpl\u00e4tzen\",\"datePublished\":\"2022-05-20T14:31:37+00:00\",\"mainEntityOfPage\":{\"@id\":\"https:\\\/\\\/www.buhl.de\\\/vermieter-web\\\/ruecksichtnahme-auch-bei-e-auto-parkplaetzen\\\/\"},\"wordCount\":482,\"image\":{\"@id\":\"https:\\\/\\\/www.buhl.de\\\/vermieter-web\\\/ruecksichtnahme-auch-bei-e-auto-parkplaetzen\\\/#primaryimage\"},\"thumbnailUrl\":\"https:\\\/\\\/www.buhl.de\\\/vermieter-web\\\/wp-content\\\/uploads\\\/sites\\\/33\\\/2022\\\/05\\\/shutterstock_1955279587.jpg\",\"keywords\":[\"E-Auto\",\"Ladestation\",\"Parkplatz\",\"R\u00fccksichtnahme\"],\"inLanguage\":\"de\"},{\"@type\":\"WebPage\",\"@id\":\"https:\\\/\\\/www.buhl.de\\\/vermieter-web\\\/ruecksichtnahme-auch-bei-e-auto-parkplaetzen\\\/\",\"url\":\"https:\\\/\\\/www.buhl.de\\\/vermieter-web\\\/ruecksichtnahme-auch-bei-e-auto-parkplaetzen\\\/\",\"name\":\"R\u00fccksichtnahme gilt auch f\u00fcr E-Auto-Parkpl\u00e4tze\",\"isPartOf\":{\"@id\":\"https:\\\/\\\/www.buhl.de\\\/vermieter-web\\\/#website\"},\"primaryImageOfPage\":{\"@id\":\"https:\\\/\\\/www.buhl.de\\\/vermieter-web\\\/ruecksichtnahme-auch-bei-e-auto-parkplaetzen\\\/#primaryimage\"},\"image\":{\"@id\":\"https:\\\/\\\/www.buhl.de\\\/vermieter-web\\\/ruecksichtnahme-auch-bei-e-auto-parkplaetzen\\\/#primaryimage\"},\"thumbnailUrl\":\"https:\\\/\\\/www.buhl.de\\\/vermieter-web\\\/wp-content\\\/uploads\\\/sites\\\/33\\\/2022\\\/05\\\/shutterstock_1955279587.jpg\",\"datePublished\":\"2022-05-20T14:31:37+00:00\",\"author\":{\"@id\":\"https:\\\/\\\/www.buhl.de\\\/vermieter-web\\\/#\\\/schema\\\/person\\\/82903e1cb04eb553382702d503991b4f\"},\"description\":\"Auch bei E-Autos werden Kofferraumdeckel und T\u00fcren zugeschlagen. Darum muss bei Parkpl\u00e4tzen das Gebot der R\u00fccksichtnahme beachtet werden.\",\"breadcrumb\":{\"@id\":\"https:\\\/\\\/www.buhl.de\\\/vermieter-web\\\/ruecksichtnahme-auch-bei-e-auto-parkplaetzen\\\/#breadcrumb\"},\"inLanguage\":\"de\",\"potentialAction\":[{\"@type\":\"ReadAction\",\"target\":[\"https:\\\/\\\/www.buhl.de\\\/vermieter-web\\\/ruecksichtnahme-auch-bei-e-auto-parkplaetzen\\\/\"]}]},{\"@type\":\"ImageObject\",\"inLanguage\":\"de\",\"@id\":\"https:\\\/\\\/www.buhl.de\\\/vermieter-web\\\/ruecksichtnahme-auch-bei-e-auto-parkplaetzen\\\/#primaryimage\",\"url\":\"https:\\\/\\\/www.buhl.de\\\/vermieter-web\\\/wp-content\\\/uploads\\\/sites\\\/33\\\/2022\\\/05\\\/shutterstock_1955279587.jpg\",\"contentUrl\":\"https:\\\/\\\/www.buhl.de\\\/vermieter-web\\\/wp-content\\\/uploads\\\/sites\\\/33\\\/2022\\\/05\\\/shutterstock_1955279587.jpg\",\"width\":840,\"height\":420,\"caption\":\"road marking at a electric car charging station - photo\"},{\"@type\":\"BreadcrumbList\",\"@id\":\"https:\\\/\\\/www.buhl.de\\\/vermieter-web\\\/ruecksichtnahme-auch-bei-e-auto-parkplaetzen\\\/#breadcrumb\",\"itemListElement\":[{\"@type\":\"ListItem\",\"position\":1,\"name\":\"Startseite\",\"item\":\"https:\\\/\\\/www.buhl.de\\\/vermieter-web\\\/\"},{\"@type\":\"ListItem\",\"position\":2,\"name\":\"R\u00fccksichtnahme auch bei E-Auto-Parkpl\u00e4tzen\"}]},{\"@type\":\"WebSite\",\"@id\":\"https:\\\/\\\/www.buhl.de\\\/vermieter-web\\\/#website\",\"url\":\"https:\\\/\\\/www.buhl.de\\\/vermieter-web\\\/\",\"name\":\"Online-Nebenkostenabrechnung mit WISO Vermieter-Web\",\"description\":\"\",\"potentialAction\":[{\"@type\":\"SearchAction\",\"target\":{\"@type\":\"EntryPoint\",\"urlTemplate\":\"https:\\\/\\\/www.buhl.de\\\/vermieter-web\\\/?s={search_term_string}\"},\"query-input\":{\"@type\":\"PropertyValueSpecification\",\"valueRequired\":true,\"valueName\":\"search_term_string\"}}],\"inLanguage\":\"de\"},{\"@type\":\"Person\",\"@id\":\"https:\\\/\\\/www.buhl.de\\\/vermieter-web\\\/#\\\/schema\\\/person\\\/82903e1cb04eb553382702d503991b4f\",\"name\":\"Hartmut Fischer\"}]}<\/script>\n<!-- \/ Yoast SEO Premium plugin. -->","yoast_head_json":{"title":"R\u00fccksichtnahme gilt auch f\u00fcr E-Auto-Parkpl\u00e4tze","description":"Auch bei E-Autos werden Kofferraumdeckel und T\u00fcren zugeschlagen. Darum muss bei Parkpl\u00e4tzen das Gebot der R\u00fccksichtnahme beachtet werden.","robots":{"index":"noindex","follow":"nofollow"},"og_locale":"de_DE","og_type":"article","og_title":"R\u00fccksichtnahme auch bei E-Auto-Parkpl\u00e4tzen","og_description":"Auch bei E-Autos werden Kofferraumdeckel und T\u00fcren zugeschlagen. Darum muss bei Parkpl\u00e4tzen das Gebot der R\u00fccksichtnahme beachtet werden.","og_url":"https:\/\/www.buhl.de\/vermieter-web\/ruecksichtnahme-auch-bei-e-auto-parkplaetzen\/","og_site_name":"Online-Nebenkostenabrechnung mit WISO Vermieter-Web","article_published_time":"2022-05-20T14:31:37+00:00","og_image":[{"width":840,"height":420,"url":"https:\/\/www.buhl.de\/vermieter-web\/wp-content\/uploads\/sites\/33\/2022\/05\/shutterstock_1955279587.jpg","type":"image\/jpeg"}],"author":"Hartmut Fischer","twitter_card":"summary_large_image","twitter_misc":{"Verfasst von":"Hartmut Fischer","Gesch\u00e4tzte Lesezeit":"2\u00a0Minuten"},"schema":{"@context":"https:\/\/schema.org","@graph":[{"@type":"Article","@id":"https:\/\/www.buhl.de\/vermieter-web\/ruecksichtnahme-auch-bei-e-auto-parkplaetzen\/#article","isPartOf":{"@id":"https:\/\/www.buhl.de\/vermieter-web\/ruecksichtnahme-auch-bei-e-auto-parkplaetzen\/"},"author":{"name":"Hartmut Fischer","@id":"https:\/\/www.buhl.de\/vermieter-web\/#\/schema\/person\/82903e1cb04eb553382702d503991b4f"},"headline":"R\u00fccksichtnahme auch bei E-Auto-Parkpl\u00e4tzen","datePublished":"2022-05-20T14:31:37+00:00","mainEntityOfPage":{"@id":"https:\/\/www.buhl.de\/vermieter-web\/ruecksichtnahme-auch-bei-e-auto-parkplaetzen\/"},"wordCount":482,"image":{"@id":"https:\/\/www.buhl.de\/vermieter-web\/ruecksichtnahme-auch-bei-e-auto-parkplaetzen\/#primaryimage"},"thumbnailUrl":"https:\/\/www.buhl.de\/vermieter-web\/wp-content\/uploads\/sites\/33\/2022\/05\/shutterstock_1955279587.jpg","keywords":["E-Auto","Ladestation","Parkplatz","R\u00fccksichtnahme"],"inLanguage":"de"},{"@type":"WebPage","@id":"https:\/\/www.buhl.de\/vermieter-web\/ruecksichtnahme-auch-bei-e-auto-parkplaetzen\/","url":"https:\/\/www.buhl.de\/vermieter-web\/ruecksichtnahme-auch-bei-e-auto-parkplaetzen\/","name":"R\u00fccksichtnahme gilt auch f\u00fcr E-Auto-Parkpl\u00e4tze","isPartOf":{"@id":"https:\/\/www.buhl.de\/vermieter-web\/#website"},"primaryImageOfPage":{"@id":"https:\/\/www.buhl.de\/vermieter-web\/ruecksichtnahme-auch-bei-e-auto-parkplaetzen\/#primaryimage"},"image":{"@id":"https:\/\/www.buhl.de\/vermieter-web\/ruecksichtnahme-auch-bei-e-auto-parkplaetzen\/#primaryimage"},"thumbnailUrl":"https:\/\/www.buhl.de\/vermieter-web\/wp-content\/uploads\/sites\/33\/2022\/05\/shutterstock_1955279587.jpg","datePublished":"2022-05-20T14:31:37+00:00","author":{"@id":"https:\/\/www.buhl.de\/vermieter-web\/#\/schema\/person\/82903e1cb04eb553382702d503991b4f"},"description":"Auch bei E-Autos werden Kofferraumdeckel und T\u00fcren zugeschlagen. Darum muss bei Parkpl\u00e4tzen das Gebot der R\u00fccksichtnahme beachtet werden.","breadcrumb":{"@id":"https:\/\/www.buhl.de\/vermieter-web\/ruecksichtnahme-auch-bei-e-auto-parkplaetzen\/#breadcrumb"},"inLanguage":"de","potentialAction":[{"@type":"ReadAction","target":["https:\/\/www.buhl.de\/vermieter-web\/ruecksichtnahme-auch-bei-e-auto-parkplaetzen\/"]}]},{"@type":"ImageObject","inLanguage":"de","@id":"https:\/\/www.buhl.de\/vermieter-web\/ruecksichtnahme-auch-bei-e-auto-parkplaetzen\/#primaryimage","url":"https:\/\/www.buhl.de\/vermieter-web\/wp-content\/uploads\/sites\/33\/2022\/05\/shutterstock_1955279587.jpg","contentUrl":"https:\/\/www.buhl.de\/vermieter-web\/wp-content\/uploads\/sites\/33\/2022\/05\/shutterstock_1955279587.jpg","width":840,"height":420,"caption":"road marking at a electric car charging station - photo"},{"@type":"BreadcrumbList","@id":"https:\/\/www.buhl.de\/vermieter-web\/ruecksichtnahme-auch-bei-e-auto-parkplaetzen\/#breadcrumb","itemListElement":[{"@type":"ListItem","position":1,"name":"Startseite","item":"https:\/\/www.buhl.de\/vermieter-web\/"},{"@type":"ListItem","position":2,"name":"R\u00fccksichtnahme auch bei E-Auto-Parkpl\u00e4tzen"}]},{"@type":"WebSite","@id":"https:\/\/www.buhl.de\/vermieter-web\/#website","url":"https:\/\/www.buhl.de\/vermieter-web\/","name":"Online-Nebenkostenabrechnung mit WISO Vermieter-Web","description":"","potentialAction":[{"@type":"SearchAction","target":{"@type":"EntryPoint","urlTemplate":"https:\/\/www.buhl.de\/vermieter-web\/?s={search_term_string}"},"query-input":{"@type":"PropertyValueSpecification","valueRequired":true,"valueName":"search_term_string"}}],"inLanguage":"de"},{"@type":"Person","@id":"https:\/\/www.buhl.de\/vermieter-web\/#\/schema\/person\/82903e1cb04eb553382702d503991b4f","name":"Hartmut Fischer"}]}},"_links":{"self":[{"href":"https:\/\/www.buhl.de\/vermieter-web\/wp-json\/wp\/v2\/posts\/14537","targetHints":{"allow":["GET"]}}],"collection":[{"href":"https:\/\/www.buhl.de\/vermieter-web\/wp-json\/wp\/v2\/posts"}],"about":[{"href":"https:\/\/www.buhl.de\/vermieter-web\/wp-json\/wp\/v2\/types\/post"}],"author":[{"embeddable":true,"href":"https:\/\/www.buhl.de\/vermieter-web\/wp-json\/wp\/v2\/users\/15"}],"replies":[{"embeddable":true,"href":"https:\/\/www.buhl.de\/vermieter-web\/wp-json\/wp\/v2\/comments?post=14537"}],"version-history":[{"count":2,"href":"https:\/\/www.buhl.de\/vermieter-web\/wp-json\/wp\/v2\/posts\/14537\/revisions"}],"predecessor-version":[{"id":14541,"href":"https:\/\/www.buhl.de\/vermieter-web\/wp-json\/wp\/v2\/posts\/14537\/revisions\/14541"}],"wp:featuredmedia":[{"embeddable":true,"href":"https:\/\/www.buhl.de\/vermieter-web\/wp-json\/wp\/v2\/media\/14539"}],"wp:attachment":[{"href":"https:\/\/www.buhl.de\/vermieter-web\/wp-json\/wp\/v2\/media?parent=14537"}],"wp:term":[{"taxonomy":"category","embeddable":true,"href":"https:\/\/www.buhl.de\/vermieter-web\/wp-json\/wp\/v2\/categories?post=14537"},{"taxonomy":"post_tag","embeddable":true,"href":"https:\/\/www.buhl.de\/vermieter-web\/wp-json\/wp\/v2\/tags?post=14537"}],"curies":[{"name":"wp","href":"https:\/\/api.w.org\/{rel}","templated":true}]}}