{"id":14806,"date":"2022-08-18T15:15:16","date_gmt":"2022-08-18T13:15:16","guid":{"rendered":"https:\/\/www.buhl.de\/vermieter-web\/?p=14806"},"modified":"2022-08-18T15:17:25","modified_gmt":"2022-08-18T13:17:25","slug":"umsatzsteuer-auf-gas-wird-gesenkt","status":"publish","type":"post","link":"https:\/\/www.buhl.de\/vermieter-web\/umsatzsteuer-auf-gas-wird-gesenkt\/","title":{"rendered":"Umsatzsteuer auf Gas wird gesenkt"},"content":{"rendered":"<p>Bundeskanzler Scholz hat heute angek\u00fcndigt, dass die Umsatzsteuer auf Gas von 19 % auf 7 % gesenkt wird. Damit bleibt man zwar noch \u00fcber dem Mindestsatz, den die EU vorschreibt (5 %), aber dennoch ergibt sich eine Entlastung f\u00fcr die gebeutelten Gaskunden, wie unsere Modellrechnung zeigt. Dabei gehen wir von einem Gaspreis f\u00fcr Neukunden von 0,31 Cent (brutto inklusiv Umsatzsteuer) pro kWh (Kilowattstunde) aus.<\/p>\n<p>&nbsp;<\/p>\n<table style=\"height: 570px\" width=\"556\">\n<tbody>\n<tr>\n<td width=\"180\">Jahresverbrauch<\/p>\n<p>in Kilowattstunden<\/td>\n<td width=\"80\">\n<p style=\"text-align: right\">5.000<\/p>\n<\/td>\n<td width=\"80\">\n<p style=\"text-align: right\">10.000<\/p>\n<\/td>\n<td width=\"80\">\n<p style=\"text-align: right\">15.000<\/p>\n<\/td>\n<td width=\"80\">\n<p style=\"text-align: right\">20.000<\/p>\n<\/td>\n<td width=\"80\">\n<p style=\"text-align: right\">25.000<\/p>\n<\/td>\n<\/tr>\n<tr>\n<td width=\"180\">Nettopreis Neukunde in \u20ac<\/td>\n<td width=\"80\">\n<p style=\"text-align: right\">1.302,52<\/p>\n<\/td>\n<td style=\"text-align: right\" width=\"80\">2.605,04<\/td>\n<td style=\"text-align: right\" width=\"80\">3.907,56<\/td>\n<td style=\"text-align: right\" width=\"80\">5.210,08<\/td>\n<td style=\"text-align: right\" width=\"80\">6.512,61<\/td>\n<\/tr>\n<tr>\n<td width=\"180\">Umlage netto in \u20ac<\/td>\n<td width=\"80\">\n<p style=\"text-align: right\">120,95<\/p>\n<\/td>\n<td style=\"text-align: right\" width=\"80\">241,90<\/td>\n<td style=\"text-align: right\" width=\"80\">362,85<\/td>\n<td style=\"text-align: right\" width=\"80\">483,80<\/td>\n<td width=\"80\">\n<p style=\"text-align: right\">604,75<\/p>\n<\/td>\n<\/tr>\n<tr>\n<td width=\"180\">Gesamt-netto in \u20ac<\/td>\n<td width=\"80\">\n<p style=\"text-align: right\">1.423,47<\/p>\n<\/td>\n<td style=\"text-align: right\" width=\"80\">2.846,94<\/td>\n<td style=\"text-align: right\" width=\"80\">4.270,41<\/td>\n<td style=\"text-align: right\" width=\"80\">5.693,88<\/td>\n<td width=\"80\">\n<p style=\"text-align: right\">7.117,36<\/p>\n<\/td>\n<\/tr>\n<tr>\n<td width=\"180\">\n<p style=\"text-align: left\">19% Umsatzsteuer<\/p>\n<\/td>\n<td width=\"80\">\n<p style=\"text-align: right\">270,46<\/p>\n<\/td>\n<td style=\"text-align: right\" width=\"80\">540,92<\/td>\n<td style=\"text-align: right\" width=\"80\">811,38<\/td>\n<td style=\"text-align: right\" width=\"80\">1081,84<\/td>\n<td width=\"80\">\n<p style=\"text-align: right\">1.352,30<\/p>\n<\/td>\n<\/tr>\n<tr>\n<td width=\"180\">7% Umsatzsteuer<\/td>\n<td width=\"80\">\n<p style=\"text-align: right\">99,64<\/p>\n<\/td>\n<td style=\"text-align: right\" width=\"80\">199,29<\/td>\n<td style=\"text-align: right\" width=\"80\">298,93<\/td>\n<td style=\"text-align: right\" width=\"80\">398,57<\/td>\n<td width=\"80\">\n<p style=\"text-align: right\">498,21<\/p>\n<\/td>\n<\/tr>\n<tr>\n<td width=\"180\">Entlastung<\/td>\n<td width=\"80\">\n<p style=\"text-align: right\">170,82<\/p>\n<\/td>\n<td style=\"text-align: right\" width=\"80\">341,63<\/td>\n<td style=\"text-align: right\" width=\"80\">512,45<\/td>\n<td style=\"text-align: right\" width=\"80\">683,27<\/td>\n<td width=\"80\">\n<p style=\"text-align: right\">854,08<\/p>\n<\/td>\n<\/tr>\n<tr>\n<td width=\"180\">Abz\u00fcglich Umlage<\/td>\n<td width=\"80\">\n<p style=\"text-align: right\">49,87<\/p>\n<\/td>\n<td style=\"text-align: right\" width=\"80\">99,73<\/td>\n<td style=\"text-align: right\" width=\"80\">149,60<\/td>\n<td style=\"text-align: right\" width=\"80\">199,47<\/td>\n<td width=\"80\">\n<p style=\"text-align: right\">249,33<\/p>\n<\/td>\n<\/tr>\n<\/tbody>\n<\/table>\n<p>Bereits bei einem Jahresverbrauch von 5.000 kWhwird die Umlage also von der abgesenkten Umsatzsteuer aufgefangen. Allerdings wirkt sich die Ersparnis nur unwesentlich auf die exorbitant angestiegenen Gaspreise aus.<\/p>\n<p>In seinem Statement k\u00fcndigte der Bundeskanzler auch weitere Ma\u00dfnahmen an, mit denen die B\u00fcrgerinnen und B\u00fcrger entlastet werden sollen. Details nannte hierzu nicht. Auch ab wann die Umsatzsteuersenkung wirksam werden soll, teilte er nicht mit.<\/p>\n<p>Offen ist auch, ob die Gaslieferanten die Umsatzsteuerentlastung an den Verbraucher weitergeben.<\/p>\n","protected":false},"excerpt":{"rendered":"<p>Bundeskanzler Scholz hat heute angek\u00fcndigt, dass die Umsatzsteuer auf Gas von 19 % auf 7 % gesenkt wird. Damit bleibt man zwar noch \u00fcber dem Mindestsatz, den die EU vorschreibt (5 %), aber dennoch ergibt sich eine Entlastung f\u00fcr die gebeutelten Gaskunden, wie unsere Modellrechnung zeigt. Dabei gehen wir von einem Gaspreis f\u00fcr Neukunden von &hellip; <\/p>\n<p class=\"link-more\"><a href=\"https:\/\/www.buhl.de\/vermieter-web\/umsatzsteuer-auf-gas-wird-gesenkt\/\" class=\"more-link\"><span class=\"screen-reader-text\">\u201eUmsatzsteuer auf Gas wird gesenkt\u201c<\/span> weiterlesen<\/a><\/p>\n","protected":false},"author":15,"featured_media":14130,"comment_status":"closed","ping_status":"open","sticky":false,"template":"","format":"standard","meta":{"footnotes":""},"categories":[1],"tags":[3672,5883,5644,5885,5643],"class_list":["post-14806","post","type-post","status-publish","format-standard","has-post-thumbnail","hentry","category-allgemein","tag-gas","tag-gasumlage","tag-mehrwertsteuer","tag-preise","tag-umsatzsteuer"],"yoast_head":"<!-- This site is optimized with the Yoast SEO Premium plugin v27.4 (Yoast SEO v27.5) - https:\/\/yoast.com\/product\/yoast-seo-premium-wordpress\/ -->\n<title>Umsatzsteuer auf Gas wird gesenkt - Online-Nebenkostenabrechnung mit WISO Vermieter-Web<\/title>\n<meta name=\"robots\" content=\"noindex, nofollow\" \/>\n<meta property=\"og:locale\" content=\"de_DE\" \/>\n<meta property=\"og:type\" content=\"article\" \/>\n<meta property=\"og:title\" content=\"Umsatzsteuer auf Gas wird gesenkt\" \/>\n<meta property=\"og:description\" content=\"Bundeskanzler Scholz hat heute angek\u00fcndigt, dass die Umsatzsteuer auf Gas von 19 % auf 7 % gesenkt wird. Damit bleibt man zwar noch \u00fcber dem Mindestsatz, den die EU vorschreibt (5 %), aber dennoch ergibt sich eine Entlastung f\u00fcr die gebeutelten Gaskunden, wie unsere Modellrechnung zeigt. Dabei gehen wir von einem Gaspreis f\u00fcr Neukunden von &hellip; \u201eUmsatzsteuer auf Gas wird gesenkt\u201c weiterlesen\" \/>\n<meta property=\"og:url\" content=\"https:\/\/www.buhl.de\/vermieter-web\/umsatzsteuer-auf-gas-wird-gesenkt\/\" \/>\n<meta property=\"og:site_name\" content=\"Online-Nebenkostenabrechnung mit WISO Vermieter-Web\" \/>\n<meta property=\"article:published_time\" content=\"2022-08-18T13:15:16+00:00\" \/>\n<meta property=\"article:modified_time\" content=\"2022-08-18T13:17:25+00:00\" \/>\n<meta property=\"og:image\" content=\"https:\/\/www.buhl.de\/vermieter-web\/wp-content\/uploads\/sites\/33\/2021\/11\/Eilmeldung.jpg\" \/>\n\t<meta property=\"og:image:width\" content=\"839\" \/>\n\t<meta property=\"og:image:height\" content=\"416\" \/>\n\t<meta property=\"og:image:type\" content=\"image\/jpeg\" \/>\n<meta name=\"author\" content=\"Hartmut Fischer\" \/>\n<meta name=\"twitter:card\" content=\"summary_large_image\" \/>\n<meta name=\"twitter:label1\" content=\"Verfasst von\" \/>\n\t<meta name=\"twitter:data1\" content=\"Hartmut Fischer\" \/>\n\t<meta name=\"twitter:label2\" content=\"Gesch\u00e4tzte Lesezeit\" \/>\n\t<meta name=\"twitter:data2\" content=\"2\u00a0Minuten\" \/>\n<script type=\"application\/ld+json\" class=\"yoast-schema-graph\">{\"@context\":\"https:\\\/\\\/schema.org\",\"@graph\":[{\"@type\":\"Article\",\"@id\":\"https:\\\/\\\/www.buhl.de\\\/vermieter-web\\\/umsatzsteuer-auf-gas-wird-gesenkt\\\/#article\",\"isPartOf\":{\"@id\":\"https:\\\/\\\/www.buhl.de\\\/vermieter-web\\\/umsatzsteuer-auf-gas-wird-gesenkt\\\/\"},\"author\":{\"name\":\"Hartmut Fischer\",\"@id\":\"https:\\\/\\\/www.buhl.de\\\/vermieter-web\\\/#\\\/schema\\\/person\\\/82903e1cb04eb553382702d503991b4f\"},\"headline\":\"Umsatzsteuer auf Gas wird gesenkt\",\"datePublished\":\"2022-08-18T13:15:16+00:00\",\"dateModified\":\"2022-08-18T13:17:25+00:00\",\"mainEntityOfPage\":{\"@id\":\"https:\\\/\\\/www.buhl.de\\\/vermieter-web\\\/umsatzsteuer-auf-gas-wird-gesenkt\\\/\"},\"wordCount\":161,\"image\":{\"@id\":\"https:\\\/\\\/www.buhl.de\\\/vermieter-web\\\/umsatzsteuer-auf-gas-wird-gesenkt\\\/#primaryimage\"},\"thumbnailUrl\":\"https:\\\/\\\/www.buhl.de\\\/vermieter-web\\\/wp-content\\\/uploads\\\/sites\\\/33\\\/2021\\\/11\\\/Eilmeldung.jpg\",\"keywords\":[\"Gas\",\"Gasumlage\",\"Mehrwertsteuer\",\"Preise\",\"Umsatzsteuer\"],\"inLanguage\":\"de\"},{\"@type\":\"WebPage\",\"@id\":\"https:\\\/\\\/www.buhl.de\\\/vermieter-web\\\/umsatzsteuer-auf-gas-wird-gesenkt\\\/\",\"url\":\"https:\\\/\\\/www.buhl.de\\\/vermieter-web\\\/umsatzsteuer-auf-gas-wird-gesenkt\\\/\",\"name\":\"Umsatzsteuer auf Gas wird gesenkt - Online-Nebenkostenabrechnung mit WISO Vermieter-Web\",\"isPartOf\":{\"@id\":\"https:\\\/\\\/www.buhl.de\\\/vermieter-web\\\/#website\"},\"primaryImageOfPage\":{\"@id\":\"https:\\\/\\\/www.buhl.de\\\/vermieter-web\\\/umsatzsteuer-auf-gas-wird-gesenkt\\\/#primaryimage\"},\"image\":{\"@id\":\"https:\\\/\\\/www.buhl.de\\\/vermieter-web\\\/umsatzsteuer-auf-gas-wird-gesenkt\\\/#primaryimage\"},\"thumbnailUrl\":\"https:\\\/\\\/www.buhl.de\\\/vermieter-web\\\/wp-content\\\/uploads\\\/sites\\\/33\\\/2021\\\/11\\\/Eilmeldung.jpg\",\"datePublished\":\"2022-08-18T13:15:16+00:00\",\"dateModified\":\"2022-08-18T13:17:25+00:00\",\"author\":{\"@id\":\"https:\\\/\\\/www.buhl.de\\\/vermieter-web\\\/#\\\/schema\\\/person\\\/82903e1cb04eb553382702d503991b4f\"},\"breadcrumb\":{\"@id\":\"https:\\\/\\\/www.buhl.de\\\/vermieter-web\\\/umsatzsteuer-auf-gas-wird-gesenkt\\\/#breadcrumb\"},\"inLanguage\":\"de\",\"potentialAction\":[{\"@type\":\"ReadAction\",\"target\":[\"https:\\\/\\\/www.buhl.de\\\/vermieter-web\\\/umsatzsteuer-auf-gas-wird-gesenkt\\\/\"]}]},{\"@type\":\"ImageObject\",\"inLanguage\":\"de\",\"@id\":\"https:\\\/\\\/www.buhl.de\\\/vermieter-web\\\/umsatzsteuer-auf-gas-wird-gesenkt\\\/#primaryimage\",\"url\":\"https:\\\/\\\/www.buhl.de\\\/vermieter-web\\\/wp-content\\\/uploads\\\/sites\\\/33\\\/2021\\\/11\\\/Eilmeldung.jpg\",\"contentUrl\":\"https:\\\/\\\/www.buhl.de\\\/vermieter-web\\\/wp-content\\\/uploads\\\/sites\\\/33\\\/2021\\\/11\\\/Eilmeldung.jpg\",\"width\":839,\"height\":416},{\"@type\":\"BreadcrumbList\",\"@id\":\"https:\\\/\\\/www.buhl.de\\\/vermieter-web\\\/umsatzsteuer-auf-gas-wird-gesenkt\\\/#breadcrumb\",\"itemListElement\":[{\"@type\":\"ListItem\",\"position\":1,\"name\":\"Startseite\",\"item\":\"https:\\\/\\\/www.buhl.de\\\/vermieter-web\\\/\"},{\"@type\":\"ListItem\",\"position\":2,\"name\":\"Umsatzsteuer auf Gas wird gesenkt\"}]},{\"@type\":\"WebSite\",\"@id\":\"https:\\\/\\\/www.buhl.de\\\/vermieter-web\\\/#website\",\"url\":\"https:\\\/\\\/www.buhl.de\\\/vermieter-web\\\/\",\"name\":\"Online-Nebenkostenabrechnung mit WISO Vermieter-Web\",\"description\":\"\",\"potentialAction\":[{\"@type\":\"SearchAction\",\"target\":{\"@type\":\"EntryPoint\",\"urlTemplate\":\"https:\\\/\\\/www.buhl.de\\\/vermieter-web\\\/?s={search_term_string}\"},\"query-input\":{\"@type\":\"PropertyValueSpecification\",\"valueRequired\":true,\"valueName\":\"search_term_string\"}}],\"inLanguage\":\"de\"},{\"@type\":\"Person\",\"@id\":\"https:\\\/\\\/www.buhl.de\\\/vermieter-web\\\/#\\\/schema\\\/person\\\/82903e1cb04eb553382702d503991b4f\",\"name\":\"Hartmut Fischer\"}]}<\/script>\n<!-- \/ Yoast SEO Premium plugin. -->","yoast_head_json":{"title":"Umsatzsteuer auf Gas wird gesenkt - Online-Nebenkostenabrechnung mit WISO Vermieter-Web","robots":{"index":"noindex","follow":"nofollow"},"og_locale":"de_DE","og_type":"article","og_title":"Umsatzsteuer auf Gas wird gesenkt","og_description":"Bundeskanzler Scholz hat heute angek\u00fcndigt, dass die Umsatzsteuer auf Gas von 19 % auf 7 % gesenkt wird. Damit bleibt man zwar noch \u00fcber dem Mindestsatz, den die EU vorschreibt (5 %), aber dennoch ergibt sich eine Entlastung f\u00fcr die gebeutelten Gaskunden, wie unsere Modellrechnung zeigt. Dabei gehen wir von einem Gaspreis f\u00fcr Neukunden von &hellip; \u201eUmsatzsteuer auf Gas wird gesenkt\u201c weiterlesen","og_url":"https:\/\/www.buhl.de\/vermieter-web\/umsatzsteuer-auf-gas-wird-gesenkt\/","og_site_name":"Online-Nebenkostenabrechnung mit WISO Vermieter-Web","article_published_time":"2022-08-18T13:15:16+00:00","article_modified_time":"2022-08-18T13:17:25+00:00","og_image":[{"width":839,"height":416,"url":"https:\/\/www.buhl.de\/vermieter-web\/wp-content\/uploads\/sites\/33\/2021\/11\/Eilmeldung.jpg","type":"image\/jpeg"}],"author":"Hartmut Fischer","twitter_card":"summary_large_image","twitter_misc":{"Verfasst von":"Hartmut Fischer","Gesch\u00e4tzte Lesezeit":"2\u00a0Minuten"},"schema":{"@context":"https:\/\/schema.org","@graph":[{"@type":"Article","@id":"https:\/\/www.buhl.de\/vermieter-web\/umsatzsteuer-auf-gas-wird-gesenkt\/#article","isPartOf":{"@id":"https:\/\/www.buhl.de\/vermieter-web\/umsatzsteuer-auf-gas-wird-gesenkt\/"},"author":{"name":"Hartmut Fischer","@id":"https:\/\/www.buhl.de\/vermieter-web\/#\/schema\/person\/82903e1cb04eb553382702d503991b4f"},"headline":"Umsatzsteuer auf Gas wird gesenkt","datePublished":"2022-08-18T13:15:16+00:00","dateModified":"2022-08-18T13:17:25+00:00","mainEntityOfPage":{"@id":"https:\/\/www.buhl.de\/vermieter-web\/umsatzsteuer-auf-gas-wird-gesenkt\/"},"wordCount":161,"image":{"@id":"https:\/\/www.buhl.de\/vermieter-web\/umsatzsteuer-auf-gas-wird-gesenkt\/#primaryimage"},"thumbnailUrl":"https:\/\/www.buhl.de\/vermieter-web\/wp-content\/uploads\/sites\/33\/2021\/11\/Eilmeldung.jpg","keywords":["Gas","Gasumlage","Mehrwertsteuer","Preise","Umsatzsteuer"],"inLanguage":"de"},{"@type":"WebPage","@id":"https:\/\/www.buhl.de\/vermieter-web\/umsatzsteuer-auf-gas-wird-gesenkt\/","url":"https:\/\/www.buhl.de\/vermieter-web\/umsatzsteuer-auf-gas-wird-gesenkt\/","name":"Umsatzsteuer auf Gas wird gesenkt - Online-Nebenkostenabrechnung mit WISO Vermieter-Web","isPartOf":{"@id":"https:\/\/www.buhl.de\/vermieter-web\/#website"},"primaryImageOfPage":{"@id":"https:\/\/www.buhl.de\/vermieter-web\/umsatzsteuer-auf-gas-wird-gesenkt\/#primaryimage"},"image":{"@id":"https:\/\/www.buhl.de\/vermieter-web\/umsatzsteuer-auf-gas-wird-gesenkt\/#primaryimage"},"thumbnailUrl":"https:\/\/www.buhl.de\/vermieter-web\/wp-content\/uploads\/sites\/33\/2021\/11\/Eilmeldung.jpg","datePublished":"2022-08-18T13:15:16+00:00","dateModified":"2022-08-18T13:17:25+00:00","author":{"@id":"https:\/\/www.buhl.de\/vermieter-web\/#\/schema\/person\/82903e1cb04eb553382702d503991b4f"},"breadcrumb":{"@id":"https:\/\/www.buhl.de\/vermieter-web\/umsatzsteuer-auf-gas-wird-gesenkt\/#breadcrumb"},"inLanguage":"de","potentialAction":[{"@type":"ReadAction","target":["https:\/\/www.buhl.de\/vermieter-web\/umsatzsteuer-auf-gas-wird-gesenkt\/"]}]},{"@type":"ImageObject","inLanguage":"de","@id":"https:\/\/www.buhl.de\/vermieter-web\/umsatzsteuer-auf-gas-wird-gesenkt\/#primaryimage","url":"https:\/\/www.buhl.de\/vermieter-web\/wp-content\/uploads\/sites\/33\/2021\/11\/Eilmeldung.jpg","contentUrl":"https:\/\/www.buhl.de\/vermieter-web\/wp-content\/uploads\/sites\/33\/2021\/11\/Eilmeldung.jpg","width":839,"height":416},{"@type":"BreadcrumbList","@id":"https:\/\/www.buhl.de\/vermieter-web\/umsatzsteuer-auf-gas-wird-gesenkt\/#breadcrumb","itemListElement":[{"@type":"ListItem","position":1,"name":"Startseite","item":"https:\/\/www.buhl.de\/vermieter-web\/"},{"@type":"ListItem","position":2,"name":"Umsatzsteuer auf Gas wird gesenkt"}]},{"@type":"WebSite","@id":"https:\/\/www.buhl.de\/vermieter-web\/#website","url":"https:\/\/www.buhl.de\/vermieter-web\/","name":"Online-Nebenkostenabrechnung mit WISO Vermieter-Web","description":"","potentialAction":[{"@type":"SearchAction","target":{"@type":"EntryPoint","urlTemplate":"https:\/\/www.buhl.de\/vermieter-web\/?s={search_term_string}"},"query-input":{"@type":"PropertyValueSpecification","valueRequired":true,"valueName":"search_term_string"}}],"inLanguage":"de"},{"@type":"Person","@id":"https:\/\/www.buhl.de\/vermieter-web\/#\/schema\/person\/82903e1cb04eb553382702d503991b4f","name":"Hartmut Fischer"}]}},"_links":{"self":[{"href":"https:\/\/www.buhl.de\/vermieter-web\/wp-json\/wp\/v2\/posts\/14806","targetHints":{"allow":["GET"]}}],"collection":[{"href":"https:\/\/www.buhl.de\/vermieter-web\/wp-json\/wp\/v2\/posts"}],"about":[{"href":"https:\/\/www.buhl.de\/vermieter-web\/wp-json\/wp\/v2\/types\/post"}],"author":[{"embeddable":true,"href":"https:\/\/www.buhl.de\/vermieter-web\/wp-json\/wp\/v2\/users\/15"}],"replies":[{"embeddable":true,"href":"https:\/\/www.buhl.de\/vermieter-web\/wp-json\/wp\/v2\/comments?post=14806"}],"version-history":[{"count":5,"href":"https:\/\/www.buhl.de\/vermieter-web\/wp-json\/wp\/v2\/posts\/14806\/revisions"}],"predecessor-version":[{"id":14812,"href":"https:\/\/www.buhl.de\/vermieter-web\/wp-json\/wp\/v2\/posts\/14806\/revisions\/14812"}],"wp:featuredmedia":[{"embeddable":true,"href":"https:\/\/www.buhl.de\/vermieter-web\/wp-json\/wp\/v2\/media\/14130"}],"wp:attachment":[{"href":"https:\/\/www.buhl.de\/vermieter-web\/wp-json\/wp\/v2\/media?parent=14806"}],"wp:term":[{"taxonomy":"category","embeddable":true,"href":"https:\/\/www.buhl.de\/vermieter-web\/wp-json\/wp\/v2\/categories?post=14806"},{"taxonomy":"post_tag","embeddable":true,"href":"https:\/\/www.buhl.de\/vermieter-web\/wp-json\/wp\/v2\/tags?post=14806"}],"curies":[{"name":"wp","href":"https:\/\/api.w.org\/{rel}","templated":true}]}}