{"id":14850,"date":"2022-08-31T11:47:57","date_gmt":"2022-08-31T09:47:57","guid":{"rendered":"https:\/\/www.buhl.de\/vermieter-web\/?p=14850"},"modified":"2022-08-31T11:47:57","modified_gmt":"2022-08-31T09:47:57","slug":"preisgarantie-bleibt-gueltig","status":"publish","type":"post","link":"https:\/\/www.buhl.de\/vermieter-web\/preisgarantie-bleibt-gueltig\/","title":{"rendered":"Preisgarantie bleibt g\u00fcltig"},"content":{"rendered":"<p><strong>Das Landgericht D\u00fcsseldorf hat dem Energielieferanten ExtraEnergie untersagt, w\u00e4hrend der Dauer von Preisgarantien die Preise mit der Begr\u00fcndung anzuheben, dass die Beschaffungskosten gestiegen sind. Obwohl der Beschluss des Gerichts noch nicht rechtskr\u00e4ftig ist, d\u00fcrfte die Entscheidung f\u00fcr die Zukunft richtungsweisend sein.<\/strong><\/p>\n<h5>landgericht: keine preiserh\u00f6hung wegen gestiegener beschaffungskosten<\/h5>\n<p><span style=\"font-size: 1rem\">Mit Erfolg ist die Verbraucherzentrale NRW gegen die Preiserh\u00f6hungen des Energieversorgers ExtraEnergie GmbH vorgegangen. Das Landgericht D\u00fcsseldorf untersagt auf Intervention der Verbraucherzentrale dem Unternehmen, Preiserh\u00f6hungen f\u00fcr Strom und Gas wegen steigender Beschaffungskosten auf dem Gro\u00dfhandelsmarkt anzuk\u00fcndigen, wenn die Vertr\u00e4ge eine Preisgarantie enthalten (Beschluss vom 26.08.2022, Az: 12 O 247\/22). ExtraEnergie muss weiterhin zu den vertraglich vereinbarten Preisen beliefern.<\/span><\/p>\n<h5>verbraucherzentrale mit Beschluss sehr zufrieden<\/h5>\n<p><span style=\"font-size: 1rem\">Die Verbraucherzentrale zeigte sich mit der Entscheidung sehr zufrieden. \u201eDas ist eine gute Nachricht f\u00fcr Verbraucher:innen und ein deutliches Signal an die gesamte Branche: Preisgarantien d\u00fcrfen wegen steigender Beschaffungskosten nicht einfach au\u00dfer Kraft gesetzt werden\u201c, sagt Wolfgang Schuldzinski, Vorstand der Verbraucherzentrale NRW.<\/span><\/p>\n<div class=\"field field--name-body field--type-text-with-summary field--label-hidden text-formatted field__item\">\n<h5>preisgarantie l\u00e4sst erh\u00f6hung nicht zu<\/h5>\n<p>ExtraEnergie hat Vertr\u00e4ge mit einer sogenannten eingeschr\u00e4nkten Preisgarantie angeboten. Das Unternehmen wollte sich dadurch gezielt als krisensicheres Unternehmen vermarkten. Preis\u00e4nderungen sind in diesem Fall nur wegen gestiegener Steuern, Abgaben oder Umlagen zul\u00e4ssig,. Eine Preiserh\u00f6hung wegen steigender Kosten f\u00fcr die Beschaffung von Energie ist jedoch nicht vorgesehen und deshalb ausgeschlossen.<\/p>\n<p>Der Beschluss des Landgerichts D\u00fcsseldorf sch\u00fctzt alle Kund:innen der ExtraEnergie GmbH. Dazu geh\u00f6ren auch die Marken \u201eprioenergie\u201c sowie \u201ehitenergie\u201c, die jeweils Strom- und Gasprodukte anbieten.<\/p>\n<h5>Das sollten Betroffene jetzt tun<\/h5>\n<p>Das Landgericht D\u00fcsseldorf best\u00e4tigt mit dem Beschluss die Auffassung der Verbraucherzentrale NRW, dass die \u00a0Preiserh\u00f6hungen und AGB-\u00c4nderungen der ExtraEnergie GmbH unwirksam sind. Trotzdem empfiehlt die Verbraucherzentrale NRW, der Preismitteilung mit Hinweis auf den Gerichtsbeschluss zu widersprechen und stellt daf\u00fcr einen <a href=\"https:\/\/www.verbraucherzentrale.nrw\/sites\/default\/files\/2022-08\/musterbrief-widerspruch_extraenergie.pdf\">Musterbrief<\/a> zur Verf\u00fcgung. Vorsorglich sollten auch die Z\u00e4hlerst\u00e4nde zum 1. September 2022 abgelesen werden. Auf der kommenden Rechnung sollten Verbraucher:innen dann sorgf\u00e4ltig pr\u00fcfen, ob die vertraglich vereinbarten Preise eingehalten wurden.<\/p>\n<\/div>\n","protected":false},"excerpt":{"rendered":"<p>Das Landgericht D\u00fcsseldorf hat dem Energielieferanten ExtraEnergie untersagt, w\u00e4hrend der Dauer von Preisgarantien die Preise mit der Begr\u00fcndung anzuheben, dass die Beschaffungskosten gestiegen sind. Obwohl der Beschluss des Gerichts noch nicht rechtskr\u00e4ftig ist, d\u00fcrfte die Entscheidung f\u00fcr die Zukunft richtungsweisend sein. landgericht: keine preiserh\u00f6hung wegen gestiegener beschaffungskosten Mit Erfolg ist die Verbraucherzentrale NRW gegen die &hellip; <\/p>\n<p class=\"link-more\"><a href=\"https:\/\/www.buhl.de\/vermieter-web\/preisgarantie-bleibt-gueltig\/\" class=\"more-link\"><span class=\"screen-reader-text\">\u201ePreisgarantie bleibt g\u00fcltig\u201c<\/span> weiterlesen<\/a><\/p>\n","protected":false},"author":15,"featured_media":13695,"comment_status":"closed","ping_status":"open","sticky":false,"template":"","format":"standard","meta":{"footnotes":""},"categories":[1],"tags":[5903,4062,5902,1418],"class_list":["post-14850","post","type-post","status-publish","format-standard","has-post-thumbnail","hentry","category-allgemein","tag-beschaffungspreise","tag-energie","tag-preisgarantie","tag-strom"],"yoast_head":"<!-- This site is optimized with the Yoast SEO Premium plugin v27.4 (Yoast SEO v27.5) - https:\/\/yoast.com\/product\/yoast-seo-premium-wordpress\/ -->\n<title>Preisgarantie bleibt g\u00fcltig - Online-Nebenkostenabrechnung mit WISO Vermieter-Web<\/title>\n<meta name=\"robots\" content=\"noindex, nofollow\" \/>\n<meta property=\"og:locale\" content=\"de_DE\" \/>\n<meta property=\"og:type\" content=\"article\" \/>\n<meta property=\"og:title\" content=\"Preisgarantie bleibt g\u00fcltig\" \/>\n<meta property=\"og:description\" content=\"Das Landgericht D\u00fcsseldorf hat dem Energielieferanten ExtraEnergie untersagt, w\u00e4hrend der Dauer von Preisgarantien die Preise mit der Begr\u00fcndung anzuheben, dass die Beschaffungskosten gestiegen sind. Obwohl der Beschluss des Gerichts noch nicht rechtskr\u00e4ftig ist, d\u00fcrfte die Entscheidung f\u00fcr die Zukunft richtungsweisend sein. landgericht: keine preiserh\u00f6hung wegen gestiegener beschaffungskosten Mit Erfolg ist die Verbraucherzentrale NRW gegen die &hellip; \u201ePreisgarantie bleibt g\u00fcltig\u201c weiterlesen\" \/>\n<meta property=\"og:url\" content=\"https:\/\/www.buhl.de\/vermieter-web\/preisgarantie-bleibt-gueltig\/\" \/>\n<meta property=\"og:site_name\" content=\"Online-Nebenkostenabrechnung mit WISO Vermieter-Web\" \/>\n<meta property=\"article:published_time\" content=\"2022-08-31T09:47:57+00:00\" \/>\n<meta property=\"og:image\" content=\"https:\/\/www.buhl.de\/vermieter-web\/wp-content\/uploads\/sites\/33\/2021\/06\/shutterstock_1895046628.jpg\" \/>\n\t<meta property=\"og:image:width\" content=\"840\" \/>\n\t<meta property=\"og:image:height\" content=\"420\" \/>\n\t<meta property=\"og:image:type\" content=\"image\/jpeg\" \/>\n<meta name=\"author\" content=\"Hartmut Fischer\" \/>\n<meta name=\"twitter:card\" content=\"summary_large_image\" \/>\n<meta name=\"twitter:label1\" content=\"Verfasst von\" \/>\n\t<meta name=\"twitter:data1\" content=\"Hartmut Fischer\" \/>\n\t<meta name=\"twitter:label2\" content=\"Gesch\u00e4tzte Lesezeit\" \/>\n\t<meta name=\"twitter:data2\" content=\"2\u00a0Minuten\" \/>\n<script type=\"application\/ld+json\" class=\"yoast-schema-graph\">{\"@context\":\"https:\\\/\\\/schema.org\",\"@graph\":[{\"@type\":\"Article\",\"@id\":\"https:\\\/\\\/www.buhl.de\\\/vermieter-web\\\/preisgarantie-bleibt-gueltig\\\/#article\",\"isPartOf\":{\"@id\":\"https:\\\/\\\/www.buhl.de\\\/vermieter-web\\\/preisgarantie-bleibt-gueltig\\\/\"},\"author\":{\"name\":\"Hartmut Fischer\",\"@id\":\"https:\\\/\\\/www.buhl.de\\\/vermieter-web\\\/#\\\/schema\\\/person\\\/82903e1cb04eb553382702d503991b4f\"},\"headline\":\"Preisgarantie bleibt g\u00fcltig\",\"datePublished\":\"2022-08-31T09:47:57+00:00\",\"mainEntityOfPage\":{\"@id\":\"https:\\\/\\\/www.buhl.de\\\/vermieter-web\\\/preisgarantie-bleibt-gueltig\\\/\"},\"wordCount\":346,\"image\":{\"@id\":\"https:\\\/\\\/www.buhl.de\\\/vermieter-web\\\/preisgarantie-bleibt-gueltig\\\/#primaryimage\"},\"thumbnailUrl\":\"https:\\\/\\\/www.buhl.de\\\/vermieter-web\\\/wp-content\\\/uploads\\\/sites\\\/33\\\/2021\\\/06\\\/shutterstock_1895046628.jpg\",\"keywords\":[\"Beschaffungspreise\",\"Energie\",\"Preisgarantie\",\"Strom\"],\"inLanguage\":\"de\"},{\"@type\":\"WebPage\",\"@id\":\"https:\\\/\\\/www.buhl.de\\\/vermieter-web\\\/preisgarantie-bleibt-gueltig\\\/\",\"url\":\"https:\\\/\\\/www.buhl.de\\\/vermieter-web\\\/preisgarantie-bleibt-gueltig\\\/\",\"name\":\"Preisgarantie bleibt g\u00fcltig - Online-Nebenkostenabrechnung mit WISO Vermieter-Web\",\"isPartOf\":{\"@id\":\"https:\\\/\\\/www.buhl.de\\\/vermieter-web\\\/#website\"},\"primaryImageOfPage\":{\"@id\":\"https:\\\/\\\/www.buhl.de\\\/vermieter-web\\\/preisgarantie-bleibt-gueltig\\\/#primaryimage\"},\"image\":{\"@id\":\"https:\\\/\\\/www.buhl.de\\\/vermieter-web\\\/preisgarantie-bleibt-gueltig\\\/#primaryimage\"},\"thumbnailUrl\":\"https:\\\/\\\/www.buhl.de\\\/vermieter-web\\\/wp-content\\\/uploads\\\/sites\\\/33\\\/2021\\\/06\\\/shutterstock_1895046628.jpg\",\"datePublished\":\"2022-08-31T09:47:57+00:00\",\"author\":{\"@id\":\"https:\\\/\\\/www.buhl.de\\\/vermieter-web\\\/#\\\/schema\\\/person\\\/82903e1cb04eb553382702d503991b4f\"},\"breadcrumb\":{\"@id\":\"https:\\\/\\\/www.buhl.de\\\/vermieter-web\\\/preisgarantie-bleibt-gueltig\\\/#breadcrumb\"},\"inLanguage\":\"de\",\"potentialAction\":[{\"@type\":\"ReadAction\",\"target\":[\"https:\\\/\\\/www.buhl.de\\\/vermieter-web\\\/preisgarantie-bleibt-gueltig\\\/\"]}]},{\"@type\":\"ImageObject\",\"inLanguage\":\"de\",\"@id\":\"https:\\\/\\\/www.buhl.de\\\/vermieter-web\\\/preisgarantie-bleibt-gueltig\\\/#primaryimage\",\"url\":\"https:\\\/\\\/www.buhl.de\\\/vermieter-web\\\/wp-content\\\/uploads\\\/sites\\\/33\\\/2021\\\/06\\\/shutterstock_1895046628.jpg\",\"contentUrl\":\"https:\\\/\\\/www.buhl.de\\\/vermieter-web\\\/wp-content\\\/uploads\\\/sites\\\/33\\\/2021\\\/06\\\/shutterstock_1895046628.jpg\",\"width\":840,\"height\":420,\"caption\":\"Sparschwein auf Geldscheinen, dahinter Strom- und Gasz\u00e4hler\"},{\"@type\":\"BreadcrumbList\",\"@id\":\"https:\\\/\\\/www.buhl.de\\\/vermieter-web\\\/preisgarantie-bleibt-gueltig\\\/#breadcrumb\",\"itemListElement\":[{\"@type\":\"ListItem\",\"position\":1,\"name\":\"Startseite\",\"item\":\"https:\\\/\\\/www.buhl.de\\\/vermieter-web\\\/\"},{\"@type\":\"ListItem\",\"position\":2,\"name\":\"Preisgarantie bleibt g\u00fcltig\"}]},{\"@type\":\"WebSite\",\"@id\":\"https:\\\/\\\/www.buhl.de\\\/vermieter-web\\\/#website\",\"url\":\"https:\\\/\\\/www.buhl.de\\\/vermieter-web\\\/\",\"name\":\"Online-Nebenkostenabrechnung mit WISO Vermieter-Web\",\"description\":\"\",\"potentialAction\":[{\"@type\":\"SearchAction\",\"target\":{\"@type\":\"EntryPoint\",\"urlTemplate\":\"https:\\\/\\\/www.buhl.de\\\/vermieter-web\\\/?s={search_term_string}\"},\"query-input\":{\"@type\":\"PropertyValueSpecification\",\"valueRequired\":true,\"valueName\":\"search_term_string\"}}],\"inLanguage\":\"de\"},{\"@type\":\"Person\",\"@id\":\"https:\\\/\\\/www.buhl.de\\\/vermieter-web\\\/#\\\/schema\\\/person\\\/82903e1cb04eb553382702d503991b4f\",\"name\":\"Hartmut Fischer\"}]}<\/script>\n<!-- \/ Yoast SEO Premium plugin. -->","yoast_head_json":{"title":"Preisgarantie bleibt g\u00fcltig - Online-Nebenkostenabrechnung mit WISO Vermieter-Web","robots":{"index":"noindex","follow":"nofollow"},"og_locale":"de_DE","og_type":"article","og_title":"Preisgarantie bleibt g\u00fcltig","og_description":"Das Landgericht D\u00fcsseldorf hat dem Energielieferanten ExtraEnergie untersagt, w\u00e4hrend der Dauer von Preisgarantien die Preise mit der Begr\u00fcndung anzuheben, dass die Beschaffungskosten gestiegen sind. Obwohl der Beschluss des Gerichts noch nicht rechtskr\u00e4ftig ist, d\u00fcrfte die Entscheidung f\u00fcr die Zukunft richtungsweisend sein. landgericht: keine preiserh\u00f6hung wegen gestiegener beschaffungskosten Mit Erfolg ist die Verbraucherzentrale NRW gegen die &hellip; \u201ePreisgarantie bleibt g\u00fcltig\u201c weiterlesen","og_url":"https:\/\/www.buhl.de\/vermieter-web\/preisgarantie-bleibt-gueltig\/","og_site_name":"Online-Nebenkostenabrechnung mit WISO Vermieter-Web","article_published_time":"2022-08-31T09:47:57+00:00","og_image":[{"width":840,"height":420,"url":"https:\/\/www.buhl.de\/vermieter-web\/wp-content\/uploads\/sites\/33\/2021\/06\/shutterstock_1895046628.jpg","type":"image\/jpeg"}],"author":"Hartmut Fischer","twitter_card":"summary_large_image","twitter_misc":{"Verfasst von":"Hartmut Fischer","Gesch\u00e4tzte Lesezeit":"2\u00a0Minuten"},"schema":{"@context":"https:\/\/schema.org","@graph":[{"@type":"Article","@id":"https:\/\/www.buhl.de\/vermieter-web\/preisgarantie-bleibt-gueltig\/#article","isPartOf":{"@id":"https:\/\/www.buhl.de\/vermieter-web\/preisgarantie-bleibt-gueltig\/"},"author":{"name":"Hartmut Fischer","@id":"https:\/\/www.buhl.de\/vermieter-web\/#\/schema\/person\/82903e1cb04eb553382702d503991b4f"},"headline":"Preisgarantie bleibt g\u00fcltig","datePublished":"2022-08-31T09:47:57+00:00","mainEntityOfPage":{"@id":"https:\/\/www.buhl.de\/vermieter-web\/preisgarantie-bleibt-gueltig\/"},"wordCount":346,"image":{"@id":"https:\/\/www.buhl.de\/vermieter-web\/preisgarantie-bleibt-gueltig\/#primaryimage"},"thumbnailUrl":"https:\/\/www.buhl.de\/vermieter-web\/wp-content\/uploads\/sites\/33\/2021\/06\/shutterstock_1895046628.jpg","keywords":["Beschaffungspreise","Energie","Preisgarantie","Strom"],"inLanguage":"de"},{"@type":"WebPage","@id":"https:\/\/www.buhl.de\/vermieter-web\/preisgarantie-bleibt-gueltig\/","url":"https:\/\/www.buhl.de\/vermieter-web\/preisgarantie-bleibt-gueltig\/","name":"Preisgarantie bleibt g\u00fcltig - Online-Nebenkostenabrechnung mit WISO Vermieter-Web","isPartOf":{"@id":"https:\/\/www.buhl.de\/vermieter-web\/#website"},"primaryImageOfPage":{"@id":"https:\/\/www.buhl.de\/vermieter-web\/preisgarantie-bleibt-gueltig\/#primaryimage"},"image":{"@id":"https:\/\/www.buhl.de\/vermieter-web\/preisgarantie-bleibt-gueltig\/#primaryimage"},"thumbnailUrl":"https:\/\/www.buhl.de\/vermieter-web\/wp-content\/uploads\/sites\/33\/2021\/06\/shutterstock_1895046628.jpg","datePublished":"2022-08-31T09:47:57+00:00","author":{"@id":"https:\/\/www.buhl.de\/vermieter-web\/#\/schema\/person\/82903e1cb04eb553382702d503991b4f"},"breadcrumb":{"@id":"https:\/\/www.buhl.de\/vermieter-web\/preisgarantie-bleibt-gueltig\/#breadcrumb"},"inLanguage":"de","potentialAction":[{"@type":"ReadAction","target":["https:\/\/www.buhl.de\/vermieter-web\/preisgarantie-bleibt-gueltig\/"]}]},{"@type":"ImageObject","inLanguage":"de","@id":"https:\/\/www.buhl.de\/vermieter-web\/preisgarantie-bleibt-gueltig\/#primaryimage","url":"https:\/\/www.buhl.de\/vermieter-web\/wp-content\/uploads\/sites\/33\/2021\/06\/shutterstock_1895046628.jpg","contentUrl":"https:\/\/www.buhl.de\/vermieter-web\/wp-content\/uploads\/sites\/33\/2021\/06\/shutterstock_1895046628.jpg","width":840,"height":420,"caption":"Sparschwein auf Geldscheinen, dahinter Strom- und Gasz\u00e4hler"},{"@type":"BreadcrumbList","@id":"https:\/\/www.buhl.de\/vermieter-web\/preisgarantie-bleibt-gueltig\/#breadcrumb","itemListElement":[{"@type":"ListItem","position":1,"name":"Startseite","item":"https:\/\/www.buhl.de\/vermieter-web\/"},{"@type":"ListItem","position":2,"name":"Preisgarantie bleibt g\u00fcltig"}]},{"@type":"WebSite","@id":"https:\/\/www.buhl.de\/vermieter-web\/#website","url":"https:\/\/www.buhl.de\/vermieter-web\/","name":"Online-Nebenkostenabrechnung mit WISO Vermieter-Web","description":"","potentialAction":[{"@type":"SearchAction","target":{"@type":"EntryPoint","urlTemplate":"https:\/\/www.buhl.de\/vermieter-web\/?s={search_term_string}"},"query-input":{"@type":"PropertyValueSpecification","valueRequired":true,"valueName":"search_term_string"}}],"inLanguage":"de"},{"@type":"Person","@id":"https:\/\/www.buhl.de\/vermieter-web\/#\/schema\/person\/82903e1cb04eb553382702d503991b4f","name":"Hartmut Fischer"}]}},"_links":{"self":[{"href":"https:\/\/www.buhl.de\/vermieter-web\/wp-json\/wp\/v2\/posts\/14850","targetHints":{"allow":["GET"]}}],"collection":[{"href":"https:\/\/www.buhl.de\/vermieter-web\/wp-json\/wp\/v2\/posts"}],"about":[{"href":"https:\/\/www.buhl.de\/vermieter-web\/wp-json\/wp\/v2\/types\/post"}],"author":[{"embeddable":true,"href":"https:\/\/www.buhl.de\/vermieter-web\/wp-json\/wp\/v2\/users\/15"}],"replies":[{"embeddable":true,"href":"https:\/\/www.buhl.de\/vermieter-web\/wp-json\/wp\/v2\/comments?post=14850"}],"version-history":[{"count":1,"href":"https:\/\/www.buhl.de\/vermieter-web\/wp-json\/wp\/v2\/posts\/14850\/revisions"}],"predecessor-version":[{"id":14852,"href":"https:\/\/www.buhl.de\/vermieter-web\/wp-json\/wp\/v2\/posts\/14850\/revisions\/14852"}],"wp:featuredmedia":[{"embeddable":true,"href":"https:\/\/www.buhl.de\/vermieter-web\/wp-json\/wp\/v2\/media\/13695"}],"wp:attachment":[{"href":"https:\/\/www.buhl.de\/vermieter-web\/wp-json\/wp\/v2\/media?parent=14850"}],"wp:term":[{"taxonomy":"category","embeddable":true,"href":"https:\/\/www.buhl.de\/vermieter-web\/wp-json\/wp\/v2\/categories?post=14850"},{"taxonomy":"post_tag","embeddable":true,"href":"https:\/\/www.buhl.de\/vermieter-web\/wp-json\/wp\/v2\/tags?post=14850"}],"curies":[{"name":"wp","href":"https:\/\/api.w.org\/{rel}","templated":true}]}}