{"id":14859,"date":"2022-09-08T09:47:06","date_gmt":"2022-09-08T07:47:06","guid":{"rendered":"https:\/\/www.buhl.de\/vermieter-web\/?p=14859"},"modified":"2022-09-08T09:47:06","modified_gmt":"2022-09-08T07:47:06","slug":"der-kran-schwenkarm-ueber-einem-nachbargrundstueck","status":"publish","type":"post","link":"https:\/\/www.buhl.de\/vermieter-web\/der-kran-schwenkarm-ueber-einem-nachbargrundstueck\/","title":{"rendered":"Der Kran-Schwenkarm \u00fcber einem Nachbargrundst\u00fcck"},"content":{"rendered":"<p><strong>Ohne vorherige Zustimmung des Nachbarn darf ein Kran nicht mit seinem langen Ausleger \u00fcber das Nachbargrundst\u00fcck schwenken. Das entschied das Oberlandesgericht Stuttgart am 31.08.2022 (Aktenzeichen 4 U 74\/22).\u00a0<\/strong><\/p>\n<h5>schwenkkran auf dem Nachbargrundst\u00fcck<\/h5>\n<p>In dem Verfahren stritten die Eigent\u00fcmer zweier benachbarter Grundst\u00fccke. Der eine Nachbar wollte sein Grundst\u00fcck neu bebauen. Hierf\u00fcr wurde ein\u00a0 Schwenkkran installiert. Der 18 Meter hohe Kran schwenkte mit seinem 28 Meter langen Ausleger \u00fcbers Nachbargrundst\u00fcck. Dies f\u00fchrte einmal dazu, dass der Ausleger in der Oberleitung h\u00e4ngen blieb. Dadurch wurde unter anderem das Dachgeschoss des dort befindlichen Hauses ersch\u00fcttert.<\/p>\n<h5>Kran darf mit Lasten nicht \u00fcber nachbargrundst\u00fcck schwenken<\/h5>\n<p>Der betroffene Grundst\u00fcckseigent\u00fcmer erwirkte daher vor dem Landgericht Heilbronn eine einstweilige Verf\u00fcgung. Danach durfte der Kran nicht mehr \u00fcber sein Grundst\u00fcck schwenken, wenn er Lasten transportiere. Das reichte dem Kl\u00e4ger jedoch nicht. Er wollte, dass der Kran auch ohne Lasten nicht \u00fcber sein Grundst\u00fcck schwenken d\u00fcrfe. Darum legte er Berufung beim Oberlandesgericht Stuttgart ein.<\/p>\n<h5>olg: auch ohne lasten kein schwenken \u00fcber nachbargrundst\u00fcck<\/h5>\n<p>Das Oberlandesgericht entschied zugunsten des Kl\u00e4gers und verbot das Schwenken des Baukrans \u00fcber dem Grundst\u00fcck des Kl\u00e4gers, auch wenn dieser keine Lasten bewege. Bei Zuwiderhandlungen drohte das Gericht ein Ordnungsgeld an.<\/p>\n<h5>verstoss gegen nachbarrechtsgesetz baden.w\u00fcrttemberg<\/h5>\n<p>In seiner Begr\u00fcndung f\u00fchrte das Gericht aus, dass der Beklagte das in <a href=\"https:\/\/www.landesrecht-bw.de\/jportal\/;jsessionid=7D70C0F4B3C1DE1EC8B702A093243EC5.jp91?quelle=jlink&amp;query=NachbG+BW&amp;psml=bsbawueprod.psml&amp;max=true&amp;aiz=true#jlr-NachbGBWV2P7d\">\u00a7\u00a07d Abs. 2 des Nachbarrechtsgesetzes Baden-W\u00fcrttemberg (NRG BW)<\/a> auch f\u00fcr das Einschwenken eines Baukrans in den nachbarlichen Luftraum vorgesehene Verfahren nicht eingehalten. Daher k\u00f6nnten sich die Bauherren nicht auf das \u201eHammerschlags- und Leiterrecht\u201c nach \u00a7\u00a07d NRG BW und eine entsprechende Duldungspflicht des Kl\u00e4gers berufen.<\/p>\n<p>Nach den gesetzlichen Vorgaben h\u00e4tten die Bauherren das Benutzen des Nachbargrundst\u00fccks durch \u00dcberschwenken des Kranes \u2013 mit oder ohne Lasten \u2013 zwei Wochen vor der Benutzung anzeigen m\u00fcssen, was unstreitig nicht erfolgt war. H\u00e4tte der Kl\u00e4ger dem \u00dcberschwenken dann nicht zugestimmt, so h\u00e4tten die Beklagten erst eine Duldungsklage erheben m\u00fcssen und auch dann nicht ihr vermeintliches Recht im Wege der Selbsthilfe durchsetzen k\u00f6nnen.<\/p>\n<hr \/>\n<h5>das k\u00f6nnte sie auch interessieren<\/h5>\n<p><a href=\"https:\/\/www.buhl.de\/vermieter-web\/nachbarschaftsstreit-um-ueberwachungskameras\/\">Nachbarschaftsstreit um \u00dcberwachungskameras<\/a><br \/>\n<a href=\"https:\/\/www.buhl.de\/vermieter-web\/wenn-die-aeste-ueberm-nachbargrundstueck-haengen\/\">Wenn die \u00c4ste \u00fcberm Nachbargrundst\u00fcck h\u00e4ngen<\/a><br \/>\n<a href=\"https:\/\/www.buhl.de\/vermieter-web\/wer-ist-verantwortlich-fuer-hoehere-materialkosten\/\">Wer ist verantwortlich f\u00fcr h\u00f6here Materialkosten?<\/a><\/p>\n<hr \/>\n<p>&nbsp;<\/p>\n<p>&nbsp;<\/p>\n","protected":false},"excerpt":{"rendered":"<p>Ohne vorherige Zustimmung des Nachbarn darf ein Kran nicht mit seinem langen Ausleger \u00fcber das Nachbargrundst\u00fcck schwenken. Das entschied das Oberlandesgericht Stuttgart am 31.08.2022 (Aktenzeichen 4 U 74\/22).\u00a0 schwenkkran auf dem Nachbargrundst\u00fcck In dem Verfahren stritten die Eigent\u00fcmer zweier benachbarter Grundst\u00fccke. Der eine Nachbar wollte sein Grundst\u00fcck neu bebauen. Hierf\u00fcr wurde ein\u00a0 Schwenkkran installiert. Der &hellip; <\/p>\n<p class=\"link-more\"><a href=\"https:\/\/www.buhl.de\/vermieter-web\/der-kran-schwenkarm-ueber-einem-nachbargrundstueck\/\" class=\"more-link\"><span class=\"screen-reader-text\">\u201eDer Kran-Schwenkarm \u00fcber einem Nachbargrundst\u00fcck\u201c<\/span> weiterlesen<\/a><\/p>\n","protected":false},"author":15,"featured_media":14861,"comment_status":"closed","ping_status":"open","sticky":false,"template":"","format":"standard","meta":{"footnotes":""},"categories":[1],"tags":[2287,4474,5908,544,5909],"class_list":["post-14859","post","type-post","status-publish","format-standard","has-post-thumbnail","hentry","category-allgemein","tag-baden-wuerttemberg","tag-bau","tag-kran","tag-neubau","tag-schwenken"],"yoast_head":"<!-- This site is optimized with the Yoast SEO Premium plugin v27.4 (Yoast SEO v27.5) - https:\/\/yoast.com\/product\/yoast-seo-premium-wordpress\/ -->\n<title>Schwenkarm eines Krans \u00fcber dem Nachbargrundst\u00fcck<\/title>\n<meta name=\"description\" content=\"Ohne Einwilligung des Nachbarn darf ein Kran in Baden-W\u00fcrttemberg nicht \u00fcber das Nachbargrundst\u00fcck schwenken.\" \/>\n<meta name=\"robots\" content=\"noindex, nofollow\" \/>\n<meta property=\"og:locale\" content=\"de_DE\" \/>\n<meta property=\"og:type\" content=\"article\" \/>\n<meta property=\"og:title\" content=\"Der Kran-Schwenkarm \u00fcber einem Nachbargrundst\u00fcck\" \/>\n<meta property=\"og:description\" content=\"Ohne Einwilligung des Nachbarn darf ein Kran in Baden-W\u00fcrttemberg nicht \u00fcber das Nachbargrundst\u00fcck schwenken.\" \/>\n<meta property=\"og:url\" content=\"https:\/\/www.buhl.de\/vermieter-web\/der-kran-schwenkarm-ueber-einem-nachbargrundstueck\/\" \/>\n<meta property=\"og:site_name\" content=\"Online-Nebenkostenabrechnung mit WISO Vermieter-Web\" \/>\n<meta property=\"article:published_time\" content=\"2022-09-08T07:47:06+00:00\" \/>\n<meta property=\"og:image\" content=\"https:\/\/www.buhl.de\/vermieter-web\/wp-content\/uploads\/sites\/33\/2022\/09\/shutterstock_166416104.jpg\" \/>\n\t<meta property=\"og:image:width\" content=\"840\" \/>\n\t<meta property=\"og:image:height\" content=\"420\" \/>\n\t<meta property=\"og:image:type\" content=\"image\/jpeg\" \/>\n<meta name=\"author\" content=\"Hartmut Fischer\" \/>\n<meta name=\"twitter:card\" content=\"summary_large_image\" \/>\n<meta name=\"twitter:label1\" content=\"Verfasst von\" \/>\n\t<meta name=\"twitter:data1\" content=\"Hartmut Fischer\" \/>\n\t<meta name=\"twitter:label2\" content=\"Gesch\u00e4tzte Lesezeit\" \/>\n\t<meta name=\"twitter:data2\" content=\"2\u00a0Minuten\" \/>\n<script type=\"application\/ld+json\" class=\"yoast-schema-graph\">{\"@context\":\"https:\\\/\\\/schema.org\",\"@graph\":[{\"@type\":\"Article\",\"@id\":\"https:\\\/\\\/www.buhl.de\\\/vermieter-web\\\/der-kran-schwenkarm-ueber-einem-nachbargrundstueck\\\/#article\",\"isPartOf\":{\"@id\":\"https:\\\/\\\/www.buhl.de\\\/vermieter-web\\\/der-kran-schwenkarm-ueber-einem-nachbargrundstueck\\\/\"},\"author\":{\"name\":\"Hartmut Fischer\",\"@id\":\"https:\\\/\\\/www.buhl.de\\\/vermieter-web\\\/#\\\/schema\\\/person\\\/82903e1cb04eb553382702d503991b4f\"},\"headline\":\"Der Kran-Schwenkarm \u00fcber einem Nachbargrundst\u00fcck\",\"datePublished\":\"2022-09-08T07:47:06+00:00\",\"mainEntityOfPage\":{\"@id\":\"https:\\\/\\\/www.buhl.de\\\/vermieter-web\\\/der-kran-schwenkarm-ueber-einem-nachbargrundstueck\\\/\"},\"wordCount\":378,\"image\":{\"@id\":\"https:\\\/\\\/www.buhl.de\\\/vermieter-web\\\/der-kran-schwenkarm-ueber-einem-nachbargrundstueck\\\/#primaryimage\"},\"thumbnailUrl\":\"https:\\\/\\\/www.buhl.de\\\/vermieter-web\\\/wp-content\\\/uploads\\\/sites\\\/33\\\/2022\\\/09\\\/shutterstock_166416104.jpg\",\"keywords\":[\"Baden-W\u00fcrttemberg\",\"Bau\",\"Kran\",\"Neubau\",\"schwenken\"],\"inLanguage\":\"de\"},{\"@type\":\"WebPage\",\"@id\":\"https:\\\/\\\/www.buhl.de\\\/vermieter-web\\\/der-kran-schwenkarm-ueber-einem-nachbargrundstueck\\\/\",\"url\":\"https:\\\/\\\/www.buhl.de\\\/vermieter-web\\\/der-kran-schwenkarm-ueber-einem-nachbargrundstueck\\\/\",\"name\":\"Schwenkarm eines Krans \u00fcber dem Nachbargrundst\u00fcck\",\"isPartOf\":{\"@id\":\"https:\\\/\\\/www.buhl.de\\\/vermieter-web\\\/#website\"},\"primaryImageOfPage\":{\"@id\":\"https:\\\/\\\/www.buhl.de\\\/vermieter-web\\\/der-kran-schwenkarm-ueber-einem-nachbargrundstueck\\\/#primaryimage\"},\"image\":{\"@id\":\"https:\\\/\\\/www.buhl.de\\\/vermieter-web\\\/der-kran-schwenkarm-ueber-einem-nachbargrundstueck\\\/#primaryimage\"},\"thumbnailUrl\":\"https:\\\/\\\/www.buhl.de\\\/vermieter-web\\\/wp-content\\\/uploads\\\/sites\\\/33\\\/2022\\\/09\\\/shutterstock_166416104.jpg\",\"datePublished\":\"2022-09-08T07:47:06+00:00\",\"author\":{\"@id\":\"https:\\\/\\\/www.buhl.de\\\/vermieter-web\\\/#\\\/schema\\\/person\\\/82903e1cb04eb553382702d503991b4f\"},\"description\":\"Ohne Einwilligung des Nachbarn darf ein Kran in Baden-W\u00fcrttemberg nicht \u00fcber das Nachbargrundst\u00fcck schwenken.\",\"breadcrumb\":{\"@id\":\"https:\\\/\\\/www.buhl.de\\\/vermieter-web\\\/der-kran-schwenkarm-ueber-einem-nachbargrundstueck\\\/#breadcrumb\"},\"inLanguage\":\"de\",\"potentialAction\":[{\"@type\":\"ReadAction\",\"target\":[\"https:\\\/\\\/www.buhl.de\\\/vermieter-web\\\/der-kran-schwenkarm-ueber-einem-nachbargrundstueck\\\/\"]}]},{\"@type\":\"ImageObject\",\"inLanguage\":\"de\",\"@id\":\"https:\\\/\\\/www.buhl.de\\\/vermieter-web\\\/der-kran-schwenkarm-ueber-einem-nachbargrundstueck\\\/#primaryimage\",\"url\":\"https:\\\/\\\/www.buhl.de\\\/vermieter-web\\\/wp-content\\\/uploads\\\/sites\\\/33\\\/2022\\\/09\\\/shutterstock_166416104.jpg\",\"contentUrl\":\"https:\\\/\\\/www.buhl.de\\\/vermieter-web\\\/wp-content\\\/uploads\\\/sites\\\/33\\\/2022\\\/09\\\/shutterstock_166416104.jpg\",\"width\":840,\"height\":420,\"caption\":\"Industrial Crane operating and lifting an electric generator against sunlight and blue sky\"},{\"@type\":\"BreadcrumbList\",\"@id\":\"https:\\\/\\\/www.buhl.de\\\/vermieter-web\\\/der-kran-schwenkarm-ueber-einem-nachbargrundstueck\\\/#breadcrumb\",\"itemListElement\":[{\"@type\":\"ListItem\",\"position\":1,\"name\":\"Startseite\",\"item\":\"https:\\\/\\\/www.buhl.de\\\/vermieter-web\\\/\"},{\"@type\":\"ListItem\",\"position\":2,\"name\":\"Der Kran-Schwenkarm \u00fcber einem Nachbargrundst\u00fcck\"}]},{\"@type\":\"WebSite\",\"@id\":\"https:\\\/\\\/www.buhl.de\\\/vermieter-web\\\/#website\",\"url\":\"https:\\\/\\\/www.buhl.de\\\/vermieter-web\\\/\",\"name\":\"Online-Nebenkostenabrechnung mit WISO Vermieter-Web\",\"description\":\"\",\"potentialAction\":[{\"@type\":\"SearchAction\",\"target\":{\"@type\":\"EntryPoint\",\"urlTemplate\":\"https:\\\/\\\/www.buhl.de\\\/vermieter-web\\\/?s={search_term_string}\"},\"query-input\":{\"@type\":\"PropertyValueSpecification\",\"valueRequired\":true,\"valueName\":\"search_term_string\"}}],\"inLanguage\":\"de\"},{\"@type\":\"Person\",\"@id\":\"https:\\\/\\\/www.buhl.de\\\/vermieter-web\\\/#\\\/schema\\\/person\\\/82903e1cb04eb553382702d503991b4f\",\"name\":\"Hartmut Fischer\"}]}<\/script>\n<!-- \/ Yoast SEO Premium plugin. -->","yoast_head_json":{"title":"Schwenkarm eines Krans \u00fcber dem Nachbargrundst\u00fcck","description":"Ohne Einwilligung des Nachbarn darf ein Kran in Baden-W\u00fcrttemberg nicht \u00fcber das Nachbargrundst\u00fcck schwenken.","robots":{"index":"noindex","follow":"nofollow"},"og_locale":"de_DE","og_type":"article","og_title":"Der Kran-Schwenkarm \u00fcber einem Nachbargrundst\u00fcck","og_description":"Ohne Einwilligung des Nachbarn darf ein Kran in Baden-W\u00fcrttemberg nicht \u00fcber das Nachbargrundst\u00fcck schwenken.","og_url":"https:\/\/www.buhl.de\/vermieter-web\/der-kran-schwenkarm-ueber-einem-nachbargrundstueck\/","og_site_name":"Online-Nebenkostenabrechnung mit WISO Vermieter-Web","article_published_time":"2022-09-08T07:47:06+00:00","og_image":[{"width":840,"height":420,"url":"https:\/\/www.buhl.de\/vermieter-web\/wp-content\/uploads\/sites\/33\/2022\/09\/shutterstock_166416104.jpg","type":"image\/jpeg"}],"author":"Hartmut Fischer","twitter_card":"summary_large_image","twitter_misc":{"Verfasst von":"Hartmut Fischer","Gesch\u00e4tzte Lesezeit":"2\u00a0Minuten"},"schema":{"@context":"https:\/\/schema.org","@graph":[{"@type":"Article","@id":"https:\/\/www.buhl.de\/vermieter-web\/der-kran-schwenkarm-ueber-einem-nachbargrundstueck\/#article","isPartOf":{"@id":"https:\/\/www.buhl.de\/vermieter-web\/der-kran-schwenkarm-ueber-einem-nachbargrundstueck\/"},"author":{"name":"Hartmut Fischer","@id":"https:\/\/www.buhl.de\/vermieter-web\/#\/schema\/person\/82903e1cb04eb553382702d503991b4f"},"headline":"Der Kran-Schwenkarm \u00fcber einem Nachbargrundst\u00fcck","datePublished":"2022-09-08T07:47:06+00:00","mainEntityOfPage":{"@id":"https:\/\/www.buhl.de\/vermieter-web\/der-kran-schwenkarm-ueber-einem-nachbargrundstueck\/"},"wordCount":378,"image":{"@id":"https:\/\/www.buhl.de\/vermieter-web\/der-kran-schwenkarm-ueber-einem-nachbargrundstueck\/#primaryimage"},"thumbnailUrl":"https:\/\/www.buhl.de\/vermieter-web\/wp-content\/uploads\/sites\/33\/2022\/09\/shutterstock_166416104.jpg","keywords":["Baden-W\u00fcrttemberg","Bau","Kran","Neubau","schwenken"],"inLanguage":"de"},{"@type":"WebPage","@id":"https:\/\/www.buhl.de\/vermieter-web\/der-kran-schwenkarm-ueber-einem-nachbargrundstueck\/","url":"https:\/\/www.buhl.de\/vermieter-web\/der-kran-schwenkarm-ueber-einem-nachbargrundstueck\/","name":"Schwenkarm eines Krans \u00fcber dem Nachbargrundst\u00fcck","isPartOf":{"@id":"https:\/\/www.buhl.de\/vermieter-web\/#website"},"primaryImageOfPage":{"@id":"https:\/\/www.buhl.de\/vermieter-web\/der-kran-schwenkarm-ueber-einem-nachbargrundstueck\/#primaryimage"},"image":{"@id":"https:\/\/www.buhl.de\/vermieter-web\/der-kran-schwenkarm-ueber-einem-nachbargrundstueck\/#primaryimage"},"thumbnailUrl":"https:\/\/www.buhl.de\/vermieter-web\/wp-content\/uploads\/sites\/33\/2022\/09\/shutterstock_166416104.jpg","datePublished":"2022-09-08T07:47:06+00:00","author":{"@id":"https:\/\/www.buhl.de\/vermieter-web\/#\/schema\/person\/82903e1cb04eb553382702d503991b4f"},"description":"Ohne Einwilligung des Nachbarn darf ein Kran in Baden-W\u00fcrttemberg nicht \u00fcber das Nachbargrundst\u00fcck schwenken.","breadcrumb":{"@id":"https:\/\/www.buhl.de\/vermieter-web\/der-kran-schwenkarm-ueber-einem-nachbargrundstueck\/#breadcrumb"},"inLanguage":"de","potentialAction":[{"@type":"ReadAction","target":["https:\/\/www.buhl.de\/vermieter-web\/der-kran-schwenkarm-ueber-einem-nachbargrundstueck\/"]}]},{"@type":"ImageObject","inLanguage":"de","@id":"https:\/\/www.buhl.de\/vermieter-web\/der-kran-schwenkarm-ueber-einem-nachbargrundstueck\/#primaryimage","url":"https:\/\/www.buhl.de\/vermieter-web\/wp-content\/uploads\/sites\/33\/2022\/09\/shutterstock_166416104.jpg","contentUrl":"https:\/\/www.buhl.de\/vermieter-web\/wp-content\/uploads\/sites\/33\/2022\/09\/shutterstock_166416104.jpg","width":840,"height":420,"caption":"Industrial Crane operating and lifting an electric generator against sunlight and blue sky"},{"@type":"BreadcrumbList","@id":"https:\/\/www.buhl.de\/vermieter-web\/der-kran-schwenkarm-ueber-einem-nachbargrundstueck\/#breadcrumb","itemListElement":[{"@type":"ListItem","position":1,"name":"Startseite","item":"https:\/\/www.buhl.de\/vermieter-web\/"},{"@type":"ListItem","position":2,"name":"Der Kran-Schwenkarm \u00fcber einem Nachbargrundst\u00fcck"}]},{"@type":"WebSite","@id":"https:\/\/www.buhl.de\/vermieter-web\/#website","url":"https:\/\/www.buhl.de\/vermieter-web\/","name":"Online-Nebenkostenabrechnung mit WISO Vermieter-Web","description":"","potentialAction":[{"@type":"SearchAction","target":{"@type":"EntryPoint","urlTemplate":"https:\/\/www.buhl.de\/vermieter-web\/?s={search_term_string}"},"query-input":{"@type":"PropertyValueSpecification","valueRequired":true,"valueName":"search_term_string"}}],"inLanguage":"de"},{"@type":"Person","@id":"https:\/\/www.buhl.de\/vermieter-web\/#\/schema\/person\/82903e1cb04eb553382702d503991b4f","name":"Hartmut Fischer"}]}},"_links":{"self":[{"href":"https:\/\/www.buhl.de\/vermieter-web\/wp-json\/wp\/v2\/posts\/14859","targetHints":{"allow":["GET"]}}],"collection":[{"href":"https:\/\/www.buhl.de\/vermieter-web\/wp-json\/wp\/v2\/posts"}],"about":[{"href":"https:\/\/www.buhl.de\/vermieter-web\/wp-json\/wp\/v2\/types\/post"}],"author":[{"embeddable":true,"href":"https:\/\/www.buhl.de\/vermieter-web\/wp-json\/wp\/v2\/users\/15"}],"replies":[{"embeddable":true,"href":"https:\/\/www.buhl.de\/vermieter-web\/wp-json\/wp\/v2\/comments?post=14859"}],"version-history":[{"count":2,"href":"https:\/\/www.buhl.de\/vermieter-web\/wp-json\/wp\/v2\/posts\/14859\/revisions"}],"predecessor-version":[{"id":14863,"href":"https:\/\/www.buhl.de\/vermieter-web\/wp-json\/wp\/v2\/posts\/14859\/revisions\/14863"}],"wp:featuredmedia":[{"embeddable":true,"href":"https:\/\/www.buhl.de\/vermieter-web\/wp-json\/wp\/v2\/media\/14861"}],"wp:attachment":[{"href":"https:\/\/www.buhl.de\/vermieter-web\/wp-json\/wp\/v2\/media?parent=14859"}],"wp:term":[{"taxonomy":"category","embeddable":true,"href":"https:\/\/www.buhl.de\/vermieter-web\/wp-json\/wp\/v2\/categories?post=14859"},{"taxonomy":"post_tag","embeddable":true,"href":"https:\/\/www.buhl.de\/vermieter-web\/wp-json\/wp\/v2\/tags?post=14859"}],"curies":[{"name":"wp","href":"https:\/\/api.w.org\/{rel}","templated":true}]}}