{"id":14881,"date":"2022-09-16T11:53:53","date_gmt":"2022-09-16T09:53:53","guid":{"rendered":"https:\/\/www.buhl.de\/vermieter-web\/?p=14881"},"modified":"2022-09-16T13:18:27","modified_gmt":"2022-09-16T11:18:27","slug":"keine-entruempelung-bei-raeumung-nach-berliner-modell","status":"publish","type":"post","link":"https:\/\/www.buhl.de\/vermieter-web\/keine-entruempelung-bei-raeumung-nach-berliner-modell\/","title":{"rendered":"Keine \u201eEntr\u00fcmpelung\u201c bei R\u00e4umung nach \u201eBerliner Modell\u201c"},"content":{"rendered":"<p><strong>Wird ein Gerichtsvollzieher zur Wohnungsr\u00e4umung nach dem \u201eBerliner Modell\u201c beauftragt, muss er weder M\u00fcll, und Ger\u00fcmpel noch M\u00f6bel aus der Wohnung entfernen. Die Aufgabe des Gerichtsvollziehers ist in diesem Fall erf\u00fcllt, wenn er dem Vermieter sein Besitzrecht verschafft. Zu diesem Ergebnis kommt das Amtsgericht Dortmund in einem Beschluss vom 20.05.2022 (Aktenzeichen 244 M 410\/22).<\/strong><\/p>\n<h5>R\u00e4umungsvollstreckung nach &#8222;berliner modell&#8220;<\/h5>\n<p>Im Verfahren versuchte ein Vermieter durchzusetzen, dass der Gerichtsvollzieher bei einer R\u00e4umungsvollstreckung auch den in der Wohnung befindlichen Unrat entferne. Er hatte beim Gerichtsvollzieher die R\u00e4umungsvollstreckung nach dem \u201eBerliner Modell\u201c beantragt, die dieser auch durchf\u00fchrte.<\/p>\n<h5><img loading=\"lazy\" decoding=\"async\" class=\" wp-image-10018 alignleft\" src=\"https:\/\/www.buhl.de\/vermieter-web\/wp-content\/uploads\/sites\/33\/2019\/12\/Info.jpg\" alt=\"\" width=\"90\" height=\"87\" \/>was bedeutet &#8222;Berliner Modell&#8220;<\/h5>\n<p>Bei der R\u00e4umungsvollstreckung nach dem \u201eBerliner Modell\u201c werden die vom Mieter zur\u00fcckgelassenen Sachen vom Gerichtsvollzieher nicht abtransportiert und eingelagert. Stattdessen erh\u00e4lt der Vermieter ein Pfandrecht an den Sachen. Die Aufgabe des Gerichtsvollziehers besteht also ausschlie\u00dflich darin, dem Vermieter sein Besitzrecht zu verschaffen. Er wird also die Schl\u00fcssel \u00fcbergeben und eventuell vorher die Schl\u00f6sser austauschen. F\u00fcr die vom Mieter zur\u00fcckgelassenen Gegenst\u00e4nde ist dann der Vermieter selbst zust\u00e4ndig.<\/p>\n<h5>gerichtsvollzieher weigert sich, zu entr\u00fcmpeln<\/h5>\n<p>Dennoch verlangte der Vermieter, dass der Gerichtsvollzieher die wertlosen M\u00f6bel und den M\u00fcll entsorgen w\u00fcrde und nur noch verwertbare M\u00f6bel in der Wohnung lie\u00df. Da sich der Gerichtsvollzieher weigerte, wandte sich der Vermieter an das Amtsgericht Dortmund.<\/p>\n<h5>amtsgericht gibt Gerichtvollzieher recht<\/h5>\n<p>Doch auch das Amtsgericht entschied, dass der Gerichtsvollzieher die Wohnung nicht \u201eentr\u00fcmpeln\u201c m\u00fcsse. Da der Vermieter eine Vollstreckung nach <a href=\"https:\/\/www.gesetze-im-internet.de\/zpo\/__885a.html\">\u00a7 885a ZPO<\/a> (Zivilprozessordnung) \u2013 die Vollstreckung nach dem \u201eBerliner Modell\u201c \u2013 beantragt hatte, konnte er nicht mehr verlangen, dass der Gerichtsvollzieher\u00a0die beweglichen Sachen aus der Wohnung wegschafft und verwahrt.<\/p>\n<h5>was bedeutet &#8222;R\u00e4umung&#8220;?<\/h5>\n<p>Der Vermieter k\u00f6nne sich auch nicht darauf berufen, dass der Mieter dem Titel nach die Wohnung ger\u00e4umt herausgeben m\u00fcsse. Nach \u00a7 885 Abs. 1 BGB sind die Begriffe &#8222;herausgeben&#8220;, &#8222;\u00fcberlassen&#8220; und &#8222;r\u00e4umen&#8220; vom Gesetzgeber als Synonyme (sinnverwandte Begriffe) gebraucht worden. Er verstehe darunter, dass der Mieter aus dem Besitz gesetzt und der Vermieter in den Besitz eingewiesen wird. Dies umfasst aber nicht die Beseitigung des Mieter-Mobiliars.<\/p>\n<hr \/>\n<h5>das k\u00f6nnte Sie auch interessieren:<\/h5>\n<p><a href=\"https:\/\/www.buhl.de\/vermieter-web\/raeumungstitel-gegen-volljaehrige-kinder\/\">R\u00e4umungstitel gegen vollj\u00e4hrige Kinder<\/a><br \/>\n<a href=\"https:\/\/www.buhl.de\/vermieter-web\/wehe-wenn-der-vermieter-raeumt\/\">Wehe, wenn der Vermieter r\u00e4umt<\/a><br \/>\n<a href=\"https:\/\/www.buhl.de\/vermieter-web\/fristlose-kuendigung-wegen-vermuellter-wohnung\/\">Fristlose K\u00fcndigung wegen verm\u00fcllter Wohnung<\/a><\/p>\n<hr \/>\n<p>&nbsp;<\/p>\n","protected":false},"excerpt":{"rendered":"<p>Wird ein Gerichtsvollzieher zur Wohnungsr\u00e4umung nach dem \u201eBerliner Modell\u201c beauftragt, muss er weder M\u00fcll, und Ger\u00fcmpel noch M\u00f6bel aus der Wohnung entfernen. Die Aufgabe des Gerichtsvollziehers ist in diesem Fall erf\u00fcllt, wenn er dem Vermieter sein Besitzrecht verschafft. Zu diesem Ergebnis kommt das Amtsgericht Dortmund in einem Beschluss vom 20.05.2022 (Aktenzeichen 244 M 410\/22). R\u00e4umungsvollstreckung &hellip; <\/p>\n<p class=\"link-more\"><a href=\"https:\/\/www.buhl.de\/vermieter-web\/keine-entruempelung-bei-raeumung-nach-berliner-modell\/\" class=\"more-link\"><span class=\"screen-reader-text\">\u201eKeine \u201eEntr\u00fcmpelung\u201c bei R\u00e4umung nach \u201eBerliner Modell\u201c\u201c<\/span> weiterlesen<\/a><\/p>\n","protected":false},"author":15,"featured_media":13423,"comment_status":"closed","ping_status":"open","sticky":false,"template":"","format":"standard","meta":{"footnotes":""},"categories":[1],"tags":[5910,5914,5913,5912,576,5911],"class_list":["post-14881","post","type-post","status-publish","format-standard","has-post-thumbnail","hentry","category-allgemein","tag-berliner-modell","tag-entruemplung","tag-entsorgung","tag-gerichtsvollzieher","tag-raeumung","tag-wohnungsraeumung"],"yoast_head":"<!-- This site is optimized with the Yoast SEO Premium plugin v27.4 (Yoast SEO v27.5) - https:\/\/yoast.com\/product\/yoast-seo-premium-wordpress\/ -->\n<title>Keine Entr\u00fcmplung beim &quot;Berliner Modell&quot;<\/title>\n<meta name=\"description\" content=\"Findet eine R\u00e4umung nach dem &quot;Berliner Modell&quot; statt, muss der Auftraggeber die &quot;Entr\u00fcmplung&quot; selbst vornehmen.\" \/>\n<meta name=\"robots\" content=\"noindex, nofollow\" \/>\n<meta property=\"og:locale\" content=\"de_DE\" \/>\n<meta property=\"og:type\" content=\"article\" \/>\n<meta property=\"og:title\" content=\"Keine \u201eEntr\u00fcmpelung\u201c bei R\u00e4umung nach \u201eBerliner Modell\u201c\" \/>\n<meta property=\"og:description\" content=\"Findet eine R\u00e4umung nach dem &quot;Berliner Modell&quot; statt, muss der Auftraggeber die &quot;Entr\u00fcmplung&quot; selbst vornehmen.\" \/>\n<meta property=\"og:url\" content=\"https:\/\/www.buhl.de\/vermieter-web\/keine-entruempelung-bei-raeumung-nach-berliner-modell\/\" \/>\n<meta property=\"og:site_name\" content=\"Online-Nebenkostenabrechnung mit WISO Vermieter-Web\" \/>\n<meta property=\"article:published_time\" content=\"2022-09-16T09:53:53+00:00\" \/>\n<meta property=\"article:modified_time\" content=\"2022-09-16T11:18:27+00:00\" \/>\n<meta property=\"og:image\" content=\"https:\/\/www.buhl.de\/vermieter-web\/wp-content\/uploads\/sites\/33\/2021\/03\/shutterstock_1709303398.jpg\" \/>\n\t<meta property=\"og:image:width\" content=\"840\" \/>\n\t<meta property=\"og:image:height\" content=\"420\" \/>\n\t<meta property=\"og:image:type\" content=\"image\/jpeg\" \/>\n<meta name=\"author\" content=\"Hartmut Fischer\" \/>\n<meta name=\"twitter:card\" content=\"summary_large_image\" \/>\n<meta name=\"twitter:label1\" content=\"Verfasst von\" \/>\n\t<meta name=\"twitter:data1\" content=\"Hartmut Fischer\" \/>\n\t<meta name=\"twitter:label2\" content=\"Gesch\u00e4tzte Lesezeit\" \/>\n\t<meta name=\"twitter:data2\" content=\"3\u00a0Minuten\" \/>\n<script type=\"application\/ld+json\" class=\"yoast-schema-graph\">{\"@context\":\"https:\\\/\\\/schema.org\",\"@graph\":[{\"@type\":\"Article\",\"@id\":\"https:\\\/\\\/www.buhl.de\\\/vermieter-web\\\/keine-entruempelung-bei-raeumung-nach-berliner-modell\\\/#article\",\"isPartOf\":{\"@id\":\"https:\\\/\\\/www.buhl.de\\\/vermieter-web\\\/keine-entruempelung-bei-raeumung-nach-berliner-modell\\\/\"},\"author\":{\"name\":\"Hartmut Fischer\",\"@id\":\"https:\\\/\\\/www.buhl.de\\\/vermieter-web\\\/#\\\/schema\\\/person\\\/82903e1cb04eb553382702d503991b4f\"},\"headline\":\"Keine \u201eEntr\u00fcmpelung\u201c bei R\u00e4umung nach \u201eBerliner Modell\u201c\",\"datePublished\":\"2022-09-16T09:53:53+00:00\",\"dateModified\":\"2022-09-16T11:18:27+00:00\",\"mainEntityOfPage\":{\"@id\":\"https:\\\/\\\/www.buhl.de\\\/vermieter-web\\\/keine-entruempelung-bei-raeumung-nach-berliner-modell\\\/\"},\"wordCount\":385,\"image\":{\"@id\":\"https:\\\/\\\/www.buhl.de\\\/vermieter-web\\\/keine-entruempelung-bei-raeumung-nach-berliner-modell\\\/#primaryimage\"},\"thumbnailUrl\":\"https:\\\/\\\/www.buhl.de\\\/vermieter-web\\\/wp-content\\\/uploads\\\/sites\\\/33\\\/2021\\\/03\\\/shutterstock_1709303398.jpg\",\"keywords\":[\"Berliner Modell\",\"Entr\u00fcmplung\",\"Entsorgung\",\"Gerichtsvollzieher\",\"R\u00e4umung\",\"Wohnungsr\u00e4umung\"],\"inLanguage\":\"de\"},{\"@type\":\"WebPage\",\"@id\":\"https:\\\/\\\/www.buhl.de\\\/vermieter-web\\\/keine-entruempelung-bei-raeumung-nach-berliner-modell\\\/\",\"url\":\"https:\\\/\\\/www.buhl.de\\\/vermieter-web\\\/keine-entruempelung-bei-raeumung-nach-berliner-modell\\\/\",\"name\":\"Keine Entr\u00fcmplung beim \\\"Berliner Modell\\\"\",\"isPartOf\":{\"@id\":\"https:\\\/\\\/www.buhl.de\\\/vermieter-web\\\/#website\"},\"primaryImageOfPage\":{\"@id\":\"https:\\\/\\\/www.buhl.de\\\/vermieter-web\\\/keine-entruempelung-bei-raeumung-nach-berliner-modell\\\/#primaryimage\"},\"image\":{\"@id\":\"https:\\\/\\\/www.buhl.de\\\/vermieter-web\\\/keine-entruempelung-bei-raeumung-nach-berliner-modell\\\/#primaryimage\"},\"thumbnailUrl\":\"https:\\\/\\\/www.buhl.de\\\/vermieter-web\\\/wp-content\\\/uploads\\\/sites\\\/33\\\/2021\\\/03\\\/shutterstock_1709303398.jpg\",\"datePublished\":\"2022-09-16T09:53:53+00:00\",\"dateModified\":\"2022-09-16T11:18:27+00:00\",\"author\":{\"@id\":\"https:\\\/\\\/www.buhl.de\\\/vermieter-web\\\/#\\\/schema\\\/person\\\/82903e1cb04eb553382702d503991b4f\"},\"description\":\"Findet eine R\u00e4umung nach dem \\\"Berliner Modell\\\" statt, muss der Auftraggeber die \\\"Entr\u00fcmplung\\\" selbst vornehmen.\",\"breadcrumb\":{\"@id\":\"https:\\\/\\\/www.buhl.de\\\/vermieter-web\\\/keine-entruempelung-bei-raeumung-nach-berliner-modell\\\/#breadcrumb\"},\"inLanguage\":\"de\",\"potentialAction\":[{\"@type\":\"ReadAction\",\"target\":[\"https:\\\/\\\/www.buhl.de\\\/vermieter-web\\\/keine-entruempelung-bei-raeumung-nach-berliner-modell\\\/\"]}]},{\"@type\":\"ImageObject\",\"inLanguage\":\"de\",\"@id\":\"https:\\\/\\\/www.buhl.de\\\/vermieter-web\\\/keine-entruempelung-bei-raeumung-nach-berliner-modell\\\/#primaryimage\",\"url\":\"https:\\\/\\\/www.buhl.de\\\/vermieter-web\\\/wp-content\\\/uploads\\\/sites\\\/33\\\/2021\\\/03\\\/shutterstock_1709303398.jpg\",\"contentUrl\":\"https:\\\/\\\/www.buhl.de\\\/vermieter-web\\\/wp-content\\\/uploads\\\/sites\\\/33\\\/2021\\\/03\\\/shutterstock_1709303398.jpg\",\"width\":840,\"height\":420},{\"@type\":\"BreadcrumbList\",\"@id\":\"https:\\\/\\\/www.buhl.de\\\/vermieter-web\\\/keine-entruempelung-bei-raeumung-nach-berliner-modell\\\/#breadcrumb\",\"itemListElement\":[{\"@type\":\"ListItem\",\"position\":1,\"name\":\"Startseite\",\"item\":\"https:\\\/\\\/www.buhl.de\\\/vermieter-web\\\/\"},{\"@type\":\"ListItem\",\"position\":2,\"name\":\"Keine \u201eEntr\u00fcmpelung\u201c bei R\u00e4umung nach \u201eBerliner Modell\u201c\"}]},{\"@type\":\"WebSite\",\"@id\":\"https:\\\/\\\/www.buhl.de\\\/vermieter-web\\\/#website\",\"url\":\"https:\\\/\\\/www.buhl.de\\\/vermieter-web\\\/\",\"name\":\"Online-Nebenkostenabrechnung mit WISO Vermieter-Web\",\"description\":\"\",\"potentialAction\":[{\"@type\":\"SearchAction\",\"target\":{\"@type\":\"EntryPoint\",\"urlTemplate\":\"https:\\\/\\\/www.buhl.de\\\/vermieter-web\\\/?s={search_term_string}\"},\"query-input\":{\"@type\":\"PropertyValueSpecification\",\"valueRequired\":true,\"valueName\":\"search_term_string\"}}],\"inLanguage\":\"de\"},{\"@type\":\"Person\",\"@id\":\"https:\\\/\\\/www.buhl.de\\\/vermieter-web\\\/#\\\/schema\\\/person\\\/82903e1cb04eb553382702d503991b4f\",\"name\":\"Hartmut Fischer\"}]}<\/script>\n<!-- \/ Yoast SEO Premium plugin. -->","yoast_head_json":{"title":"Keine Entr\u00fcmplung beim \"Berliner Modell\"","description":"Findet eine R\u00e4umung nach dem \"Berliner Modell\" statt, muss der Auftraggeber die \"Entr\u00fcmplung\" selbst vornehmen.","robots":{"index":"noindex","follow":"nofollow"},"og_locale":"de_DE","og_type":"article","og_title":"Keine \u201eEntr\u00fcmpelung\u201c bei R\u00e4umung nach \u201eBerliner Modell\u201c","og_description":"Findet eine R\u00e4umung nach dem \"Berliner Modell\" statt, muss der Auftraggeber die \"Entr\u00fcmplung\" selbst vornehmen.","og_url":"https:\/\/www.buhl.de\/vermieter-web\/keine-entruempelung-bei-raeumung-nach-berliner-modell\/","og_site_name":"Online-Nebenkostenabrechnung mit WISO Vermieter-Web","article_published_time":"2022-09-16T09:53:53+00:00","article_modified_time":"2022-09-16T11:18:27+00:00","og_image":[{"width":840,"height":420,"url":"https:\/\/www.buhl.de\/vermieter-web\/wp-content\/uploads\/sites\/33\/2021\/03\/shutterstock_1709303398.jpg","type":"image\/jpeg"}],"author":"Hartmut Fischer","twitter_card":"summary_large_image","twitter_misc":{"Verfasst von":"Hartmut Fischer","Gesch\u00e4tzte Lesezeit":"3\u00a0Minuten"},"schema":{"@context":"https:\/\/schema.org","@graph":[{"@type":"Article","@id":"https:\/\/www.buhl.de\/vermieter-web\/keine-entruempelung-bei-raeumung-nach-berliner-modell\/#article","isPartOf":{"@id":"https:\/\/www.buhl.de\/vermieter-web\/keine-entruempelung-bei-raeumung-nach-berliner-modell\/"},"author":{"name":"Hartmut Fischer","@id":"https:\/\/www.buhl.de\/vermieter-web\/#\/schema\/person\/82903e1cb04eb553382702d503991b4f"},"headline":"Keine \u201eEntr\u00fcmpelung\u201c bei R\u00e4umung nach \u201eBerliner Modell\u201c","datePublished":"2022-09-16T09:53:53+00:00","dateModified":"2022-09-16T11:18:27+00:00","mainEntityOfPage":{"@id":"https:\/\/www.buhl.de\/vermieter-web\/keine-entruempelung-bei-raeumung-nach-berliner-modell\/"},"wordCount":385,"image":{"@id":"https:\/\/www.buhl.de\/vermieter-web\/keine-entruempelung-bei-raeumung-nach-berliner-modell\/#primaryimage"},"thumbnailUrl":"https:\/\/www.buhl.de\/vermieter-web\/wp-content\/uploads\/sites\/33\/2021\/03\/shutterstock_1709303398.jpg","keywords":["Berliner Modell","Entr\u00fcmplung","Entsorgung","Gerichtsvollzieher","R\u00e4umung","Wohnungsr\u00e4umung"],"inLanguage":"de"},{"@type":"WebPage","@id":"https:\/\/www.buhl.de\/vermieter-web\/keine-entruempelung-bei-raeumung-nach-berliner-modell\/","url":"https:\/\/www.buhl.de\/vermieter-web\/keine-entruempelung-bei-raeumung-nach-berliner-modell\/","name":"Keine Entr\u00fcmplung beim \"Berliner Modell\"","isPartOf":{"@id":"https:\/\/www.buhl.de\/vermieter-web\/#website"},"primaryImageOfPage":{"@id":"https:\/\/www.buhl.de\/vermieter-web\/keine-entruempelung-bei-raeumung-nach-berliner-modell\/#primaryimage"},"image":{"@id":"https:\/\/www.buhl.de\/vermieter-web\/keine-entruempelung-bei-raeumung-nach-berliner-modell\/#primaryimage"},"thumbnailUrl":"https:\/\/www.buhl.de\/vermieter-web\/wp-content\/uploads\/sites\/33\/2021\/03\/shutterstock_1709303398.jpg","datePublished":"2022-09-16T09:53:53+00:00","dateModified":"2022-09-16T11:18:27+00:00","author":{"@id":"https:\/\/www.buhl.de\/vermieter-web\/#\/schema\/person\/82903e1cb04eb553382702d503991b4f"},"description":"Findet eine R\u00e4umung nach dem \"Berliner Modell\" statt, muss der Auftraggeber die \"Entr\u00fcmplung\" selbst vornehmen.","breadcrumb":{"@id":"https:\/\/www.buhl.de\/vermieter-web\/keine-entruempelung-bei-raeumung-nach-berliner-modell\/#breadcrumb"},"inLanguage":"de","potentialAction":[{"@type":"ReadAction","target":["https:\/\/www.buhl.de\/vermieter-web\/keine-entruempelung-bei-raeumung-nach-berliner-modell\/"]}]},{"@type":"ImageObject","inLanguage":"de","@id":"https:\/\/www.buhl.de\/vermieter-web\/keine-entruempelung-bei-raeumung-nach-berliner-modell\/#primaryimage","url":"https:\/\/www.buhl.de\/vermieter-web\/wp-content\/uploads\/sites\/33\/2021\/03\/shutterstock_1709303398.jpg","contentUrl":"https:\/\/www.buhl.de\/vermieter-web\/wp-content\/uploads\/sites\/33\/2021\/03\/shutterstock_1709303398.jpg","width":840,"height":420},{"@type":"BreadcrumbList","@id":"https:\/\/www.buhl.de\/vermieter-web\/keine-entruempelung-bei-raeumung-nach-berliner-modell\/#breadcrumb","itemListElement":[{"@type":"ListItem","position":1,"name":"Startseite","item":"https:\/\/www.buhl.de\/vermieter-web\/"},{"@type":"ListItem","position":2,"name":"Keine \u201eEntr\u00fcmpelung\u201c bei R\u00e4umung nach \u201eBerliner Modell\u201c"}]},{"@type":"WebSite","@id":"https:\/\/www.buhl.de\/vermieter-web\/#website","url":"https:\/\/www.buhl.de\/vermieter-web\/","name":"Online-Nebenkostenabrechnung mit WISO Vermieter-Web","description":"","potentialAction":[{"@type":"SearchAction","target":{"@type":"EntryPoint","urlTemplate":"https:\/\/www.buhl.de\/vermieter-web\/?s={search_term_string}"},"query-input":{"@type":"PropertyValueSpecification","valueRequired":true,"valueName":"search_term_string"}}],"inLanguage":"de"},{"@type":"Person","@id":"https:\/\/www.buhl.de\/vermieter-web\/#\/schema\/person\/82903e1cb04eb553382702d503991b4f","name":"Hartmut Fischer"}]}},"_links":{"self":[{"href":"https:\/\/www.buhl.de\/vermieter-web\/wp-json\/wp\/v2\/posts\/14881","targetHints":{"allow":["GET"]}}],"collection":[{"href":"https:\/\/www.buhl.de\/vermieter-web\/wp-json\/wp\/v2\/posts"}],"about":[{"href":"https:\/\/www.buhl.de\/vermieter-web\/wp-json\/wp\/v2\/types\/post"}],"author":[{"embeddable":true,"href":"https:\/\/www.buhl.de\/vermieter-web\/wp-json\/wp\/v2\/users\/15"}],"replies":[{"embeddable":true,"href":"https:\/\/www.buhl.de\/vermieter-web\/wp-json\/wp\/v2\/comments?post=14881"}],"version-history":[{"count":1,"href":"https:\/\/www.buhl.de\/vermieter-web\/wp-json\/wp\/v2\/posts\/14881\/revisions"}],"predecessor-version":[{"id":14883,"href":"https:\/\/www.buhl.de\/vermieter-web\/wp-json\/wp\/v2\/posts\/14881\/revisions\/14883"}],"wp:featuredmedia":[{"embeddable":true,"href":"https:\/\/www.buhl.de\/vermieter-web\/wp-json\/wp\/v2\/media\/13423"}],"wp:attachment":[{"href":"https:\/\/www.buhl.de\/vermieter-web\/wp-json\/wp\/v2\/media?parent=14881"}],"wp:term":[{"taxonomy":"category","embeddable":true,"href":"https:\/\/www.buhl.de\/vermieter-web\/wp-json\/wp\/v2\/categories?post=14881"},{"taxonomy":"post_tag","embeddable":true,"href":"https:\/\/www.buhl.de\/vermieter-web\/wp-json\/wp\/v2\/tags?post=14881"}],"curies":[{"name":"wp","href":"https:\/\/api.w.org\/{rel}","templated":true}]}}