{"id":14890,"date":"2022-09-21T10:47:29","date_gmt":"2022-09-21T08:47:29","guid":{"rendered":"https:\/\/www.buhl.de\/vermieter-web\/?p=14890"},"modified":"2022-09-21T10:47:29","modified_gmt":"2022-09-21T08:47:29","slug":"keine-mietminderung-wegen-verlegtem-muellplatz","status":"publish","type":"post","link":"https:\/\/www.buhl.de\/vermieter-web\/keine-mietminderung-wegen-verlegtem-muellplatz\/","title":{"rendered":"Keine Mietminderung wegen verlegtem M\u00fcllplatz"},"content":{"rendered":"<p><strong>Muss ein M\u00fcllplatz um knapp 160 Meter verlegt werden, kann der Mieter keinen Mietminderung geltend machen. Es ist fraglich, ob es sich hierbei um einen Mangel handelt. Aber selbst, wenn es ein Mangel w\u00e4re, sei dieser unerheblich und berechtige nicht zur Mietminderung. Dies entschied das Amtsgericht Berlin-Lichtenberg in einem Urteil vom 26.04.2022 (Aktenzeichen 6 C 350\/21).<\/strong><\/p>\n<h5>Abstellplatz f\u00fcr M\u00fclltonnen musste verlegt werden<\/h5>\n<p>Zum Streit war es gekommen, weil ein Vermieter den Abstellplatz f\u00fcr die M\u00fclltonnen verlegen musste, da Bauma\u00dfnahmen am Haus durchgef\u00fchrt wurden. Die M\u00fclltonnen mussten nun auf dem Nachbargrundst\u00fcck abgestellt werden. Dadurch verl\u00e4ngerte sich der Weg zu den Tonnen um rund 160 Meter.<\/p>\n<h5>weg zu den m\u00fclltonnen l\u00e4nger geworden<\/h5>\n<p>In dem l\u00e4ngeren Weg zum M\u00fcllplatz sah ein Mieter den Grund f\u00fcr eine Mietminderung. Da der Vermieter dies nicht akzeptierte und keine g\u00fctliche Einigung m\u00f6glich war, endete die Angelegenheit vor dem Amtsgericht Berlin-Lichtenberg.<\/p>\n<h5>Gericht: kein Grund zur Mietminderung<\/h5>\n<p>Dort entschied man gegen den Mieter. Er k\u00f6nne wegen des l\u00e4ngeren Weges keine Mietminderung geltend machen. Das Gericht bezweifelte, ob es sich hierbei \u00fcberhaupt um einen Mangel handele. Aber selbst wenn es ein Mangel w\u00e4re, m\u00fcsse dieser als unerheblich angesehen werden, der bei einer Mietminderung au\u00dfer Betracht bleibe <a href=\"https:\/\/www.gesetze-im-internet.de\/bgb\/__536.html\">(\u00a7\u00a0536 Abs. 1 Satz 3 BGB)<\/a>.<\/p>\n<h5>weg-verl\u00e4ngerung f\u00e4llt nicht ins gewicht<\/h5>\n<p>Ein um knapp 160 Meter l\u00e4ngerer Weg stelle keine sp\u00fcrbare Mehrbelastung dar und falle deshalb nicht sp\u00fcrbar ins Gewicht. Gr\u00f6\u00dfere M\u00fcllmengen k\u00f6nnten im Normalfall auch in kleinere Mengen aufgeteilt und entsorgt werden.<\/p>\n<hr \/>\n<h5>das k\u00f6nnte sie auch interessieren:<\/h5>\n<p><a href=\"https:\/\/www.buhl.de\/vermieter-web\/300-meter-muelltonnenschieben-ist-zumutbar\/\">300 Meter &#8222;M\u00fclltonnenschieben&#8220; ist zumutbar<\/a><br \/>\n<a href=\"https:\/\/www.buhl.de\/vermieter-web\/satzungsvorschrift-muelltonnen-auf-dem-buergersteig\/\">Satzungsvorschrift: M\u00fclltonnen auf dem B\u00fcrgersteig<\/a><br \/>\n<a href=\"https:\/\/www.buhl.de\/vermieter-web\/muellentsorgung-nicht-trennen-kann-teuer-werden\/\">M\u00fcllentsorgung: Nicht trennen kann teuer werden<\/a><\/p>\n<hr \/>\n<p>&nbsp;<\/p>\n","protected":false},"excerpt":{"rendered":"<p>Muss ein M\u00fcllplatz um knapp 160 Meter verlegt werden, kann der Mieter keinen Mietminderung geltend machen. Es ist fraglich, ob es sich hierbei um einen Mangel handelt. Aber selbst, wenn es ein Mangel w\u00e4re, sei dieser unerheblich und berechtige nicht zur Mietminderung. Dies entschied das Amtsgericht Berlin-Lichtenberg in einem Urteil vom 26.04.2022 (Aktenzeichen 6 C &hellip; <\/p>\n<p class=\"link-more\"><a href=\"https:\/\/www.buhl.de\/vermieter-web\/keine-mietminderung-wegen-verlegtem-muellplatz\/\" class=\"more-link\"><span class=\"screen-reader-text\">\u201eKeine Mietminderung wegen verlegtem M\u00fcllplatz\u201c<\/span> weiterlesen<\/a><\/p>\n","protected":false},"author":15,"featured_media":14874,"comment_status":"closed","ping_status":"open","sticky":false,"template":"","format":"standard","meta":{"footnotes":""},"categories":[1],"tags":[4770,5913,1403,5917,392],"class_list":["post-14890","post","type-post","status-publish","format-standard","has-post-thumbnail","hentry","category-allgemein","tag-abfall","tag-entsorgung","tag-muell","tag-strecke","tag-weg"],"yoast_head":"<!-- This site is optimized with the Yoast SEO Premium plugin v27.4 (Yoast SEO v27.5) - https:\/\/yoast.com\/product\/yoast-seo-premium-wordpress\/ -->\n<title>Verl\u00e4ngerter Weg zu M\u00fclltonnen ist zumutbar<\/title>\n<meta name=\"description\" content=\"Verl\u00e4ngert sich der Weg zu den M\u00fclltonnen um rund 160 Meter, ist dies zumutbar und liefert keinen Grund zur Mietminderung.\" \/>\n<meta name=\"robots\" content=\"noindex, nofollow\" \/>\n<meta property=\"og:locale\" content=\"de_DE\" \/>\n<meta property=\"og:type\" content=\"article\" \/>\n<meta property=\"og:title\" content=\"Keine Mietminderung wegen verlegtem M\u00fcllplatz\" \/>\n<meta property=\"og:description\" content=\"Verl\u00e4ngert sich der Weg zu den M\u00fclltonnen um rund 160 Meter, ist dies zumutbar und liefert keinen Grund zur Mietminderung.\" \/>\n<meta property=\"og:url\" content=\"https:\/\/www.buhl.de\/vermieter-web\/keine-mietminderung-wegen-verlegtem-muellplatz\/\" \/>\n<meta property=\"og:site_name\" content=\"Online-Nebenkostenabrechnung mit WISO Vermieter-Web\" \/>\n<meta property=\"article:published_time\" content=\"2022-09-21T08:47:29+00:00\" \/>\n<meta property=\"og:image\" content=\"https:\/\/www.buhl.de\/vermieter-web\/wp-content\/uploads\/sites\/33\/2022\/09\/shutterstock_1838814016.jpg\" \/>\n\t<meta property=\"og:image:width\" content=\"840\" \/>\n\t<meta property=\"og:image:height\" content=\"420\" \/>\n\t<meta property=\"og:image:type\" content=\"image\/jpeg\" \/>\n<meta name=\"author\" content=\"Hartmut Fischer\" \/>\n<meta name=\"twitter:card\" content=\"summary_large_image\" \/>\n<meta name=\"twitter:label1\" content=\"Verfasst von\" \/>\n\t<meta name=\"twitter:data1\" content=\"Hartmut Fischer\" \/>\n\t<meta name=\"twitter:label2\" content=\"Gesch\u00e4tzte Lesezeit\" \/>\n\t<meta name=\"twitter:data2\" content=\"2\u00a0Minuten\" \/>\n<script type=\"application\/ld+json\" class=\"yoast-schema-graph\">{\"@context\":\"https:\\\/\\\/schema.org\",\"@graph\":[{\"@type\":\"Article\",\"@id\":\"https:\\\/\\\/www.buhl.de\\\/vermieter-web\\\/keine-mietminderung-wegen-verlegtem-muellplatz\\\/#article\",\"isPartOf\":{\"@id\":\"https:\\\/\\\/www.buhl.de\\\/vermieter-web\\\/keine-mietminderung-wegen-verlegtem-muellplatz\\\/\"},\"author\":{\"name\":\"Hartmut Fischer\",\"@id\":\"https:\\\/\\\/www.buhl.de\\\/vermieter-web\\\/#\\\/schema\\\/person\\\/82903e1cb04eb553382702d503991b4f\"},\"headline\":\"Keine Mietminderung wegen verlegtem M\u00fcllplatz\",\"datePublished\":\"2022-09-21T08:47:29+00:00\",\"mainEntityOfPage\":{\"@id\":\"https:\\\/\\\/www.buhl.de\\\/vermieter-web\\\/keine-mietminderung-wegen-verlegtem-muellplatz\\\/\"},\"wordCount\":293,\"image\":{\"@id\":\"https:\\\/\\\/www.buhl.de\\\/vermieter-web\\\/keine-mietminderung-wegen-verlegtem-muellplatz\\\/#primaryimage\"},\"thumbnailUrl\":\"https:\\\/\\\/www.buhl.de\\\/vermieter-web\\\/wp-content\\\/uploads\\\/sites\\\/33\\\/2022\\\/09\\\/shutterstock_1838814016.jpg\",\"keywords\":[\"Abfall\",\"Entsorgung\",\"M\u00fcll\",\"Strecke\",\"WEG\"],\"inLanguage\":\"de\"},{\"@type\":\"WebPage\",\"@id\":\"https:\\\/\\\/www.buhl.de\\\/vermieter-web\\\/keine-mietminderung-wegen-verlegtem-muellplatz\\\/\",\"url\":\"https:\\\/\\\/www.buhl.de\\\/vermieter-web\\\/keine-mietminderung-wegen-verlegtem-muellplatz\\\/\",\"name\":\"Verl\u00e4ngerter Weg zu M\u00fclltonnen ist zumutbar\",\"isPartOf\":{\"@id\":\"https:\\\/\\\/www.buhl.de\\\/vermieter-web\\\/#website\"},\"primaryImageOfPage\":{\"@id\":\"https:\\\/\\\/www.buhl.de\\\/vermieter-web\\\/keine-mietminderung-wegen-verlegtem-muellplatz\\\/#primaryimage\"},\"image\":{\"@id\":\"https:\\\/\\\/www.buhl.de\\\/vermieter-web\\\/keine-mietminderung-wegen-verlegtem-muellplatz\\\/#primaryimage\"},\"thumbnailUrl\":\"https:\\\/\\\/www.buhl.de\\\/vermieter-web\\\/wp-content\\\/uploads\\\/sites\\\/33\\\/2022\\\/09\\\/shutterstock_1838814016.jpg\",\"datePublished\":\"2022-09-21T08:47:29+00:00\",\"author\":{\"@id\":\"https:\\\/\\\/www.buhl.de\\\/vermieter-web\\\/#\\\/schema\\\/person\\\/82903e1cb04eb553382702d503991b4f\"},\"description\":\"Verl\u00e4ngert sich der Weg zu den M\u00fclltonnen um rund 160 Meter, ist dies zumutbar und liefert keinen Grund zur Mietminderung.\",\"breadcrumb\":{\"@id\":\"https:\\\/\\\/www.buhl.de\\\/vermieter-web\\\/keine-mietminderung-wegen-verlegtem-muellplatz\\\/#breadcrumb\"},\"inLanguage\":\"de\",\"potentialAction\":[{\"@type\":\"ReadAction\",\"target\":[\"https:\\\/\\\/www.buhl.de\\\/vermieter-web\\\/keine-mietminderung-wegen-verlegtem-muellplatz\\\/\"]}]},{\"@type\":\"ImageObject\",\"inLanguage\":\"de\",\"@id\":\"https:\\\/\\\/www.buhl.de\\\/vermieter-web\\\/keine-mietminderung-wegen-verlegtem-muellplatz\\\/#primaryimage\",\"url\":\"https:\\\/\\\/www.buhl.de\\\/vermieter-web\\\/wp-content\\\/uploads\\\/sites\\\/33\\\/2022\\\/09\\\/shutterstock_1838814016.jpg\",\"contentUrl\":\"https:\\\/\\\/www.buhl.de\\\/vermieter-web\\\/wp-content\\\/uploads\\\/sites\\\/33\\\/2022\\\/09\\\/shutterstock_1838814016.jpg\",\"width\":840,\"height\":420,\"caption\":\"Many yellow garbage cans stand at the edge of a little frequented street in a village, garbage containers in nature\"},{\"@type\":\"BreadcrumbList\",\"@id\":\"https:\\\/\\\/www.buhl.de\\\/vermieter-web\\\/keine-mietminderung-wegen-verlegtem-muellplatz\\\/#breadcrumb\",\"itemListElement\":[{\"@type\":\"ListItem\",\"position\":1,\"name\":\"Startseite\",\"item\":\"https:\\\/\\\/www.buhl.de\\\/vermieter-web\\\/\"},{\"@type\":\"ListItem\",\"position\":2,\"name\":\"Keine Mietminderung wegen verlegtem M\u00fcllplatz\"}]},{\"@type\":\"WebSite\",\"@id\":\"https:\\\/\\\/www.buhl.de\\\/vermieter-web\\\/#website\",\"url\":\"https:\\\/\\\/www.buhl.de\\\/vermieter-web\\\/\",\"name\":\"Online-Nebenkostenabrechnung mit WISO Vermieter-Web\",\"description\":\"\",\"potentialAction\":[{\"@type\":\"SearchAction\",\"target\":{\"@type\":\"EntryPoint\",\"urlTemplate\":\"https:\\\/\\\/www.buhl.de\\\/vermieter-web\\\/?s={search_term_string}\"},\"query-input\":{\"@type\":\"PropertyValueSpecification\",\"valueRequired\":true,\"valueName\":\"search_term_string\"}}],\"inLanguage\":\"de\"},{\"@type\":\"Person\",\"@id\":\"https:\\\/\\\/www.buhl.de\\\/vermieter-web\\\/#\\\/schema\\\/person\\\/82903e1cb04eb553382702d503991b4f\",\"name\":\"Hartmut Fischer\"}]}<\/script>\n<!-- \/ Yoast SEO Premium plugin. -->","yoast_head_json":{"title":"Verl\u00e4ngerter Weg zu M\u00fclltonnen ist zumutbar","description":"Verl\u00e4ngert sich der Weg zu den M\u00fclltonnen um rund 160 Meter, ist dies zumutbar und liefert keinen Grund zur Mietminderung.","robots":{"index":"noindex","follow":"nofollow"},"og_locale":"de_DE","og_type":"article","og_title":"Keine Mietminderung wegen verlegtem M\u00fcllplatz","og_description":"Verl\u00e4ngert sich der Weg zu den M\u00fclltonnen um rund 160 Meter, ist dies zumutbar und liefert keinen Grund zur Mietminderung.","og_url":"https:\/\/www.buhl.de\/vermieter-web\/keine-mietminderung-wegen-verlegtem-muellplatz\/","og_site_name":"Online-Nebenkostenabrechnung mit WISO Vermieter-Web","article_published_time":"2022-09-21T08:47:29+00:00","og_image":[{"width":840,"height":420,"url":"https:\/\/www.buhl.de\/vermieter-web\/wp-content\/uploads\/sites\/33\/2022\/09\/shutterstock_1838814016.jpg","type":"image\/jpeg"}],"author":"Hartmut Fischer","twitter_card":"summary_large_image","twitter_misc":{"Verfasst von":"Hartmut Fischer","Gesch\u00e4tzte Lesezeit":"2\u00a0Minuten"},"schema":{"@context":"https:\/\/schema.org","@graph":[{"@type":"Article","@id":"https:\/\/www.buhl.de\/vermieter-web\/keine-mietminderung-wegen-verlegtem-muellplatz\/#article","isPartOf":{"@id":"https:\/\/www.buhl.de\/vermieter-web\/keine-mietminderung-wegen-verlegtem-muellplatz\/"},"author":{"name":"Hartmut Fischer","@id":"https:\/\/www.buhl.de\/vermieter-web\/#\/schema\/person\/82903e1cb04eb553382702d503991b4f"},"headline":"Keine Mietminderung wegen verlegtem M\u00fcllplatz","datePublished":"2022-09-21T08:47:29+00:00","mainEntityOfPage":{"@id":"https:\/\/www.buhl.de\/vermieter-web\/keine-mietminderung-wegen-verlegtem-muellplatz\/"},"wordCount":293,"image":{"@id":"https:\/\/www.buhl.de\/vermieter-web\/keine-mietminderung-wegen-verlegtem-muellplatz\/#primaryimage"},"thumbnailUrl":"https:\/\/www.buhl.de\/vermieter-web\/wp-content\/uploads\/sites\/33\/2022\/09\/shutterstock_1838814016.jpg","keywords":["Abfall","Entsorgung","M\u00fcll","Strecke","WEG"],"inLanguage":"de"},{"@type":"WebPage","@id":"https:\/\/www.buhl.de\/vermieter-web\/keine-mietminderung-wegen-verlegtem-muellplatz\/","url":"https:\/\/www.buhl.de\/vermieter-web\/keine-mietminderung-wegen-verlegtem-muellplatz\/","name":"Verl\u00e4ngerter Weg zu M\u00fclltonnen ist zumutbar","isPartOf":{"@id":"https:\/\/www.buhl.de\/vermieter-web\/#website"},"primaryImageOfPage":{"@id":"https:\/\/www.buhl.de\/vermieter-web\/keine-mietminderung-wegen-verlegtem-muellplatz\/#primaryimage"},"image":{"@id":"https:\/\/www.buhl.de\/vermieter-web\/keine-mietminderung-wegen-verlegtem-muellplatz\/#primaryimage"},"thumbnailUrl":"https:\/\/www.buhl.de\/vermieter-web\/wp-content\/uploads\/sites\/33\/2022\/09\/shutterstock_1838814016.jpg","datePublished":"2022-09-21T08:47:29+00:00","author":{"@id":"https:\/\/www.buhl.de\/vermieter-web\/#\/schema\/person\/82903e1cb04eb553382702d503991b4f"},"description":"Verl\u00e4ngert sich der Weg zu den M\u00fclltonnen um rund 160 Meter, ist dies zumutbar und liefert keinen Grund zur Mietminderung.","breadcrumb":{"@id":"https:\/\/www.buhl.de\/vermieter-web\/keine-mietminderung-wegen-verlegtem-muellplatz\/#breadcrumb"},"inLanguage":"de","potentialAction":[{"@type":"ReadAction","target":["https:\/\/www.buhl.de\/vermieter-web\/keine-mietminderung-wegen-verlegtem-muellplatz\/"]}]},{"@type":"ImageObject","inLanguage":"de","@id":"https:\/\/www.buhl.de\/vermieter-web\/keine-mietminderung-wegen-verlegtem-muellplatz\/#primaryimage","url":"https:\/\/www.buhl.de\/vermieter-web\/wp-content\/uploads\/sites\/33\/2022\/09\/shutterstock_1838814016.jpg","contentUrl":"https:\/\/www.buhl.de\/vermieter-web\/wp-content\/uploads\/sites\/33\/2022\/09\/shutterstock_1838814016.jpg","width":840,"height":420,"caption":"Many yellow garbage cans stand at the edge of a little frequented street in a village, garbage containers in nature"},{"@type":"BreadcrumbList","@id":"https:\/\/www.buhl.de\/vermieter-web\/keine-mietminderung-wegen-verlegtem-muellplatz\/#breadcrumb","itemListElement":[{"@type":"ListItem","position":1,"name":"Startseite","item":"https:\/\/www.buhl.de\/vermieter-web\/"},{"@type":"ListItem","position":2,"name":"Keine Mietminderung wegen verlegtem M\u00fcllplatz"}]},{"@type":"WebSite","@id":"https:\/\/www.buhl.de\/vermieter-web\/#website","url":"https:\/\/www.buhl.de\/vermieter-web\/","name":"Online-Nebenkostenabrechnung mit WISO Vermieter-Web","description":"","potentialAction":[{"@type":"SearchAction","target":{"@type":"EntryPoint","urlTemplate":"https:\/\/www.buhl.de\/vermieter-web\/?s={search_term_string}"},"query-input":{"@type":"PropertyValueSpecification","valueRequired":true,"valueName":"search_term_string"}}],"inLanguage":"de"},{"@type":"Person","@id":"https:\/\/www.buhl.de\/vermieter-web\/#\/schema\/person\/82903e1cb04eb553382702d503991b4f","name":"Hartmut Fischer"}]}},"_links":{"self":[{"href":"https:\/\/www.buhl.de\/vermieter-web\/wp-json\/wp\/v2\/posts\/14890","targetHints":{"allow":["GET"]}}],"collection":[{"href":"https:\/\/www.buhl.de\/vermieter-web\/wp-json\/wp\/v2\/posts"}],"about":[{"href":"https:\/\/www.buhl.de\/vermieter-web\/wp-json\/wp\/v2\/types\/post"}],"author":[{"embeddable":true,"href":"https:\/\/www.buhl.de\/vermieter-web\/wp-json\/wp\/v2\/users\/15"}],"replies":[{"embeddable":true,"href":"https:\/\/www.buhl.de\/vermieter-web\/wp-json\/wp\/v2\/comments?post=14890"}],"version-history":[{"count":1,"href":"https:\/\/www.buhl.de\/vermieter-web\/wp-json\/wp\/v2\/posts\/14890\/revisions"}],"predecessor-version":[{"id":14892,"href":"https:\/\/www.buhl.de\/vermieter-web\/wp-json\/wp\/v2\/posts\/14890\/revisions\/14892"}],"wp:featuredmedia":[{"embeddable":true,"href":"https:\/\/www.buhl.de\/vermieter-web\/wp-json\/wp\/v2\/media\/14874"}],"wp:attachment":[{"href":"https:\/\/www.buhl.de\/vermieter-web\/wp-json\/wp\/v2\/media?parent=14890"}],"wp:term":[{"taxonomy":"category","embeddable":true,"href":"https:\/\/www.buhl.de\/vermieter-web\/wp-json\/wp\/v2\/categories?post=14890"},{"taxonomy":"post_tag","embeddable":true,"href":"https:\/\/www.buhl.de\/vermieter-web\/wp-json\/wp\/v2\/tags?post=14890"}],"curies":[{"name":"wp","href":"https:\/\/api.w.org\/{rel}","templated":true}]}}