{"id":14923,"date":"2022-10-03T16:33:02","date_gmt":"2022-10-03T14:33:02","guid":{"rendered":"https:\/\/www.buhl.de\/vermieter-web\/?p=14923"},"modified":"2022-10-03T17:07:02","modified_gmt":"2022-10-03T15:07:02","slug":"wenn-die-solaranlage-den-nachbarn-blendet","status":"publish","type":"post","link":"https:\/\/www.buhl.de\/vermieter-web\/wenn-die-solaranlage-den-nachbarn-blendet\/","title":{"rendered":"Wenn die Solaranlage den Nachbarn blendet"},"content":{"rendered":"<p><strong>Extreme Blendungen durch die Module einer Solar- oder Photovoltaikanlage m\u00fcssen die Nachbarn des Anlagenbetreibers nicht hinnehmen. Wird die Nutzung der eigenen Immobilie durch die Blendungen eingeschr\u00e4nkt, hat der Nachbar Anspruch darauf, dass diese St\u00f6rung beseitigt wird. Vor diesem Hintergrund entschied das Landgericht Frankenthal, dass der Betreiber einer Solaranlage die auf dem Dach befindlichen Module so ausrichten m\u00fcsse, dass es zu keinen wesentlichen Blendwirkungen auf dem Nachbargrundst\u00fcck kommt. (Urteil vom 12.08.2022 -Aktenzeichen 9 O 67\/21)<\/strong><\/p>\n<h5>Nachbar f\u00fchlt sich bel\u00e4stigt<\/h5>\n<p>In dem Verfahren ging es um eine Solaranlage, \u00fcber die sich die Nachbarn wegen Blendungen beschwerten. Sie hielten die Blendungen in ihrem Garten, auf der Terrasse, im Wohn-\/Esszimmer und im Flur f\u00fcr unzumutbar. Ein Sachverst\u00e4ndiger best\u00e4tigte die Einsch\u00e4tzungen der Nachbarn. Er stellte in seinem Gutachten fest, dass in der\u00a0\u00a0Zeit von Anfang April bis Mitte September zwischen 17 und 18:00 Uhr die Reflexionen nicht zumutbar w\u00e4ren. Dies gelte prim\u00e4r f\u00fcr den Bereich der Terrasse beim Nachbarhaus.<\/p>\n<h5>Sachverst\u00e4ndiger best\u00e4tigt St\u00f6rung<\/h5>\n<p>Der Sachverst\u00e4ndige f\u00fchrte weiter aus, dass die Spiegelung der Solaranlage vergleichbar mit einem Blick in die Sonne ist. Dadurch w\u00fcrde die Sehf\u00e4higkeit zeitweise eingeschr\u00e4nkt und f\u00fchre so weit, dass es zu sogenannten \u201eNach-Bilderzeugungen\u201c kommt.<\/p>\n<h5>Landgericht verlangt \u00e4nderungen<\/h5>\n<p>Auf Basis des Gutachtens entschied das Landgericht Frankenthal, dass die Nachbarn die durch die Spiegelung hervorgerufenen Hinderungen am normalen, beschwerdefreien Gebrauch der Wohnung von den Nachbarn nicht hingenommen werden m\u00fcsse. Man k\u00f6nne nicht verlangen, dass sie ihre Terrasse in den im Gutachten genannten Zeitr\u00e4umen nicht nutzten. Auch eine Verdunklung der anderen R\u00e4ume sei nicht zumutbar.<\/p>\n<p>In seiner Begr\u00fcndung wies das Gericht auch darauf hin, dass eine Blendung durch spezielle Solarmodule vermieden werden k\u00f6nnte, da diese reflexionsarme Oberfl\u00e4chen besitzen.<\/p>\n<hr \/>\n<h5>das k\u00f6nnte euch auch interessieren:<\/h5>\n<p><a href=\"https:\/\/www.buhl.de\/vermieter-web\/die-solaranlage-auf-dem-balkon\/\">Die Solaranlage auf dem Balkon<\/a><br \/>\n<a href=\"https:\/\/www.buhl.de\/vermieter-web\/mini-photovoltaikanlagen\/\">Mini-Photovoltaikanlagen<\/a><br \/>\n<a href=\"https:\/\/www.buhl.de\/vermieter-web\/blendende-photovoltaik-paneele\/\">Blendende Photovoltaik-Paneele<\/a><\/p>\n<hr \/>\n<p>&nbsp;<\/p>\n","protected":false},"excerpt":{"rendered":"<p>Extreme Blendungen durch die Module einer Solar- oder Photovoltaikanlage m\u00fcssen die Nachbarn des Anlagenbetreibers nicht hinnehmen. Wird die Nutzung der eigenen Immobilie durch die Blendungen eingeschr\u00e4nkt, hat der Nachbar Anspruch darauf, dass diese St\u00f6rung beseitigt wird. Vor diesem Hintergrund entschied das Landgericht Frankenthal, dass der Betreiber einer Solaranlage die auf dem Dach befindlichen Module so &hellip; <\/p>\n<p class=\"link-more\"><a href=\"https:\/\/www.buhl.de\/vermieter-web\/wenn-die-solaranlage-den-nachbarn-blendet\/\" class=\"more-link\"><span class=\"screen-reader-text\">\u201eWenn die Solaranlage den Nachbarn blendet\u201c<\/span> weiterlesen<\/a><\/p>\n","protected":false},"author":15,"featured_media":13552,"comment_status":"closed","ping_status":"open","sticky":false,"template":"","format":"standard","meta":{"footnotes":""},"categories":[1],"tags":[5929,2633,699,5450],"class_list":["post-14923","post","type-post","status-publish","format-standard","has-post-thumbnail","hentry","category-allgemein","tag-blendet","tag-nachbar","tag-photovoltaik","tag-solar"],"yoast_head":"<!-- This site is optimized with the Yoast SEO Premium plugin v27.4 (Yoast SEO v27.5) - https:\/\/yoast.com\/product\/yoast-seo-premium-wordpress\/ -->\n<title>Solapaneele d\u00fcrfen Nachbarn nicht blenden<\/title>\n<meta name=\"description\" content=\"Die Module einer Photovoltaikanlage m\u00fcssen so ausgerichtet werden, dass der Nachbar dadurch nicht unzumutbar geblendet werden.\" \/>\n<meta name=\"robots\" content=\"noindex, nofollow\" \/>\n<meta property=\"og:locale\" content=\"de_DE\" \/>\n<meta property=\"og:type\" content=\"article\" \/>\n<meta property=\"og:title\" content=\"Wenn die Solaranlage den Nachbarn blendet\" \/>\n<meta property=\"og:description\" content=\"Die Module einer Photovoltaikanlage m\u00fcssen so ausgerichtet werden, dass der Nachbar dadurch nicht unzumutbar geblendet werden.\" \/>\n<meta property=\"og:url\" content=\"https:\/\/www.buhl.de\/vermieter-web\/wenn-die-solaranlage-den-nachbarn-blendet\/\" \/>\n<meta property=\"og:site_name\" content=\"Online-Nebenkostenabrechnung mit WISO Vermieter-Web\" \/>\n<meta property=\"article:published_time\" content=\"2022-10-03T14:33:02+00:00\" \/>\n<meta property=\"article:modified_time\" content=\"2022-10-03T15:07:02+00:00\" \/>\n<meta property=\"og:image\" content=\"https:\/\/www.buhl.de\/vermieter-web\/wp-content\/uploads\/sites\/33\/2021\/05\/shutterstock_1368232784.jpg\" \/>\n\t<meta property=\"og:image:width\" content=\"840\" \/>\n\t<meta property=\"og:image:height\" content=\"420\" \/>\n\t<meta property=\"og:image:type\" content=\"image\/jpeg\" \/>\n<meta name=\"author\" content=\"Hartmut Fischer\" \/>\n<meta name=\"twitter:card\" content=\"summary_large_image\" \/>\n<meta name=\"twitter:label1\" content=\"Verfasst von\" \/>\n\t<meta name=\"twitter:data1\" content=\"Hartmut Fischer\" \/>\n\t<meta name=\"twitter:label2\" content=\"Gesch\u00e4tzte Lesezeit\" \/>\n\t<meta name=\"twitter:data2\" content=\"2\u00a0Minuten\" \/>\n<script type=\"application\/ld+json\" class=\"yoast-schema-graph\">{\"@context\":\"https:\\\/\\\/schema.org\",\"@graph\":[{\"@type\":\"Article\",\"@id\":\"https:\\\/\\\/www.buhl.de\\\/vermieter-web\\\/wenn-die-solaranlage-den-nachbarn-blendet\\\/#article\",\"isPartOf\":{\"@id\":\"https:\\\/\\\/www.buhl.de\\\/vermieter-web\\\/wenn-die-solaranlage-den-nachbarn-blendet\\\/\"},\"author\":{\"name\":\"Hartmut Fischer\",\"@id\":\"https:\\\/\\\/www.buhl.de\\\/vermieter-web\\\/#\\\/schema\\\/person\\\/82903e1cb04eb553382702d503991b4f\"},\"headline\":\"Wenn die Solaranlage den Nachbarn blendet\",\"datePublished\":\"2022-10-03T14:33:02+00:00\",\"dateModified\":\"2022-10-03T15:07:02+00:00\",\"mainEntityOfPage\":{\"@id\":\"https:\\\/\\\/www.buhl.de\\\/vermieter-web\\\/wenn-die-solaranlage-den-nachbarn-blendet\\\/\"},\"wordCount\":319,\"image\":{\"@id\":\"https:\\\/\\\/www.buhl.de\\\/vermieter-web\\\/wenn-die-solaranlage-den-nachbarn-blendet\\\/#primaryimage\"},\"thumbnailUrl\":\"https:\\\/\\\/www.buhl.de\\\/vermieter-web\\\/wp-content\\\/uploads\\\/sites\\\/33\\\/2021\\\/05\\\/shutterstock_1368232784.jpg\",\"keywords\":[\"blendet\",\"Nachbar\",\"Photovoltaik\",\"solar\"],\"inLanguage\":\"de\"},{\"@type\":\"WebPage\",\"@id\":\"https:\\\/\\\/www.buhl.de\\\/vermieter-web\\\/wenn-die-solaranlage-den-nachbarn-blendet\\\/\",\"url\":\"https:\\\/\\\/www.buhl.de\\\/vermieter-web\\\/wenn-die-solaranlage-den-nachbarn-blendet\\\/\",\"name\":\"Solapaneele d\u00fcrfen Nachbarn nicht blenden\",\"isPartOf\":{\"@id\":\"https:\\\/\\\/www.buhl.de\\\/vermieter-web\\\/#website\"},\"primaryImageOfPage\":{\"@id\":\"https:\\\/\\\/www.buhl.de\\\/vermieter-web\\\/wenn-die-solaranlage-den-nachbarn-blendet\\\/#primaryimage\"},\"image\":{\"@id\":\"https:\\\/\\\/www.buhl.de\\\/vermieter-web\\\/wenn-die-solaranlage-den-nachbarn-blendet\\\/#primaryimage\"},\"thumbnailUrl\":\"https:\\\/\\\/www.buhl.de\\\/vermieter-web\\\/wp-content\\\/uploads\\\/sites\\\/33\\\/2021\\\/05\\\/shutterstock_1368232784.jpg\",\"datePublished\":\"2022-10-03T14:33:02+00:00\",\"dateModified\":\"2022-10-03T15:07:02+00:00\",\"author\":{\"@id\":\"https:\\\/\\\/www.buhl.de\\\/vermieter-web\\\/#\\\/schema\\\/person\\\/82903e1cb04eb553382702d503991b4f\"},\"description\":\"Die Module einer Photovoltaikanlage m\u00fcssen so ausgerichtet werden, dass der Nachbar dadurch nicht unzumutbar geblendet werden.\",\"breadcrumb\":{\"@id\":\"https:\\\/\\\/www.buhl.de\\\/vermieter-web\\\/wenn-die-solaranlage-den-nachbarn-blendet\\\/#breadcrumb\"},\"inLanguage\":\"de\",\"potentialAction\":[{\"@type\":\"ReadAction\",\"target\":[\"https:\\\/\\\/www.buhl.de\\\/vermieter-web\\\/wenn-die-solaranlage-den-nachbarn-blendet\\\/\"]}]},{\"@type\":\"ImageObject\",\"inLanguage\":\"de\",\"@id\":\"https:\\\/\\\/www.buhl.de\\\/vermieter-web\\\/wenn-die-solaranlage-den-nachbarn-blendet\\\/#primaryimage\",\"url\":\"https:\\\/\\\/www.buhl.de\\\/vermieter-web\\\/wp-content\\\/uploads\\\/sites\\\/33\\\/2021\\\/05\\\/shutterstock_1368232784.jpg\",\"contentUrl\":\"https:\\\/\\\/www.buhl.de\\\/vermieter-web\\\/wp-content\\\/uploads\\\/sites\\\/33\\\/2021\\\/05\\\/shutterstock_1368232784.jpg\",\"width\":840,\"height\":420,\"caption\":\"Solar panels on the roof of the modern house. 3D rendering\"},{\"@type\":\"BreadcrumbList\",\"@id\":\"https:\\\/\\\/www.buhl.de\\\/vermieter-web\\\/wenn-die-solaranlage-den-nachbarn-blendet\\\/#breadcrumb\",\"itemListElement\":[{\"@type\":\"ListItem\",\"position\":1,\"name\":\"Startseite\",\"item\":\"https:\\\/\\\/www.buhl.de\\\/vermieter-web\\\/\"},{\"@type\":\"ListItem\",\"position\":2,\"name\":\"Wenn die Solaranlage den Nachbarn blendet\"}]},{\"@type\":\"WebSite\",\"@id\":\"https:\\\/\\\/www.buhl.de\\\/vermieter-web\\\/#website\",\"url\":\"https:\\\/\\\/www.buhl.de\\\/vermieter-web\\\/\",\"name\":\"Online-Nebenkostenabrechnung mit WISO Vermieter-Web\",\"description\":\"\",\"potentialAction\":[{\"@type\":\"SearchAction\",\"target\":{\"@type\":\"EntryPoint\",\"urlTemplate\":\"https:\\\/\\\/www.buhl.de\\\/vermieter-web\\\/?s={search_term_string}\"},\"query-input\":{\"@type\":\"PropertyValueSpecification\",\"valueRequired\":true,\"valueName\":\"search_term_string\"}}],\"inLanguage\":\"de\"},{\"@type\":\"Person\",\"@id\":\"https:\\\/\\\/www.buhl.de\\\/vermieter-web\\\/#\\\/schema\\\/person\\\/82903e1cb04eb553382702d503991b4f\",\"name\":\"Hartmut Fischer\"}]}<\/script>\n<!-- \/ Yoast SEO Premium plugin. -->","yoast_head_json":{"title":"Solapaneele d\u00fcrfen Nachbarn nicht blenden","description":"Die Module einer Photovoltaikanlage m\u00fcssen so ausgerichtet werden, dass der Nachbar dadurch nicht unzumutbar geblendet werden.","robots":{"index":"noindex","follow":"nofollow"},"og_locale":"de_DE","og_type":"article","og_title":"Wenn die Solaranlage den Nachbarn blendet","og_description":"Die Module einer Photovoltaikanlage m\u00fcssen so ausgerichtet werden, dass der Nachbar dadurch nicht unzumutbar geblendet werden.","og_url":"https:\/\/www.buhl.de\/vermieter-web\/wenn-die-solaranlage-den-nachbarn-blendet\/","og_site_name":"Online-Nebenkostenabrechnung mit WISO Vermieter-Web","article_published_time":"2022-10-03T14:33:02+00:00","article_modified_time":"2022-10-03T15:07:02+00:00","og_image":[{"width":840,"height":420,"url":"https:\/\/www.buhl.de\/vermieter-web\/wp-content\/uploads\/sites\/33\/2021\/05\/shutterstock_1368232784.jpg","type":"image\/jpeg"}],"author":"Hartmut Fischer","twitter_card":"summary_large_image","twitter_misc":{"Verfasst von":"Hartmut Fischer","Gesch\u00e4tzte Lesezeit":"2\u00a0Minuten"},"schema":{"@context":"https:\/\/schema.org","@graph":[{"@type":"Article","@id":"https:\/\/www.buhl.de\/vermieter-web\/wenn-die-solaranlage-den-nachbarn-blendet\/#article","isPartOf":{"@id":"https:\/\/www.buhl.de\/vermieter-web\/wenn-die-solaranlage-den-nachbarn-blendet\/"},"author":{"name":"Hartmut Fischer","@id":"https:\/\/www.buhl.de\/vermieter-web\/#\/schema\/person\/82903e1cb04eb553382702d503991b4f"},"headline":"Wenn die Solaranlage den Nachbarn blendet","datePublished":"2022-10-03T14:33:02+00:00","dateModified":"2022-10-03T15:07:02+00:00","mainEntityOfPage":{"@id":"https:\/\/www.buhl.de\/vermieter-web\/wenn-die-solaranlage-den-nachbarn-blendet\/"},"wordCount":319,"image":{"@id":"https:\/\/www.buhl.de\/vermieter-web\/wenn-die-solaranlage-den-nachbarn-blendet\/#primaryimage"},"thumbnailUrl":"https:\/\/www.buhl.de\/vermieter-web\/wp-content\/uploads\/sites\/33\/2021\/05\/shutterstock_1368232784.jpg","keywords":["blendet","Nachbar","Photovoltaik","solar"],"inLanguage":"de"},{"@type":"WebPage","@id":"https:\/\/www.buhl.de\/vermieter-web\/wenn-die-solaranlage-den-nachbarn-blendet\/","url":"https:\/\/www.buhl.de\/vermieter-web\/wenn-die-solaranlage-den-nachbarn-blendet\/","name":"Solapaneele d\u00fcrfen Nachbarn nicht blenden","isPartOf":{"@id":"https:\/\/www.buhl.de\/vermieter-web\/#website"},"primaryImageOfPage":{"@id":"https:\/\/www.buhl.de\/vermieter-web\/wenn-die-solaranlage-den-nachbarn-blendet\/#primaryimage"},"image":{"@id":"https:\/\/www.buhl.de\/vermieter-web\/wenn-die-solaranlage-den-nachbarn-blendet\/#primaryimage"},"thumbnailUrl":"https:\/\/www.buhl.de\/vermieter-web\/wp-content\/uploads\/sites\/33\/2021\/05\/shutterstock_1368232784.jpg","datePublished":"2022-10-03T14:33:02+00:00","dateModified":"2022-10-03T15:07:02+00:00","author":{"@id":"https:\/\/www.buhl.de\/vermieter-web\/#\/schema\/person\/82903e1cb04eb553382702d503991b4f"},"description":"Die Module einer Photovoltaikanlage m\u00fcssen so ausgerichtet werden, dass der Nachbar dadurch nicht unzumutbar geblendet werden.","breadcrumb":{"@id":"https:\/\/www.buhl.de\/vermieter-web\/wenn-die-solaranlage-den-nachbarn-blendet\/#breadcrumb"},"inLanguage":"de","potentialAction":[{"@type":"ReadAction","target":["https:\/\/www.buhl.de\/vermieter-web\/wenn-die-solaranlage-den-nachbarn-blendet\/"]}]},{"@type":"ImageObject","inLanguage":"de","@id":"https:\/\/www.buhl.de\/vermieter-web\/wenn-die-solaranlage-den-nachbarn-blendet\/#primaryimage","url":"https:\/\/www.buhl.de\/vermieter-web\/wp-content\/uploads\/sites\/33\/2021\/05\/shutterstock_1368232784.jpg","contentUrl":"https:\/\/www.buhl.de\/vermieter-web\/wp-content\/uploads\/sites\/33\/2021\/05\/shutterstock_1368232784.jpg","width":840,"height":420,"caption":"Solar panels on the roof of the modern house. 3D rendering"},{"@type":"BreadcrumbList","@id":"https:\/\/www.buhl.de\/vermieter-web\/wenn-die-solaranlage-den-nachbarn-blendet\/#breadcrumb","itemListElement":[{"@type":"ListItem","position":1,"name":"Startseite","item":"https:\/\/www.buhl.de\/vermieter-web\/"},{"@type":"ListItem","position":2,"name":"Wenn die Solaranlage den Nachbarn blendet"}]},{"@type":"WebSite","@id":"https:\/\/www.buhl.de\/vermieter-web\/#website","url":"https:\/\/www.buhl.de\/vermieter-web\/","name":"Online-Nebenkostenabrechnung mit WISO Vermieter-Web","description":"","potentialAction":[{"@type":"SearchAction","target":{"@type":"EntryPoint","urlTemplate":"https:\/\/www.buhl.de\/vermieter-web\/?s={search_term_string}"},"query-input":{"@type":"PropertyValueSpecification","valueRequired":true,"valueName":"search_term_string"}}],"inLanguage":"de"},{"@type":"Person","@id":"https:\/\/www.buhl.de\/vermieter-web\/#\/schema\/person\/82903e1cb04eb553382702d503991b4f","name":"Hartmut Fischer"}]}},"_links":{"self":[{"href":"https:\/\/www.buhl.de\/vermieter-web\/wp-json\/wp\/v2\/posts\/14923","targetHints":{"allow":["GET"]}}],"collection":[{"href":"https:\/\/www.buhl.de\/vermieter-web\/wp-json\/wp\/v2\/posts"}],"about":[{"href":"https:\/\/www.buhl.de\/vermieter-web\/wp-json\/wp\/v2\/types\/post"}],"author":[{"embeddable":true,"href":"https:\/\/www.buhl.de\/vermieter-web\/wp-json\/wp\/v2\/users\/15"}],"replies":[{"embeddable":true,"href":"https:\/\/www.buhl.de\/vermieter-web\/wp-json\/wp\/v2\/comments?post=14923"}],"version-history":[{"count":1,"href":"https:\/\/www.buhl.de\/vermieter-web\/wp-json\/wp\/v2\/posts\/14923\/revisions"}],"predecessor-version":[{"id":14925,"href":"https:\/\/www.buhl.de\/vermieter-web\/wp-json\/wp\/v2\/posts\/14923\/revisions\/14925"}],"wp:featuredmedia":[{"embeddable":true,"href":"https:\/\/www.buhl.de\/vermieter-web\/wp-json\/wp\/v2\/media\/13552"}],"wp:attachment":[{"href":"https:\/\/www.buhl.de\/vermieter-web\/wp-json\/wp\/v2\/media?parent=14923"}],"wp:term":[{"taxonomy":"category","embeddable":true,"href":"https:\/\/www.buhl.de\/vermieter-web\/wp-json\/wp\/v2\/categories?post=14923"},{"taxonomy":"post_tag","embeddable":true,"href":"https:\/\/www.buhl.de\/vermieter-web\/wp-json\/wp\/v2\/tags?post=14923"}],"curies":[{"name":"wp","href":"https:\/\/api.w.org\/{rel}","templated":true}]}}