{"id":14943,"date":"2022-10-12T16:32:04","date_gmt":"2022-10-12T14:32:04","guid":{"rendered":"https:\/\/www.buhl.de\/vermieter-web\/?p=14943"},"modified":"2022-10-12T16:32:04","modified_gmt":"2022-10-12T14:32:04","slug":"wie-lange-haftet-der-mieter-bei-unsachgemaess-ausgefuehrten-arbeiten","status":"publish","type":"post","link":"https:\/\/www.buhl.de\/vermieter-web\/wie-lange-haftet-der-mieter-bei-unsachgemaess-ausgefuehrten-arbeiten\/","title":{"rendered":"Wie lange haftet der Mieter bei unsachgem\u00e4\u00df ausgef\u00fchrten Arbeiten?"},"content":{"rendered":"<p><strong>Nimmt ein Mieter grunds\u00e4tzliche Ver\u00e4nderungen an der Wohnung vor (hier ein gefliester Boden in einem Badezimmer) haftet er f\u00fcr die fachkundige Ausf\u00fchrung der Arbeiten. Kommt es zu Sch\u00e4den, weil die Arbeiten nicht fachgem\u00e4\u00df ausgef\u00fchrt wurden, hat der Vermieter Anspruch auf Schadenersatz. Zu diesem Ergebnis kommt der Bundesgerichtshof in einem Urteil vom 31.08.2022 (Aktenzeichen VIII ZR 132\/20).<\/strong><\/p>\n<h5>mieter fliest ein badezimmer<\/h5>\n<p>In dem Verfahren ging es um ein Badezimmer, das urspr\u00fcnglich mit Holzdielen ohne Fu\u00dfbodenentw\u00e4sserung ausgestattet war. Die Mieter ersetzten diese durch einen Fliesenboden, in den auch ein Abfluss eingelassen wurde. Die Fliesen wurden jedoch nicht fachgerecht verlegt. Es wurde vers\u00e4umt, eine Dichtung unter den Fliesen einzubauen. Die Arbeiten wurden vor 1984 durchgef\u00fchrt.<\/p>\n<h5>sch\u00e4digung nach \u00fcber 30 Jahren festgestellt<\/h5>\n<p>Am 8. Juli 2016 drang in dem unmittelbar darunter gelegenen Badezimmer der Wohnung im dritten Obergeschoss pl\u00f6tzlich sehr viel Wasser durch die Decke. Bei der Schadensaufnahme stellten Fachleute fest, dass mehrere Deckenbalken durch \u00fcber Jahre eingedrungene Feuchtigkeit besch\u00e4digt waren. Die Decke war deshalb einsturzgef\u00e4hrdet.<\/p>\n<h5>vermieter klagt auf schadenersatz<\/h5>\n<p>Der Vermieter verlangte nun Schadensersatz und\u00a0 dass die Mieter au\u00dferdem alle weiteren Kosten der Schadensbeseitigung tragen m\u00fcssten. Die Mieter stellten sich jedoch auf den Standpunkt, dass der Vermieter keine Anspr\u00fcche mehr geltend machen k\u00f6nne, da diese verj\u00e4hrt w\u00e4ren. Hiermit konnten sich die Mieter auch in den Vorinstanzen durchsetzen.<\/p>\n<h5>bundesgeric htshof gibt vermieteer recht<\/h5>\n<p>Der Bundesgerichtshof (BGH) entschied jedoch letztinstanzlich f\u00fcr den Vermieter. Da er die Fliesen-Verlegung nicht abgenommen hatte und auch nicht als Eigentum akzeptierte, beginne die Verj\u00e4hrungsfrist erst mit der R\u00fcckgabe der Mietsache. Da die Mieter bei Einsturz der Decke die Wohnung noch bewohnten, m\u00fcssen sie f\u00fcr den Schaden geradestehen.<\/p>\n<hr \/>\n<p style=\"text-align: center\"><a href=\"http:\/\/juris.bundesgerichtshof.de\/cgi-bin\/rechtsprechung\/document.py?Gericht=bgh&amp;Art=en&amp;az=VIII%20ZR%20132\/20&amp;nr=131330\">Hier k\u00f6nnen Sie das Originalurteil einsehen\u00a0<\/a><\/p>\n<hr \/>\n<h5>das k\u00f6nnte sie auch interessieren:<\/h5>\n<p><a href=\"https:\/\/www.buhl.de\/vermieter-web\/schadenersatz-bei-wohnungsrueckgabe\/\">Schadenersatz bei Wohnungsr\u00fcckgabe<\/a><br \/>\n<a href=\"https:\/\/www.buhl.de\/vermieter-web\/weg-unzulaessige-treppe-beseitigen\/\">WEG: Unzul\u00e4ssige Treppe beseitigen<\/a><br \/>\n<a href=\"https:\/\/www.buhl.de\/vermieter-web\/nachbarschaftshilfe-gefaelligkeit-und-haftung\/\">Nachbarschaftshilfe: Gef\u00e4lligkeit und Haftung<\/a><\/p>\n<hr \/>\n<p>&nbsp;<\/p>\n<p>&nbsp;<\/p>\n<p style=\"text-align: center\">\n","protected":false},"excerpt":{"rendered":"<p>Nimmt ein Mieter grunds\u00e4tzliche Ver\u00e4nderungen an der Wohnung vor (hier ein gefliester Boden in einem Badezimmer) haftet er f\u00fcr die fachkundige Ausf\u00fchrung der Arbeiten. Kommt es zu Sch\u00e4den, weil die Arbeiten nicht fachgem\u00e4\u00df ausgef\u00fchrt wurden, hat der Vermieter Anspruch auf Schadenersatz. Zu diesem Ergebnis kommt der Bundesgerichtshof in einem Urteil vom 31.08.2022 (Aktenzeichen VIII ZR &hellip; <\/p>\n<p class=\"link-more\"><a href=\"https:\/\/www.buhl.de\/vermieter-web\/wie-lange-haftet-der-mieter-bei-unsachgemaess-ausgefuehrten-arbeiten\/\" class=\"more-link\"><span class=\"screen-reader-text\">\u201eWie lange haftet der Mieter bei unsachgem\u00e4\u00df ausgef\u00fchrten Arbeiten?\u201c<\/span> weiterlesen<\/a><\/p>\n","protected":false},"author":15,"featured_media":13451,"comment_status":"closed","ping_status":"open","sticky":false,"template":"","format":"standard","meta":{"footnotes":""},"categories":[1],"tags":[465,420,5941],"class_list":["post-14943","post","type-post","status-publish","format-standard","has-post-thumbnail","hentry","category-allgemein","tag-haftung","tag-schadenersatz","tag-umbauten"],"yoast_head":"<!-- This site is optimized with the Yoast SEO Premium plugin v27.4 (Yoast SEO v27.5) - https:\/\/yoast.com\/product\/yoast-seo-premium-wordpress\/ -->\n<title>Haftung des Metiers bei Umbauten<\/title>\n<meta name=\"description\" content=\"Fliest der Mieter in der Mietwohnung einen Boden, beginnt die Verj\u00e4hrung der Haftung erst mit dem Auszug aus der Wohnung.\" \/>\n<meta name=\"robots\" content=\"noindex, nofollow\" \/>\n<meta property=\"og:locale\" content=\"de_DE\" \/>\n<meta property=\"og:type\" content=\"article\" \/>\n<meta property=\"og:title\" content=\"Wie lange haftet der Mieter bei unsachgem\u00e4\u00df ausgef\u00fchrten Arbeiten?\" \/>\n<meta property=\"og:description\" content=\"Fliest der Mieter in der Mietwohnung einen Boden, beginnt die Verj\u00e4hrung der Haftung erst mit dem Auszug aus der Wohnung.\" \/>\n<meta property=\"og:url\" content=\"https:\/\/www.buhl.de\/vermieter-web\/wie-lange-haftet-der-mieter-bei-unsachgemaess-ausgefuehrten-arbeiten\/\" \/>\n<meta property=\"og:site_name\" content=\"Online-Nebenkostenabrechnung mit WISO Vermieter-Web\" \/>\n<meta property=\"article:published_time\" content=\"2022-10-12T14:32:04+00:00\" \/>\n<meta property=\"og:image\" content=\"https:\/\/www.buhl.de\/vermieter-web\/wp-content\/uploads\/sites\/33\/2021\/03\/BGH.jpg\" \/>\n\t<meta property=\"og:image:width\" content=\"840\" \/>\n\t<meta property=\"og:image:height\" content=\"420\" \/>\n\t<meta property=\"og:image:type\" content=\"image\/jpeg\" \/>\n<meta name=\"author\" content=\"Hartmut Fischer\" \/>\n<meta name=\"twitter:card\" content=\"summary_large_image\" \/>\n<meta name=\"twitter:label1\" content=\"Verfasst von\" \/>\n\t<meta name=\"twitter:data1\" content=\"Hartmut Fischer\" \/>\n\t<meta name=\"twitter:label2\" content=\"Gesch\u00e4tzte Lesezeit\" \/>\n\t<meta name=\"twitter:data2\" content=\"2\u00a0Minuten\" \/>\n<script type=\"application\/ld+json\" class=\"yoast-schema-graph\">{\"@context\":\"https:\\\/\\\/schema.org\",\"@graph\":[{\"@type\":\"Article\",\"@id\":\"https:\\\/\\\/www.buhl.de\\\/vermieter-web\\\/wie-lange-haftet-der-mieter-bei-unsachgemaess-ausgefuehrten-arbeiten\\\/#article\",\"isPartOf\":{\"@id\":\"https:\\\/\\\/www.buhl.de\\\/vermieter-web\\\/wie-lange-haftet-der-mieter-bei-unsachgemaess-ausgefuehrten-arbeiten\\\/\"},\"author\":{\"name\":\"Hartmut Fischer\",\"@id\":\"https:\\\/\\\/www.buhl.de\\\/vermieter-web\\\/#\\\/schema\\\/person\\\/82903e1cb04eb553382702d503991b4f\"},\"headline\":\"Wie lange haftet der Mieter bei unsachgem\u00e4\u00df ausgef\u00fchrten Arbeiten?\",\"datePublished\":\"2022-10-12T14:32:04+00:00\",\"mainEntityOfPage\":{\"@id\":\"https:\\\/\\\/www.buhl.de\\\/vermieter-web\\\/wie-lange-haftet-der-mieter-bei-unsachgemaess-ausgefuehrten-arbeiten\\\/\"},\"wordCount\":326,\"image\":{\"@id\":\"https:\\\/\\\/www.buhl.de\\\/vermieter-web\\\/wie-lange-haftet-der-mieter-bei-unsachgemaess-ausgefuehrten-arbeiten\\\/#primaryimage\"},\"thumbnailUrl\":\"https:\\\/\\\/www.buhl.de\\\/vermieter-web\\\/wp-content\\\/uploads\\\/sites\\\/33\\\/2021\\\/03\\\/BGH.jpg\",\"keywords\":[\"Haftung\",\"Schadenersatz\",\"Umbauten\"],\"inLanguage\":\"de\"},{\"@type\":\"WebPage\",\"@id\":\"https:\\\/\\\/www.buhl.de\\\/vermieter-web\\\/wie-lange-haftet-der-mieter-bei-unsachgemaess-ausgefuehrten-arbeiten\\\/\",\"url\":\"https:\\\/\\\/www.buhl.de\\\/vermieter-web\\\/wie-lange-haftet-der-mieter-bei-unsachgemaess-ausgefuehrten-arbeiten\\\/\",\"name\":\"Haftung des Metiers bei Umbauten\",\"isPartOf\":{\"@id\":\"https:\\\/\\\/www.buhl.de\\\/vermieter-web\\\/#website\"},\"primaryImageOfPage\":{\"@id\":\"https:\\\/\\\/www.buhl.de\\\/vermieter-web\\\/wie-lange-haftet-der-mieter-bei-unsachgemaess-ausgefuehrten-arbeiten\\\/#primaryimage\"},\"image\":{\"@id\":\"https:\\\/\\\/www.buhl.de\\\/vermieter-web\\\/wie-lange-haftet-der-mieter-bei-unsachgemaess-ausgefuehrten-arbeiten\\\/#primaryimage\"},\"thumbnailUrl\":\"https:\\\/\\\/www.buhl.de\\\/vermieter-web\\\/wp-content\\\/uploads\\\/sites\\\/33\\\/2021\\\/03\\\/BGH.jpg\",\"datePublished\":\"2022-10-12T14:32:04+00:00\",\"author\":{\"@id\":\"https:\\\/\\\/www.buhl.de\\\/vermieter-web\\\/#\\\/schema\\\/person\\\/82903e1cb04eb553382702d503991b4f\"},\"description\":\"Fliest der Mieter in der Mietwohnung einen Boden, beginnt die Verj\u00e4hrung der Haftung erst mit dem Auszug aus der Wohnung.\",\"breadcrumb\":{\"@id\":\"https:\\\/\\\/www.buhl.de\\\/vermieter-web\\\/wie-lange-haftet-der-mieter-bei-unsachgemaess-ausgefuehrten-arbeiten\\\/#breadcrumb\"},\"inLanguage\":\"de\",\"potentialAction\":[{\"@type\":\"ReadAction\",\"target\":[\"https:\\\/\\\/www.buhl.de\\\/vermieter-web\\\/wie-lange-haftet-der-mieter-bei-unsachgemaess-ausgefuehrten-arbeiten\\\/\"]}]},{\"@type\":\"ImageObject\",\"inLanguage\":\"de\",\"@id\":\"https:\\\/\\\/www.buhl.de\\\/vermieter-web\\\/wie-lange-haftet-der-mieter-bei-unsachgemaess-ausgefuehrten-arbeiten\\\/#primaryimage\",\"url\":\"https:\\\/\\\/www.buhl.de\\\/vermieter-web\\\/wp-content\\\/uploads\\\/sites\\\/33\\\/2021\\\/03\\\/BGH.jpg\",\"contentUrl\":\"https:\\\/\\\/www.buhl.de\\\/vermieter-web\\\/wp-content\\\/uploads\\\/sites\\\/33\\\/2021\\\/03\\\/BGH.jpg\",\"width\":840,\"height\":420},{\"@type\":\"BreadcrumbList\",\"@id\":\"https:\\\/\\\/www.buhl.de\\\/vermieter-web\\\/wie-lange-haftet-der-mieter-bei-unsachgemaess-ausgefuehrten-arbeiten\\\/#breadcrumb\",\"itemListElement\":[{\"@type\":\"ListItem\",\"position\":1,\"name\":\"Startseite\",\"item\":\"https:\\\/\\\/www.buhl.de\\\/vermieter-web\\\/\"},{\"@type\":\"ListItem\",\"position\":2,\"name\":\"Wie lange haftet der Mieter bei unsachgem\u00e4\u00df ausgef\u00fchrten Arbeiten?\"}]},{\"@type\":\"WebSite\",\"@id\":\"https:\\\/\\\/www.buhl.de\\\/vermieter-web\\\/#website\",\"url\":\"https:\\\/\\\/www.buhl.de\\\/vermieter-web\\\/\",\"name\":\"Online-Nebenkostenabrechnung mit WISO Vermieter-Web\",\"description\":\"\",\"potentialAction\":[{\"@type\":\"SearchAction\",\"target\":{\"@type\":\"EntryPoint\",\"urlTemplate\":\"https:\\\/\\\/www.buhl.de\\\/vermieter-web\\\/?s={search_term_string}\"},\"query-input\":{\"@type\":\"PropertyValueSpecification\",\"valueRequired\":true,\"valueName\":\"search_term_string\"}}],\"inLanguage\":\"de\"},{\"@type\":\"Person\",\"@id\":\"https:\\\/\\\/www.buhl.de\\\/vermieter-web\\\/#\\\/schema\\\/person\\\/82903e1cb04eb553382702d503991b4f\",\"name\":\"Hartmut Fischer\"}]}<\/script>\n<!-- \/ Yoast SEO Premium plugin. -->","yoast_head_json":{"title":"Haftung des Metiers bei Umbauten","description":"Fliest der Mieter in der Mietwohnung einen Boden, beginnt die Verj\u00e4hrung der Haftung erst mit dem Auszug aus der Wohnung.","robots":{"index":"noindex","follow":"nofollow"},"og_locale":"de_DE","og_type":"article","og_title":"Wie lange haftet der Mieter bei unsachgem\u00e4\u00df ausgef\u00fchrten Arbeiten?","og_description":"Fliest der Mieter in der Mietwohnung einen Boden, beginnt die Verj\u00e4hrung der Haftung erst mit dem Auszug aus der Wohnung.","og_url":"https:\/\/www.buhl.de\/vermieter-web\/wie-lange-haftet-der-mieter-bei-unsachgemaess-ausgefuehrten-arbeiten\/","og_site_name":"Online-Nebenkostenabrechnung mit WISO Vermieter-Web","article_published_time":"2022-10-12T14:32:04+00:00","og_image":[{"width":840,"height":420,"url":"https:\/\/www.buhl.de\/vermieter-web\/wp-content\/uploads\/sites\/33\/2021\/03\/BGH.jpg","type":"image\/jpeg"}],"author":"Hartmut Fischer","twitter_card":"summary_large_image","twitter_misc":{"Verfasst von":"Hartmut Fischer","Gesch\u00e4tzte Lesezeit":"2\u00a0Minuten"},"schema":{"@context":"https:\/\/schema.org","@graph":[{"@type":"Article","@id":"https:\/\/www.buhl.de\/vermieter-web\/wie-lange-haftet-der-mieter-bei-unsachgemaess-ausgefuehrten-arbeiten\/#article","isPartOf":{"@id":"https:\/\/www.buhl.de\/vermieter-web\/wie-lange-haftet-der-mieter-bei-unsachgemaess-ausgefuehrten-arbeiten\/"},"author":{"name":"Hartmut Fischer","@id":"https:\/\/www.buhl.de\/vermieter-web\/#\/schema\/person\/82903e1cb04eb553382702d503991b4f"},"headline":"Wie lange haftet der Mieter bei unsachgem\u00e4\u00df ausgef\u00fchrten Arbeiten?","datePublished":"2022-10-12T14:32:04+00:00","mainEntityOfPage":{"@id":"https:\/\/www.buhl.de\/vermieter-web\/wie-lange-haftet-der-mieter-bei-unsachgemaess-ausgefuehrten-arbeiten\/"},"wordCount":326,"image":{"@id":"https:\/\/www.buhl.de\/vermieter-web\/wie-lange-haftet-der-mieter-bei-unsachgemaess-ausgefuehrten-arbeiten\/#primaryimage"},"thumbnailUrl":"https:\/\/www.buhl.de\/vermieter-web\/wp-content\/uploads\/sites\/33\/2021\/03\/BGH.jpg","keywords":["Haftung","Schadenersatz","Umbauten"],"inLanguage":"de"},{"@type":"WebPage","@id":"https:\/\/www.buhl.de\/vermieter-web\/wie-lange-haftet-der-mieter-bei-unsachgemaess-ausgefuehrten-arbeiten\/","url":"https:\/\/www.buhl.de\/vermieter-web\/wie-lange-haftet-der-mieter-bei-unsachgemaess-ausgefuehrten-arbeiten\/","name":"Haftung des Metiers bei Umbauten","isPartOf":{"@id":"https:\/\/www.buhl.de\/vermieter-web\/#website"},"primaryImageOfPage":{"@id":"https:\/\/www.buhl.de\/vermieter-web\/wie-lange-haftet-der-mieter-bei-unsachgemaess-ausgefuehrten-arbeiten\/#primaryimage"},"image":{"@id":"https:\/\/www.buhl.de\/vermieter-web\/wie-lange-haftet-der-mieter-bei-unsachgemaess-ausgefuehrten-arbeiten\/#primaryimage"},"thumbnailUrl":"https:\/\/www.buhl.de\/vermieter-web\/wp-content\/uploads\/sites\/33\/2021\/03\/BGH.jpg","datePublished":"2022-10-12T14:32:04+00:00","author":{"@id":"https:\/\/www.buhl.de\/vermieter-web\/#\/schema\/person\/82903e1cb04eb553382702d503991b4f"},"description":"Fliest der Mieter in der Mietwohnung einen Boden, beginnt die Verj\u00e4hrung der Haftung erst mit dem Auszug aus der Wohnung.","breadcrumb":{"@id":"https:\/\/www.buhl.de\/vermieter-web\/wie-lange-haftet-der-mieter-bei-unsachgemaess-ausgefuehrten-arbeiten\/#breadcrumb"},"inLanguage":"de","potentialAction":[{"@type":"ReadAction","target":["https:\/\/www.buhl.de\/vermieter-web\/wie-lange-haftet-der-mieter-bei-unsachgemaess-ausgefuehrten-arbeiten\/"]}]},{"@type":"ImageObject","inLanguage":"de","@id":"https:\/\/www.buhl.de\/vermieter-web\/wie-lange-haftet-der-mieter-bei-unsachgemaess-ausgefuehrten-arbeiten\/#primaryimage","url":"https:\/\/www.buhl.de\/vermieter-web\/wp-content\/uploads\/sites\/33\/2021\/03\/BGH.jpg","contentUrl":"https:\/\/www.buhl.de\/vermieter-web\/wp-content\/uploads\/sites\/33\/2021\/03\/BGH.jpg","width":840,"height":420},{"@type":"BreadcrumbList","@id":"https:\/\/www.buhl.de\/vermieter-web\/wie-lange-haftet-der-mieter-bei-unsachgemaess-ausgefuehrten-arbeiten\/#breadcrumb","itemListElement":[{"@type":"ListItem","position":1,"name":"Startseite","item":"https:\/\/www.buhl.de\/vermieter-web\/"},{"@type":"ListItem","position":2,"name":"Wie lange haftet der Mieter bei unsachgem\u00e4\u00df ausgef\u00fchrten Arbeiten?"}]},{"@type":"WebSite","@id":"https:\/\/www.buhl.de\/vermieter-web\/#website","url":"https:\/\/www.buhl.de\/vermieter-web\/","name":"Online-Nebenkostenabrechnung mit WISO Vermieter-Web","description":"","potentialAction":[{"@type":"SearchAction","target":{"@type":"EntryPoint","urlTemplate":"https:\/\/www.buhl.de\/vermieter-web\/?s={search_term_string}"},"query-input":{"@type":"PropertyValueSpecification","valueRequired":true,"valueName":"search_term_string"}}],"inLanguage":"de"},{"@type":"Person","@id":"https:\/\/www.buhl.de\/vermieter-web\/#\/schema\/person\/82903e1cb04eb553382702d503991b4f","name":"Hartmut Fischer"}]}},"_links":{"self":[{"href":"https:\/\/www.buhl.de\/vermieter-web\/wp-json\/wp\/v2\/posts\/14943","targetHints":{"allow":["GET"]}}],"collection":[{"href":"https:\/\/www.buhl.de\/vermieter-web\/wp-json\/wp\/v2\/posts"}],"about":[{"href":"https:\/\/www.buhl.de\/vermieter-web\/wp-json\/wp\/v2\/types\/post"}],"author":[{"embeddable":true,"href":"https:\/\/www.buhl.de\/vermieter-web\/wp-json\/wp\/v2\/users\/15"}],"replies":[{"embeddable":true,"href":"https:\/\/www.buhl.de\/vermieter-web\/wp-json\/wp\/v2\/comments?post=14943"}],"version-history":[{"count":1,"href":"https:\/\/www.buhl.de\/vermieter-web\/wp-json\/wp\/v2\/posts\/14943\/revisions"}],"predecessor-version":[{"id":14945,"href":"https:\/\/www.buhl.de\/vermieter-web\/wp-json\/wp\/v2\/posts\/14943\/revisions\/14945"}],"wp:featuredmedia":[{"embeddable":true,"href":"https:\/\/www.buhl.de\/vermieter-web\/wp-json\/wp\/v2\/media\/13451"}],"wp:attachment":[{"href":"https:\/\/www.buhl.de\/vermieter-web\/wp-json\/wp\/v2\/media?parent=14943"}],"wp:term":[{"taxonomy":"category","embeddable":true,"href":"https:\/\/www.buhl.de\/vermieter-web\/wp-json\/wp\/v2\/categories?post=14943"},{"taxonomy":"post_tag","embeddable":true,"href":"https:\/\/www.buhl.de\/vermieter-web\/wp-json\/wp\/v2\/tags?post=14943"}],"curies":[{"name":"wp","href":"https:\/\/api.w.org\/{rel}","templated":true}]}}