{"id":14985,"date":"2022-11-02T11:53:40","date_gmt":"2022-11-02T10:53:40","guid":{"rendered":"https:\/\/www.buhl.de\/vermieter-web\/?p=14985"},"modified":"2022-11-02T11:53:40","modified_gmt":"2022-11-02T10:53:40","slug":"eigentuemer-muss-ratten-auf-grundstueck-bekaempfen","status":"publish","type":"post","link":"https:\/\/www.buhl.de\/vermieter-web\/eigentuemer-muss-ratten-auf-grundstueck-bekaempfen\/","title":{"rendered":"Eigent\u00fcmer muss Ratten auf Grundst\u00fcck bek\u00e4mpfen"},"content":{"rendered":"<h5>Pflicht zur Bek\u00e4mpfung von Ratten setzt kein Verschulden voraus<\/h5>\n<p><strong>Ratten auf dem Grundst\u00fcck sind immer eine unangenehme Angelegenheit. F\u00fcr die Beseitigung der Tiere ist der Vermieter verantwortlich. Die Sch\u00e4dlinge muss er fachgerecht entsorgen lassen. Dies entschied das Verwaltungsgericht Berlin in einem Beschluss vom 11.10.2022 (Aktenzeichen VG 145 L 1235\/22).<\/strong><\/p>\n<h5>Verf\u00fcgunbg des gesundheitsamts<\/h5>\n<p>In dem Verfahren ging es um eine Verpflichtung des Gesundheitsamts. Zuvor hatten Anlieger dem Bezirksamt gemeldet, dass sich auf dem Grundst\u00fcck Ratten bef\u00e4nden. Diese w\u00fcrden auch gef\u00fcttert und mit Wasser versorgt. Wer die Nager versorgte, war jedoch nicht bekannt. Das Amt besichtigte daraufhin das Grundst\u00fcck und best\u00e4tigte die Vorw\u00fcrfe aus der Nachbarschaft. Es veranlasste daraufhin das zust\u00e4ndige Gesundheitsamt, dem Eigent\u00fcmer aufzuerlegen, innerhalb einer Woche die Rattenplage durch einen Experten beseitigen zu lassen. Die Durchf\u00fchrung der Ma\u00dfnahme sollte er gegen\u00fcber dem Gesundheitsamt schriftlich melden. W\u00fcrde die Auflage nicht erf\u00fcllt, w\u00fcrde das Gesundheitsamt die Beseitigung auf Kosten des Grundst\u00fcckseigent\u00fcmers veranlassen.<\/p>\n<h5>vermieter wehrt sich gegen Verrf\u00fcgung<\/h5>\n<p>Hiergegen wehrte sich der Grundst\u00fcckseigent\u00fcmer mit einem Eilantrag. Er argumentierte, dass er auf dem Grundst\u00fcck keine Ratten gesichtet habe. Diesen Einwand lie\u00df das Gericht aber nicht gelten. Es sei allgemein bekannt, dass die Tiere eher im Verborgenen ihr Unwesen trieben. Gegen die Einlassung des Grundst\u00fcckseigent\u00fcmers spreche aber, dass mehrere Anlieger den Rattenbefall des Grundst\u00fccks unabh\u00e4ngig voneinander gemeldet hatten. Auch die Leiterin einer Kindertagesst\u00e4tte habe sich hier\u00fcber beim Gesundheitsamt beschwert.<\/p>\n<h5>verwaltungsgericht: Verf\u00fcgung ist rechtens<\/h5>\n<p>Bei der Ortsbesichtigung hatten die Vertreter des Gesundheitsamts au\u00dferdem Rattenl\u00f6cher entdeckt, die erkennbar noch von den Tieren genutzt wurden. Deshalb sei der Eigent\u00fcmer aufgrund der Verordnung \u00fcber die Bek\u00e4mpfung von Gesundheitssch\u00e4dlingen verpflichtet, f\u00fcr die Bek\u00e4mpfung der Tiere zu sorgen. Hierzu sei er in jedem Fall verpflichtet, auch wenn ihr kein Verschulden f\u00fcr den Rattenbefall treffe und er hierf\u00fcr nicht verantwortlich sei.<\/p>\n<hr \/>\n<p><a href=\"https:\/\/www.buhl.de\/vermieter-web\/boellerjagd-auf-ratten-fristlose-kuendigung\/\">B\u00f6llerjagd auf Ratten: Fristlose K\u00fcndigung<\/a><br \/>\n<a href=\"https:\/\/www.buhl.de\/vermieter-web\/ratten-schraenken-gebrauchstauglichkeit-erheblich-ein\/\">Ratten schr\u00e4nken Gebrauchstauglichkeit erheblich ein<\/a><br \/>\n<a href=\"https:\/\/www.buhl.de\/vermieter-web\/13421-2\/\">Lagerung von Ger\u00fcmpel kein Grund zur fristlosen K\u00fcndigung<\/a><\/p>\n<hr \/>\n<p>&nbsp;<\/p>\n","protected":false},"excerpt":{"rendered":"<p>Pflicht zur Bek\u00e4mpfung von Ratten setzt kein Verschulden voraus Ratten auf dem Grundst\u00fcck sind immer eine unangenehme Angelegenheit. F\u00fcr die Beseitigung der Tiere ist der Vermieter verantwortlich. Die Sch\u00e4dlinge muss er fachgerecht entsorgen lassen. Dies entschied das Verwaltungsgericht Berlin in einem Beschluss vom 11.10.2022 (Aktenzeichen VG 145 L 1235\/22). Verf\u00fcgunbg des gesundheitsamts In dem Verfahren &hellip; <\/p>\n<p class=\"link-more\"><a href=\"https:\/\/www.buhl.de\/vermieter-web\/eigentuemer-muss-ratten-auf-grundstueck-bekaempfen\/\" class=\"more-link\"><span class=\"screen-reader-text\">\u201eEigent\u00fcmer muss Ratten auf Grundst\u00fcck bek\u00e4mpfen\u201c<\/span> weiterlesen<\/a><\/p>\n","protected":false},"author":15,"featured_media":14991,"comment_status":"closed","ping_status":"open","sticky":false,"template":"","format":"standard","meta":{"footnotes":""},"categories":[1],"tags":[5954,5952,5084,5233,5953],"class_list":["post-14985","post","type-post","status-publish","format-standard","has-post-thumbnail","hentry","category-allgemein","tag-gesundheitsamt","tag-plage","tag-ratten","tag-ungeziefer","tag-verfuegung"],"yoast_head":"<!-- This site is optimized with the Yoast SEO Premium plugin v27.4 (Yoast SEO v27.5) - https:\/\/yoast.com\/product\/yoast-seo-premium-wordpress\/ -->\n<title>Eigent\u00fcmer muss Rattenplage beseitigen<\/title>\n<meta name=\"description\" content=\"Der Grundst\u00fcckseigent\u00fcmer muss, eine Rattenplage fachm\u00e4nnisch bek\u00e4mpfen lassen. Auch, wenn ihn kein Verschulden am Rattenbefall trifft.\" \/>\n<meta name=\"robots\" content=\"noindex, nofollow\" \/>\n<meta property=\"og:locale\" content=\"de_DE\" \/>\n<meta property=\"og:type\" content=\"article\" \/>\n<meta property=\"og:title\" content=\"Eigent\u00fcmer muss Ratten auf Grundst\u00fcck bek\u00e4mpfen\" \/>\n<meta property=\"og:description\" content=\"Der Grundst\u00fcckseigent\u00fcmer muss, eine Rattenplage fachm\u00e4nnisch bek\u00e4mpfen lassen. Auch, wenn ihn kein Verschulden am Rattenbefall trifft.\" \/>\n<meta property=\"og:url\" content=\"https:\/\/www.buhl.de\/vermieter-web\/eigentuemer-muss-ratten-auf-grundstueck-bekaempfen\/\" \/>\n<meta property=\"og:site_name\" content=\"Online-Nebenkostenabrechnung mit WISO Vermieter-Web\" \/>\n<meta property=\"article:published_time\" content=\"2022-11-02T10:53:40+00:00\" \/>\n<meta property=\"og:image\" content=\"https:\/\/www.buhl.de\/vermieter-web\/wp-content\/uploads\/sites\/33\/2022\/11\/shutterstock_2046359282.jpg\" \/>\n\t<meta property=\"og:image:width\" content=\"840\" \/>\n\t<meta property=\"og:image:height\" content=\"420\" \/>\n\t<meta property=\"og:image:type\" content=\"image\/jpeg\" \/>\n<meta name=\"author\" content=\"Hartmut Fischer\" \/>\n<meta name=\"twitter:card\" content=\"summary_large_image\" \/>\n<meta name=\"twitter:label1\" content=\"Verfasst von\" \/>\n\t<meta name=\"twitter:data1\" content=\"Hartmut Fischer\" \/>\n\t<meta name=\"twitter:label2\" content=\"Gesch\u00e4tzte Lesezeit\" \/>\n\t<meta name=\"twitter:data2\" content=\"2\u00a0Minuten\" \/>\n<script type=\"application\/ld+json\" class=\"yoast-schema-graph\">{\"@context\":\"https:\\\/\\\/schema.org\",\"@graph\":[{\"@type\":\"Article\",\"@id\":\"https:\\\/\\\/www.buhl.de\\\/vermieter-web\\\/eigentuemer-muss-ratten-auf-grundstueck-bekaempfen\\\/#article\",\"isPartOf\":{\"@id\":\"https:\\\/\\\/www.buhl.de\\\/vermieter-web\\\/eigentuemer-muss-ratten-auf-grundstueck-bekaempfen\\\/\"},\"author\":{\"name\":\"Hartmut Fischer\",\"@id\":\"https:\\\/\\\/www.buhl.de\\\/vermieter-web\\\/#\\\/schema\\\/person\\\/82903e1cb04eb553382702d503991b4f\"},\"headline\":\"Eigent\u00fcmer muss Ratten auf Grundst\u00fcck bek\u00e4mpfen\",\"datePublished\":\"2022-11-02T10:53:40+00:00\",\"mainEntityOfPage\":{\"@id\":\"https:\\\/\\\/www.buhl.de\\\/vermieter-web\\\/eigentuemer-muss-ratten-auf-grundstueck-bekaempfen\\\/\"},\"wordCount\":361,\"image\":{\"@id\":\"https:\\\/\\\/www.buhl.de\\\/vermieter-web\\\/eigentuemer-muss-ratten-auf-grundstueck-bekaempfen\\\/#primaryimage\"},\"thumbnailUrl\":\"https:\\\/\\\/www.buhl.de\\\/vermieter-web\\\/wp-content\\\/uploads\\\/sites\\\/33\\\/2022\\\/11\\\/shutterstock_2046359282.jpg\",\"keywords\":[\"Gesundheitsamt\",\"Plage\",\"Ratten\",\"Ungeziefer\",\"Verf\u00fcgung\"],\"inLanguage\":\"de\"},{\"@type\":\"WebPage\",\"@id\":\"https:\\\/\\\/www.buhl.de\\\/vermieter-web\\\/eigentuemer-muss-ratten-auf-grundstueck-bekaempfen\\\/\",\"url\":\"https:\\\/\\\/www.buhl.de\\\/vermieter-web\\\/eigentuemer-muss-ratten-auf-grundstueck-bekaempfen\\\/\",\"name\":\"Eigent\u00fcmer muss Rattenplage beseitigen\",\"isPartOf\":{\"@id\":\"https:\\\/\\\/www.buhl.de\\\/vermieter-web\\\/#website\"},\"primaryImageOfPage\":{\"@id\":\"https:\\\/\\\/www.buhl.de\\\/vermieter-web\\\/eigentuemer-muss-ratten-auf-grundstueck-bekaempfen\\\/#primaryimage\"},\"image\":{\"@id\":\"https:\\\/\\\/www.buhl.de\\\/vermieter-web\\\/eigentuemer-muss-ratten-auf-grundstueck-bekaempfen\\\/#primaryimage\"},\"thumbnailUrl\":\"https:\\\/\\\/www.buhl.de\\\/vermieter-web\\\/wp-content\\\/uploads\\\/sites\\\/33\\\/2022\\\/11\\\/shutterstock_2046359282.jpg\",\"datePublished\":\"2022-11-02T10:53:40+00:00\",\"author\":{\"@id\":\"https:\\\/\\\/www.buhl.de\\\/vermieter-web\\\/#\\\/schema\\\/person\\\/82903e1cb04eb553382702d503991b4f\"},\"description\":\"Der Grundst\u00fcckseigent\u00fcmer muss, eine Rattenplage fachm\u00e4nnisch bek\u00e4mpfen lassen. Auch, wenn ihn kein Verschulden am Rattenbefall trifft.\",\"breadcrumb\":{\"@id\":\"https:\\\/\\\/www.buhl.de\\\/vermieter-web\\\/eigentuemer-muss-ratten-auf-grundstueck-bekaempfen\\\/#breadcrumb\"},\"inLanguage\":\"de\",\"potentialAction\":[{\"@type\":\"ReadAction\",\"target\":[\"https:\\\/\\\/www.buhl.de\\\/vermieter-web\\\/eigentuemer-muss-ratten-auf-grundstueck-bekaempfen\\\/\"]}]},{\"@type\":\"ImageObject\",\"inLanguage\":\"de\",\"@id\":\"https:\\\/\\\/www.buhl.de\\\/vermieter-web\\\/eigentuemer-muss-ratten-auf-grundstueck-bekaempfen\\\/#primaryimage\",\"url\":\"https:\\\/\\\/www.buhl.de\\\/vermieter-web\\\/wp-content\\\/uploads\\\/sites\\\/33\\\/2022\\\/11\\\/shutterstock_2046359282.jpg\",\"contentUrl\":\"https:\\\/\\\/www.buhl.de\\\/vermieter-web\\\/wp-content\\\/uploads\\\/sites\\\/33\\\/2022\\\/11\\\/shutterstock_2046359282.jpg\",\"width\":840,\"height\":420,\"caption\":\"a brown rat (rattus norvegicus) runs in the gutter of a road\"},{\"@type\":\"BreadcrumbList\",\"@id\":\"https:\\\/\\\/www.buhl.de\\\/vermieter-web\\\/eigentuemer-muss-ratten-auf-grundstueck-bekaempfen\\\/#breadcrumb\",\"itemListElement\":[{\"@type\":\"ListItem\",\"position\":1,\"name\":\"Startseite\",\"item\":\"https:\\\/\\\/www.buhl.de\\\/vermieter-web\\\/\"},{\"@type\":\"ListItem\",\"position\":2,\"name\":\"Eigent\u00fcmer muss Ratten auf Grundst\u00fcck bek\u00e4mpfen\"}]},{\"@type\":\"WebSite\",\"@id\":\"https:\\\/\\\/www.buhl.de\\\/vermieter-web\\\/#website\",\"url\":\"https:\\\/\\\/www.buhl.de\\\/vermieter-web\\\/\",\"name\":\"Online-Nebenkostenabrechnung mit WISO Vermieter-Web\",\"description\":\"\",\"potentialAction\":[{\"@type\":\"SearchAction\",\"target\":{\"@type\":\"EntryPoint\",\"urlTemplate\":\"https:\\\/\\\/www.buhl.de\\\/vermieter-web\\\/?s={search_term_string}\"},\"query-input\":{\"@type\":\"PropertyValueSpecification\",\"valueRequired\":true,\"valueName\":\"search_term_string\"}}],\"inLanguage\":\"de\"},{\"@type\":\"Person\",\"@id\":\"https:\\\/\\\/www.buhl.de\\\/vermieter-web\\\/#\\\/schema\\\/person\\\/82903e1cb04eb553382702d503991b4f\",\"name\":\"Hartmut Fischer\"}]}<\/script>\n<!-- \/ Yoast SEO Premium plugin. -->","yoast_head_json":{"title":"Eigent\u00fcmer muss Rattenplage beseitigen","description":"Der Grundst\u00fcckseigent\u00fcmer muss, eine Rattenplage fachm\u00e4nnisch bek\u00e4mpfen lassen. Auch, wenn ihn kein Verschulden am Rattenbefall trifft.","robots":{"index":"noindex","follow":"nofollow"},"og_locale":"de_DE","og_type":"article","og_title":"Eigent\u00fcmer muss Ratten auf Grundst\u00fcck bek\u00e4mpfen","og_description":"Der Grundst\u00fcckseigent\u00fcmer muss, eine Rattenplage fachm\u00e4nnisch bek\u00e4mpfen lassen. Auch, wenn ihn kein Verschulden am Rattenbefall trifft.","og_url":"https:\/\/www.buhl.de\/vermieter-web\/eigentuemer-muss-ratten-auf-grundstueck-bekaempfen\/","og_site_name":"Online-Nebenkostenabrechnung mit WISO Vermieter-Web","article_published_time":"2022-11-02T10:53:40+00:00","og_image":[{"width":840,"height":420,"url":"https:\/\/www.buhl.de\/vermieter-web\/wp-content\/uploads\/sites\/33\/2022\/11\/shutterstock_2046359282.jpg","type":"image\/jpeg"}],"author":"Hartmut Fischer","twitter_card":"summary_large_image","twitter_misc":{"Verfasst von":"Hartmut Fischer","Gesch\u00e4tzte Lesezeit":"2\u00a0Minuten"},"schema":{"@context":"https:\/\/schema.org","@graph":[{"@type":"Article","@id":"https:\/\/www.buhl.de\/vermieter-web\/eigentuemer-muss-ratten-auf-grundstueck-bekaempfen\/#article","isPartOf":{"@id":"https:\/\/www.buhl.de\/vermieter-web\/eigentuemer-muss-ratten-auf-grundstueck-bekaempfen\/"},"author":{"name":"Hartmut Fischer","@id":"https:\/\/www.buhl.de\/vermieter-web\/#\/schema\/person\/82903e1cb04eb553382702d503991b4f"},"headline":"Eigent\u00fcmer muss Ratten auf Grundst\u00fcck bek\u00e4mpfen","datePublished":"2022-11-02T10:53:40+00:00","mainEntityOfPage":{"@id":"https:\/\/www.buhl.de\/vermieter-web\/eigentuemer-muss-ratten-auf-grundstueck-bekaempfen\/"},"wordCount":361,"image":{"@id":"https:\/\/www.buhl.de\/vermieter-web\/eigentuemer-muss-ratten-auf-grundstueck-bekaempfen\/#primaryimage"},"thumbnailUrl":"https:\/\/www.buhl.de\/vermieter-web\/wp-content\/uploads\/sites\/33\/2022\/11\/shutterstock_2046359282.jpg","keywords":["Gesundheitsamt","Plage","Ratten","Ungeziefer","Verf\u00fcgung"],"inLanguage":"de"},{"@type":"WebPage","@id":"https:\/\/www.buhl.de\/vermieter-web\/eigentuemer-muss-ratten-auf-grundstueck-bekaempfen\/","url":"https:\/\/www.buhl.de\/vermieter-web\/eigentuemer-muss-ratten-auf-grundstueck-bekaempfen\/","name":"Eigent\u00fcmer muss Rattenplage beseitigen","isPartOf":{"@id":"https:\/\/www.buhl.de\/vermieter-web\/#website"},"primaryImageOfPage":{"@id":"https:\/\/www.buhl.de\/vermieter-web\/eigentuemer-muss-ratten-auf-grundstueck-bekaempfen\/#primaryimage"},"image":{"@id":"https:\/\/www.buhl.de\/vermieter-web\/eigentuemer-muss-ratten-auf-grundstueck-bekaempfen\/#primaryimage"},"thumbnailUrl":"https:\/\/www.buhl.de\/vermieter-web\/wp-content\/uploads\/sites\/33\/2022\/11\/shutterstock_2046359282.jpg","datePublished":"2022-11-02T10:53:40+00:00","author":{"@id":"https:\/\/www.buhl.de\/vermieter-web\/#\/schema\/person\/82903e1cb04eb553382702d503991b4f"},"description":"Der Grundst\u00fcckseigent\u00fcmer muss, eine Rattenplage fachm\u00e4nnisch bek\u00e4mpfen lassen. Auch, wenn ihn kein Verschulden am Rattenbefall trifft.","breadcrumb":{"@id":"https:\/\/www.buhl.de\/vermieter-web\/eigentuemer-muss-ratten-auf-grundstueck-bekaempfen\/#breadcrumb"},"inLanguage":"de","potentialAction":[{"@type":"ReadAction","target":["https:\/\/www.buhl.de\/vermieter-web\/eigentuemer-muss-ratten-auf-grundstueck-bekaempfen\/"]}]},{"@type":"ImageObject","inLanguage":"de","@id":"https:\/\/www.buhl.de\/vermieter-web\/eigentuemer-muss-ratten-auf-grundstueck-bekaempfen\/#primaryimage","url":"https:\/\/www.buhl.de\/vermieter-web\/wp-content\/uploads\/sites\/33\/2022\/11\/shutterstock_2046359282.jpg","contentUrl":"https:\/\/www.buhl.de\/vermieter-web\/wp-content\/uploads\/sites\/33\/2022\/11\/shutterstock_2046359282.jpg","width":840,"height":420,"caption":"a brown rat (rattus norvegicus) runs in the gutter of a road"},{"@type":"BreadcrumbList","@id":"https:\/\/www.buhl.de\/vermieter-web\/eigentuemer-muss-ratten-auf-grundstueck-bekaempfen\/#breadcrumb","itemListElement":[{"@type":"ListItem","position":1,"name":"Startseite","item":"https:\/\/www.buhl.de\/vermieter-web\/"},{"@type":"ListItem","position":2,"name":"Eigent\u00fcmer muss Ratten auf Grundst\u00fcck bek\u00e4mpfen"}]},{"@type":"WebSite","@id":"https:\/\/www.buhl.de\/vermieter-web\/#website","url":"https:\/\/www.buhl.de\/vermieter-web\/","name":"Online-Nebenkostenabrechnung mit WISO Vermieter-Web","description":"","potentialAction":[{"@type":"SearchAction","target":{"@type":"EntryPoint","urlTemplate":"https:\/\/www.buhl.de\/vermieter-web\/?s={search_term_string}"},"query-input":{"@type":"PropertyValueSpecification","valueRequired":true,"valueName":"search_term_string"}}],"inLanguage":"de"},{"@type":"Person","@id":"https:\/\/www.buhl.de\/vermieter-web\/#\/schema\/person\/82903e1cb04eb553382702d503991b4f","name":"Hartmut Fischer"}]}},"_links":{"self":[{"href":"https:\/\/www.buhl.de\/vermieter-web\/wp-json\/wp\/v2\/posts\/14985","targetHints":{"allow":["GET"]}}],"collection":[{"href":"https:\/\/www.buhl.de\/vermieter-web\/wp-json\/wp\/v2\/posts"}],"about":[{"href":"https:\/\/www.buhl.de\/vermieter-web\/wp-json\/wp\/v2\/types\/post"}],"author":[{"embeddable":true,"href":"https:\/\/www.buhl.de\/vermieter-web\/wp-json\/wp\/v2\/users\/15"}],"replies":[{"embeddable":true,"href":"https:\/\/www.buhl.de\/vermieter-web\/wp-json\/wp\/v2\/comments?post=14985"}],"version-history":[{"count":2,"href":"https:\/\/www.buhl.de\/vermieter-web\/wp-json\/wp\/v2\/posts\/14985\/revisions"}],"predecessor-version":[{"id":14988,"href":"https:\/\/www.buhl.de\/vermieter-web\/wp-json\/wp\/v2\/posts\/14985\/revisions\/14988"}],"wp:featuredmedia":[{"embeddable":true,"href":"https:\/\/www.buhl.de\/vermieter-web\/wp-json\/wp\/v2\/media\/14991"}],"wp:attachment":[{"href":"https:\/\/www.buhl.de\/vermieter-web\/wp-json\/wp\/v2\/media?parent=14985"}],"wp:term":[{"taxonomy":"category","embeddable":true,"href":"https:\/\/www.buhl.de\/vermieter-web\/wp-json\/wp\/v2\/categories?post=14985"},{"taxonomy":"post_tag","embeddable":true,"href":"https:\/\/www.buhl.de\/vermieter-web\/wp-json\/wp\/v2\/tags?post=14985"}],"curies":[{"name":"wp","href":"https:\/\/api.w.org\/{rel}","templated":true}]}}