{"id":15036,"date":"2022-11-27T11:21:48","date_gmt":"2022-11-27T10:21:48","guid":{"rendered":"https:\/\/www.buhl.de\/vermieter-web\/?p=15036"},"modified":"2022-11-27T11:21:48","modified_gmt":"2022-11-27T10:21:48","slug":"gaspreisbremse-richtig-berechnet","status":"publish","type":"post","link":"https:\/\/www.buhl.de\/vermieter-web\/gaspreisbremse-richtig-berechnet\/","title":{"rendered":"Gaspreisbremse \u2013 richtig berechnet"},"content":{"rendered":"<p><strong>Es wird viel von der Gaspreisbremse gesprochen \u2013 doch wie die Berechnung letztlich erfolgt, ist meist unklar. Wir haben versucht, anhand des Gesetzesentwurfs zur Gas- und Strompreisbremse und den Ausf\u00fchrungen des Bundeswirtschaftsministeriums vom 25.11.2022 die mit der Berechnung der Gaspreisbremse verbundenen Fragen zu kl\u00e4ren. <\/strong><\/p>\n<h5>Basis der Berechnung<\/h5>\n<p>80 % des Verbrauchs, der f\u00fcr den Monat September 2022 prognostiziert wurde, wird staatlich subventioniert. Dieser Preis wird mit 0,12 \u20ac festgeschrieben. Wird mehr Gas verbraucht, wird dieser Anteil zum aktuellen Preis des Anbieters abgerechnet. Verbraucht der Endkunde weniger als 80 % des im September 2022 prognostizierten Verbrauchs, wird die eingesparte Differenz in H\u00f6he des aktuellen hohen Anbieter-Preises erstattet.<\/p>\n<p>Der gedeckelte Preis von 0,12 \u20ac gilt brutto. Das hei\u00dft, er enth\u00e4lt alle Kosten, Steuern, Umlagen und Abgaben. In unseren Rechenbeispielen gehen wir immer von Bruttopreisen aus.<\/p>\n<h5>Die zugrundeliegenden berechnungswerte<\/h5>\n<p>In unserem Beispiel gehen wir von einer vierk\u00f6pfigen Familie aus. Hier geht man von einem durchschnittlichen Verbrauch von 8.000 bis 18.000 kWh aus. Wir legen hier 15.000 kWh zugrunde.<\/p>\n<p>Legen wir f\u00fcr 2021 einen Gaspreis von 8 Cent zugrunde, bedeutet dies Kosten von 1.200,00 \u20ac im Jahr oder 100,00 \u20ac im Monat. Der aktuelle Gaspreis betr\u00e4gt im Durchschnitt 18,9 Cent (Stand 26.11.2022). Da die Preise sehr unterschiedlich sind und beispielsweise auch davon abh\u00e4ngig sind, wie lange man Kunde bei seinem Versorger ist, legen wir einen aktuellen Preis von 20 Cent zugrunde.<\/p>\n<h5>Berechnung bei gleichbleibendem Verbrauch<\/h5>\n<p>Verbraucht unsere Familie gleichbleibend viel Gas, h\u00e4tte sie 2021 1.200 \u20ac f\u00fcr ihren Gasverbrauch zahlen m\u00fcssen. Ohne Gaspreisbremse w\u00e4ren es aktuell bei 20 Cent pro kWh 3.000 \u20ac. Die monatliche Belastung steigt damit von 100 \u20ac auf 250 \u20ac.<\/p>\n<p>Nach Einf\u00fchrung der Gaspreisbremse werden 80 % des prognostizierten Verbrauchs mit dem Festpreis von 12 Cent abgerechnet:<\/p>\n<p style=\"text-align: center\">80 % von 15.000 = 12.000 kWh<br \/>\n12.000 \u00d7 0,12 = 1.440,00 \u20ac<\/p>\n<p>Die restlichen 20 % (= 2.400 kWh) m\u00fcssen zum aktuellen Preis von 22 Cent abgerechnet werden:<\/p>\n<p style=\"text-align: center\">3.000 \u00d7 0,22 =660,00 \u20ac<\/p>\n<p>Die Gesamtbelastung betr\u00e4gt also bei einem gegen\u00fcber dem Vorjahr gleichgebliebenen Gasverbrauch<\/p>\n<p style=\"text-align: center\">1.440 + 660 = 2.100,00 \u20ac<\/p>\n<p>Die monatliche Belastung steigt damit von 100,00 \u20ac auf 175,00 \u20ac. Ohne Gaspreisbremse w\u00fcrde die Belastung 250,00 \u20ac monatlich betragen.<\/p>\n<h5>Die sparsame Familie<\/h5>\n<p>Die Gaspreisbremse sieht vor, dass besonders sparsame Verbraucher finanziell belohnt werden. Allerdings muss man dann sehr sparsam sein. In unserer Beispielrechnung gehen wir davon aus, dass die Familie nur noch 11.250 kWh im Jahr verbraucht. Das w\u00e4ren 75 %\u00a0 des Vorjahresverbrauchs. Der Verbraucher erh\u00e4lt nun die Differenz von 5 % erstattet \u2013 und zwar zum aktuellen Preis (also nicht zum niedrigeren, gedeckelten Preis). Die Berechnung sieht dann so aus:<\/p>\n<table>\n<tbody>\n<tr>\n<td width=\"85\">Preisdeckel<\/td>\n<td width=\"47\">80 %<\/td>\n<td width=\"322\">Von 15.000 kWh = 12.000 kWh<\/td>\n<td width=\"66\">\u00e1 0,12 \u20ac<\/td>\n<td width=\"85\">&nbsp;<\/td>\n<\/tr>\n<tr>\n<td width=\"85\">Verbrauch<\/td>\n<td width=\"47\">75 %<\/td>\n<td width=\"322\">Von 15.000 kWh = 11.250 kWh<\/td>\n<td width=\"66\">\u00e1 0,12 \u20ac<\/td>\n<td width=\"85\">1.350,00 \u20ac<\/td>\n<\/tr>\n<tr>\n<td width=\"85\">Gutschrift<\/td>\n<td width=\"47\">5 %<\/td>\n<td width=\"322\">Differenz zu 80 % = 750 Kwh<\/td>\n<td width=\"66\">\u00e1 0,22 \u20ac<\/td>\n<td width=\"85\">-165,00 \u20ac<\/td>\n<\/tr>\n<tr>\n<td width=\"85\">Belastung<\/td>\n<td width=\"47\">&nbsp;<\/td>\n<td width=\"322\">j\u00e4hrlich<\/td>\n<td width=\"66\">&nbsp;<\/td>\n<td width=\"85\">1.515,00 \u20ac<\/td>\n<\/tr>\n<tr>\n<td width=\"85\">&nbsp;<\/td>\n<td width=\"47\">&nbsp;<\/td>\n<td width=\"322\">monatlich<\/td>\n<td width=\"66\">&nbsp;<\/td>\n<td width=\"85\">126,25 \u20ac<\/td>\n<\/tr>\n<\/tbody>\n<\/table>\n<p>&nbsp;<\/p>\n","protected":false},"excerpt":{"rendered":"<p>Es wird viel von der Gaspreisbremse gesprochen \u2013 doch wie die Berechnung letztlich erfolgt, ist meist unklar. Wir haben versucht, anhand des Gesetzesentwurfs zur Gas- und Strompreisbremse und den Ausf\u00fchrungen des Bundeswirtschaftsministeriums vom 25.11.2022 die mit der Berechnung der Gaspreisbremse verbundenen Fragen zu kl\u00e4ren. Basis der Berechnung 80 % des Verbrauchs, der f\u00fcr den Monat &hellip; <\/p>\n<p class=\"link-more\"><a href=\"https:\/\/www.buhl.de\/vermieter-web\/gaspreisbremse-richtig-berechnet\/\" class=\"more-link\"><span class=\"screen-reader-text\">\u201eGaspreisbremse \u2013 richtig berechnet\u201c<\/span> weiterlesen<\/a><\/p>\n","protected":false},"author":15,"featured_media":14352,"comment_status":"closed","ping_status":"open","sticky":false,"template":"","format":"standard","meta":{"footnotes":""},"categories":[1],"tags":[5969,3672,5968,5885],"class_list":["post-15036","post","type-post","status-publish","format-standard","has-post-thumbnail","hentry","category-allgemein","tag-berechnung","tag-gas","tag-gaspreisbremse","tag-preise"],"yoast_head":"<!-- This site is optimized with the Yoast SEO Premium plugin v27.4 (Yoast SEO v27.5) - https:\/\/yoast.com\/product\/yoast-seo-premium-wordpress\/ -->\n<title>Berechnung der Gaspreisbremse<\/title>\n<meta name=\"description\" content=\"Ab M\u00e4rz 2023 wird die sogenannte Gaspreisbremse eingef\u00fchrt. Sie wirkt dann r\u00fcckwirkend ab Januar. Wir zeigen, wie man sie berechnet.\" \/>\n<meta name=\"robots\" content=\"noindex, nofollow\" \/>\n<meta property=\"og:locale\" content=\"de_DE\" \/>\n<meta property=\"og:type\" content=\"article\" \/>\n<meta property=\"og:title\" content=\"Gaspreisbremse \u2013 richtig berechnet\" \/>\n<meta property=\"og:description\" content=\"Ab M\u00e4rz 2023 wird die sogenannte Gaspreisbremse eingef\u00fchrt. Sie wirkt dann r\u00fcckwirkend ab Januar. Wir zeigen, wie man sie berechnet.\" \/>\n<meta property=\"og:url\" content=\"https:\/\/www.buhl.de\/vermieter-web\/gaspreisbremse-richtig-berechnet\/\" \/>\n<meta property=\"og:site_name\" content=\"Online-Nebenkostenabrechnung mit WISO Vermieter-Web\" \/>\n<meta property=\"article:published_time\" content=\"2022-11-27T10:21:48+00:00\" \/>\n<meta property=\"og:image\" content=\"https:\/\/www.buhl.de\/vermieter-web\/wp-content\/uploads\/sites\/33\/2022\/02\/shutterstock_123054343.jpg\" \/>\n\t<meta property=\"og:image:width\" content=\"840\" \/>\n\t<meta property=\"og:image:height\" content=\"421\" \/>\n\t<meta property=\"og:image:type\" content=\"image\/jpeg\" \/>\n<meta name=\"author\" content=\"Hartmut Fischer\" \/>\n<meta name=\"twitter:card\" content=\"summary_large_image\" \/>\n<meta name=\"twitter:label1\" content=\"Verfasst von\" \/>\n\t<meta name=\"twitter:data1\" content=\"Hartmut Fischer\" \/>\n\t<meta name=\"twitter:label2\" content=\"Gesch\u00e4tzte Lesezeit\" \/>\n\t<meta name=\"twitter:data2\" content=\"3\u00a0Minuten\" \/>\n<script type=\"application\/ld+json\" class=\"yoast-schema-graph\">{\"@context\":\"https:\\\/\\\/schema.org\",\"@graph\":[{\"@type\":\"Article\",\"@id\":\"https:\\\/\\\/www.buhl.de\\\/vermieter-web\\\/gaspreisbremse-richtig-berechnet\\\/#article\",\"isPartOf\":{\"@id\":\"https:\\\/\\\/www.buhl.de\\\/vermieter-web\\\/gaspreisbremse-richtig-berechnet\\\/\"},\"author\":{\"name\":\"Hartmut Fischer\",\"@id\":\"https:\\\/\\\/www.buhl.de\\\/vermieter-web\\\/#\\\/schema\\\/person\\\/82903e1cb04eb553382702d503991b4f\"},\"headline\":\"Gaspreisbremse \u2013 richtig berechnet\",\"datePublished\":\"2022-11-27T10:21:48+00:00\",\"mainEntityOfPage\":{\"@id\":\"https:\\\/\\\/www.buhl.de\\\/vermieter-web\\\/gaspreisbremse-richtig-berechnet\\\/\"},\"wordCount\":402,\"image\":{\"@id\":\"https:\\\/\\\/www.buhl.de\\\/vermieter-web\\\/gaspreisbremse-richtig-berechnet\\\/#primaryimage\"},\"thumbnailUrl\":\"https:\\\/\\\/www.buhl.de\\\/vermieter-web\\\/wp-content\\\/uploads\\\/sites\\\/33\\\/2022\\\/02\\\/shutterstock_123054343.jpg\",\"keywords\":[\"Berechnung\",\"Gas\",\"Gaspreisbremse\",\"Preise\"],\"inLanguage\":\"de\"},{\"@type\":\"WebPage\",\"@id\":\"https:\\\/\\\/www.buhl.de\\\/vermieter-web\\\/gaspreisbremse-richtig-berechnet\\\/\",\"url\":\"https:\\\/\\\/www.buhl.de\\\/vermieter-web\\\/gaspreisbremse-richtig-berechnet\\\/\",\"name\":\"Berechnung der Gaspreisbremse\",\"isPartOf\":{\"@id\":\"https:\\\/\\\/www.buhl.de\\\/vermieter-web\\\/#website\"},\"primaryImageOfPage\":{\"@id\":\"https:\\\/\\\/www.buhl.de\\\/vermieter-web\\\/gaspreisbremse-richtig-berechnet\\\/#primaryimage\"},\"image\":{\"@id\":\"https:\\\/\\\/www.buhl.de\\\/vermieter-web\\\/gaspreisbremse-richtig-berechnet\\\/#primaryimage\"},\"thumbnailUrl\":\"https:\\\/\\\/www.buhl.de\\\/vermieter-web\\\/wp-content\\\/uploads\\\/sites\\\/33\\\/2022\\\/02\\\/shutterstock_123054343.jpg\",\"datePublished\":\"2022-11-27T10:21:48+00:00\",\"author\":{\"@id\":\"https:\\\/\\\/www.buhl.de\\\/vermieter-web\\\/#\\\/schema\\\/person\\\/82903e1cb04eb553382702d503991b4f\"},\"description\":\"Ab M\u00e4rz 2023 wird die sogenannte Gaspreisbremse eingef\u00fchrt. Sie wirkt dann r\u00fcckwirkend ab Januar. Wir zeigen, wie man sie berechnet.\",\"breadcrumb\":{\"@id\":\"https:\\\/\\\/www.buhl.de\\\/vermieter-web\\\/gaspreisbremse-richtig-berechnet\\\/#breadcrumb\"},\"inLanguage\":\"de\",\"potentialAction\":[{\"@type\":\"ReadAction\",\"target\":[\"https:\\\/\\\/www.buhl.de\\\/vermieter-web\\\/gaspreisbremse-richtig-berechnet\\\/\"]}]},{\"@type\":\"ImageObject\",\"inLanguage\":\"de\",\"@id\":\"https:\\\/\\\/www.buhl.de\\\/vermieter-web\\\/gaspreisbremse-richtig-berechnet\\\/#primaryimage\",\"url\":\"https:\\\/\\\/www.buhl.de\\\/vermieter-web\\\/wp-content\\\/uploads\\\/sites\\\/33\\\/2022\\\/02\\\/shutterstock_123054343.jpg\",\"contentUrl\":\"https:\\\/\\\/www.buhl.de\\\/vermieter-web\\\/wp-content\\\/uploads\\\/sites\\\/33\\\/2022\\\/02\\\/shutterstock_123054343.jpg\",\"width\":840,\"height\":421,\"caption\":\"small house with euro banknotes \\\/ small house\"},{\"@type\":\"BreadcrumbList\",\"@id\":\"https:\\\/\\\/www.buhl.de\\\/vermieter-web\\\/gaspreisbremse-richtig-berechnet\\\/#breadcrumb\",\"itemListElement\":[{\"@type\":\"ListItem\",\"position\":1,\"name\":\"Startseite\",\"item\":\"https:\\\/\\\/www.buhl.de\\\/vermieter-web\\\/\"},{\"@type\":\"ListItem\",\"position\":2,\"name\":\"Gaspreisbremse \u2013 richtig berechnet\"}]},{\"@type\":\"WebSite\",\"@id\":\"https:\\\/\\\/www.buhl.de\\\/vermieter-web\\\/#website\",\"url\":\"https:\\\/\\\/www.buhl.de\\\/vermieter-web\\\/\",\"name\":\"Online-Nebenkostenabrechnung mit WISO Vermieter-Web\",\"description\":\"\",\"potentialAction\":[{\"@type\":\"SearchAction\",\"target\":{\"@type\":\"EntryPoint\",\"urlTemplate\":\"https:\\\/\\\/www.buhl.de\\\/vermieter-web\\\/?s={search_term_string}\"},\"query-input\":{\"@type\":\"PropertyValueSpecification\",\"valueRequired\":true,\"valueName\":\"search_term_string\"}}],\"inLanguage\":\"de\"},{\"@type\":\"Person\",\"@id\":\"https:\\\/\\\/www.buhl.de\\\/vermieter-web\\\/#\\\/schema\\\/person\\\/82903e1cb04eb553382702d503991b4f\",\"name\":\"Hartmut Fischer\"}]}<\/script>\n<!-- \/ Yoast SEO Premium plugin. -->","yoast_head_json":{"title":"Berechnung der Gaspreisbremse","description":"Ab M\u00e4rz 2023 wird die sogenannte Gaspreisbremse eingef\u00fchrt. Sie wirkt dann r\u00fcckwirkend ab Januar. Wir zeigen, wie man sie berechnet.","robots":{"index":"noindex","follow":"nofollow"},"og_locale":"de_DE","og_type":"article","og_title":"Gaspreisbremse \u2013 richtig berechnet","og_description":"Ab M\u00e4rz 2023 wird die sogenannte Gaspreisbremse eingef\u00fchrt. Sie wirkt dann r\u00fcckwirkend ab Januar. Wir zeigen, wie man sie berechnet.","og_url":"https:\/\/www.buhl.de\/vermieter-web\/gaspreisbremse-richtig-berechnet\/","og_site_name":"Online-Nebenkostenabrechnung mit WISO Vermieter-Web","article_published_time":"2022-11-27T10:21:48+00:00","og_image":[{"width":840,"height":421,"url":"https:\/\/www.buhl.de\/vermieter-web\/wp-content\/uploads\/sites\/33\/2022\/02\/shutterstock_123054343.jpg","type":"image\/jpeg"}],"author":"Hartmut Fischer","twitter_card":"summary_large_image","twitter_misc":{"Verfasst von":"Hartmut Fischer","Gesch\u00e4tzte Lesezeit":"3\u00a0Minuten"},"schema":{"@context":"https:\/\/schema.org","@graph":[{"@type":"Article","@id":"https:\/\/www.buhl.de\/vermieter-web\/gaspreisbremse-richtig-berechnet\/#article","isPartOf":{"@id":"https:\/\/www.buhl.de\/vermieter-web\/gaspreisbremse-richtig-berechnet\/"},"author":{"name":"Hartmut Fischer","@id":"https:\/\/www.buhl.de\/vermieter-web\/#\/schema\/person\/82903e1cb04eb553382702d503991b4f"},"headline":"Gaspreisbremse \u2013 richtig berechnet","datePublished":"2022-11-27T10:21:48+00:00","mainEntityOfPage":{"@id":"https:\/\/www.buhl.de\/vermieter-web\/gaspreisbremse-richtig-berechnet\/"},"wordCount":402,"image":{"@id":"https:\/\/www.buhl.de\/vermieter-web\/gaspreisbremse-richtig-berechnet\/#primaryimage"},"thumbnailUrl":"https:\/\/www.buhl.de\/vermieter-web\/wp-content\/uploads\/sites\/33\/2022\/02\/shutterstock_123054343.jpg","keywords":["Berechnung","Gas","Gaspreisbremse","Preise"],"inLanguage":"de"},{"@type":"WebPage","@id":"https:\/\/www.buhl.de\/vermieter-web\/gaspreisbremse-richtig-berechnet\/","url":"https:\/\/www.buhl.de\/vermieter-web\/gaspreisbremse-richtig-berechnet\/","name":"Berechnung der Gaspreisbremse","isPartOf":{"@id":"https:\/\/www.buhl.de\/vermieter-web\/#website"},"primaryImageOfPage":{"@id":"https:\/\/www.buhl.de\/vermieter-web\/gaspreisbremse-richtig-berechnet\/#primaryimage"},"image":{"@id":"https:\/\/www.buhl.de\/vermieter-web\/gaspreisbremse-richtig-berechnet\/#primaryimage"},"thumbnailUrl":"https:\/\/www.buhl.de\/vermieter-web\/wp-content\/uploads\/sites\/33\/2022\/02\/shutterstock_123054343.jpg","datePublished":"2022-11-27T10:21:48+00:00","author":{"@id":"https:\/\/www.buhl.de\/vermieter-web\/#\/schema\/person\/82903e1cb04eb553382702d503991b4f"},"description":"Ab M\u00e4rz 2023 wird die sogenannte Gaspreisbremse eingef\u00fchrt. Sie wirkt dann r\u00fcckwirkend ab Januar. Wir zeigen, wie man sie berechnet.","breadcrumb":{"@id":"https:\/\/www.buhl.de\/vermieter-web\/gaspreisbremse-richtig-berechnet\/#breadcrumb"},"inLanguage":"de","potentialAction":[{"@type":"ReadAction","target":["https:\/\/www.buhl.de\/vermieter-web\/gaspreisbremse-richtig-berechnet\/"]}]},{"@type":"ImageObject","inLanguage":"de","@id":"https:\/\/www.buhl.de\/vermieter-web\/gaspreisbremse-richtig-berechnet\/#primaryimage","url":"https:\/\/www.buhl.de\/vermieter-web\/wp-content\/uploads\/sites\/33\/2022\/02\/shutterstock_123054343.jpg","contentUrl":"https:\/\/www.buhl.de\/vermieter-web\/wp-content\/uploads\/sites\/33\/2022\/02\/shutterstock_123054343.jpg","width":840,"height":421,"caption":"small house with euro banknotes \/ small house"},{"@type":"BreadcrumbList","@id":"https:\/\/www.buhl.de\/vermieter-web\/gaspreisbremse-richtig-berechnet\/#breadcrumb","itemListElement":[{"@type":"ListItem","position":1,"name":"Startseite","item":"https:\/\/www.buhl.de\/vermieter-web\/"},{"@type":"ListItem","position":2,"name":"Gaspreisbremse \u2013 richtig berechnet"}]},{"@type":"WebSite","@id":"https:\/\/www.buhl.de\/vermieter-web\/#website","url":"https:\/\/www.buhl.de\/vermieter-web\/","name":"Online-Nebenkostenabrechnung mit WISO Vermieter-Web","description":"","potentialAction":[{"@type":"SearchAction","target":{"@type":"EntryPoint","urlTemplate":"https:\/\/www.buhl.de\/vermieter-web\/?s={search_term_string}"},"query-input":{"@type":"PropertyValueSpecification","valueRequired":true,"valueName":"search_term_string"}}],"inLanguage":"de"},{"@type":"Person","@id":"https:\/\/www.buhl.de\/vermieter-web\/#\/schema\/person\/82903e1cb04eb553382702d503991b4f","name":"Hartmut Fischer"}]}},"_links":{"self":[{"href":"https:\/\/www.buhl.de\/vermieter-web\/wp-json\/wp\/v2\/posts\/15036","targetHints":{"allow":["GET"]}}],"collection":[{"href":"https:\/\/www.buhl.de\/vermieter-web\/wp-json\/wp\/v2\/posts"}],"about":[{"href":"https:\/\/www.buhl.de\/vermieter-web\/wp-json\/wp\/v2\/types\/post"}],"author":[{"embeddable":true,"href":"https:\/\/www.buhl.de\/vermieter-web\/wp-json\/wp\/v2\/users\/15"}],"replies":[{"embeddable":true,"href":"https:\/\/www.buhl.de\/vermieter-web\/wp-json\/wp\/v2\/comments?post=15036"}],"version-history":[{"count":3,"href":"https:\/\/www.buhl.de\/vermieter-web\/wp-json\/wp\/v2\/posts\/15036\/revisions"}],"predecessor-version":[{"id":15040,"href":"https:\/\/www.buhl.de\/vermieter-web\/wp-json\/wp\/v2\/posts\/15036\/revisions\/15040"}],"wp:featuredmedia":[{"embeddable":true,"href":"https:\/\/www.buhl.de\/vermieter-web\/wp-json\/wp\/v2\/media\/14352"}],"wp:attachment":[{"href":"https:\/\/www.buhl.de\/vermieter-web\/wp-json\/wp\/v2\/media?parent=15036"}],"wp:term":[{"taxonomy":"category","embeddable":true,"href":"https:\/\/www.buhl.de\/vermieter-web\/wp-json\/wp\/v2\/categories?post=15036"},{"taxonomy":"post_tag","embeddable":true,"href":"https:\/\/www.buhl.de\/vermieter-web\/wp-json\/wp\/v2\/tags?post=15036"}],"curies":[{"name":"wp","href":"https:\/\/api.w.org\/{rel}","templated":true}]}}