{"id":15118,"date":"2023-01-04T18:20:33","date_gmt":"2023-01-04T17:20:33","guid":{"rendered":"https:\/\/www.buhl.de\/vermieter-web\/?p=15118"},"modified":"2023-01-04T18:20:33","modified_gmt":"2023-01-04T17:20:33","slug":"grundsteuererklaerung-die-zeit-draengt","status":"publish","type":"post","link":"https:\/\/www.buhl.de\/vermieter-web\/grundsteuererklaerung-die-zeit-draengt\/","title":{"rendered":"Grundsteuererkl\u00e4rung: Die Zeit dr\u00e4ngt"},"content":{"rendered":"<p>Erinnern Sie sich noch? 2022 wurde von Ihnen verlangt, bis zum 31. Oktober eine Grundsteuererkl\u00e4rung abzugeben. Doch selbst die Politik musste einsehen, dass man die B\u00fcrger zu sp\u00e4t informiert hatte. So wurde der letzte Abgabetermin auf den 31. Januar 2023 verschoben und ein allgemeines Aufatmen ging durchs Land.<\/p>\n<h5>letzter abgabetermin r\u00fcckt immer n\u00e4her<\/h5>\n<p>Aber jetzt ist schon 2023 und der Abgabetermin r\u00fcckt immer n\u00e4her. Und es ist zu bef\u00fcrchten, dass es auch zu \u00dcbertragungsproblemen \u00fcber das ELSTER-Programm der Finanz\u00e4mter kommt, je n\u00e4her der Stichtag 31.01. r\u00fcckt.<\/p>\n<h5>wer zu sp\u00e4t kommt &#8211; muss zahlen<\/h5>\n<p>Was passiert, wenn man die Unterlagen zu sp\u00e4t einreicht? Das Finanzamt kassiert 25 EUR f\u00fcr jeden angefangenen Versp\u00e4tungsmonat. Wird keine Erkl\u00e4rung abgegeben, sch\u00e4tzt das Finanzamt die Daten, die zur Festlegung der Grundsteuer ben\u00f6tigt werden. Diese Sch\u00e4tzung wird aber kaum zugunsten des Steuerzahlers ausfallen.<\/p>\n<h5>wiso grundsteuer hilft bei der grundsteuererkl\u00e4rung<\/h5>\n<p>Einige Bundesl\u00e4nder haben Ausf\u00fcllhilfen versandt. Ansonsten ist der Steuerzahler weitgehend auf sich gestellt. Mithilfe des Programms \u201eWISO-Grundsteuer\u201c ist die Abgabe der Unterlagen kein Problem. Einen besonderen Vorteil von \u201eWISO-Grundsteuer\u201c hebt die Stiftung Warentest hervor: \u201eAls einziges Programm im Test errechnete WISO Grundsteuer den voraussichtlichen Grundsteuerwert und erm\u00f6glicht damit die sp\u00e4tere Kontrolle des Steuerbescheides.\u201c<\/p>\n<p><a href=\"https:\/\/www.buhl.de\/steuer\/grundsteuer\/\">Hier kommen Sie zu WISO-Grundsteuer<\/a><\/p>\n","protected":false},"excerpt":{"rendered":"<p>Erinnern Sie sich noch? 2022 wurde von Ihnen verlangt, bis zum 31. Oktober eine Grundsteuererkl\u00e4rung abzugeben. Doch selbst die Politik musste einsehen, dass man die B\u00fcrger zu sp\u00e4t informiert hatte. So wurde der letzte Abgabetermin auf den 31. Januar 2023 verschoben und ein allgemeines Aufatmen ging durchs Land. letzter abgabetermin r\u00fcckt immer n\u00e4her Aber jetzt &hellip; <\/p>\n<p class=\"link-more\"><a href=\"https:\/\/www.buhl.de\/vermieter-web\/grundsteuererklaerung-die-zeit-draengt\/\" class=\"more-link\"><span class=\"screen-reader-text\">\u201eGrundsteuererkl\u00e4rung: Die Zeit dr\u00e4ngt\u201c<\/span> weiterlesen<\/a><\/p>\n","protected":false},"author":15,"featured_media":13087,"comment_status":"closed","ping_status":"open","sticky":false,"template":"","format":"standard","meta":{"footnotes":""},"categories":[1],"tags":[5991,403],"class_list":["post-15118","post","type-post","status-publish","format-standard","has-post-thumbnail","hentry","category-allgemein","tag-abgabetermin","tag-grundsteuer"],"yoast_head":"<!-- This site is optimized with the Yoast SEO Premium plugin v27.4 (Yoast SEO v27.5) - https:\/\/yoast.com\/product\/yoast-seo-premium-wordpress\/ -->\n<title>Grundsteuererkl\u00e4rung: Letzter Termin r\u00fcckt immer n\u00e4her<\/title>\n<meta name=\"description\" content=\"Die Frist f\u00fcr die Abgabe der Grundsteuererkl\u00e4rung l\u00e4uft am 31., Januar 2023 ab. Wer bis dahin nicht reagiert hat, muss mit Strafzahlungen rechnen.\" \/>\n<meta name=\"robots\" content=\"noindex, nofollow\" \/>\n<meta property=\"og:locale\" content=\"de_DE\" \/>\n<meta property=\"og:type\" content=\"article\" \/>\n<meta property=\"og:title\" content=\"Grundsteuererkl\u00e4rung: Die Zeit dr\u00e4ngt\" \/>\n<meta property=\"og:description\" content=\"Die Frist f\u00fcr die Abgabe der Grundsteuererkl\u00e4rung l\u00e4uft am 31., Januar 2023 ab. Wer bis dahin nicht reagiert hat, muss mit Strafzahlungen rechnen.\" \/>\n<meta property=\"og:url\" content=\"https:\/\/www.buhl.de\/vermieter-web\/grundsteuererklaerung-die-zeit-draengt\/\" \/>\n<meta property=\"og:site_name\" content=\"Online-Nebenkostenabrechnung mit WISO Vermieter-Web\" \/>\n<meta property=\"article:published_time\" content=\"2023-01-04T17:20:33+00:00\" \/>\n<meta property=\"og:image\" content=\"https:\/\/www.buhl.de\/vermieter-web\/wp-content\/uploads\/sites\/33\/2020\/10\/shutterstock_83657056.jpg\" \/>\n\t<meta property=\"og:image:width\" content=\"840\" \/>\n\t<meta property=\"og:image:height\" content=\"420\" \/>\n\t<meta property=\"og:image:type\" content=\"image\/jpeg\" \/>\n<meta name=\"author\" content=\"Hartmut Fischer\" \/>\n<meta name=\"twitter:card\" content=\"summary_large_image\" \/>\n<meta name=\"twitter:label1\" content=\"Verfasst von\" \/>\n\t<meta name=\"twitter:data1\" content=\"Hartmut Fischer\" \/>\n\t<meta name=\"twitter:label2\" content=\"Gesch\u00e4tzte Lesezeit\" \/>\n\t<meta name=\"twitter:data2\" content=\"2\u00a0Minuten\" \/>\n<script type=\"application\/ld+json\" class=\"yoast-schema-graph\">{\"@context\":\"https:\\\/\\\/schema.org\",\"@graph\":[{\"@type\":\"Article\",\"@id\":\"https:\\\/\\\/www.buhl.de\\\/vermieter-web\\\/grundsteuererklaerung-die-zeit-draengt\\\/#article\",\"isPartOf\":{\"@id\":\"https:\\\/\\\/www.buhl.de\\\/vermieter-web\\\/grundsteuererklaerung-die-zeit-draengt\\\/\"},\"author\":{\"name\":\"Hartmut Fischer\",\"@id\":\"https:\\\/\\\/www.buhl.de\\\/vermieter-web\\\/#\\\/schema\\\/person\\\/82903e1cb04eb553382702d503991b4f\"},\"headline\":\"Grundsteuererkl\u00e4rung: Die Zeit dr\u00e4ngt\",\"datePublished\":\"2023-01-04T17:20:33+00:00\",\"mainEntityOfPage\":{\"@id\":\"https:\\\/\\\/www.buhl.de\\\/vermieter-web\\\/grundsteuererklaerung-die-zeit-draengt\\\/\"},\"wordCount\":223,\"image\":{\"@id\":\"https:\\\/\\\/www.buhl.de\\\/vermieter-web\\\/grundsteuererklaerung-die-zeit-draengt\\\/#primaryimage\"},\"thumbnailUrl\":\"https:\\\/\\\/www.buhl.de\\\/vermieter-web\\\/wp-content\\\/uploads\\\/sites\\\/33\\\/2020\\\/10\\\/shutterstock_83657056.jpg\",\"keywords\":[\"Abgabetermin\",\"Grundsteuer\"],\"inLanguage\":\"de\"},{\"@type\":\"WebPage\",\"@id\":\"https:\\\/\\\/www.buhl.de\\\/vermieter-web\\\/grundsteuererklaerung-die-zeit-draengt\\\/\",\"url\":\"https:\\\/\\\/www.buhl.de\\\/vermieter-web\\\/grundsteuererklaerung-die-zeit-draengt\\\/\",\"name\":\"Grundsteuererkl\u00e4rung: Letzter Termin r\u00fcckt immer n\u00e4her\",\"isPartOf\":{\"@id\":\"https:\\\/\\\/www.buhl.de\\\/vermieter-web\\\/#website\"},\"primaryImageOfPage\":{\"@id\":\"https:\\\/\\\/www.buhl.de\\\/vermieter-web\\\/grundsteuererklaerung-die-zeit-draengt\\\/#primaryimage\"},\"image\":{\"@id\":\"https:\\\/\\\/www.buhl.de\\\/vermieter-web\\\/grundsteuererklaerung-die-zeit-draengt\\\/#primaryimage\"},\"thumbnailUrl\":\"https:\\\/\\\/www.buhl.de\\\/vermieter-web\\\/wp-content\\\/uploads\\\/sites\\\/33\\\/2020\\\/10\\\/shutterstock_83657056.jpg\",\"datePublished\":\"2023-01-04T17:20:33+00:00\",\"author\":{\"@id\":\"https:\\\/\\\/www.buhl.de\\\/vermieter-web\\\/#\\\/schema\\\/person\\\/82903e1cb04eb553382702d503991b4f\"},\"description\":\"Die Frist f\u00fcr die Abgabe der Grundsteuererkl\u00e4rung l\u00e4uft am 31., Januar 2023 ab. Wer bis dahin nicht reagiert hat, muss mit Strafzahlungen rechnen.\",\"breadcrumb\":{\"@id\":\"https:\\\/\\\/www.buhl.de\\\/vermieter-web\\\/grundsteuererklaerung-die-zeit-draengt\\\/#breadcrumb\"},\"inLanguage\":\"de\",\"potentialAction\":[{\"@type\":\"ReadAction\",\"target\":[\"https:\\\/\\\/www.buhl.de\\\/vermieter-web\\\/grundsteuererklaerung-die-zeit-draengt\\\/\"]}]},{\"@type\":\"ImageObject\",\"inLanguage\":\"de\",\"@id\":\"https:\\\/\\\/www.buhl.de\\\/vermieter-web\\\/grundsteuererklaerung-die-zeit-draengt\\\/#primaryimage\",\"url\":\"https:\\\/\\\/www.buhl.de\\\/vermieter-web\\\/wp-content\\\/uploads\\\/sites\\\/33\\\/2020\\\/10\\\/shutterstock_83657056.jpg\",\"contentUrl\":\"https:\\\/\\\/www.buhl.de\\\/vermieter-web\\\/wp-content\\\/uploads\\\/sites\\\/33\\\/2020\\\/10\\\/shutterstock_83657056.jpg\",\"width\":840,\"height\":420},{\"@type\":\"BreadcrumbList\",\"@id\":\"https:\\\/\\\/www.buhl.de\\\/vermieter-web\\\/grundsteuererklaerung-die-zeit-draengt\\\/#breadcrumb\",\"itemListElement\":[{\"@type\":\"ListItem\",\"position\":1,\"name\":\"Startseite\",\"item\":\"https:\\\/\\\/www.buhl.de\\\/vermieter-web\\\/\"},{\"@type\":\"ListItem\",\"position\":2,\"name\":\"Grundsteuererkl\u00e4rung: Die Zeit dr\u00e4ngt\"}]},{\"@type\":\"WebSite\",\"@id\":\"https:\\\/\\\/www.buhl.de\\\/vermieter-web\\\/#website\",\"url\":\"https:\\\/\\\/www.buhl.de\\\/vermieter-web\\\/\",\"name\":\"Online-Nebenkostenabrechnung mit WISO Vermieter-Web\",\"description\":\"\",\"potentialAction\":[{\"@type\":\"SearchAction\",\"target\":{\"@type\":\"EntryPoint\",\"urlTemplate\":\"https:\\\/\\\/www.buhl.de\\\/vermieter-web\\\/?s={search_term_string}\"},\"query-input\":{\"@type\":\"PropertyValueSpecification\",\"valueRequired\":true,\"valueName\":\"search_term_string\"}}],\"inLanguage\":\"de\"},{\"@type\":\"Person\",\"@id\":\"https:\\\/\\\/www.buhl.de\\\/vermieter-web\\\/#\\\/schema\\\/person\\\/82903e1cb04eb553382702d503991b4f\",\"name\":\"Hartmut Fischer\"}]}<\/script>\n<!-- \/ Yoast SEO Premium plugin. -->","yoast_head_json":{"title":"Grundsteuererkl\u00e4rung: Letzter Termin r\u00fcckt immer n\u00e4her","description":"Die Frist f\u00fcr die Abgabe der Grundsteuererkl\u00e4rung l\u00e4uft am 31., Januar 2023 ab. Wer bis dahin nicht reagiert hat, muss mit Strafzahlungen rechnen.","robots":{"index":"noindex","follow":"nofollow"},"og_locale":"de_DE","og_type":"article","og_title":"Grundsteuererkl\u00e4rung: Die Zeit dr\u00e4ngt","og_description":"Die Frist f\u00fcr die Abgabe der Grundsteuererkl\u00e4rung l\u00e4uft am 31., Januar 2023 ab. Wer bis dahin nicht reagiert hat, muss mit Strafzahlungen rechnen.","og_url":"https:\/\/www.buhl.de\/vermieter-web\/grundsteuererklaerung-die-zeit-draengt\/","og_site_name":"Online-Nebenkostenabrechnung mit WISO Vermieter-Web","article_published_time":"2023-01-04T17:20:33+00:00","og_image":[{"width":840,"height":420,"url":"https:\/\/www.buhl.de\/vermieter-web\/wp-content\/uploads\/sites\/33\/2020\/10\/shutterstock_83657056.jpg","type":"image\/jpeg"}],"author":"Hartmut Fischer","twitter_card":"summary_large_image","twitter_misc":{"Verfasst von":"Hartmut Fischer","Gesch\u00e4tzte Lesezeit":"2\u00a0Minuten"},"schema":{"@context":"https:\/\/schema.org","@graph":[{"@type":"Article","@id":"https:\/\/www.buhl.de\/vermieter-web\/grundsteuererklaerung-die-zeit-draengt\/#article","isPartOf":{"@id":"https:\/\/www.buhl.de\/vermieter-web\/grundsteuererklaerung-die-zeit-draengt\/"},"author":{"name":"Hartmut Fischer","@id":"https:\/\/www.buhl.de\/vermieter-web\/#\/schema\/person\/82903e1cb04eb553382702d503991b4f"},"headline":"Grundsteuererkl\u00e4rung: Die Zeit dr\u00e4ngt","datePublished":"2023-01-04T17:20:33+00:00","mainEntityOfPage":{"@id":"https:\/\/www.buhl.de\/vermieter-web\/grundsteuererklaerung-die-zeit-draengt\/"},"wordCount":223,"image":{"@id":"https:\/\/www.buhl.de\/vermieter-web\/grundsteuererklaerung-die-zeit-draengt\/#primaryimage"},"thumbnailUrl":"https:\/\/www.buhl.de\/vermieter-web\/wp-content\/uploads\/sites\/33\/2020\/10\/shutterstock_83657056.jpg","keywords":["Abgabetermin","Grundsteuer"],"inLanguage":"de"},{"@type":"WebPage","@id":"https:\/\/www.buhl.de\/vermieter-web\/grundsteuererklaerung-die-zeit-draengt\/","url":"https:\/\/www.buhl.de\/vermieter-web\/grundsteuererklaerung-die-zeit-draengt\/","name":"Grundsteuererkl\u00e4rung: Letzter Termin r\u00fcckt immer n\u00e4her","isPartOf":{"@id":"https:\/\/www.buhl.de\/vermieter-web\/#website"},"primaryImageOfPage":{"@id":"https:\/\/www.buhl.de\/vermieter-web\/grundsteuererklaerung-die-zeit-draengt\/#primaryimage"},"image":{"@id":"https:\/\/www.buhl.de\/vermieter-web\/grundsteuererklaerung-die-zeit-draengt\/#primaryimage"},"thumbnailUrl":"https:\/\/www.buhl.de\/vermieter-web\/wp-content\/uploads\/sites\/33\/2020\/10\/shutterstock_83657056.jpg","datePublished":"2023-01-04T17:20:33+00:00","author":{"@id":"https:\/\/www.buhl.de\/vermieter-web\/#\/schema\/person\/82903e1cb04eb553382702d503991b4f"},"description":"Die Frist f\u00fcr die Abgabe der Grundsteuererkl\u00e4rung l\u00e4uft am 31., Januar 2023 ab. Wer bis dahin nicht reagiert hat, muss mit Strafzahlungen rechnen.","breadcrumb":{"@id":"https:\/\/www.buhl.de\/vermieter-web\/grundsteuererklaerung-die-zeit-draengt\/#breadcrumb"},"inLanguage":"de","potentialAction":[{"@type":"ReadAction","target":["https:\/\/www.buhl.de\/vermieter-web\/grundsteuererklaerung-die-zeit-draengt\/"]}]},{"@type":"ImageObject","inLanguage":"de","@id":"https:\/\/www.buhl.de\/vermieter-web\/grundsteuererklaerung-die-zeit-draengt\/#primaryimage","url":"https:\/\/www.buhl.de\/vermieter-web\/wp-content\/uploads\/sites\/33\/2020\/10\/shutterstock_83657056.jpg","contentUrl":"https:\/\/www.buhl.de\/vermieter-web\/wp-content\/uploads\/sites\/33\/2020\/10\/shutterstock_83657056.jpg","width":840,"height":420},{"@type":"BreadcrumbList","@id":"https:\/\/www.buhl.de\/vermieter-web\/grundsteuererklaerung-die-zeit-draengt\/#breadcrumb","itemListElement":[{"@type":"ListItem","position":1,"name":"Startseite","item":"https:\/\/www.buhl.de\/vermieter-web\/"},{"@type":"ListItem","position":2,"name":"Grundsteuererkl\u00e4rung: Die Zeit dr\u00e4ngt"}]},{"@type":"WebSite","@id":"https:\/\/www.buhl.de\/vermieter-web\/#website","url":"https:\/\/www.buhl.de\/vermieter-web\/","name":"Online-Nebenkostenabrechnung mit WISO Vermieter-Web","description":"","potentialAction":[{"@type":"SearchAction","target":{"@type":"EntryPoint","urlTemplate":"https:\/\/www.buhl.de\/vermieter-web\/?s={search_term_string}"},"query-input":{"@type":"PropertyValueSpecification","valueRequired":true,"valueName":"search_term_string"}}],"inLanguage":"de"},{"@type":"Person","@id":"https:\/\/www.buhl.de\/vermieter-web\/#\/schema\/person\/82903e1cb04eb553382702d503991b4f","name":"Hartmut Fischer"}]}},"_links":{"self":[{"href":"https:\/\/www.buhl.de\/vermieter-web\/wp-json\/wp\/v2\/posts\/15118","targetHints":{"allow":["GET"]}}],"collection":[{"href":"https:\/\/www.buhl.de\/vermieter-web\/wp-json\/wp\/v2\/posts"}],"about":[{"href":"https:\/\/www.buhl.de\/vermieter-web\/wp-json\/wp\/v2\/types\/post"}],"author":[{"embeddable":true,"href":"https:\/\/www.buhl.de\/vermieter-web\/wp-json\/wp\/v2\/users\/15"}],"replies":[{"embeddable":true,"href":"https:\/\/www.buhl.de\/vermieter-web\/wp-json\/wp\/v2\/comments?post=15118"}],"version-history":[{"count":1,"href":"https:\/\/www.buhl.de\/vermieter-web\/wp-json\/wp\/v2\/posts\/15118\/revisions"}],"predecessor-version":[{"id":15120,"href":"https:\/\/www.buhl.de\/vermieter-web\/wp-json\/wp\/v2\/posts\/15118\/revisions\/15120"}],"wp:featuredmedia":[{"embeddable":true,"href":"https:\/\/www.buhl.de\/vermieter-web\/wp-json\/wp\/v2\/media\/13087"}],"wp:attachment":[{"href":"https:\/\/www.buhl.de\/vermieter-web\/wp-json\/wp\/v2\/media?parent=15118"}],"wp:term":[{"taxonomy":"category","embeddable":true,"href":"https:\/\/www.buhl.de\/vermieter-web\/wp-json\/wp\/v2\/categories?post=15118"},{"taxonomy":"post_tag","embeddable":true,"href":"https:\/\/www.buhl.de\/vermieter-web\/wp-json\/wp\/v2\/tags?post=15118"}],"curies":[{"name":"wp","href":"https:\/\/api.w.org\/{rel}","templated":true}]}}