{"id":15227,"date":"2023-02-21T11:35:31","date_gmt":"2023-02-21T10:35:31","guid":{"rendered":"https:\/\/www.buhl.de\/vermieter-web\/?p=15227"},"modified":"2023-02-21T11:35:31","modified_gmt":"2023-02-21T10:35:31","slug":"rueckabwicklung-einer-grundstuecksuebertragung-mit-pflegevereinbarung","status":"publish","type":"post","link":"https:\/\/www.buhl.de\/vermieter-web\/rueckabwicklung-einer-grundstuecksuebertragung-mit-pflegevereinbarung\/","title":{"rendered":"R\u00fcckabwicklung einer Grundst\u00fccks\u00fcbertragung mit Pflegevereinbarung"},"content":{"rendered":"<p><strong>Wurde eine Grundst\u00fccks\u00fcbertragung mit Pflegevereinbarung geschlossen und kommt es zwischen den Vertragsparteien zu so un\u00fcberbr\u00fcckbaren Differenzen, dass man von einer heillosen Zerr\u00fcttung reden kann, ist eine R\u00fcckabwicklung der \u00dcbertragung m\u00f6glich. Es kann sich hier um den Wegfall der Gesch\u00e4ftsgrundlage handeln. Allerdings darf die Zerr\u00fcttung nicht dem \u00dcbertragenden allein angelastet werden k\u00f6nnen. Zu diesem Ergebnis kam das Oberlandesgericht Hamm in einem Urteil vom 19.12.2022 (Aktenzeichen 22 U 97\/17).<\/strong><\/p>\n<h5>Vereinbarung: Immobilie gegen Pflege<\/h5>\n<p>In dem Verfahren ging es um Geschwister, die sich zerstritten hatten. Der Bruder hatte nach einem schweren Herzinfarkt, durch den er auf Pflege angewiesen war, mit seiner Schwester einen sogenannten Grundst\u00fccks\u00fcbertragungsvertrag mit Pflegevereinbarung. Die Schwester bekam das Grundst\u00fcck. Daf\u00fcr sollte sie die Pflege Ihres Bruders \u00fcbernehmen. Au\u00dferdem wurde dem Bruder ein Wohnrecht f\u00fcr diverse R\u00e4ume des Hauses einger\u00e4umt.<\/p>\n<h5>Un\u00fcberbr\u00fcckbarer Streit der Vertragsparteien<\/h5>\n<p>Nach einiger Zeit kam es jedoch zum Streit zwischen den Geschwistern. Die Schwester wollte ihrem Bruder verbieten, Besuche in den ihm zugesprochenen R\u00e4umen zu empfangen. Auch den barrierefreien Umbau des Bades behinderte sie massiv.<\/p>\n<p>Da sich die Streitigkeiten nicht beilegen lie\u00dfen, ging der Bruder vor Gericht und verlangte die R\u00fcck\u00fcbertragung des Grundst\u00fccks. Allerdings konnte er sich\u00a0 vor dem Landgericht Hamm nicht durchsetzen \u2013 die Klage wurde abgewiesen. Darum legte der Bruder Berufung beim Oberlandesgericht Hamm ein.<\/p>\n<h5>Oberlandesgericht: E\u00fcck\u00fcberragung m\u00f6glich<\/h5>\n<p>Dort konnte er sich durchsetzen. Das Oberlandesgericht best\u00e4tigte den Anspruch auf R\u00fcck\u00fcbertragung des Grundst\u00fccks und berief sich dabei auf <a href=\"https:\/\/www.gesetze-im-internet.de\/bgb\/__313.html\">\u00a7 313 Abs. 3 BGB<\/a> (St\u00f6rung der Gesch\u00e4ftsgrundlage).<\/p>\n<p>Die Streitigkeiten\u00a0 h\u00e4tten zu einem so tiefen Zerw\u00fcrfnis zwischen den Geschwistern gef\u00fchrt, dass man vom Wegfall der Gesch\u00e4ftsgrundlage ausgehen m\u00fcsse. Eine einseitige Schuld am Zerw\u00fcrfnis k\u00f6nne dem Kl\u00e4ger aber nicht angelastet werden. Es habe keinen nachvollziehbaren Grund gegeben, dem Bruder den Besuchsempfang und den behindertengerechten Umbau des Bades zu untersagen.<\/p>\n<hr \/>\n<h5>Das k\u00f6nnte Sie auch Interessieren:<\/h5>\n<p><a href=\"https:\/\/www.buhl.de\/vermieter-web\/haus-verkaufen-aber-weiter-drin-wohnen\/\">Haus verkaufen \u2013 aber weiter drin wohnen<\/a><br \/>\n<a href=\"https:\/\/www.buhl.de\/vermieter-web\/9960-2\/\">Erbschaftssteuernachforderung wegen verschenktem Haus<\/a><br \/>\n<a href=\"https:\/\/www.buhl.de\/vermieter-web\/erbschafts-oder-schenkungssteuer-sparen\/\">Erbschafts- oder Schenkungssteuer sparen<\/a><\/p>\n<hr \/>\n<p>&nbsp;<\/p>\n","protected":false},"excerpt":{"rendered":"<p>Wurde eine Grundst\u00fccks\u00fcbertragung mit Pflegevereinbarung geschlossen und kommt es zwischen den Vertragsparteien zu so un\u00fcberbr\u00fcckbaren Differenzen, dass man von einer heillosen Zerr\u00fcttung reden kann, ist eine R\u00fcckabwicklung der \u00dcbertragung m\u00f6glich. Es kann sich hier um den Wegfall der Gesch\u00e4ftsgrundlage handeln. Allerdings darf die Zerr\u00fcttung nicht dem \u00dcbertragenden allein angelastet werden k\u00f6nnen. Zu diesem Ergebnis kam &hellip; <\/p>\n<p class=\"link-more\"><a href=\"https:\/\/www.buhl.de\/vermieter-web\/rueckabwicklung-einer-grundstuecksuebertragung-mit-pflegevereinbarung\/\" class=\"more-link\"><span class=\"screen-reader-text\">\u201eR\u00fcckabwicklung einer Grundst\u00fccks\u00fcbertragung mit Pflegevereinbarung\u201c<\/span> weiterlesen<\/a><\/p>\n","protected":false},"author":15,"featured_media":15232,"comment_status":"closed","ping_status":"open","sticky":false,"template":"","format":"standard","meta":{"footnotes":""},"categories":[1],"tags":[3228,5478,6019,2384],"class_list":["post-15227","post","type-post","status-publish","format-standard","has-post-thumbnail","hentry","category-allgemein","tag-pflege","tag-pflichten","tag-rueckabwicklung","tag-uebertragung"],"yoast_head":"<!-- This site is optimized with the Yoast SEO Premium plugin v27.4 (Yoast SEO v27.5) - https:\/\/yoast.com\/product\/yoast-seo-premium-wordpress\/ -->\n<title>R\u00fcckabwicklung einer Grundst\u00fccks\u00fcbertragung mit Pflegevereinbarung - Online-Nebenkostenabrechnung mit WISO Vermieter-Web<\/title>\n<meta name=\"robots\" content=\"noindex, nofollow\" \/>\n<meta property=\"og:locale\" content=\"de_DE\" \/>\n<meta property=\"og:type\" content=\"article\" \/>\n<meta property=\"og:title\" content=\"R\u00fcckabwicklung einer Grundst\u00fccks\u00fcbertragung mit Pflegevereinbarung\" \/>\n<meta property=\"og:description\" content=\"Wurde eine Grundst\u00fccks\u00fcbertragung mit Pflegevereinbarung geschlossen und kommt es zwischen den Vertragsparteien zu so un\u00fcberbr\u00fcckbaren Differenzen, dass man von einer heillosen Zerr\u00fcttung reden kann, ist eine R\u00fcckabwicklung der \u00dcbertragung m\u00f6glich. Es kann sich hier um den Wegfall der Gesch\u00e4ftsgrundlage handeln. Allerdings darf die Zerr\u00fcttung nicht dem \u00dcbertragenden allein angelastet werden k\u00f6nnen. Zu diesem Ergebnis kam &hellip; \u201eR\u00fcckabwicklung einer Grundst\u00fccks\u00fcbertragung mit Pflegevereinbarung\u201c weiterlesen\" \/>\n<meta property=\"og:url\" content=\"https:\/\/www.buhl.de\/vermieter-web\/rueckabwicklung-einer-grundstuecksuebertragung-mit-pflegevereinbarung\/\" \/>\n<meta property=\"og:site_name\" content=\"Online-Nebenkostenabrechnung mit WISO Vermieter-Web\" \/>\n<meta property=\"article:published_time\" content=\"2023-02-21T10:35:31+00:00\" \/>\n<meta property=\"og:image\" content=\"https:\/\/www.buhl.de\/vermieter-web\/wp-content\/uploads\/sites\/33\/2023\/02\/shutterstock_377374993.jpg\" \/>\n\t<meta property=\"og:image:width\" content=\"840\" \/>\n\t<meta property=\"og:image:height\" content=\"420\" \/>\n\t<meta property=\"og:image:type\" content=\"image\/jpeg\" \/>\n<meta name=\"author\" content=\"Hartmut Fischer\" \/>\n<meta name=\"twitter:card\" content=\"summary_large_image\" \/>\n<meta name=\"twitter:label1\" content=\"Verfasst von\" \/>\n\t<meta name=\"twitter:data1\" content=\"Hartmut Fischer\" \/>\n\t<meta name=\"twitter:label2\" content=\"Gesch\u00e4tzte Lesezeit\" \/>\n\t<meta name=\"twitter:data2\" content=\"2\u00a0Minuten\" \/>\n<script type=\"application\/ld+json\" class=\"yoast-schema-graph\">{\"@context\":\"https:\\\/\\\/schema.org\",\"@graph\":[{\"@type\":\"Article\",\"@id\":\"https:\\\/\\\/www.buhl.de\\\/vermieter-web\\\/rueckabwicklung-einer-grundstuecksuebertragung-mit-pflegevereinbarung\\\/#article\",\"isPartOf\":{\"@id\":\"https:\\\/\\\/www.buhl.de\\\/vermieter-web\\\/rueckabwicklung-einer-grundstuecksuebertragung-mit-pflegevereinbarung\\\/\"},\"author\":{\"name\":\"Hartmut Fischer\",\"@id\":\"https:\\\/\\\/www.buhl.de\\\/vermieter-web\\\/#\\\/schema\\\/person\\\/82903e1cb04eb553382702d503991b4f\"},\"headline\":\"R\u00fcckabwicklung einer Grundst\u00fccks\u00fcbertragung mit Pflegevereinbarung\",\"datePublished\":\"2023-02-21T10:35:31+00:00\",\"mainEntityOfPage\":{\"@id\":\"https:\\\/\\\/www.buhl.de\\\/vermieter-web\\\/rueckabwicklung-einer-grundstuecksuebertragung-mit-pflegevereinbarung\\\/\"},\"wordCount\":353,\"image\":{\"@id\":\"https:\\\/\\\/www.buhl.de\\\/vermieter-web\\\/rueckabwicklung-einer-grundstuecksuebertragung-mit-pflegevereinbarung\\\/#primaryimage\"},\"thumbnailUrl\":\"https:\\\/\\\/www.buhl.de\\\/vermieter-web\\\/wp-content\\\/uploads\\\/sites\\\/33\\\/2023\\\/02\\\/shutterstock_377374993.jpg\",\"keywords\":[\"Pflege\",\"Pflichten\",\"R\u00fcckabwicklung\",\"\u00dcbertragung\"],\"inLanguage\":\"de\"},{\"@type\":\"WebPage\",\"@id\":\"https:\\\/\\\/www.buhl.de\\\/vermieter-web\\\/rueckabwicklung-einer-grundstuecksuebertragung-mit-pflegevereinbarung\\\/\",\"url\":\"https:\\\/\\\/www.buhl.de\\\/vermieter-web\\\/rueckabwicklung-einer-grundstuecksuebertragung-mit-pflegevereinbarung\\\/\",\"name\":\"R\u00fcckabwicklung einer Grundst\u00fccks\u00fcbertragung mit Pflegevereinbarung - Online-Nebenkostenabrechnung mit WISO Vermieter-Web\",\"isPartOf\":{\"@id\":\"https:\\\/\\\/www.buhl.de\\\/vermieter-web\\\/#website\"},\"primaryImageOfPage\":{\"@id\":\"https:\\\/\\\/www.buhl.de\\\/vermieter-web\\\/rueckabwicklung-einer-grundstuecksuebertragung-mit-pflegevereinbarung\\\/#primaryimage\"},\"image\":{\"@id\":\"https:\\\/\\\/www.buhl.de\\\/vermieter-web\\\/rueckabwicklung-einer-grundstuecksuebertragung-mit-pflegevereinbarung\\\/#primaryimage\"},\"thumbnailUrl\":\"https:\\\/\\\/www.buhl.de\\\/vermieter-web\\\/wp-content\\\/uploads\\\/sites\\\/33\\\/2023\\\/02\\\/shutterstock_377374993.jpg\",\"datePublished\":\"2023-02-21T10:35:31+00:00\",\"author\":{\"@id\":\"https:\\\/\\\/www.buhl.de\\\/vermieter-web\\\/#\\\/schema\\\/person\\\/82903e1cb04eb553382702d503991b4f\"},\"breadcrumb\":{\"@id\":\"https:\\\/\\\/www.buhl.de\\\/vermieter-web\\\/rueckabwicklung-einer-grundstuecksuebertragung-mit-pflegevereinbarung\\\/#breadcrumb\"},\"inLanguage\":\"de\",\"potentialAction\":[{\"@type\":\"ReadAction\",\"target\":[\"https:\\\/\\\/www.buhl.de\\\/vermieter-web\\\/rueckabwicklung-einer-grundstuecksuebertragung-mit-pflegevereinbarung\\\/\"]}]},{\"@type\":\"ImageObject\",\"inLanguage\":\"de\",\"@id\":\"https:\\\/\\\/www.buhl.de\\\/vermieter-web\\\/rueckabwicklung-einer-grundstuecksuebertragung-mit-pflegevereinbarung\\\/#primaryimage\",\"url\":\"https:\\\/\\\/www.buhl.de\\\/vermieter-web\\\/wp-content\\\/uploads\\\/sites\\\/33\\\/2023\\\/02\\\/shutterstock_377374993.jpg\",\"contentUrl\":\"https:\\\/\\\/www.buhl.de\\\/vermieter-web\\\/wp-content\\\/uploads\\\/sites\\\/33\\\/2023\\\/02\\\/shutterstock_377374993.jpg\",\"width\":840,\"height\":420,\"caption\":\"Couple in a fight\"},{\"@type\":\"BreadcrumbList\",\"@id\":\"https:\\\/\\\/www.buhl.de\\\/vermieter-web\\\/rueckabwicklung-einer-grundstuecksuebertragung-mit-pflegevereinbarung\\\/#breadcrumb\",\"itemListElement\":[{\"@type\":\"ListItem\",\"position\":1,\"name\":\"Startseite\",\"item\":\"https:\\\/\\\/www.buhl.de\\\/vermieter-web\\\/\"},{\"@type\":\"ListItem\",\"position\":2,\"name\":\"R\u00fcckabwicklung einer Grundst\u00fccks\u00fcbertragung mit Pflegevereinbarung\"}]},{\"@type\":\"WebSite\",\"@id\":\"https:\\\/\\\/www.buhl.de\\\/vermieter-web\\\/#website\",\"url\":\"https:\\\/\\\/www.buhl.de\\\/vermieter-web\\\/\",\"name\":\"Online-Nebenkostenabrechnung mit WISO Vermieter-Web\",\"description\":\"\",\"potentialAction\":[{\"@type\":\"SearchAction\",\"target\":{\"@type\":\"EntryPoint\",\"urlTemplate\":\"https:\\\/\\\/www.buhl.de\\\/vermieter-web\\\/?s={search_term_string}\"},\"query-input\":{\"@type\":\"PropertyValueSpecification\",\"valueRequired\":true,\"valueName\":\"search_term_string\"}}],\"inLanguage\":\"de\"},{\"@type\":\"Person\",\"@id\":\"https:\\\/\\\/www.buhl.de\\\/vermieter-web\\\/#\\\/schema\\\/person\\\/82903e1cb04eb553382702d503991b4f\",\"name\":\"Hartmut Fischer\"}]}<\/script>\n<!-- \/ Yoast SEO Premium plugin. -->","yoast_head_json":{"title":"R\u00fcckabwicklung einer Grundst\u00fccks\u00fcbertragung mit Pflegevereinbarung - Online-Nebenkostenabrechnung mit WISO Vermieter-Web","robots":{"index":"noindex","follow":"nofollow"},"og_locale":"de_DE","og_type":"article","og_title":"R\u00fcckabwicklung einer Grundst\u00fccks\u00fcbertragung mit Pflegevereinbarung","og_description":"Wurde eine Grundst\u00fccks\u00fcbertragung mit Pflegevereinbarung geschlossen und kommt es zwischen den Vertragsparteien zu so un\u00fcberbr\u00fcckbaren Differenzen, dass man von einer heillosen Zerr\u00fcttung reden kann, ist eine R\u00fcckabwicklung der \u00dcbertragung m\u00f6glich. Es kann sich hier um den Wegfall der Gesch\u00e4ftsgrundlage handeln. Allerdings darf die Zerr\u00fcttung nicht dem \u00dcbertragenden allein angelastet werden k\u00f6nnen. Zu diesem Ergebnis kam &hellip; \u201eR\u00fcckabwicklung einer Grundst\u00fccks\u00fcbertragung mit Pflegevereinbarung\u201c weiterlesen","og_url":"https:\/\/www.buhl.de\/vermieter-web\/rueckabwicklung-einer-grundstuecksuebertragung-mit-pflegevereinbarung\/","og_site_name":"Online-Nebenkostenabrechnung mit WISO Vermieter-Web","article_published_time":"2023-02-21T10:35:31+00:00","og_image":[{"width":840,"height":420,"url":"https:\/\/www.buhl.de\/vermieter-web\/wp-content\/uploads\/sites\/33\/2023\/02\/shutterstock_377374993.jpg","type":"image\/jpeg"}],"author":"Hartmut Fischer","twitter_card":"summary_large_image","twitter_misc":{"Verfasst von":"Hartmut Fischer","Gesch\u00e4tzte Lesezeit":"2\u00a0Minuten"},"schema":{"@context":"https:\/\/schema.org","@graph":[{"@type":"Article","@id":"https:\/\/www.buhl.de\/vermieter-web\/rueckabwicklung-einer-grundstuecksuebertragung-mit-pflegevereinbarung\/#article","isPartOf":{"@id":"https:\/\/www.buhl.de\/vermieter-web\/rueckabwicklung-einer-grundstuecksuebertragung-mit-pflegevereinbarung\/"},"author":{"name":"Hartmut Fischer","@id":"https:\/\/www.buhl.de\/vermieter-web\/#\/schema\/person\/82903e1cb04eb553382702d503991b4f"},"headline":"R\u00fcckabwicklung einer Grundst\u00fccks\u00fcbertragung mit Pflegevereinbarung","datePublished":"2023-02-21T10:35:31+00:00","mainEntityOfPage":{"@id":"https:\/\/www.buhl.de\/vermieter-web\/rueckabwicklung-einer-grundstuecksuebertragung-mit-pflegevereinbarung\/"},"wordCount":353,"image":{"@id":"https:\/\/www.buhl.de\/vermieter-web\/rueckabwicklung-einer-grundstuecksuebertragung-mit-pflegevereinbarung\/#primaryimage"},"thumbnailUrl":"https:\/\/www.buhl.de\/vermieter-web\/wp-content\/uploads\/sites\/33\/2023\/02\/shutterstock_377374993.jpg","keywords":["Pflege","Pflichten","R\u00fcckabwicklung","\u00dcbertragung"],"inLanguage":"de"},{"@type":"WebPage","@id":"https:\/\/www.buhl.de\/vermieter-web\/rueckabwicklung-einer-grundstuecksuebertragung-mit-pflegevereinbarung\/","url":"https:\/\/www.buhl.de\/vermieter-web\/rueckabwicklung-einer-grundstuecksuebertragung-mit-pflegevereinbarung\/","name":"R\u00fcckabwicklung einer Grundst\u00fccks\u00fcbertragung mit Pflegevereinbarung - Online-Nebenkostenabrechnung mit WISO Vermieter-Web","isPartOf":{"@id":"https:\/\/www.buhl.de\/vermieter-web\/#website"},"primaryImageOfPage":{"@id":"https:\/\/www.buhl.de\/vermieter-web\/rueckabwicklung-einer-grundstuecksuebertragung-mit-pflegevereinbarung\/#primaryimage"},"image":{"@id":"https:\/\/www.buhl.de\/vermieter-web\/rueckabwicklung-einer-grundstuecksuebertragung-mit-pflegevereinbarung\/#primaryimage"},"thumbnailUrl":"https:\/\/www.buhl.de\/vermieter-web\/wp-content\/uploads\/sites\/33\/2023\/02\/shutterstock_377374993.jpg","datePublished":"2023-02-21T10:35:31+00:00","author":{"@id":"https:\/\/www.buhl.de\/vermieter-web\/#\/schema\/person\/82903e1cb04eb553382702d503991b4f"},"breadcrumb":{"@id":"https:\/\/www.buhl.de\/vermieter-web\/rueckabwicklung-einer-grundstuecksuebertragung-mit-pflegevereinbarung\/#breadcrumb"},"inLanguage":"de","potentialAction":[{"@type":"ReadAction","target":["https:\/\/www.buhl.de\/vermieter-web\/rueckabwicklung-einer-grundstuecksuebertragung-mit-pflegevereinbarung\/"]}]},{"@type":"ImageObject","inLanguage":"de","@id":"https:\/\/www.buhl.de\/vermieter-web\/rueckabwicklung-einer-grundstuecksuebertragung-mit-pflegevereinbarung\/#primaryimage","url":"https:\/\/www.buhl.de\/vermieter-web\/wp-content\/uploads\/sites\/33\/2023\/02\/shutterstock_377374993.jpg","contentUrl":"https:\/\/www.buhl.de\/vermieter-web\/wp-content\/uploads\/sites\/33\/2023\/02\/shutterstock_377374993.jpg","width":840,"height":420,"caption":"Couple in a fight"},{"@type":"BreadcrumbList","@id":"https:\/\/www.buhl.de\/vermieter-web\/rueckabwicklung-einer-grundstuecksuebertragung-mit-pflegevereinbarung\/#breadcrumb","itemListElement":[{"@type":"ListItem","position":1,"name":"Startseite","item":"https:\/\/www.buhl.de\/vermieter-web\/"},{"@type":"ListItem","position":2,"name":"R\u00fcckabwicklung einer Grundst\u00fccks\u00fcbertragung mit Pflegevereinbarung"}]},{"@type":"WebSite","@id":"https:\/\/www.buhl.de\/vermieter-web\/#website","url":"https:\/\/www.buhl.de\/vermieter-web\/","name":"Online-Nebenkostenabrechnung mit WISO Vermieter-Web","description":"","potentialAction":[{"@type":"SearchAction","target":{"@type":"EntryPoint","urlTemplate":"https:\/\/www.buhl.de\/vermieter-web\/?s={search_term_string}"},"query-input":{"@type":"PropertyValueSpecification","valueRequired":true,"valueName":"search_term_string"}}],"inLanguage":"de"},{"@type":"Person","@id":"https:\/\/www.buhl.de\/vermieter-web\/#\/schema\/person\/82903e1cb04eb553382702d503991b4f","name":"Hartmut Fischer"}]}},"_links":{"self":[{"href":"https:\/\/www.buhl.de\/vermieter-web\/wp-json\/wp\/v2\/posts\/15227","targetHints":{"allow":["GET"]}}],"collection":[{"href":"https:\/\/www.buhl.de\/vermieter-web\/wp-json\/wp\/v2\/posts"}],"about":[{"href":"https:\/\/www.buhl.de\/vermieter-web\/wp-json\/wp\/v2\/types\/post"}],"author":[{"embeddable":true,"href":"https:\/\/www.buhl.de\/vermieter-web\/wp-json\/wp\/v2\/users\/15"}],"replies":[{"embeddable":true,"href":"https:\/\/www.buhl.de\/vermieter-web\/wp-json\/wp\/v2\/comments?post=15227"}],"version-history":[{"count":1,"href":"https:\/\/www.buhl.de\/vermieter-web\/wp-json\/wp\/v2\/posts\/15227\/revisions"}],"predecessor-version":[{"id":15229,"href":"https:\/\/www.buhl.de\/vermieter-web\/wp-json\/wp\/v2\/posts\/15227\/revisions\/15229"}],"wp:featuredmedia":[{"embeddable":true,"href":"https:\/\/www.buhl.de\/vermieter-web\/wp-json\/wp\/v2\/media\/15232"}],"wp:attachment":[{"href":"https:\/\/www.buhl.de\/vermieter-web\/wp-json\/wp\/v2\/media?parent=15227"}],"wp:term":[{"taxonomy":"category","embeddable":true,"href":"https:\/\/www.buhl.de\/vermieter-web\/wp-json\/wp\/v2\/categories?post=15227"},{"taxonomy":"post_tag","embeddable":true,"href":"https:\/\/www.buhl.de\/vermieter-web\/wp-json\/wp\/v2\/tags?post=15227"}],"curies":[{"name":"wp","href":"https:\/\/api.w.org\/{rel}","templated":true}]}}