{"id":15275,"date":"2023-03-10T15:11:59","date_gmt":"2023-03-10T14:11:59","guid":{"rendered":"https:\/\/www.buhl.de\/vermieter-web\/?p=15275"},"modified":"2023-03-17T17:25:30","modified_gmt":"2023-03-17T16:25:30","slug":"waermepumpen-mit-heizkoerpern","status":"publish","type":"post","link":"https:\/\/www.buhl.de\/vermieter-web\/waermepumpen-mit-heizkoerpern\/","title":{"rendered":"W\u00e4rmepumpen mit Heizk\u00f6rper?"},"content":{"rendered":"<p><strong>Bei der Umstellung der Heizenergie von fossil auf erneuerbar wird auch die W\u00e4rmpumpe ins Spiel gebracht. Dabei wird oft behauptet, dass die W\u00e4rmepumpen nur in Verbindung mit Fu\u00dfbodenheizungen betrieben werden k\u00f6nnen. Doch das stimmt nur bedingt. <\/strong><\/p>\n<h5>W\u00e4rmepumpe auf dem Vormarsch<\/h5>\n<p>W\u00e4rmepumpen-Heizungen sind hoch im Kurs. Im vorigen Jahr wurden \u00fcber 230.000 davon in Neu- und Altbauten installiert \u2013 so viele wie noch nie. Wie aber lebt es sich mit einem solchen Heizsystem? Welche Umbauma\u00dfnahmen sind notwendig? Und wie gelingt der Umstieg von einer klassischen Heizung auf eine W\u00e4rmepumpe? Vor allem aber: Ist eine W\u00e4rmepumpe \u00fcberhaupt sinnvoll? Dies lie\u00df sich bislang nur mithilfe von Fachkr\u00e4ften vor Ort bestimmen. Die Fachbetriebe sind aber meist Monate im Voraus ausgebucht. Abhilfe schafft der neue digitale Eignungstest f\u00fcr W\u00e4rmepumpen.\u00a0 Den Online-Test finden Sie <a href=\"https:\/\/www.co2online.de\/service\/energiesparchecks\/waermepumpencheck\/\">hier<\/a>.<\/p>\n<h5>Fu\u00dfbondenheizung: Optimal &#8211; aber nicht zwingend<\/h5>\n<p>Oft wird behauptet, dass eine W\u00e4rmepumpe nur mit einer Fu\u00dfbodenheizung eingesetzt werden kann. Dies ist aber so nicht richtig. Der Einsatz einer W\u00e4rmepumpe im Altbau mit Heizk\u00f6rpern ist m\u00f6glich. Neben der Art der Heizk\u00f6rper f\u00fcr die W\u00e4rmepumpe sollte auch deren\u00a0Dimensionierung\u00a0bedacht werden. Je kleiner das Heizverteilsystem ausgelegt wird, umso weniger effizient arbeitet die Heizanlage. Eine \u00dcberdimensionierung verbessert hingegen die Wirtschaftlichkeit. Gerade im Altbau sind W\u00e4rmepumpen auf\u00a0\u00fcbergro\u00dfe Heizk\u00f6rper\u00a0angewiesen, da hier die\u00a0Geb\u00e4uded\u00e4mmung\u00a0oftmals deutlich schlechter als in Neubauten ist.<\/p>\n<p>Um eine W\u00e4rmepumpe mit normalen Heizk\u00f6rpern und ohne Fl\u00e4chenheizung dennoch effizient zu betreiben, gibt es verschiedene Optimierungsma\u00dfnahmen, die Sie im Altbau bzw. Bestandsbau durchf\u00fchren k\u00f6nnen. Auf diese Weise k\u00f6nnen Sie die\u00a0Vorlauftemperaturen senken\u00a0oder allgemeine\u00a0W\u00e4rmeverluste vermeiden, wodurch das Heizsystem wirtschaftlicher arbeiten kann.<\/p>\n<h5>Fl\u00e4che der W\u00e4rmeabgabe entscheidend<\/h5>\n<p>F\u00fcr den effizienten Betrieb einer W\u00e4rmepumpe mit Heizk\u00f6rpern ist es entscheidend, dass diese auf einer m\u00f6glichst gro\u00dfen Fl\u00e4che W\u00e4rme abgeben k\u00f6nnen. Je gr\u00f6\u00dfer die Heizfl\u00e4che des Heizk\u00f6rpers ist, desto h\u00f6her ist die W\u00e4rmestrahlung und desto geringer kann die Vorlauftemperatur ausfallen, um die gew\u00fcnschte W\u00e4rme an den Raum abzugeben.<\/p>\n<p>Spezielle W\u00e4rmepumpenheizk\u00f6rper bzw. Niedrigtemperatur-Heizk\u00f6rper eignen sich ideal f\u00fcr eine W\u00e4rmepumpe, weil sie besonders niedrige Vorlauftemperaturen erm\u00f6glichen und die Effizienz der W\u00e4rmepumpen-Heizung steigern.<\/p>\n<h5>Ungeeignete Heizk\u00f6rper<\/h5>\n<p>Ungeeignet f\u00fcr eine W\u00e4rmepumpe sind die sehr alten Gliederheizk\u00f6rper, die noch in Altbauten anzutreffen sind. Diese \u2013 auch Rippenradiatoren genannten \u2013 Heizk\u00f6rper bieten zu wenig Fl\u00e4che, um W\u00e4rme auszustrahlen.<\/p>\n<p>Auch die sogenannten R\u00f6hrenheizk\u00f6rper sind eher ungeeignet f\u00fcr die Zusammenarbeit mit einer W\u00e4rmepumpe. Diesen Typ findet man h\u00e4ufig in Badezimmern. Sie bestehen aus mehreren R\u00f6hren, durch die das Heizwasser energiesparender geleitet wird. Von der Funktion her \u00e4hneln sie den Gliederheizk\u00f6rpern.<\/p>\n<h5>Geeignete Heizk\u00f6rper<\/h5>\n<p>Besser geeignet sind die Plattenheizk\u00f6rper, die die W\u00e4rme \u00fcber gro\u00dfe, \u00fcberwiegend flache Heizfl\u00e4chen abgeben.\u00a0 Sie k\u00f6nnen mit niedrigen Vorlauftemperaturen arbeiten. Die W\u00e4rmeabgabe erfolgt zum gro\u00dfen Teil durch Strahlungsw\u00e4rme.<\/p>\n<p>Am besten sind sogenannte Niedertemperatur-Heizk\u00f6rper geeignet, die ihre W\u00e4rme \u00fcber Leitbleche aus Aluminium oder profiliertem Stahlblech abgeben. Sie zeichnen sich durch einen hohen Strahlungsanteil der W\u00e4rme und geringe Vorlauftemperaturen aus.<\/p>\n<hr \/>\n<h5>Das k\u00f6nnte sie auch interessieren:<\/h5>\n<p><a href=\"https:\/\/www.buhl.de\/vermieter-web\/aus-fuer-oel-und-gasheizungen\/\">Aus f\u00fcr \u00d6l- und Gasheizungen?<\/a><br \/>\n<a href=\"https:\/\/www.buhl.de\/vermieter-web\/buchtipp-ratgeber-heizung\/\">Buchtipp: Ratgeber Heizung<\/a><br \/>\n<a href=\"https:\/\/www.buhl.de\/vermieter-web\/die-luftwaermepumpe-und-das-nachbargrundstueck\/\">Die Luftw\u00e4rmepumpe und das Nachbargrundst\u00fcck<\/a><\/p>\n<hr \/>\n<p>&nbsp;<\/p>\n","protected":false},"excerpt":{"rendered":"<p>Bei der Umstellung der Heizenergie von fossil auf erneuerbar wird auch die W\u00e4rmpumpe ins Spiel gebracht. Dabei wird oft behauptet, dass die W\u00e4rmepumpen nur in Verbindung mit Fu\u00dfbodenheizungen betrieben werden k\u00f6nnen. Doch das stimmt nur bedingt. W\u00e4rmepumpe auf dem Vormarsch W\u00e4rmepumpen-Heizungen sind hoch im Kurs. Im vorigen Jahr wurden \u00fcber 230.000 davon in Neu- und &hellip; <\/p>\n<p class=\"link-more\"><a href=\"https:\/\/www.buhl.de\/vermieter-web\/waermepumpen-mit-heizkoerpern\/\" class=\"more-link\"><span class=\"screen-reader-text\">\u201eW\u00e4rmepumpen mit Heizk\u00f6rper?\u201c<\/span> weiterlesen<\/a><\/p>\n","protected":false},"author":15,"featured_media":15280,"comment_status":"closed","ping_status":"open","sticky":false,"template":"","format":"standard","meta":{"footnotes":""},"categories":[1],"tags":[622,6033],"class_list":["post-15275","post","type-post","status-publish","format-standard","has-post-thumbnail","hentry","category-allgemein","tag-heizkoerper","tag-waermepumpe"],"yoast_head":"<!-- This site is optimized with the Yoast SEO Premium plugin v27.0 (Yoast SEO v27.0) - https:\/\/yoast.com\/product\/yoast-seo-premium-wordpress\/ -->\n<title>W\u00e4rmepumpen k\u00f6nnen auch mit Heizk\u00f6rpern genutzt werden<\/title>\n<meta name=\"description\" content=\"Die weit verbreitete Ansicht, dass W\u00e4rmepumpen grunds\u00e4tzlich nur mit Fu\u00dfbodenheizungen kombiniert werden k\u00f6nnen, stimmt nur bedingt.\" \/>\n<meta name=\"robots\" content=\"noindex, nofollow\" \/>\n<meta property=\"og:locale\" content=\"de_DE\" \/>\n<meta property=\"og:type\" content=\"article\" \/>\n<meta property=\"og:title\" content=\"W\u00e4rmepumpen mit Heizk\u00f6rper?\" \/>\n<meta property=\"og:description\" content=\"Die weit verbreitete Ansicht, dass W\u00e4rmepumpen grunds\u00e4tzlich nur mit Fu\u00dfbodenheizungen kombiniert werden k\u00f6nnen, stimmt nur bedingt.\" \/>\n<meta property=\"og:url\" content=\"https:\/\/www.buhl.de\/vermieter-web\/waermepumpen-mit-heizkoerpern\/\" \/>\n<meta property=\"og:site_name\" content=\"Online-Nebenkostenabrechnung mit WISO Vermieter-Web\" \/>\n<meta property=\"article:published_time\" content=\"2023-03-10T14:11:59+00:00\" \/>\n<meta property=\"article:modified_time\" content=\"2023-03-17T16:25:30+00:00\" \/>\n<meta property=\"og:image\" content=\"https:\/\/www.buhl.de\/vermieter-web\/wp-content\/uploads\/sites\/33\/2023\/03\/waermepumpe.jpg\" \/>\n\t<meta property=\"og:image:width\" content=\"847\" \/>\n\t<meta property=\"og:image:height\" content=\"432\" \/>\n\t<meta property=\"og:image:type\" content=\"image\/jpeg\" \/>\n<meta name=\"author\" content=\"Hartmut Fischer\" \/>\n<meta name=\"twitter:card\" content=\"summary_large_image\" \/>\n<meta name=\"twitter:label1\" content=\"Verfasst von\" \/>\n\t<meta name=\"twitter:data1\" content=\"Hartmut Fischer\" \/>\n\t<meta name=\"twitter:label2\" content=\"Gesch\u00e4tzte Lesezeit\" \/>\n\t<meta name=\"twitter:data2\" content=\"3\u00a0Minuten\" \/>\n<script type=\"application\/ld+json\" class=\"yoast-schema-graph\">{\"@context\":\"https:\/\/schema.org\",\"@graph\":[{\"@type\":\"Article\",\"@id\":\"https:\/\/www.buhl.de\/vermieter-web\/waermepumpen-mit-heizkoerpern\/#article\",\"isPartOf\":{\"@id\":\"https:\/\/www.buhl.de\/vermieter-web\/waermepumpen-mit-heizkoerpern\/\"},\"author\":{\"name\":\"Hartmut Fischer\",\"@id\":\"https:\/\/www.buhl.de\/vermieter-web\/#\/schema\/person\/82903e1cb04eb553382702d503991b4f\"},\"headline\":\"W\u00e4rmepumpen mit Heizk\u00f6rper?\",\"datePublished\":\"2023-03-10T14:11:59+00:00\",\"dateModified\":\"2023-03-17T16:25:30+00:00\",\"mainEntityOfPage\":{\"@id\":\"https:\/\/www.buhl.de\/vermieter-web\/waermepumpen-mit-heizkoerpern\/\"},\"wordCount\":572,\"image\":{\"@id\":\"https:\/\/www.buhl.de\/vermieter-web\/waermepumpen-mit-heizkoerpern\/#primaryimage\"},\"thumbnailUrl\":\"https:\/\/www.buhl.de\/vermieter-web\/wp-content\/uploads\/sites\/33\/2023\/03\/waermepumpe.jpg\",\"keywords\":[\"Heizk\u00f6rper\",\"W\u00e4rmepumpe\"],\"inLanguage\":\"de\"},{\"@type\":\"WebPage\",\"@id\":\"https:\/\/www.buhl.de\/vermieter-web\/waermepumpen-mit-heizkoerpern\/\",\"url\":\"https:\/\/www.buhl.de\/vermieter-web\/waermepumpen-mit-heizkoerpern\/\",\"name\":\"W\u00e4rmepumpen k\u00f6nnen auch mit Heizk\u00f6rpern genutzt werden\",\"isPartOf\":{\"@id\":\"https:\/\/www.buhl.de\/vermieter-web\/#website\"},\"primaryImageOfPage\":{\"@id\":\"https:\/\/www.buhl.de\/vermieter-web\/waermepumpen-mit-heizkoerpern\/#primaryimage\"},\"image\":{\"@id\":\"https:\/\/www.buhl.de\/vermieter-web\/waermepumpen-mit-heizkoerpern\/#primaryimage\"},\"thumbnailUrl\":\"https:\/\/www.buhl.de\/vermieter-web\/wp-content\/uploads\/sites\/33\/2023\/03\/waermepumpe.jpg\",\"datePublished\":\"2023-03-10T14:11:59+00:00\",\"dateModified\":\"2023-03-17T16:25:30+00:00\",\"author\":{\"@id\":\"https:\/\/www.buhl.de\/vermieter-web\/#\/schema\/person\/82903e1cb04eb553382702d503991b4f\"},\"description\":\"Die weit verbreitete Ansicht, dass W\u00e4rmepumpen grunds\u00e4tzlich nur mit Fu\u00dfbodenheizungen kombiniert werden k\u00f6nnen, stimmt nur bedingt.\",\"breadcrumb\":{\"@id\":\"https:\/\/www.buhl.de\/vermieter-web\/waermepumpen-mit-heizkoerpern\/#breadcrumb\"},\"inLanguage\":\"de\",\"potentialAction\":[{\"@type\":\"ReadAction\",\"target\":[\"https:\/\/www.buhl.de\/vermieter-web\/waermepumpen-mit-heizkoerpern\/\"]}]},{\"@type\":\"ImageObject\",\"inLanguage\":\"de\",\"@id\":\"https:\/\/www.buhl.de\/vermieter-web\/waermepumpen-mit-heizkoerpern\/#primaryimage\",\"url\":\"https:\/\/www.buhl.de\/vermieter-web\/wp-content\/uploads\/sites\/33\/2023\/03\/waermepumpe.jpg\",\"contentUrl\":\"https:\/\/www.buhl.de\/vermieter-web\/wp-content\/uploads\/sites\/33\/2023\/03\/waermepumpe.jpg\",\"width\":847,\"height\":432},{\"@type\":\"BreadcrumbList\",\"@id\":\"https:\/\/www.buhl.de\/vermieter-web\/waermepumpen-mit-heizkoerpern\/#breadcrumb\",\"itemListElement\":[{\"@type\":\"ListItem\",\"position\":1,\"name\":\"Startseite\",\"item\":\"https:\/\/www.buhl.de\/vermieter-web\/\"},{\"@type\":\"ListItem\",\"position\":2,\"name\":\"W\u00e4rmepumpen mit Heizk\u00f6rper?\"}]},{\"@type\":\"WebSite\",\"@id\":\"https:\/\/www.buhl.de\/vermieter-web\/#website\",\"url\":\"https:\/\/www.buhl.de\/vermieter-web\/\",\"name\":\"Online-Nebenkostenabrechnung mit WISO Vermieter-Web\",\"description\":\"\",\"potentialAction\":[{\"@type\":\"SearchAction\",\"target\":{\"@type\":\"EntryPoint\",\"urlTemplate\":\"https:\/\/www.buhl.de\/vermieter-web\/?s={search_term_string}\"},\"query-input\":{\"@type\":\"PropertyValueSpecification\",\"valueRequired\":true,\"valueName\":\"search_term_string\"}}],\"inLanguage\":\"de\"},{\"@type\":\"Person\",\"@id\":\"https:\/\/www.buhl.de\/vermieter-web\/#\/schema\/person\/82903e1cb04eb553382702d503991b4f\",\"name\":\"Hartmut Fischer\"}]}<\/script>\n<!-- \/ Yoast SEO Premium plugin. -->","yoast_head_json":{"title":"W\u00e4rmepumpen k\u00f6nnen auch mit Heizk\u00f6rpern genutzt werden","description":"Die weit verbreitete Ansicht, dass W\u00e4rmepumpen grunds\u00e4tzlich nur mit Fu\u00dfbodenheizungen kombiniert werden k\u00f6nnen, stimmt nur bedingt.","robots":{"index":"noindex","follow":"nofollow"},"og_locale":"de_DE","og_type":"article","og_title":"W\u00e4rmepumpen mit Heizk\u00f6rper?","og_description":"Die weit verbreitete Ansicht, dass W\u00e4rmepumpen grunds\u00e4tzlich nur mit Fu\u00dfbodenheizungen kombiniert werden k\u00f6nnen, stimmt nur bedingt.","og_url":"https:\/\/www.buhl.de\/vermieter-web\/waermepumpen-mit-heizkoerpern\/","og_site_name":"Online-Nebenkostenabrechnung mit WISO Vermieter-Web","article_published_time":"2023-03-10T14:11:59+00:00","article_modified_time":"2023-03-17T16:25:30+00:00","og_image":[{"width":847,"height":432,"url":"https:\/\/www.buhl.de\/vermieter-web\/wp-content\/uploads\/sites\/33\/2023\/03\/waermepumpe.jpg","type":"image\/jpeg"}],"author":"Hartmut Fischer","twitter_card":"summary_large_image","twitter_misc":{"Verfasst von":"Hartmut Fischer","Gesch\u00e4tzte Lesezeit":"3\u00a0Minuten"},"schema":{"@context":"https:\/\/schema.org","@graph":[{"@type":"Article","@id":"https:\/\/www.buhl.de\/vermieter-web\/waermepumpen-mit-heizkoerpern\/#article","isPartOf":{"@id":"https:\/\/www.buhl.de\/vermieter-web\/waermepumpen-mit-heizkoerpern\/"},"author":{"name":"Hartmut Fischer","@id":"https:\/\/www.buhl.de\/vermieter-web\/#\/schema\/person\/82903e1cb04eb553382702d503991b4f"},"headline":"W\u00e4rmepumpen mit Heizk\u00f6rper?","datePublished":"2023-03-10T14:11:59+00:00","dateModified":"2023-03-17T16:25:30+00:00","mainEntityOfPage":{"@id":"https:\/\/www.buhl.de\/vermieter-web\/waermepumpen-mit-heizkoerpern\/"},"wordCount":572,"image":{"@id":"https:\/\/www.buhl.de\/vermieter-web\/waermepumpen-mit-heizkoerpern\/#primaryimage"},"thumbnailUrl":"https:\/\/www.buhl.de\/vermieter-web\/wp-content\/uploads\/sites\/33\/2023\/03\/waermepumpe.jpg","keywords":["Heizk\u00f6rper","W\u00e4rmepumpe"],"inLanguage":"de"},{"@type":"WebPage","@id":"https:\/\/www.buhl.de\/vermieter-web\/waermepumpen-mit-heizkoerpern\/","url":"https:\/\/www.buhl.de\/vermieter-web\/waermepumpen-mit-heizkoerpern\/","name":"W\u00e4rmepumpen k\u00f6nnen auch mit Heizk\u00f6rpern genutzt werden","isPartOf":{"@id":"https:\/\/www.buhl.de\/vermieter-web\/#website"},"primaryImageOfPage":{"@id":"https:\/\/www.buhl.de\/vermieter-web\/waermepumpen-mit-heizkoerpern\/#primaryimage"},"image":{"@id":"https:\/\/www.buhl.de\/vermieter-web\/waermepumpen-mit-heizkoerpern\/#primaryimage"},"thumbnailUrl":"https:\/\/www.buhl.de\/vermieter-web\/wp-content\/uploads\/sites\/33\/2023\/03\/waermepumpe.jpg","datePublished":"2023-03-10T14:11:59+00:00","dateModified":"2023-03-17T16:25:30+00:00","author":{"@id":"https:\/\/www.buhl.de\/vermieter-web\/#\/schema\/person\/82903e1cb04eb553382702d503991b4f"},"description":"Die weit verbreitete Ansicht, dass W\u00e4rmepumpen grunds\u00e4tzlich nur mit Fu\u00dfbodenheizungen kombiniert werden k\u00f6nnen, stimmt nur bedingt.","breadcrumb":{"@id":"https:\/\/www.buhl.de\/vermieter-web\/waermepumpen-mit-heizkoerpern\/#breadcrumb"},"inLanguage":"de","potentialAction":[{"@type":"ReadAction","target":["https:\/\/www.buhl.de\/vermieter-web\/waermepumpen-mit-heizkoerpern\/"]}]},{"@type":"ImageObject","inLanguage":"de","@id":"https:\/\/www.buhl.de\/vermieter-web\/waermepumpen-mit-heizkoerpern\/#primaryimage","url":"https:\/\/www.buhl.de\/vermieter-web\/wp-content\/uploads\/sites\/33\/2023\/03\/waermepumpe.jpg","contentUrl":"https:\/\/www.buhl.de\/vermieter-web\/wp-content\/uploads\/sites\/33\/2023\/03\/waermepumpe.jpg","width":847,"height":432},{"@type":"BreadcrumbList","@id":"https:\/\/www.buhl.de\/vermieter-web\/waermepumpen-mit-heizkoerpern\/#breadcrumb","itemListElement":[{"@type":"ListItem","position":1,"name":"Startseite","item":"https:\/\/www.buhl.de\/vermieter-web\/"},{"@type":"ListItem","position":2,"name":"W\u00e4rmepumpen mit Heizk\u00f6rper?"}]},{"@type":"WebSite","@id":"https:\/\/www.buhl.de\/vermieter-web\/#website","url":"https:\/\/www.buhl.de\/vermieter-web\/","name":"Online-Nebenkostenabrechnung mit WISO Vermieter-Web","description":"","potentialAction":[{"@type":"SearchAction","target":{"@type":"EntryPoint","urlTemplate":"https:\/\/www.buhl.de\/vermieter-web\/?s={search_term_string}"},"query-input":{"@type":"PropertyValueSpecification","valueRequired":true,"valueName":"search_term_string"}}],"inLanguage":"de"},{"@type":"Person","@id":"https:\/\/www.buhl.de\/vermieter-web\/#\/schema\/person\/82903e1cb04eb553382702d503991b4f","name":"Hartmut Fischer"}]}},"_links":{"self":[{"href":"https:\/\/www.buhl.de\/vermieter-web\/wp-json\/wp\/v2\/posts\/15275","targetHints":{"allow":["GET"]}}],"collection":[{"href":"https:\/\/www.buhl.de\/vermieter-web\/wp-json\/wp\/v2\/posts"}],"about":[{"href":"https:\/\/www.buhl.de\/vermieter-web\/wp-json\/wp\/v2\/types\/post"}],"author":[{"embeddable":true,"href":"https:\/\/www.buhl.de\/vermieter-web\/wp-json\/wp\/v2\/users\/15"}],"replies":[{"embeddable":true,"href":"https:\/\/www.buhl.de\/vermieter-web\/wp-json\/wp\/v2\/comments?post=15275"}],"version-history":[{"count":5,"href":"https:\/\/www.buhl.de\/vermieter-web\/wp-json\/wp\/v2\/posts\/15275\/revisions"}],"predecessor-version":[{"id":15309,"href":"https:\/\/www.buhl.de\/vermieter-web\/wp-json\/wp\/v2\/posts\/15275\/revisions\/15309"}],"wp:featuredmedia":[{"embeddable":true,"href":"https:\/\/www.buhl.de\/vermieter-web\/wp-json\/wp\/v2\/media\/15280"}],"wp:attachment":[{"href":"https:\/\/www.buhl.de\/vermieter-web\/wp-json\/wp\/v2\/media?parent=15275"}],"wp:term":[{"taxonomy":"category","embeddable":true,"href":"https:\/\/www.buhl.de\/vermieter-web\/wp-json\/wp\/v2\/categories?post=15275"},{"taxonomy":"post_tag","embeddable":true,"href":"https:\/\/www.buhl.de\/vermieter-web\/wp-json\/wp\/v2\/tags?post=15275"}],"curies":[{"name":"wp","href":"https:\/\/api.w.org\/{rel}","templated":true}]}}