{"id":15316,"date":"2023-03-23T13:17:07","date_gmt":"2023-03-23T12:17:07","guid":{"rendered":"https:\/\/www.buhl.de\/vermieter-web\/?p=15316"},"modified":"2023-03-23T13:17:07","modified_gmt":"2023-03-23T12:17:07","slug":"ortsuebliche-vergleichsmiete-und-wohnwertmindernde-merkmale","status":"publish","type":"post","link":"https:\/\/www.buhl.de\/vermieter-web\/ortsuebliche-vergleichsmiete-und-wohnwertmindernde-merkmale\/","title":{"rendered":"Orts\u00fcbliche Vergleichsmiete und wohnwertmindernde Merkmale"},"content":{"rendered":"<p><strong>Bei einer Mieterh\u00f6hung bis zur orts\u00fcblichen Vergleichsmiete kommt es auf den tats\u00e4chlichen Zustand der Wohnung an. Das wohnwertmindernde Merkmal wird immer ber\u00fccksichtigt. Hat der Mieter eine Modernisierung abgelehnt, spielt das keine Rolle. Dies hat das Landgericht Berlin am 09.12.2022 entschieden (Aktenzeichen 66 S 108\/22).<\/strong><\/p>\n<h5>Mieter lehnt mieterh\u00f6hungsverlangen ab<\/h5>\n<p>Dem Verfahren voraus gegangen war ein Mieterh\u00f6hungsverlangen, das vom betroffenen Mieter abgelehnt wurde. Mit dem Verlangen sollte eine Anpassung auf die orts\u00fcbliche Vergleichsmiete erfolgen. Der Mieter monierte, dass der Vermieter ein den Wohnwert minderndes Merkmal nicht ber\u00fccksichtigte.\u00a0 Er forderte deshalb die Senkung des Erh\u00f6hungsbetrags.<\/p>\n<h5>vermieter will Erh\u00f6hung gerichtlich durchsetzen<\/h5>\n<p>Der Vermieter akzeptierte dies nicht. Er verwies darauf, dass der Mieter eine geplante Modernisierung abgelehnt habe. Damit k\u00f6nnte das den Wohnwert mindernde Merkmal bei der Berechnung der Mieterh\u00f6hung keine Rolle spielen. Um die Erh\u00f6hung durchzusetzen, klagte der Vermieter.<\/p>\n<h5>vermieter unterliegt vor dem landgericht berlin<\/h5>\n<p>Auch vor dem Landgericht Berlin hatte der Vermieter keinen Erfolg. Die Entscheidung der Richter: der Wohnwert mindernde Tatbestand muss bei der Mieterh\u00f6hung ber\u00fccksichtigt werden. Dass der Mieter eine Renovierung des Bades abgelehnt hatte, spielte f\u00fcr das Gericht keine Rolle. Entscheidend f\u00fcr die Bestimmung der orts\u00fcblichen Vergleichsmiete sei der tats\u00e4chliche Zustand der Wohnung zum Zeitpunkt der Festlegung.<\/p>\n<h5>verweigerte modernisierung spielt bei der orts\u00fcblichen verghleichsmiete keine Rolle<\/h5>\n<p>Wollte der Vermieter eine Modernisierung durchf\u00fchren, h\u00e4tte er gegen den Widerspruch des Mieters eine Duldungsklage anstrengen m\u00fcssen. Da er dies nicht tat, konnte er sich auch nicht mehr auf die Weigerung des Mieters berufen. Der Wohnungszustand blieb also unver\u00e4ndert. Von diesem Zustand musste man bei der Bestimmung der orts\u00fcblichen Vergleichsmiete ausgehen.<\/p>\n<hr \/>\n<h5>das k\u00f6nnte sie auch interessieren:<\/h5>\n<p><a href=\"https:\/\/www.buhl.de\/vermieter-web\/mieterhoehung-mieter-macht-wohnwertmindernde-merkmale-geltend\/\">Mieterh\u00f6hung: Mieter macht wohnwertmindernde Merkmale geltend<\/a><\/p>\n<p>&nbsp;<\/p>\n","protected":false},"excerpt":{"rendered":"<p>Bei einer Mieterh\u00f6hung bis zur orts\u00fcblichen Vergleichsmiete kommt es auf den tats\u00e4chlichen Zustand der Wohnung an. Das wohnwertmindernde Merkmal wird immer ber\u00fccksichtigt. Hat der Mieter eine Modernisierung abgelehnt, spielt das keine Rolle. Dies hat das Landgericht Berlin am 09.12.2022 entschieden (Aktenzeichen 66 S 108\/22). Mieter lehnt mieterh\u00f6hungsverlangen ab Dem Verfahren voraus gegangen war ein Mieterh\u00f6hungsverlangen, &hellip; <\/p>\n<p class=\"link-more\"><a href=\"https:\/\/www.buhl.de\/vermieter-web\/ortsuebliche-vergleichsmiete-und-wohnwertmindernde-merkmale\/\" class=\"more-link\"><span class=\"screen-reader-text\">\u201eOrts\u00fcbliche Vergleichsmiete und wohnwertmindernde Merkmale\u201c<\/span> weiterlesen<\/a><\/p>\n","protected":false},"author":15,"featured_media":14224,"comment_status":"closed","ping_status":"open","sticky":false,"template":"","format":"standard","meta":{"footnotes":""},"categories":[1],"tags":[416,2023,659,6039],"class_list":["post-15316","post","type-post","status-publish","format-standard","has-post-thumbnail","hentry","category-allgemein","tag-modernisierung","tag-ortsuebliche-vergleichsmiete","tag-renovierung","tag-weigern"],"yoast_head":"<!-- This site is optimized with the Yoast SEO Premium plugin v27.4 (Yoast SEO v27.5) - https:\/\/yoast.com\/product\/yoast-seo-premium-wordpress\/ -->\n<title>Orts\u00fcbliche Vergleichsmiete und Istbestand der Wohnung<\/title>\n<meta name=\"description\" content=\"Auch wenn der Mieter Renovierungen vcerweigerte, gilt f\u00fcr die ort\u00fcbsliche Vergleichsmiete die aktuellle Beschaffenheit der Wohnung.\" \/>\n<meta name=\"robots\" content=\"noindex, nofollow\" \/>\n<meta property=\"og:locale\" content=\"de_DE\" \/>\n<meta property=\"og:type\" content=\"article\" \/>\n<meta property=\"og:title\" content=\"Orts\u00fcbliche Vergleichsmiete und wohnwertmindernde Merkmale\" \/>\n<meta property=\"og:description\" content=\"Auch wenn der Mieter Renovierungen vcerweigerte, gilt f\u00fcr die ort\u00fcbsliche Vergleichsmiete die aktuellle Beschaffenheit der Wohnung.\" \/>\n<meta property=\"og:url\" content=\"https:\/\/www.buhl.de\/vermieter-web\/ortsuebliche-vergleichsmiete-und-wohnwertmindernde-merkmale\/\" \/>\n<meta property=\"og:site_name\" content=\"Online-Nebenkostenabrechnung mit WISO Vermieter-Web\" \/>\n<meta property=\"article:published_time\" content=\"2023-03-23T12:17:07+00:00\" \/>\n<meta property=\"og:image\" content=\"https:\/\/www.buhl.de\/vermieter-web\/wp-content\/uploads\/sites\/33\/2022\/01\/shutterstock_123054343.jpg\" \/>\n\t<meta property=\"og:image:width\" content=\"840\" \/>\n\t<meta property=\"og:image:height\" content=\"420\" \/>\n\t<meta property=\"og:image:type\" content=\"image\/jpeg\" \/>\n<meta name=\"author\" content=\"Hartmut Fischer\" \/>\n<meta name=\"twitter:card\" content=\"summary_large_image\" \/>\n<meta name=\"twitter:label1\" content=\"Verfasst von\" \/>\n\t<meta name=\"twitter:data1\" content=\"Hartmut Fischer\" \/>\n\t<meta name=\"twitter:label2\" content=\"Gesch\u00e4tzte Lesezeit\" \/>\n\t<meta name=\"twitter:data2\" content=\"2\u00a0Minuten\" \/>\n<script type=\"application\/ld+json\" class=\"yoast-schema-graph\">{\"@context\":\"https:\\\/\\\/schema.org\",\"@graph\":[{\"@type\":\"Article\",\"@id\":\"https:\\\/\\\/www.buhl.de\\\/vermieter-web\\\/ortsuebliche-vergleichsmiete-und-wohnwertmindernde-merkmale\\\/#article\",\"isPartOf\":{\"@id\":\"https:\\\/\\\/www.buhl.de\\\/vermieter-web\\\/ortsuebliche-vergleichsmiete-und-wohnwertmindernde-merkmale\\\/\"},\"author\":{\"name\":\"Hartmut Fischer\",\"@id\":\"https:\\\/\\\/www.buhl.de\\\/vermieter-web\\\/#\\\/schema\\\/person\\\/82903e1cb04eb553382702d503991b4f\"},\"headline\":\"Orts\u00fcbliche Vergleichsmiete und wohnwertmindernde Merkmale\",\"datePublished\":\"2023-03-23T12:17:07+00:00\",\"mainEntityOfPage\":{\"@id\":\"https:\\\/\\\/www.buhl.de\\\/vermieter-web\\\/ortsuebliche-vergleichsmiete-und-wohnwertmindernde-merkmale\\\/\"},\"wordCount\":299,\"image\":{\"@id\":\"https:\\\/\\\/www.buhl.de\\\/vermieter-web\\\/ortsuebliche-vergleichsmiete-und-wohnwertmindernde-merkmale\\\/#primaryimage\"},\"thumbnailUrl\":\"https:\\\/\\\/www.buhl.de\\\/vermieter-web\\\/wp-content\\\/uploads\\\/sites\\\/33\\\/2022\\\/01\\\/shutterstock_123054343.jpg\",\"keywords\":[\"Modernisierung\",\"Orts\u00fcbliche Vergleichsmiete\",\"Renovierung\",\"Weigern\"],\"inLanguage\":\"de\"},{\"@type\":\"WebPage\",\"@id\":\"https:\\\/\\\/www.buhl.de\\\/vermieter-web\\\/ortsuebliche-vergleichsmiete-und-wohnwertmindernde-merkmale\\\/\",\"url\":\"https:\\\/\\\/www.buhl.de\\\/vermieter-web\\\/ortsuebliche-vergleichsmiete-und-wohnwertmindernde-merkmale\\\/\",\"name\":\"Orts\u00fcbliche Vergleichsmiete und Istbestand der Wohnung\",\"isPartOf\":{\"@id\":\"https:\\\/\\\/www.buhl.de\\\/vermieter-web\\\/#website\"},\"primaryImageOfPage\":{\"@id\":\"https:\\\/\\\/www.buhl.de\\\/vermieter-web\\\/ortsuebliche-vergleichsmiete-und-wohnwertmindernde-merkmale\\\/#primaryimage\"},\"image\":{\"@id\":\"https:\\\/\\\/www.buhl.de\\\/vermieter-web\\\/ortsuebliche-vergleichsmiete-und-wohnwertmindernde-merkmale\\\/#primaryimage\"},\"thumbnailUrl\":\"https:\\\/\\\/www.buhl.de\\\/vermieter-web\\\/wp-content\\\/uploads\\\/sites\\\/33\\\/2022\\\/01\\\/shutterstock_123054343.jpg\",\"datePublished\":\"2023-03-23T12:17:07+00:00\",\"author\":{\"@id\":\"https:\\\/\\\/www.buhl.de\\\/vermieter-web\\\/#\\\/schema\\\/person\\\/82903e1cb04eb553382702d503991b4f\"},\"description\":\"Auch wenn der Mieter Renovierungen vcerweigerte, gilt f\u00fcr die ort\u00fcbsliche Vergleichsmiete die aktuellle Beschaffenheit der Wohnung.\",\"breadcrumb\":{\"@id\":\"https:\\\/\\\/www.buhl.de\\\/vermieter-web\\\/ortsuebliche-vergleichsmiete-und-wohnwertmindernde-merkmale\\\/#breadcrumb\"},\"inLanguage\":\"de\",\"potentialAction\":[{\"@type\":\"ReadAction\",\"target\":[\"https:\\\/\\\/www.buhl.de\\\/vermieter-web\\\/ortsuebliche-vergleichsmiete-und-wohnwertmindernde-merkmale\\\/\"]}]},{\"@type\":\"ImageObject\",\"inLanguage\":\"de\",\"@id\":\"https:\\\/\\\/www.buhl.de\\\/vermieter-web\\\/ortsuebliche-vergleichsmiete-und-wohnwertmindernde-merkmale\\\/#primaryimage\",\"url\":\"https:\\\/\\\/www.buhl.de\\\/vermieter-web\\\/wp-content\\\/uploads\\\/sites\\\/33\\\/2022\\\/01\\\/shutterstock_123054343.jpg\",\"contentUrl\":\"https:\\\/\\\/www.buhl.de\\\/vermieter-web\\\/wp-content\\\/uploads\\\/sites\\\/33\\\/2022\\\/01\\\/shutterstock_123054343.jpg\",\"width\":840,\"height\":420},{\"@type\":\"BreadcrumbList\",\"@id\":\"https:\\\/\\\/www.buhl.de\\\/vermieter-web\\\/ortsuebliche-vergleichsmiete-und-wohnwertmindernde-merkmale\\\/#breadcrumb\",\"itemListElement\":[{\"@type\":\"ListItem\",\"position\":1,\"name\":\"Startseite\",\"item\":\"https:\\\/\\\/www.buhl.de\\\/vermieter-web\\\/\"},{\"@type\":\"ListItem\",\"position\":2,\"name\":\"Orts\u00fcbliche Vergleichsmiete und wohnwertmindernde Merkmale\"}]},{\"@type\":\"WebSite\",\"@id\":\"https:\\\/\\\/www.buhl.de\\\/vermieter-web\\\/#website\",\"url\":\"https:\\\/\\\/www.buhl.de\\\/vermieter-web\\\/\",\"name\":\"Online-Nebenkostenabrechnung mit WISO Vermieter-Web\",\"description\":\"\",\"potentialAction\":[{\"@type\":\"SearchAction\",\"target\":{\"@type\":\"EntryPoint\",\"urlTemplate\":\"https:\\\/\\\/www.buhl.de\\\/vermieter-web\\\/?s={search_term_string}\"},\"query-input\":{\"@type\":\"PropertyValueSpecification\",\"valueRequired\":true,\"valueName\":\"search_term_string\"}}],\"inLanguage\":\"de\"},{\"@type\":\"Person\",\"@id\":\"https:\\\/\\\/www.buhl.de\\\/vermieter-web\\\/#\\\/schema\\\/person\\\/82903e1cb04eb553382702d503991b4f\",\"name\":\"Hartmut Fischer\"}]}<\/script>\n<!-- \/ Yoast SEO Premium plugin. -->","yoast_head_json":{"title":"Orts\u00fcbliche Vergleichsmiete und Istbestand der Wohnung","description":"Auch wenn der Mieter Renovierungen vcerweigerte, gilt f\u00fcr die ort\u00fcbsliche Vergleichsmiete die aktuellle Beschaffenheit der Wohnung.","robots":{"index":"noindex","follow":"nofollow"},"og_locale":"de_DE","og_type":"article","og_title":"Orts\u00fcbliche Vergleichsmiete und wohnwertmindernde Merkmale","og_description":"Auch wenn der Mieter Renovierungen vcerweigerte, gilt f\u00fcr die ort\u00fcbsliche Vergleichsmiete die aktuellle Beschaffenheit der Wohnung.","og_url":"https:\/\/www.buhl.de\/vermieter-web\/ortsuebliche-vergleichsmiete-und-wohnwertmindernde-merkmale\/","og_site_name":"Online-Nebenkostenabrechnung mit WISO Vermieter-Web","article_published_time":"2023-03-23T12:17:07+00:00","og_image":[{"width":840,"height":420,"url":"https:\/\/www.buhl.de\/vermieter-web\/wp-content\/uploads\/sites\/33\/2022\/01\/shutterstock_123054343.jpg","type":"image\/jpeg"}],"author":"Hartmut Fischer","twitter_card":"summary_large_image","twitter_misc":{"Verfasst von":"Hartmut Fischer","Gesch\u00e4tzte Lesezeit":"2\u00a0Minuten"},"schema":{"@context":"https:\/\/schema.org","@graph":[{"@type":"Article","@id":"https:\/\/www.buhl.de\/vermieter-web\/ortsuebliche-vergleichsmiete-und-wohnwertmindernde-merkmale\/#article","isPartOf":{"@id":"https:\/\/www.buhl.de\/vermieter-web\/ortsuebliche-vergleichsmiete-und-wohnwertmindernde-merkmale\/"},"author":{"name":"Hartmut Fischer","@id":"https:\/\/www.buhl.de\/vermieter-web\/#\/schema\/person\/82903e1cb04eb553382702d503991b4f"},"headline":"Orts\u00fcbliche Vergleichsmiete und wohnwertmindernde Merkmale","datePublished":"2023-03-23T12:17:07+00:00","mainEntityOfPage":{"@id":"https:\/\/www.buhl.de\/vermieter-web\/ortsuebliche-vergleichsmiete-und-wohnwertmindernde-merkmale\/"},"wordCount":299,"image":{"@id":"https:\/\/www.buhl.de\/vermieter-web\/ortsuebliche-vergleichsmiete-und-wohnwertmindernde-merkmale\/#primaryimage"},"thumbnailUrl":"https:\/\/www.buhl.de\/vermieter-web\/wp-content\/uploads\/sites\/33\/2022\/01\/shutterstock_123054343.jpg","keywords":["Modernisierung","Orts\u00fcbliche Vergleichsmiete","Renovierung","Weigern"],"inLanguage":"de"},{"@type":"WebPage","@id":"https:\/\/www.buhl.de\/vermieter-web\/ortsuebliche-vergleichsmiete-und-wohnwertmindernde-merkmale\/","url":"https:\/\/www.buhl.de\/vermieter-web\/ortsuebliche-vergleichsmiete-und-wohnwertmindernde-merkmale\/","name":"Orts\u00fcbliche Vergleichsmiete und Istbestand der Wohnung","isPartOf":{"@id":"https:\/\/www.buhl.de\/vermieter-web\/#website"},"primaryImageOfPage":{"@id":"https:\/\/www.buhl.de\/vermieter-web\/ortsuebliche-vergleichsmiete-und-wohnwertmindernde-merkmale\/#primaryimage"},"image":{"@id":"https:\/\/www.buhl.de\/vermieter-web\/ortsuebliche-vergleichsmiete-und-wohnwertmindernde-merkmale\/#primaryimage"},"thumbnailUrl":"https:\/\/www.buhl.de\/vermieter-web\/wp-content\/uploads\/sites\/33\/2022\/01\/shutterstock_123054343.jpg","datePublished":"2023-03-23T12:17:07+00:00","author":{"@id":"https:\/\/www.buhl.de\/vermieter-web\/#\/schema\/person\/82903e1cb04eb553382702d503991b4f"},"description":"Auch wenn der Mieter Renovierungen vcerweigerte, gilt f\u00fcr die ort\u00fcbsliche Vergleichsmiete die aktuellle Beschaffenheit der Wohnung.","breadcrumb":{"@id":"https:\/\/www.buhl.de\/vermieter-web\/ortsuebliche-vergleichsmiete-und-wohnwertmindernde-merkmale\/#breadcrumb"},"inLanguage":"de","potentialAction":[{"@type":"ReadAction","target":["https:\/\/www.buhl.de\/vermieter-web\/ortsuebliche-vergleichsmiete-und-wohnwertmindernde-merkmale\/"]}]},{"@type":"ImageObject","inLanguage":"de","@id":"https:\/\/www.buhl.de\/vermieter-web\/ortsuebliche-vergleichsmiete-und-wohnwertmindernde-merkmale\/#primaryimage","url":"https:\/\/www.buhl.de\/vermieter-web\/wp-content\/uploads\/sites\/33\/2022\/01\/shutterstock_123054343.jpg","contentUrl":"https:\/\/www.buhl.de\/vermieter-web\/wp-content\/uploads\/sites\/33\/2022\/01\/shutterstock_123054343.jpg","width":840,"height":420},{"@type":"BreadcrumbList","@id":"https:\/\/www.buhl.de\/vermieter-web\/ortsuebliche-vergleichsmiete-und-wohnwertmindernde-merkmale\/#breadcrumb","itemListElement":[{"@type":"ListItem","position":1,"name":"Startseite","item":"https:\/\/www.buhl.de\/vermieter-web\/"},{"@type":"ListItem","position":2,"name":"Orts\u00fcbliche Vergleichsmiete und wohnwertmindernde Merkmale"}]},{"@type":"WebSite","@id":"https:\/\/www.buhl.de\/vermieter-web\/#website","url":"https:\/\/www.buhl.de\/vermieter-web\/","name":"Online-Nebenkostenabrechnung mit WISO Vermieter-Web","description":"","potentialAction":[{"@type":"SearchAction","target":{"@type":"EntryPoint","urlTemplate":"https:\/\/www.buhl.de\/vermieter-web\/?s={search_term_string}"},"query-input":{"@type":"PropertyValueSpecification","valueRequired":true,"valueName":"search_term_string"}}],"inLanguage":"de"},{"@type":"Person","@id":"https:\/\/www.buhl.de\/vermieter-web\/#\/schema\/person\/82903e1cb04eb553382702d503991b4f","name":"Hartmut Fischer"}]}},"_links":{"self":[{"href":"https:\/\/www.buhl.de\/vermieter-web\/wp-json\/wp\/v2\/posts\/15316","targetHints":{"allow":["GET"]}}],"collection":[{"href":"https:\/\/www.buhl.de\/vermieter-web\/wp-json\/wp\/v2\/posts"}],"about":[{"href":"https:\/\/www.buhl.de\/vermieter-web\/wp-json\/wp\/v2\/types\/post"}],"author":[{"embeddable":true,"href":"https:\/\/www.buhl.de\/vermieter-web\/wp-json\/wp\/v2\/users\/15"}],"replies":[{"embeddable":true,"href":"https:\/\/www.buhl.de\/vermieter-web\/wp-json\/wp\/v2\/comments?post=15316"}],"version-history":[{"count":2,"href":"https:\/\/www.buhl.de\/vermieter-web\/wp-json\/wp\/v2\/posts\/15316\/revisions"}],"predecessor-version":[{"id":15319,"href":"https:\/\/www.buhl.de\/vermieter-web\/wp-json\/wp\/v2\/posts\/15316\/revisions\/15319"}],"wp:featuredmedia":[{"embeddable":true,"href":"https:\/\/www.buhl.de\/vermieter-web\/wp-json\/wp\/v2\/media\/14224"}],"wp:attachment":[{"href":"https:\/\/www.buhl.de\/vermieter-web\/wp-json\/wp\/v2\/media?parent=15316"}],"wp:term":[{"taxonomy":"category","embeddable":true,"href":"https:\/\/www.buhl.de\/vermieter-web\/wp-json\/wp\/v2\/categories?post=15316"},{"taxonomy":"post_tag","embeddable":true,"href":"https:\/\/www.buhl.de\/vermieter-web\/wp-json\/wp\/v2\/tags?post=15316"}],"curies":[{"name":"wp","href":"https:\/\/api.w.org\/{rel}","templated":true}]}}