{"id":15340,"date":"2023-04-04T09:08:08","date_gmt":"2023-04-04T07:08:08","guid":{"rendered":"https:\/\/www.buhl.de\/vermieter-web\/?p=15340"},"modified":"2023-04-04T09:08:08","modified_gmt":"2023-04-04T07:08:08","slug":"notwegerecht-dient-nicht-der-bequemlichkeit","status":"publish","type":"post","link":"https:\/\/www.buhl.de\/vermieter-web\/notwegerecht-dient-nicht-der-bequemlichkeit\/","title":{"rendered":"Notwegerecht dient nicht der Bequemlichkeit"},"content":{"rendered":"<p><strong>Das sogenannte Notwegerecht gilt nicht f\u00fcr F\u00e4lle, in denen zwar noch eine andere M\u00f6glichkeit besteht, sein Grundst\u00fcck zu erreichen, dieser aber unbequemer ist, als der Weg \u00fcber das Nachbargrundst\u00fcck. Auch wenn dadurch der bequemere Weg geschlossen wird, kann der Grundst\u00fcckseigent\u00fcmer an seinem Grundst\u00fcck einen Zaun errichten. Zu diesem Ergebnis kam das Landgericht Frankenthal (Pfalz) in einem Urteil vom 30.11.2022 (Aktenzeichen 6 O 187\/22).<\/strong><\/p>\n<h5>Bequemer weg \u00fcbers nachbargrundst\u00fcck<\/h5>\n<p>Das Gericht hatte hier in einem Nachbarschaftsstreit zu entscheiden. Die Kl\u00e4ger hatten einige Zeit hinweg das Grundst\u00fcck des Beklagten mitbenutzt. \u00dcber das Nachbargrundst\u00fcck kamen sie von der \u00f6ffentlichen Stra\u00dfe aus bequemer zu auf dem eigenen Hausgrundst\u00fcck befindlichen \u00fcberdachten Innenhof und mehreren Hauswirtschaftsr\u00e4umen.<\/p>\n<h5>Zaun versperrt den bequemeren weg<\/h5>\n<p>Die Nachbarn errichteten aber entlang der Grundst\u00fccksgrenze einen Zaun. Dadurch war es dem klagenden Ehepaar nicht mehr m\u00f6glich, auf dem gewohnten Weg in den Innenhof zu gelangen. Sie kamen nun nur \u00fcber einen anderen Weg dorthin. Dabei mussten zwei Stufen \u00fcberwunden werden. Au\u00dferdem f\u00fchrte der Weg jetzt durch den Hausflur. Dies war vor allem mit Fahrr\u00e4dern, M\u00fclltonnen usw. beschwerlich. Die Kl\u00e4ger hielten dies f\u00fcr unzumutbar. Sie verlangten die Beseitigung des Zauns und beriefen sich dabei auf das Notwegerecht.<\/p>\n<h5>Landgericht: Notwegerecht gilt nur, wenn es keine andere M\u00f6glichkeit gibt<\/h5>\n<p>Das Landgericht Frankenthal entschied jedoch gegen die Kl\u00e4ger. Ein Notwegerecht bestehe nur, wenn ein Grundst\u00fcck von einer \u00f6ffentlichen Stra\u00dfe nicht anders, als \u00fcber ein angrenzendes Grundst\u00fcck zu erreichen ist. Das sei hier aber nicht der Fall. Das Eck-Grundst\u00fcck der klagenden Eheleute grenzt n\u00e4mlich an zwei \u00f6ffentliche Stra\u00dfen und ist auch ohne Benutzung des benachbarten Grundst\u00fccks zu erreichen. Dass der jetzt zu nutzende Weg umst\u00e4ndlicher, weniger bequem oder kostspieliger herzurichten ist, spielte f\u00fcr das Gericht keine Rolle. Ein Recht auf den bequemsten Weg k\u00f6nne aus den Grunds\u00e4tzen zum Notwegerecht nicht abgeleitet werden.<\/p>\n<h5>gehbehinderung f\u00fcr notwegerecht nicht relevant<\/h5>\n<p>Auch der Umstand, dass der klagende Ehemann unter einer Gehbehinderung leidet, f\u00fchrt nach Auffassung der Kammer zu keinem anderen Ergebnis. Denn f\u00fcr ein Notwegerecht seien allein die objektiven Begebenheiten ma\u00dfgeblich. Auch eine verbindliche Vereinbarung der Nachbarn oder ein Gewohnheitsrecht sah die Kammer nicht als erwiesen an.<\/p>\n<hr \/>\n<h5>das k\u00f6nnte sie auch interessieren:<\/h5>\n<p><a href=\"https:\/\/www.buhl.de\/vermieter-web\/kein-notwegerecht-obwohl-garage-nicht-erreichbar-ist\/\">Kein Notwegerecht, obwohl Garage nicht erreichbar ist<\/a><br \/>\n<a href=\"https:\/\/www.buhl.de\/vermieter-web\/notwegerecht-muss-gewaehrt-werden\/\">Notwegerecht muss gew\u00e4hrt werden<\/a><\/p>\n<hr \/>\n<p>&nbsp;<\/p>\n","protected":false},"excerpt":{"rendered":"<p>Das sogenannte Notwegerecht gilt nicht f\u00fcr F\u00e4lle, in denen zwar noch eine andere M\u00f6glichkeit besteht, sein Grundst\u00fcck zu erreichen, dieser aber unbequemer ist, als der Weg \u00fcber das Nachbargrundst\u00fcck. Auch wenn dadurch der bequemere Weg geschlossen wird, kann der Grundst\u00fcckseigent\u00fcmer an seinem Grundst\u00fcck einen Zaun errichten. Zu diesem Ergebnis kam das Landgericht Frankenthal (Pfalz) in &hellip; <\/p>\n<p class=\"link-more\"><a href=\"https:\/\/www.buhl.de\/vermieter-web\/notwegerecht-dient-nicht-der-bequemlichkeit\/\" class=\"more-link\"><span class=\"screen-reader-text\">\u201eNotwegerecht dient nicht der Bequemlichkeit\u201c<\/span> weiterlesen<\/a><\/p>\n","protected":false},"author":15,"featured_media":14023,"comment_status":"closed","ping_status":"open","sticky":false,"template":"","format":"standard","meta":{"footnotes":""},"categories":[1],"tags":[6046,6047,3827,5691],"class_list":["post-15340","post","type-post","status-publish","format-standard","has-post-thumbnail","hentry","category-allgemein","tag-beyuem","tag-kuerzer","tag-notwegerecht","tag-zaun"],"yoast_head":"<!-- This site is optimized with the Yoast SEO Premium plugin v27.4 (Yoast SEO v27.5) - https:\/\/yoast.com\/product\/yoast-seo-premium-wordpress\/ -->\n<title>Grenzen des Notwegerecht<\/title>\n<meta name=\"description\" content=\"Ist der Weg \u00fcber das Nachbargrundst\u00fcck lediglich bequemer, als ein anderer Zugang zum eigenen Grundst\u00fcck, besteht kein Notwegerecht.\" \/>\n<meta name=\"robots\" content=\"noindex, nofollow\" \/>\n<meta property=\"og:locale\" content=\"de_DE\" \/>\n<meta property=\"og:type\" content=\"article\" \/>\n<meta property=\"og:title\" content=\"Notwegerecht dient nicht der Bequemlichkeit\" \/>\n<meta property=\"og:description\" content=\"Ist der Weg \u00fcber das Nachbargrundst\u00fcck lediglich bequemer, als ein anderer Zugang zum eigenen Grundst\u00fcck, besteht kein Notwegerecht.\" \/>\n<meta property=\"og:url\" content=\"https:\/\/www.buhl.de\/vermieter-web\/notwegerecht-dient-nicht-der-bequemlichkeit\/\" \/>\n<meta property=\"og:site_name\" content=\"Online-Nebenkostenabrechnung mit WISO Vermieter-Web\" \/>\n<meta property=\"article:published_time\" content=\"2023-04-04T07:08:08+00:00\" \/>\n<meta property=\"og:image\" content=\"https:\/\/www.buhl.de\/vermieter-web\/wp-content\/uploads\/sites\/33\/2021\/10\/shutterstock_2023444220.jpg\" \/>\n\t<meta property=\"og:image:width\" content=\"840\" \/>\n\t<meta property=\"og:image:height\" content=\"420\" \/>\n\t<meta property=\"og:image:type\" content=\"image\/jpeg\" \/>\n<meta name=\"author\" content=\"Hartmut Fischer\" \/>\n<meta name=\"twitter:card\" content=\"summary_large_image\" \/>\n<meta name=\"twitter:label1\" content=\"Verfasst von\" \/>\n\t<meta name=\"twitter:data1\" content=\"Hartmut Fischer\" \/>\n\t<meta name=\"twitter:label2\" content=\"Gesch\u00e4tzte Lesezeit\" \/>\n\t<meta name=\"twitter:data2\" content=\"3\u00a0Minuten\" \/>\n<script type=\"application\/ld+json\" class=\"yoast-schema-graph\">{\"@context\":\"https:\\\/\\\/schema.org\",\"@graph\":[{\"@type\":\"Article\",\"@id\":\"https:\\\/\\\/www.buhl.de\\\/vermieter-web\\\/notwegerecht-dient-nicht-der-bequemlichkeit\\\/#article\",\"isPartOf\":{\"@id\":\"https:\\\/\\\/www.buhl.de\\\/vermieter-web\\\/notwegerecht-dient-nicht-der-bequemlichkeit\\\/\"},\"author\":{\"name\":\"Hartmut Fischer\",\"@id\":\"https:\\\/\\\/www.buhl.de\\\/vermieter-web\\\/#\\\/schema\\\/person\\\/82903e1cb04eb553382702d503991b4f\"},\"headline\":\"Notwegerecht dient nicht der Bequemlichkeit\",\"datePublished\":\"2023-04-04T07:08:08+00:00\",\"mainEntityOfPage\":{\"@id\":\"https:\\\/\\\/www.buhl.de\\\/vermieter-web\\\/notwegerecht-dient-nicht-der-bequemlichkeit\\\/\"},\"wordCount\":405,\"image\":{\"@id\":\"https:\\\/\\\/www.buhl.de\\\/vermieter-web\\\/notwegerecht-dient-nicht-der-bequemlichkeit\\\/#primaryimage\"},\"thumbnailUrl\":\"https:\\\/\\\/www.buhl.de\\\/vermieter-web\\\/wp-content\\\/uploads\\\/sites\\\/33\\\/2021\\\/10\\\/shutterstock_2023444220.jpg\",\"keywords\":[\"beyuem\",\"k\u00fcrzer\",\"Notwegerecht\",\"Zaun\"],\"inLanguage\":\"de\"},{\"@type\":\"WebPage\",\"@id\":\"https:\\\/\\\/www.buhl.de\\\/vermieter-web\\\/notwegerecht-dient-nicht-der-bequemlichkeit\\\/\",\"url\":\"https:\\\/\\\/www.buhl.de\\\/vermieter-web\\\/notwegerecht-dient-nicht-der-bequemlichkeit\\\/\",\"name\":\"Grenzen des Notwegerecht\",\"isPartOf\":{\"@id\":\"https:\\\/\\\/www.buhl.de\\\/vermieter-web\\\/#website\"},\"primaryImageOfPage\":{\"@id\":\"https:\\\/\\\/www.buhl.de\\\/vermieter-web\\\/notwegerecht-dient-nicht-der-bequemlichkeit\\\/#primaryimage\"},\"image\":{\"@id\":\"https:\\\/\\\/www.buhl.de\\\/vermieter-web\\\/notwegerecht-dient-nicht-der-bequemlichkeit\\\/#primaryimage\"},\"thumbnailUrl\":\"https:\\\/\\\/www.buhl.de\\\/vermieter-web\\\/wp-content\\\/uploads\\\/sites\\\/33\\\/2021\\\/10\\\/shutterstock_2023444220.jpg\",\"datePublished\":\"2023-04-04T07:08:08+00:00\",\"author\":{\"@id\":\"https:\\\/\\\/www.buhl.de\\\/vermieter-web\\\/#\\\/schema\\\/person\\\/82903e1cb04eb553382702d503991b4f\"},\"description\":\"Ist der Weg \u00fcber das Nachbargrundst\u00fcck lediglich bequemer, als ein anderer Zugang zum eigenen Grundst\u00fcck, besteht kein Notwegerecht.\",\"breadcrumb\":{\"@id\":\"https:\\\/\\\/www.buhl.de\\\/vermieter-web\\\/notwegerecht-dient-nicht-der-bequemlichkeit\\\/#breadcrumb\"},\"inLanguage\":\"de\",\"potentialAction\":[{\"@type\":\"ReadAction\",\"target\":[\"https:\\\/\\\/www.buhl.de\\\/vermieter-web\\\/notwegerecht-dient-nicht-der-bequemlichkeit\\\/\"]}]},{\"@type\":\"ImageObject\",\"inLanguage\":\"de\",\"@id\":\"https:\\\/\\\/www.buhl.de\\\/vermieter-web\\\/notwegerecht-dient-nicht-der-bequemlichkeit\\\/#primaryimage\",\"url\":\"https:\\\/\\\/www.buhl.de\\\/vermieter-web\\\/wp-content\\\/uploads\\\/sites\\\/33\\\/2021\\\/10\\\/shutterstock_2023444220.jpg\",\"contentUrl\":\"https:\\\/\\\/www.buhl.de\\\/vermieter-web\\\/wp-content\\\/uploads\\\/sites\\\/33\\\/2021\\\/10\\\/shutterstock_2023444220.jpg\",\"width\":840,\"height\":420,\"caption\":\"Road narrowing because of the fence of the plot\"},{\"@type\":\"BreadcrumbList\",\"@id\":\"https:\\\/\\\/www.buhl.de\\\/vermieter-web\\\/notwegerecht-dient-nicht-der-bequemlichkeit\\\/#breadcrumb\",\"itemListElement\":[{\"@type\":\"ListItem\",\"position\":1,\"name\":\"Startseite\",\"item\":\"https:\\\/\\\/www.buhl.de\\\/vermieter-web\\\/\"},{\"@type\":\"ListItem\",\"position\":2,\"name\":\"Notwegerecht dient nicht der Bequemlichkeit\"}]},{\"@type\":\"WebSite\",\"@id\":\"https:\\\/\\\/www.buhl.de\\\/vermieter-web\\\/#website\",\"url\":\"https:\\\/\\\/www.buhl.de\\\/vermieter-web\\\/\",\"name\":\"Online-Nebenkostenabrechnung mit WISO Vermieter-Web\",\"description\":\"\",\"potentialAction\":[{\"@type\":\"SearchAction\",\"target\":{\"@type\":\"EntryPoint\",\"urlTemplate\":\"https:\\\/\\\/www.buhl.de\\\/vermieter-web\\\/?s={search_term_string}\"},\"query-input\":{\"@type\":\"PropertyValueSpecification\",\"valueRequired\":true,\"valueName\":\"search_term_string\"}}],\"inLanguage\":\"de\"},{\"@type\":\"Person\",\"@id\":\"https:\\\/\\\/www.buhl.de\\\/vermieter-web\\\/#\\\/schema\\\/person\\\/82903e1cb04eb553382702d503991b4f\",\"name\":\"Hartmut Fischer\"}]}<\/script>\n<!-- \/ Yoast SEO Premium plugin. -->","yoast_head_json":{"title":"Grenzen des Notwegerecht","description":"Ist der Weg \u00fcber das Nachbargrundst\u00fcck lediglich bequemer, als ein anderer Zugang zum eigenen Grundst\u00fcck, besteht kein Notwegerecht.","robots":{"index":"noindex","follow":"nofollow"},"og_locale":"de_DE","og_type":"article","og_title":"Notwegerecht dient nicht der Bequemlichkeit","og_description":"Ist der Weg \u00fcber das Nachbargrundst\u00fcck lediglich bequemer, als ein anderer Zugang zum eigenen Grundst\u00fcck, besteht kein Notwegerecht.","og_url":"https:\/\/www.buhl.de\/vermieter-web\/notwegerecht-dient-nicht-der-bequemlichkeit\/","og_site_name":"Online-Nebenkostenabrechnung mit WISO Vermieter-Web","article_published_time":"2023-04-04T07:08:08+00:00","og_image":[{"width":840,"height":420,"url":"https:\/\/www.buhl.de\/vermieter-web\/wp-content\/uploads\/sites\/33\/2021\/10\/shutterstock_2023444220.jpg","type":"image\/jpeg"}],"author":"Hartmut Fischer","twitter_card":"summary_large_image","twitter_misc":{"Verfasst von":"Hartmut Fischer","Gesch\u00e4tzte Lesezeit":"3\u00a0Minuten"},"schema":{"@context":"https:\/\/schema.org","@graph":[{"@type":"Article","@id":"https:\/\/www.buhl.de\/vermieter-web\/notwegerecht-dient-nicht-der-bequemlichkeit\/#article","isPartOf":{"@id":"https:\/\/www.buhl.de\/vermieter-web\/notwegerecht-dient-nicht-der-bequemlichkeit\/"},"author":{"name":"Hartmut Fischer","@id":"https:\/\/www.buhl.de\/vermieter-web\/#\/schema\/person\/82903e1cb04eb553382702d503991b4f"},"headline":"Notwegerecht dient nicht der Bequemlichkeit","datePublished":"2023-04-04T07:08:08+00:00","mainEntityOfPage":{"@id":"https:\/\/www.buhl.de\/vermieter-web\/notwegerecht-dient-nicht-der-bequemlichkeit\/"},"wordCount":405,"image":{"@id":"https:\/\/www.buhl.de\/vermieter-web\/notwegerecht-dient-nicht-der-bequemlichkeit\/#primaryimage"},"thumbnailUrl":"https:\/\/www.buhl.de\/vermieter-web\/wp-content\/uploads\/sites\/33\/2021\/10\/shutterstock_2023444220.jpg","keywords":["beyuem","k\u00fcrzer","Notwegerecht","Zaun"],"inLanguage":"de"},{"@type":"WebPage","@id":"https:\/\/www.buhl.de\/vermieter-web\/notwegerecht-dient-nicht-der-bequemlichkeit\/","url":"https:\/\/www.buhl.de\/vermieter-web\/notwegerecht-dient-nicht-der-bequemlichkeit\/","name":"Grenzen des Notwegerecht","isPartOf":{"@id":"https:\/\/www.buhl.de\/vermieter-web\/#website"},"primaryImageOfPage":{"@id":"https:\/\/www.buhl.de\/vermieter-web\/notwegerecht-dient-nicht-der-bequemlichkeit\/#primaryimage"},"image":{"@id":"https:\/\/www.buhl.de\/vermieter-web\/notwegerecht-dient-nicht-der-bequemlichkeit\/#primaryimage"},"thumbnailUrl":"https:\/\/www.buhl.de\/vermieter-web\/wp-content\/uploads\/sites\/33\/2021\/10\/shutterstock_2023444220.jpg","datePublished":"2023-04-04T07:08:08+00:00","author":{"@id":"https:\/\/www.buhl.de\/vermieter-web\/#\/schema\/person\/82903e1cb04eb553382702d503991b4f"},"description":"Ist der Weg \u00fcber das Nachbargrundst\u00fcck lediglich bequemer, als ein anderer Zugang zum eigenen Grundst\u00fcck, besteht kein Notwegerecht.","breadcrumb":{"@id":"https:\/\/www.buhl.de\/vermieter-web\/notwegerecht-dient-nicht-der-bequemlichkeit\/#breadcrumb"},"inLanguage":"de","potentialAction":[{"@type":"ReadAction","target":["https:\/\/www.buhl.de\/vermieter-web\/notwegerecht-dient-nicht-der-bequemlichkeit\/"]}]},{"@type":"ImageObject","inLanguage":"de","@id":"https:\/\/www.buhl.de\/vermieter-web\/notwegerecht-dient-nicht-der-bequemlichkeit\/#primaryimage","url":"https:\/\/www.buhl.de\/vermieter-web\/wp-content\/uploads\/sites\/33\/2021\/10\/shutterstock_2023444220.jpg","contentUrl":"https:\/\/www.buhl.de\/vermieter-web\/wp-content\/uploads\/sites\/33\/2021\/10\/shutterstock_2023444220.jpg","width":840,"height":420,"caption":"Road narrowing because of the fence of the plot"},{"@type":"BreadcrumbList","@id":"https:\/\/www.buhl.de\/vermieter-web\/notwegerecht-dient-nicht-der-bequemlichkeit\/#breadcrumb","itemListElement":[{"@type":"ListItem","position":1,"name":"Startseite","item":"https:\/\/www.buhl.de\/vermieter-web\/"},{"@type":"ListItem","position":2,"name":"Notwegerecht dient nicht der Bequemlichkeit"}]},{"@type":"WebSite","@id":"https:\/\/www.buhl.de\/vermieter-web\/#website","url":"https:\/\/www.buhl.de\/vermieter-web\/","name":"Online-Nebenkostenabrechnung mit WISO Vermieter-Web","description":"","potentialAction":[{"@type":"SearchAction","target":{"@type":"EntryPoint","urlTemplate":"https:\/\/www.buhl.de\/vermieter-web\/?s={search_term_string}"},"query-input":{"@type":"PropertyValueSpecification","valueRequired":true,"valueName":"search_term_string"}}],"inLanguage":"de"},{"@type":"Person","@id":"https:\/\/www.buhl.de\/vermieter-web\/#\/schema\/person\/82903e1cb04eb553382702d503991b4f","name":"Hartmut Fischer"}]}},"_links":{"self":[{"href":"https:\/\/www.buhl.de\/vermieter-web\/wp-json\/wp\/v2\/posts\/15340","targetHints":{"allow":["GET"]}}],"collection":[{"href":"https:\/\/www.buhl.de\/vermieter-web\/wp-json\/wp\/v2\/posts"}],"about":[{"href":"https:\/\/www.buhl.de\/vermieter-web\/wp-json\/wp\/v2\/types\/post"}],"author":[{"embeddable":true,"href":"https:\/\/www.buhl.de\/vermieter-web\/wp-json\/wp\/v2\/users\/15"}],"replies":[{"embeddable":true,"href":"https:\/\/www.buhl.de\/vermieter-web\/wp-json\/wp\/v2\/comments?post=15340"}],"version-history":[{"count":1,"href":"https:\/\/www.buhl.de\/vermieter-web\/wp-json\/wp\/v2\/posts\/15340\/revisions"}],"predecessor-version":[{"id":15342,"href":"https:\/\/www.buhl.de\/vermieter-web\/wp-json\/wp\/v2\/posts\/15340\/revisions\/15342"}],"wp:featuredmedia":[{"embeddable":true,"href":"https:\/\/www.buhl.de\/vermieter-web\/wp-json\/wp\/v2\/media\/14023"}],"wp:attachment":[{"href":"https:\/\/www.buhl.de\/vermieter-web\/wp-json\/wp\/v2\/media?parent=15340"}],"wp:term":[{"taxonomy":"category","embeddable":true,"href":"https:\/\/www.buhl.de\/vermieter-web\/wp-json\/wp\/v2\/categories?post=15340"},{"taxonomy":"post_tag","embeddable":true,"href":"https:\/\/www.buhl.de\/vermieter-web\/wp-json\/wp\/v2\/tags?post=15340"}],"curies":[{"name":"wp","href":"https:\/\/api.w.org\/{rel}","templated":true}]}}