{"id":15362,"date":"2023-04-13T10:39:12","date_gmt":"2023-04-13T08:39:12","guid":{"rendered":"https:\/\/www.buhl.de\/vermieter-web\/?p=15362"},"modified":"2023-04-13T10:39:12","modified_gmt":"2023-04-13T08:39:12","slug":"weg-eigentuemerversammlung-zerstrittener-miteigentuemer","status":"publish","type":"post","link":"https:\/\/www.buhl.de\/vermieter-web\/weg-eigentuemerversammlung-zerstrittener-miteigentuemer\/","title":{"rendered":"WEG: Eigent\u00fcmerversammlung zerstrittener Miteigent\u00fcmer"},"content":{"rendered":"<p><strong>Die Wohneigent\u00fcmer m\u00fcssen sich bei einer Eigent\u00fcmerversammlung vertraut bewegen k\u00f6nnen. Dies ist aber nicht gegeben, wenn die Versammlung auf einer Terrasse stattfindet, die von einem Miteigent\u00fcmer genutzt wird, mit dem die anderen Wohnungseigent\u00fcmer im Streit leben. Dabei spielt es keine Rolle, dass sich die Terrasse im Gemeinschaftseigentum befindet. Entscheidend ist die tats\u00e4chliche Nutzung. Zu diesem Ergebnis kam das Landgericht Frankfurt am Main in einem Urteil vom 02.02.2023 (Aktenzeichen 2-13 S 80\/22).<\/strong><\/p>\n<h5>Wohnungseigent\u00fcmer klaGEN GEGEN vERSAAMMLUNGSBESCHL\u00dcSSE<\/h5>\n<p>Mehrere Wohnungseigent\u00fcmer hatten das Verfahren ausgel\u00f6st. Sie klagten gegen die Beschl\u00fcsse einer Eigent\u00fcmerversammlung. Zu der Versammlung waren sie nicht erschienen, da sie den Versammlungsort als unzumutbar abgelehnt hatten. Wohnungseigent\u00fcmer war neben den Kl\u00e4gern noch eine Person. Mit dieser lebten die anderen Wohnungseigent\u00fcmer jedoch schon seit vielen Jahren im Streit.<\/p>\n<h5>vERSAMMLUNGSORT UNZUMUTBAR?<\/h5>\n<p>Zur Eigent\u00fcmerversammlung war auf eine Terrasse geladen, die sich im Gemeinschaftseigentum befand. Diese Terrasse wurde aber praktisch ausschlie\u00dflich vom Wohnungseigent\u00fcmer genutzt, mit dem sich die anderen Eigent\u00fcmer im Streit befanden. Vor diesem Hintergrund hatten die klagenden Wohnungseigent\u00fcmer die Teilnahme abgelehnt. Gegen die in ihrer Abwesenheit gefassten Beschl\u00fcsse klagten sie. Das Amtsgericht Darmstadt gab der Klage aber nur teilweise statt. Deswegen gingen die Kl\u00e4ger in Berufung vor das Landgericht Frankfurt\/Main.<\/p>\n<h5>LANDGERICHT GIBT KL\u00c4GERN RECHT<\/h5>\n<p>Dort hatten die Kl\u00e4ger Erfolg. Das Landgericht erkl\u00e4rte alle auf der Versammlung gefassten Beschl\u00fcsse f\u00fcr ung\u00fcltig. Den Versammlungsort konnte auch nach Meinung des Gerichts den Kl\u00e4gern nicht zugemutet werden k\u00f6nnen. Die Terrasse m\u00fcsse praktisch dem Miteigent\u00fcmer zugerechnet werden, mit dem die anderen Eigent\u00fcmer im Streit lebten. Das Gericht stellte klar, dass die Mitgliederversammlung an einem neutralen Ort stattfinden m\u00fcsse.<\/p>\n<p>Dass es sich bei der Terrasse um Gemeinschaftseigentum handelte, spielte f\u00fcr das Gericht keine Rolle. Da sie praktisch ausschlie\u00dflich von dem verfeindeten Eigent\u00fcmer genutzt wurde, k\u00f6nnten sich die Kl\u00e4ger hier auch nicht vertraut bewegen.<\/p>\n<hr \/>\n<h5>Das k\u00f6nnte sie auch interessieren<\/h5>\n<p><a href=\"https:\/\/www.buhl.de\/vermieter-web\/weg-beschlusszwang-fuer-den-swimmingpool\/\">WEG: Beschlusszwang f\u00fcr den Swimmingpool<\/a><br \/>\n<a href=\"https:\/\/www.buhl.de\/vermieter-web\/weg-keine-auskunftspflicht-des-verwalters\/\">WEG: Keine Auskunftspflicht des Verwalters<\/a><br \/>\n<a href=\"https:\/\/www.buhl.de\/vermieter-web\/weg-teilnahme-an-versammlung-verweigert-beschluesse-unwirksam\/\">WEG: Teilnahme an Versammlung verweigert \u2013 Beschl\u00fcsse unwirksam<\/a><\/p>\n<hr \/>\n<p>&nbsp;<\/p>\n","protected":false},"excerpt":{"rendered":"<p>Die Wohneigent\u00fcmer m\u00fcssen sich bei einer Eigent\u00fcmerversammlung vertraut bewegen k\u00f6nnen. Dies ist aber nicht gegeben, wenn die Versammlung auf einer Terrasse stattfindet, die von einem Miteigent\u00fcmer genutzt wird, mit dem die anderen Wohnungseigent\u00fcmer im Streit leben. Dabei spielt es keine Rolle, dass sich die Terrasse im Gemeinschaftseigentum befindet. Entscheidend ist die tats\u00e4chliche Nutzung. Zu diesem &hellip; <\/p>\n<p class=\"link-more\"><a href=\"https:\/\/www.buhl.de\/vermieter-web\/weg-eigentuemerversammlung-zerstrittener-miteigentuemer\/\" class=\"more-link\"><span class=\"screen-reader-text\">\u201eWEG: Eigent\u00fcmerversammlung zerstrittener Miteigent\u00fcmer\u201c<\/span> weiterlesen<\/a><\/p>\n","protected":false},"author":15,"featured_media":10051,"comment_status":"closed","ping_status":"open","sticky":false,"template":"","format":"standard","meta":{"footnotes":""},"categories":[1],"tags":[427,5776,514],"class_list":["post-15362","post","type-post","status-publish","format-standard","has-post-thumbnail","hentry","category-allgemein","tag-eigentuemerversammlung","tag-streit","tag-terrasse"],"yoast_head":"<!-- This site is optimized with the Yoast SEO Premium plugin v27.4 (Yoast SEO v27.5) - https:\/\/yoast.com\/product\/yoast-seo-premium-wordpress\/ -->\n<title>WEG: Eigent\u00fcmerversammlung zerstrittener Miteigent\u00fcmer - Online-Nebenkostenabrechnung mit WISO Vermieter-Web<\/title>\n<meta name=\"robots\" content=\"noindex, nofollow\" \/>\n<meta property=\"og:locale\" content=\"de_DE\" \/>\n<meta property=\"og:type\" content=\"article\" \/>\n<meta property=\"og:title\" content=\"WEG: Eigent\u00fcmerversammlung zerstrittener Miteigent\u00fcmer\" \/>\n<meta property=\"og:description\" content=\"Die Wohneigent\u00fcmer m\u00fcssen sich bei einer Eigent\u00fcmerversammlung vertraut bewegen k\u00f6nnen. Dies ist aber nicht gegeben, wenn die Versammlung auf einer Terrasse stattfindet, die von einem Miteigent\u00fcmer genutzt wird, mit dem die anderen Wohnungseigent\u00fcmer im Streit leben. Dabei spielt es keine Rolle, dass sich die Terrasse im Gemeinschaftseigentum befindet. Entscheidend ist die tats\u00e4chliche Nutzung. Zu diesem &hellip; \u201eWEG: Eigent\u00fcmerversammlung zerstrittener Miteigent\u00fcmer\u201c weiterlesen\" \/>\n<meta property=\"og:url\" content=\"https:\/\/www.buhl.de\/vermieter-web\/weg-eigentuemerversammlung-zerstrittener-miteigentuemer\/\" \/>\n<meta property=\"og:site_name\" content=\"Online-Nebenkostenabrechnung mit WISO Vermieter-Web\" \/>\n<meta property=\"article:published_time\" content=\"2023-04-13T08:39:12+00:00\" \/>\n<meta property=\"og:image\" content=\"https:\/\/www.buhl.de\/vermieter-web\/wp-content\/uploads\/sites\/33\/2020\/01\/95544448.png\" \/>\n\t<meta property=\"og:image:width\" content=\"840\" \/>\n\t<meta property=\"og:image:height\" content=\"420\" \/>\n\t<meta property=\"og:image:type\" content=\"image\/png\" \/>\n<meta name=\"author\" content=\"Hartmut Fischer\" \/>\n<meta name=\"twitter:card\" content=\"summary_large_image\" \/>\n<meta name=\"twitter:label1\" content=\"Verfasst von\" \/>\n\t<meta name=\"twitter:data1\" content=\"Hartmut Fischer\" \/>\n\t<meta name=\"twitter:label2\" content=\"Gesch\u00e4tzte Lesezeit\" \/>\n\t<meta name=\"twitter:data2\" content=\"2\u00a0Minuten\" \/>\n<script type=\"application\/ld+json\" class=\"yoast-schema-graph\">{\"@context\":\"https:\\\/\\\/schema.org\",\"@graph\":[{\"@type\":\"Article\",\"@id\":\"https:\\\/\\\/www.buhl.de\\\/vermieter-web\\\/weg-eigentuemerversammlung-zerstrittener-miteigentuemer\\\/#article\",\"isPartOf\":{\"@id\":\"https:\\\/\\\/www.buhl.de\\\/vermieter-web\\\/weg-eigentuemerversammlung-zerstrittener-miteigentuemer\\\/\"},\"author\":{\"name\":\"Hartmut Fischer\",\"@id\":\"https:\\\/\\\/www.buhl.de\\\/vermieter-web\\\/#\\\/schema\\\/person\\\/82903e1cb04eb553382702d503991b4f\"},\"headline\":\"WEG: Eigent\u00fcmerversammlung zerstrittener Miteigent\u00fcmer\",\"datePublished\":\"2023-04-13T08:39:12+00:00\",\"mainEntityOfPage\":{\"@id\":\"https:\\\/\\\/www.buhl.de\\\/vermieter-web\\\/weg-eigentuemerversammlung-zerstrittener-miteigentuemer\\\/\"},\"wordCount\":363,\"image\":{\"@id\":\"https:\\\/\\\/www.buhl.de\\\/vermieter-web\\\/weg-eigentuemerversammlung-zerstrittener-miteigentuemer\\\/#primaryimage\"},\"thumbnailUrl\":\"https:\\\/\\\/www.buhl.de\\\/vermieter-web\\\/wp-content\\\/uploads\\\/sites\\\/33\\\/2020\\\/01\\\/95544448.png\",\"keywords\":[\"Eigent\u00fcmerversammlung\",\"Streit\",\"Terrasse\"],\"inLanguage\":\"de\"},{\"@type\":\"WebPage\",\"@id\":\"https:\\\/\\\/www.buhl.de\\\/vermieter-web\\\/weg-eigentuemerversammlung-zerstrittener-miteigentuemer\\\/\",\"url\":\"https:\\\/\\\/www.buhl.de\\\/vermieter-web\\\/weg-eigentuemerversammlung-zerstrittener-miteigentuemer\\\/\",\"name\":\"WEG: Eigent\u00fcmerversammlung zerstrittener Miteigent\u00fcmer - Online-Nebenkostenabrechnung mit WISO Vermieter-Web\",\"isPartOf\":{\"@id\":\"https:\\\/\\\/www.buhl.de\\\/vermieter-web\\\/#website\"},\"primaryImageOfPage\":{\"@id\":\"https:\\\/\\\/www.buhl.de\\\/vermieter-web\\\/weg-eigentuemerversammlung-zerstrittener-miteigentuemer\\\/#primaryimage\"},\"image\":{\"@id\":\"https:\\\/\\\/www.buhl.de\\\/vermieter-web\\\/weg-eigentuemerversammlung-zerstrittener-miteigentuemer\\\/#primaryimage\"},\"thumbnailUrl\":\"https:\\\/\\\/www.buhl.de\\\/vermieter-web\\\/wp-content\\\/uploads\\\/sites\\\/33\\\/2020\\\/01\\\/95544448.png\",\"datePublished\":\"2023-04-13T08:39:12+00:00\",\"author\":{\"@id\":\"https:\\\/\\\/www.buhl.de\\\/vermieter-web\\\/#\\\/schema\\\/person\\\/82903e1cb04eb553382702d503991b4f\"},\"breadcrumb\":{\"@id\":\"https:\\\/\\\/www.buhl.de\\\/vermieter-web\\\/weg-eigentuemerversammlung-zerstrittener-miteigentuemer\\\/#breadcrumb\"},\"inLanguage\":\"de\",\"potentialAction\":[{\"@type\":\"ReadAction\",\"target\":[\"https:\\\/\\\/www.buhl.de\\\/vermieter-web\\\/weg-eigentuemerversammlung-zerstrittener-miteigentuemer\\\/\"]}]},{\"@type\":\"ImageObject\",\"inLanguage\":\"de\",\"@id\":\"https:\\\/\\\/www.buhl.de\\\/vermieter-web\\\/weg-eigentuemerversammlung-zerstrittener-miteigentuemer\\\/#primaryimage\",\"url\":\"https:\\\/\\\/www.buhl.de\\\/vermieter-web\\\/wp-content\\\/uploads\\\/sites\\\/33\\\/2020\\\/01\\\/95544448.png\",\"contentUrl\":\"https:\\\/\\\/www.buhl.de\\\/vermieter-web\\\/wp-content\\\/uploads\\\/sites\\\/33\\\/2020\\\/01\\\/95544448.png\",\"width\":840,\"height\":420,\"caption\":\"P\u00f6beleien im Treppenhaus: Fristlose K\u00fcndigung\"},{\"@type\":\"BreadcrumbList\",\"@id\":\"https:\\\/\\\/www.buhl.de\\\/vermieter-web\\\/weg-eigentuemerversammlung-zerstrittener-miteigentuemer\\\/#breadcrumb\",\"itemListElement\":[{\"@type\":\"ListItem\",\"position\":1,\"name\":\"Startseite\",\"item\":\"https:\\\/\\\/www.buhl.de\\\/vermieter-web\\\/\"},{\"@type\":\"ListItem\",\"position\":2,\"name\":\"WEG: Eigent\u00fcmerversammlung zerstrittener Miteigent\u00fcmer\"}]},{\"@type\":\"WebSite\",\"@id\":\"https:\\\/\\\/www.buhl.de\\\/vermieter-web\\\/#website\",\"url\":\"https:\\\/\\\/www.buhl.de\\\/vermieter-web\\\/\",\"name\":\"Online-Nebenkostenabrechnung mit WISO Vermieter-Web\",\"description\":\"\",\"potentialAction\":[{\"@type\":\"SearchAction\",\"target\":{\"@type\":\"EntryPoint\",\"urlTemplate\":\"https:\\\/\\\/www.buhl.de\\\/vermieter-web\\\/?s={search_term_string}\"},\"query-input\":{\"@type\":\"PropertyValueSpecification\",\"valueRequired\":true,\"valueName\":\"search_term_string\"}}],\"inLanguage\":\"de\"},{\"@type\":\"Person\",\"@id\":\"https:\\\/\\\/www.buhl.de\\\/vermieter-web\\\/#\\\/schema\\\/person\\\/82903e1cb04eb553382702d503991b4f\",\"name\":\"Hartmut Fischer\"}]}<\/script>\n<!-- \/ Yoast SEO Premium plugin. -->","yoast_head_json":{"title":"WEG: Eigent\u00fcmerversammlung zerstrittener Miteigent\u00fcmer - Online-Nebenkostenabrechnung mit WISO Vermieter-Web","robots":{"index":"noindex","follow":"nofollow"},"og_locale":"de_DE","og_type":"article","og_title":"WEG: Eigent\u00fcmerversammlung zerstrittener Miteigent\u00fcmer","og_description":"Die Wohneigent\u00fcmer m\u00fcssen sich bei einer Eigent\u00fcmerversammlung vertraut bewegen k\u00f6nnen. Dies ist aber nicht gegeben, wenn die Versammlung auf einer Terrasse stattfindet, die von einem Miteigent\u00fcmer genutzt wird, mit dem die anderen Wohnungseigent\u00fcmer im Streit leben. Dabei spielt es keine Rolle, dass sich die Terrasse im Gemeinschaftseigentum befindet. Entscheidend ist die tats\u00e4chliche Nutzung. Zu diesem &hellip; \u201eWEG: Eigent\u00fcmerversammlung zerstrittener Miteigent\u00fcmer\u201c weiterlesen","og_url":"https:\/\/www.buhl.de\/vermieter-web\/weg-eigentuemerversammlung-zerstrittener-miteigentuemer\/","og_site_name":"Online-Nebenkostenabrechnung mit WISO Vermieter-Web","article_published_time":"2023-04-13T08:39:12+00:00","og_image":[{"width":840,"height":420,"url":"https:\/\/www.buhl.de\/vermieter-web\/wp-content\/uploads\/sites\/33\/2020\/01\/95544448.png","type":"image\/png"}],"author":"Hartmut Fischer","twitter_card":"summary_large_image","twitter_misc":{"Verfasst von":"Hartmut Fischer","Gesch\u00e4tzte Lesezeit":"2\u00a0Minuten"},"schema":{"@context":"https:\/\/schema.org","@graph":[{"@type":"Article","@id":"https:\/\/www.buhl.de\/vermieter-web\/weg-eigentuemerversammlung-zerstrittener-miteigentuemer\/#article","isPartOf":{"@id":"https:\/\/www.buhl.de\/vermieter-web\/weg-eigentuemerversammlung-zerstrittener-miteigentuemer\/"},"author":{"name":"Hartmut Fischer","@id":"https:\/\/www.buhl.de\/vermieter-web\/#\/schema\/person\/82903e1cb04eb553382702d503991b4f"},"headline":"WEG: Eigent\u00fcmerversammlung zerstrittener Miteigent\u00fcmer","datePublished":"2023-04-13T08:39:12+00:00","mainEntityOfPage":{"@id":"https:\/\/www.buhl.de\/vermieter-web\/weg-eigentuemerversammlung-zerstrittener-miteigentuemer\/"},"wordCount":363,"image":{"@id":"https:\/\/www.buhl.de\/vermieter-web\/weg-eigentuemerversammlung-zerstrittener-miteigentuemer\/#primaryimage"},"thumbnailUrl":"https:\/\/www.buhl.de\/vermieter-web\/wp-content\/uploads\/sites\/33\/2020\/01\/95544448.png","keywords":["Eigent\u00fcmerversammlung","Streit","Terrasse"],"inLanguage":"de"},{"@type":"WebPage","@id":"https:\/\/www.buhl.de\/vermieter-web\/weg-eigentuemerversammlung-zerstrittener-miteigentuemer\/","url":"https:\/\/www.buhl.de\/vermieter-web\/weg-eigentuemerversammlung-zerstrittener-miteigentuemer\/","name":"WEG: Eigent\u00fcmerversammlung zerstrittener Miteigent\u00fcmer - Online-Nebenkostenabrechnung mit WISO Vermieter-Web","isPartOf":{"@id":"https:\/\/www.buhl.de\/vermieter-web\/#website"},"primaryImageOfPage":{"@id":"https:\/\/www.buhl.de\/vermieter-web\/weg-eigentuemerversammlung-zerstrittener-miteigentuemer\/#primaryimage"},"image":{"@id":"https:\/\/www.buhl.de\/vermieter-web\/weg-eigentuemerversammlung-zerstrittener-miteigentuemer\/#primaryimage"},"thumbnailUrl":"https:\/\/www.buhl.de\/vermieter-web\/wp-content\/uploads\/sites\/33\/2020\/01\/95544448.png","datePublished":"2023-04-13T08:39:12+00:00","author":{"@id":"https:\/\/www.buhl.de\/vermieter-web\/#\/schema\/person\/82903e1cb04eb553382702d503991b4f"},"breadcrumb":{"@id":"https:\/\/www.buhl.de\/vermieter-web\/weg-eigentuemerversammlung-zerstrittener-miteigentuemer\/#breadcrumb"},"inLanguage":"de","potentialAction":[{"@type":"ReadAction","target":["https:\/\/www.buhl.de\/vermieter-web\/weg-eigentuemerversammlung-zerstrittener-miteigentuemer\/"]}]},{"@type":"ImageObject","inLanguage":"de","@id":"https:\/\/www.buhl.de\/vermieter-web\/weg-eigentuemerversammlung-zerstrittener-miteigentuemer\/#primaryimage","url":"https:\/\/www.buhl.de\/vermieter-web\/wp-content\/uploads\/sites\/33\/2020\/01\/95544448.png","contentUrl":"https:\/\/www.buhl.de\/vermieter-web\/wp-content\/uploads\/sites\/33\/2020\/01\/95544448.png","width":840,"height":420,"caption":"P\u00f6beleien im Treppenhaus: Fristlose K\u00fcndigung"},{"@type":"BreadcrumbList","@id":"https:\/\/www.buhl.de\/vermieter-web\/weg-eigentuemerversammlung-zerstrittener-miteigentuemer\/#breadcrumb","itemListElement":[{"@type":"ListItem","position":1,"name":"Startseite","item":"https:\/\/www.buhl.de\/vermieter-web\/"},{"@type":"ListItem","position":2,"name":"WEG: Eigent\u00fcmerversammlung zerstrittener Miteigent\u00fcmer"}]},{"@type":"WebSite","@id":"https:\/\/www.buhl.de\/vermieter-web\/#website","url":"https:\/\/www.buhl.de\/vermieter-web\/","name":"Online-Nebenkostenabrechnung mit WISO Vermieter-Web","description":"","potentialAction":[{"@type":"SearchAction","target":{"@type":"EntryPoint","urlTemplate":"https:\/\/www.buhl.de\/vermieter-web\/?s={search_term_string}"},"query-input":{"@type":"PropertyValueSpecification","valueRequired":true,"valueName":"search_term_string"}}],"inLanguage":"de"},{"@type":"Person","@id":"https:\/\/www.buhl.de\/vermieter-web\/#\/schema\/person\/82903e1cb04eb553382702d503991b4f","name":"Hartmut Fischer"}]}},"_links":{"self":[{"href":"https:\/\/www.buhl.de\/vermieter-web\/wp-json\/wp\/v2\/posts\/15362","targetHints":{"allow":["GET"]}}],"collection":[{"href":"https:\/\/www.buhl.de\/vermieter-web\/wp-json\/wp\/v2\/posts"}],"about":[{"href":"https:\/\/www.buhl.de\/vermieter-web\/wp-json\/wp\/v2\/types\/post"}],"author":[{"embeddable":true,"href":"https:\/\/www.buhl.de\/vermieter-web\/wp-json\/wp\/v2\/users\/15"}],"replies":[{"embeddable":true,"href":"https:\/\/www.buhl.de\/vermieter-web\/wp-json\/wp\/v2\/comments?post=15362"}],"version-history":[{"count":2,"href":"https:\/\/www.buhl.de\/vermieter-web\/wp-json\/wp\/v2\/posts\/15362\/revisions"}],"predecessor-version":[{"id":15365,"href":"https:\/\/www.buhl.de\/vermieter-web\/wp-json\/wp\/v2\/posts\/15362\/revisions\/15365"}],"wp:featuredmedia":[{"embeddable":true,"href":"https:\/\/www.buhl.de\/vermieter-web\/wp-json\/wp\/v2\/media\/10051"}],"wp:attachment":[{"href":"https:\/\/www.buhl.de\/vermieter-web\/wp-json\/wp\/v2\/media?parent=15362"}],"wp:term":[{"taxonomy":"category","embeddable":true,"href":"https:\/\/www.buhl.de\/vermieter-web\/wp-json\/wp\/v2\/categories?post=15362"},{"taxonomy":"post_tag","embeddable":true,"href":"https:\/\/www.buhl.de\/vermieter-web\/wp-json\/wp\/v2\/tags?post=15362"}],"curies":[{"name":"wp","href":"https:\/\/api.w.org\/{rel}","templated":true}]}}