{"id":15507,"date":"2023-06-22T14:56:53","date_gmt":"2023-06-22T12:56:53","guid":{"rendered":"https:\/\/www.buhl.de\/vermieter-web\/?p=15507"},"modified":"2023-06-22T14:56:53","modified_gmt":"2023-06-22T12:56:53","slug":"weg-balkon-solaranlage-in-der-eigentumswohnung","status":"publish","type":"post","link":"https:\/\/www.buhl.de\/vermieter-web\/weg-balkon-solaranlage-in-der-eigentumswohnung\/","title":{"rendered":"WEG: Balkon-Solaranlage in der Eigentumswohnung"},"content":{"rendered":"<p><strong>Wenn es um Energiesparen geht, wird immer h\u00e4ufiger \u00fcber Balkon-Solaranlagen gesprochen. Die Photovoltaikanlage auf dem Balkon bewegen sich in einem erschwinglichen Preisbereich, bei dem sich auch der Verzicht auf die Mehrwertsteuer positiv bemerkbar macht. Wer in seiner Eigentumswohnung eine Anlage montieren will, muss allerdings einige Regeln beachten.<\/strong><\/p>\n<h5>Ohne Genehmigung geht es nicht<\/h5>\n<p>Ein Wohnungseigent\u00fcmer kann nicht einfach loslegen. Das \u00e4u\u00dfere Erscheinungsbild geh\u00f6rt zum Gemeinschaftseigentum. Der Anschluss einer Balkon-Solaranlage geh\u00f6rt grunds\u00e4tzlich zu einer baulichen Ver\u00e4nderung des \u00e4u\u00dferen Erscheinungsbildes, da die Balkonbr\u00fcstung Teil der Fassade ist. Eine Genehmigung der Balkon-Solaranlage kann bei der Wohnungseigent\u00fcmergemeinschaft beantragt werden (<a href=\"https:\/\/www.gesetze-im-internet.de\/woeigg\/__20.html\">\u00a7\u00a020 Abs. 1 des Wohnungseigentumsgesetzes \u2013 WEG<\/a>).\u00a0Dies gilt auch f\u00fcr den Fall, dass das \u201eSteckdosen-Solarkraftwerk\u201c ohne Eingriff in die Bausubstanz aufgebaut wird. Es reicht aus, dass die Montage zu einer optischen Ver\u00e4nderung der Fassade f\u00fchrt.<\/p>\n<h5>Bundegerichtshof: Ex besteht Beschlusszwang<\/h5>\n<p>In einem Urteil vom 17.03.2023 stellt der Bundesgerichtshof ausdr\u00fccklich fest, dass ohne eine entsprechende Zustimmung der Eigent\u00fcmergemeinschaft auch ein R\u00fcckbau verlangt werden kann (siehe hierzu unseren Beitrag \u201e<a href=\"https:\/\/www.buhl.de\/vermieter-web\/weg-beschlusszwang-fuer-den-swimmingpool\/\">WEG: Beschlusszwang f\u00fcr den Swimmingpool<\/a>\u201c).<\/p>\n<h5>Balkonstromanlage (noch) nicht privilegiert<\/h5>\n<p>\u00a7 20 WEG nennt eine Reihe von Ma\u00dfnahmen, bei denen der Wohnungseigent\u00fcmer eine Zustimmung verlangen kann. Die Balkon-Solaranlagen geh\u00f6ren allerdings (noch) nicht dazu. Hier wird aber eine zeitnahe Gesetzes\u00e4nderung erwartet. Nach dieser Novellierung kann die Gemeinschaft die Installation nicht mehr einfach verbieten. Sie kann aber beispielsweise vorschreiben, wie gro\u00df die Anlage sein darf oder Vorgaben f\u00fcr die Form der Solarmodule machen.<\/p>\n<h5>Vor der Anschaffung voraussetzung kl\u00e4ren<\/h5>\n<p>Bevor Sie eine Balkon-Solaranlage anschaffen, kl\u00e4ren Sie zun\u00e4chst die Voraussetzungen. Was steht in der Teilungserkl\u00e4rung, der Gemeinschaftsordnung und der Hausordnung? In jedem Fall holen Sie sich die Genehmigung der Wohneigent\u00fcmerversammlung ein. H\u00e4ufig ergibt sich bei der Versammlung auch, dass andere Wohneigent\u00fcmer die Idee aufgreifen und man die Anlagen gemeinsam bestellt. So kann man vielleicht auch noch bessere Konditionen erzielen.<\/p>\n<hr \/>\n<h5>das k\u00f6nnte sie auch interessieren:<\/h5>\n<p><a href=\"https:\/\/www.buhl.de\/vermieter-web\/solaranlage-grenzen-der-informationspflicht\/\">Solaranlage: Grenzen der Informationspflicht<\/a><br \/>\n<a href=\"https:\/\/www.buhl.de\/vermieter-web\/wenn-die-solaranlage-den-nachbarn-blendet\/\">Wenn die Solaranlage den Nachbarn blendet<\/a><br \/>\n<a href=\"https:\/\/www.buhl.de\/vermieter-web\/photovoltaik-pflicht-oder-nicht\/\">Photovoltaik \u2013 Pflicht oder nicht?<\/a><\/p>\n<hr \/>\n<p>&nbsp;<\/p>\n","protected":false},"excerpt":{"rendered":"<p>Wenn es um Energiesparen geht, wird immer h\u00e4ufiger \u00fcber Balkon-Solaranlagen gesprochen. Die Photovoltaikanlage auf dem Balkon bewegen sich in einem erschwinglichen Preisbereich, bei dem sich auch der Verzicht auf die Mehrwertsteuer positiv bemerkbar macht. Wer in seiner Eigentumswohnung eine Anlage montieren will, muss allerdings einige Regeln beachten. Ohne Genehmigung geht es nicht Ein Wohnungseigent\u00fcmer kann &hellip; <\/p>\n<p class=\"link-more\"><a href=\"https:\/\/www.buhl.de\/vermieter-web\/weg-balkon-solaranlage-in-der-eigentumswohnung\/\" class=\"more-link\"><span class=\"screen-reader-text\">\u201eWEG: Balkon-Solaranlage in der Eigentumswohnung\u201c<\/span> weiterlesen<\/a><\/p>\n","protected":false},"author":15,"featured_media":15509,"comment_status":"closed","ping_status":"open","sticky":false,"template":"","format":"standard","meta":{"footnotes":""},"categories":[1],"tags":[691,6088,712],"class_list":["post-15507","post","type-post","status-publish","format-standard","has-post-thumbnail","hentry","category-allgemein","tag-balkon","tag-balkonsolaranlage","tag-photovoltaikanlage"],"yoast_head":"<!-- This site is optimized with the Yoast SEO Premium plugin v27.4 (Yoast SEO v27.5) - https:\/\/yoast.com\/product\/yoast-seo-premium-wordpress\/ -->\n<title>Balkon-Solaranlage auf dem Balkon der Eigentumswohnung<\/title>\n<meta name=\"description\" content=\"F\u00fcr die Installation einer Balkon-Solaranlage ben\u00f6tigt man bei einer Eigentumswohnung die Zustimmung der Wohneigent\u00fcmergemeinschaft.\" \/>\n<meta name=\"robots\" content=\"noindex, nofollow\" \/>\n<meta property=\"og:locale\" content=\"de_DE\" \/>\n<meta property=\"og:type\" content=\"article\" \/>\n<meta property=\"og:title\" content=\"WEG: Balkon-Solaranlage in der Eigentumswohnung\" \/>\n<meta property=\"og:description\" content=\"F\u00fcr die Installation einer Balkon-Solaranlage ben\u00f6tigt man bei einer Eigentumswohnung die Zustimmung der Wohneigent\u00fcmergemeinschaft.\" \/>\n<meta property=\"og:url\" content=\"https:\/\/www.buhl.de\/vermieter-web\/weg-balkon-solaranlage-in-der-eigentumswohnung\/\" \/>\n<meta property=\"og:site_name\" content=\"Online-Nebenkostenabrechnung mit WISO Vermieter-Web\" \/>\n<meta property=\"article:published_time\" content=\"2023-06-22T12:56:53+00:00\" \/>\n<meta property=\"og:image\" content=\"https:\/\/www.buhl.de\/vermieter-web\/wp-content\/uploads\/sites\/33\/2023\/06\/shutterstock_2203650195.jpg\" \/>\n\t<meta property=\"og:image:width\" content=\"840\" \/>\n\t<meta property=\"og:image:height\" content=\"420\" \/>\n\t<meta property=\"og:image:type\" content=\"image\/jpeg\" \/>\n<meta name=\"author\" content=\"Hartmut Fischer\" \/>\n<meta name=\"twitter:card\" content=\"summary_large_image\" \/>\n<meta name=\"twitter:label1\" content=\"Verfasst von\" \/>\n\t<meta name=\"twitter:data1\" content=\"Hartmut Fischer\" \/>\n\t<meta name=\"twitter:label2\" content=\"Gesch\u00e4tzte Lesezeit\" \/>\n\t<meta name=\"twitter:data2\" content=\"2\u00a0Minuten\" \/>\n<script type=\"application\/ld+json\" class=\"yoast-schema-graph\">{\"@context\":\"https:\\\/\\\/schema.org\",\"@graph\":[{\"@type\":\"Article\",\"@id\":\"https:\\\/\\\/www.buhl.de\\\/vermieter-web\\\/weg-balkon-solaranlage-in-der-eigentumswohnung\\\/#article\",\"isPartOf\":{\"@id\":\"https:\\\/\\\/www.buhl.de\\\/vermieter-web\\\/weg-balkon-solaranlage-in-der-eigentumswohnung\\\/\"},\"author\":{\"name\":\"Hartmut Fischer\",\"@id\":\"https:\\\/\\\/www.buhl.de\\\/vermieter-web\\\/#\\\/schema\\\/person\\\/82903e1cb04eb553382702d503991b4f\"},\"headline\":\"WEG: Balkon-Solaranlage in der Eigentumswohnung\",\"datePublished\":\"2023-06-22T12:56:53+00:00\",\"mainEntityOfPage\":{\"@id\":\"https:\\\/\\\/www.buhl.de\\\/vermieter-web\\\/weg-balkon-solaranlage-in-der-eigentumswohnung\\\/\"},\"wordCount\":344,\"image\":{\"@id\":\"https:\\\/\\\/www.buhl.de\\\/vermieter-web\\\/weg-balkon-solaranlage-in-der-eigentumswohnung\\\/#primaryimage\"},\"thumbnailUrl\":\"https:\\\/\\\/www.buhl.de\\\/vermieter-web\\\/wp-content\\\/uploads\\\/sites\\\/33\\\/2023\\\/06\\\/shutterstock_2203650195.jpg\",\"keywords\":[\"Balkon\",\"Balkonsolaranlage\",\"Photovoltaikanlage\"],\"inLanguage\":\"de\"},{\"@type\":\"WebPage\",\"@id\":\"https:\\\/\\\/www.buhl.de\\\/vermieter-web\\\/weg-balkon-solaranlage-in-der-eigentumswohnung\\\/\",\"url\":\"https:\\\/\\\/www.buhl.de\\\/vermieter-web\\\/weg-balkon-solaranlage-in-der-eigentumswohnung\\\/\",\"name\":\"Balkon-Solaranlage auf dem Balkon der Eigentumswohnung\",\"isPartOf\":{\"@id\":\"https:\\\/\\\/www.buhl.de\\\/vermieter-web\\\/#website\"},\"primaryImageOfPage\":{\"@id\":\"https:\\\/\\\/www.buhl.de\\\/vermieter-web\\\/weg-balkon-solaranlage-in-der-eigentumswohnung\\\/#primaryimage\"},\"image\":{\"@id\":\"https:\\\/\\\/www.buhl.de\\\/vermieter-web\\\/weg-balkon-solaranlage-in-der-eigentumswohnung\\\/#primaryimage\"},\"thumbnailUrl\":\"https:\\\/\\\/www.buhl.de\\\/vermieter-web\\\/wp-content\\\/uploads\\\/sites\\\/33\\\/2023\\\/06\\\/shutterstock_2203650195.jpg\",\"datePublished\":\"2023-06-22T12:56:53+00:00\",\"author\":{\"@id\":\"https:\\\/\\\/www.buhl.de\\\/vermieter-web\\\/#\\\/schema\\\/person\\\/82903e1cb04eb553382702d503991b4f\"},\"description\":\"F\u00fcr die Installation einer Balkon-Solaranlage ben\u00f6tigt man bei einer Eigentumswohnung die Zustimmung der Wohneigent\u00fcmergemeinschaft.\",\"breadcrumb\":{\"@id\":\"https:\\\/\\\/www.buhl.de\\\/vermieter-web\\\/weg-balkon-solaranlage-in-der-eigentumswohnung\\\/#breadcrumb\"},\"inLanguage\":\"de\",\"potentialAction\":[{\"@type\":\"ReadAction\",\"target\":[\"https:\\\/\\\/www.buhl.de\\\/vermieter-web\\\/weg-balkon-solaranlage-in-der-eigentumswohnung\\\/\"]}]},{\"@type\":\"ImageObject\",\"inLanguage\":\"de\",\"@id\":\"https:\\\/\\\/www.buhl.de\\\/vermieter-web\\\/weg-balkon-solaranlage-in-der-eigentumswohnung\\\/#primaryimage\",\"url\":\"https:\\\/\\\/www.buhl.de\\\/vermieter-web\\\/wp-content\\\/uploads\\\/sites\\\/33\\\/2023\\\/06\\\/shutterstock_2203650195.jpg\",\"contentUrl\":\"https:\\\/\\\/www.buhl.de\\\/vermieter-web\\\/wp-content\\\/uploads\\\/sites\\\/33\\\/2023\\\/06\\\/shutterstock_2203650195.jpg\",\"width\":840,\"height\":420,\"caption\":\"Solar panels on Balcony of Apartment Building. Modern Balcony Apartment Solar power panel.\"},{\"@type\":\"BreadcrumbList\",\"@id\":\"https:\\\/\\\/www.buhl.de\\\/vermieter-web\\\/weg-balkon-solaranlage-in-der-eigentumswohnung\\\/#breadcrumb\",\"itemListElement\":[{\"@type\":\"ListItem\",\"position\":1,\"name\":\"Startseite\",\"item\":\"https:\\\/\\\/www.buhl.de\\\/vermieter-web\\\/\"},{\"@type\":\"ListItem\",\"position\":2,\"name\":\"WEG: Balkon-Solaranlage in der Eigentumswohnung\"}]},{\"@type\":\"WebSite\",\"@id\":\"https:\\\/\\\/www.buhl.de\\\/vermieter-web\\\/#website\",\"url\":\"https:\\\/\\\/www.buhl.de\\\/vermieter-web\\\/\",\"name\":\"Online-Nebenkostenabrechnung mit WISO Vermieter-Web\",\"description\":\"\",\"potentialAction\":[{\"@type\":\"SearchAction\",\"target\":{\"@type\":\"EntryPoint\",\"urlTemplate\":\"https:\\\/\\\/www.buhl.de\\\/vermieter-web\\\/?s={search_term_string}\"},\"query-input\":{\"@type\":\"PropertyValueSpecification\",\"valueRequired\":true,\"valueName\":\"search_term_string\"}}],\"inLanguage\":\"de\"},{\"@type\":\"Person\",\"@id\":\"https:\\\/\\\/www.buhl.de\\\/vermieter-web\\\/#\\\/schema\\\/person\\\/82903e1cb04eb553382702d503991b4f\",\"name\":\"Hartmut Fischer\"}]}<\/script>\n<!-- \/ Yoast SEO Premium plugin. -->","yoast_head_json":{"title":"Balkon-Solaranlage auf dem Balkon der Eigentumswohnung","description":"F\u00fcr die Installation einer Balkon-Solaranlage ben\u00f6tigt man bei einer Eigentumswohnung die Zustimmung der Wohneigent\u00fcmergemeinschaft.","robots":{"index":"noindex","follow":"nofollow"},"og_locale":"de_DE","og_type":"article","og_title":"WEG: Balkon-Solaranlage in der Eigentumswohnung","og_description":"F\u00fcr die Installation einer Balkon-Solaranlage ben\u00f6tigt man bei einer Eigentumswohnung die Zustimmung der Wohneigent\u00fcmergemeinschaft.","og_url":"https:\/\/www.buhl.de\/vermieter-web\/weg-balkon-solaranlage-in-der-eigentumswohnung\/","og_site_name":"Online-Nebenkostenabrechnung mit WISO Vermieter-Web","article_published_time":"2023-06-22T12:56:53+00:00","og_image":[{"width":840,"height":420,"url":"https:\/\/www.buhl.de\/vermieter-web\/wp-content\/uploads\/sites\/33\/2023\/06\/shutterstock_2203650195.jpg","type":"image\/jpeg"}],"author":"Hartmut Fischer","twitter_card":"summary_large_image","twitter_misc":{"Verfasst von":"Hartmut Fischer","Gesch\u00e4tzte Lesezeit":"2\u00a0Minuten"},"schema":{"@context":"https:\/\/schema.org","@graph":[{"@type":"Article","@id":"https:\/\/www.buhl.de\/vermieter-web\/weg-balkon-solaranlage-in-der-eigentumswohnung\/#article","isPartOf":{"@id":"https:\/\/www.buhl.de\/vermieter-web\/weg-balkon-solaranlage-in-der-eigentumswohnung\/"},"author":{"name":"Hartmut Fischer","@id":"https:\/\/www.buhl.de\/vermieter-web\/#\/schema\/person\/82903e1cb04eb553382702d503991b4f"},"headline":"WEG: Balkon-Solaranlage in der Eigentumswohnung","datePublished":"2023-06-22T12:56:53+00:00","mainEntityOfPage":{"@id":"https:\/\/www.buhl.de\/vermieter-web\/weg-balkon-solaranlage-in-der-eigentumswohnung\/"},"wordCount":344,"image":{"@id":"https:\/\/www.buhl.de\/vermieter-web\/weg-balkon-solaranlage-in-der-eigentumswohnung\/#primaryimage"},"thumbnailUrl":"https:\/\/www.buhl.de\/vermieter-web\/wp-content\/uploads\/sites\/33\/2023\/06\/shutterstock_2203650195.jpg","keywords":["Balkon","Balkonsolaranlage","Photovoltaikanlage"],"inLanguage":"de"},{"@type":"WebPage","@id":"https:\/\/www.buhl.de\/vermieter-web\/weg-balkon-solaranlage-in-der-eigentumswohnung\/","url":"https:\/\/www.buhl.de\/vermieter-web\/weg-balkon-solaranlage-in-der-eigentumswohnung\/","name":"Balkon-Solaranlage auf dem Balkon der Eigentumswohnung","isPartOf":{"@id":"https:\/\/www.buhl.de\/vermieter-web\/#website"},"primaryImageOfPage":{"@id":"https:\/\/www.buhl.de\/vermieter-web\/weg-balkon-solaranlage-in-der-eigentumswohnung\/#primaryimage"},"image":{"@id":"https:\/\/www.buhl.de\/vermieter-web\/weg-balkon-solaranlage-in-der-eigentumswohnung\/#primaryimage"},"thumbnailUrl":"https:\/\/www.buhl.de\/vermieter-web\/wp-content\/uploads\/sites\/33\/2023\/06\/shutterstock_2203650195.jpg","datePublished":"2023-06-22T12:56:53+00:00","author":{"@id":"https:\/\/www.buhl.de\/vermieter-web\/#\/schema\/person\/82903e1cb04eb553382702d503991b4f"},"description":"F\u00fcr die Installation einer Balkon-Solaranlage ben\u00f6tigt man bei einer Eigentumswohnung die Zustimmung der Wohneigent\u00fcmergemeinschaft.","breadcrumb":{"@id":"https:\/\/www.buhl.de\/vermieter-web\/weg-balkon-solaranlage-in-der-eigentumswohnung\/#breadcrumb"},"inLanguage":"de","potentialAction":[{"@type":"ReadAction","target":["https:\/\/www.buhl.de\/vermieter-web\/weg-balkon-solaranlage-in-der-eigentumswohnung\/"]}]},{"@type":"ImageObject","inLanguage":"de","@id":"https:\/\/www.buhl.de\/vermieter-web\/weg-balkon-solaranlage-in-der-eigentumswohnung\/#primaryimage","url":"https:\/\/www.buhl.de\/vermieter-web\/wp-content\/uploads\/sites\/33\/2023\/06\/shutterstock_2203650195.jpg","contentUrl":"https:\/\/www.buhl.de\/vermieter-web\/wp-content\/uploads\/sites\/33\/2023\/06\/shutterstock_2203650195.jpg","width":840,"height":420,"caption":"Solar panels on Balcony of Apartment Building. Modern Balcony Apartment Solar power panel."},{"@type":"BreadcrumbList","@id":"https:\/\/www.buhl.de\/vermieter-web\/weg-balkon-solaranlage-in-der-eigentumswohnung\/#breadcrumb","itemListElement":[{"@type":"ListItem","position":1,"name":"Startseite","item":"https:\/\/www.buhl.de\/vermieter-web\/"},{"@type":"ListItem","position":2,"name":"WEG: Balkon-Solaranlage in der Eigentumswohnung"}]},{"@type":"WebSite","@id":"https:\/\/www.buhl.de\/vermieter-web\/#website","url":"https:\/\/www.buhl.de\/vermieter-web\/","name":"Online-Nebenkostenabrechnung mit WISO Vermieter-Web","description":"","potentialAction":[{"@type":"SearchAction","target":{"@type":"EntryPoint","urlTemplate":"https:\/\/www.buhl.de\/vermieter-web\/?s={search_term_string}"},"query-input":{"@type":"PropertyValueSpecification","valueRequired":true,"valueName":"search_term_string"}}],"inLanguage":"de"},{"@type":"Person","@id":"https:\/\/www.buhl.de\/vermieter-web\/#\/schema\/person\/82903e1cb04eb553382702d503991b4f","name":"Hartmut Fischer"}]}},"_links":{"self":[{"href":"https:\/\/www.buhl.de\/vermieter-web\/wp-json\/wp\/v2\/posts\/15507","targetHints":{"allow":["GET"]}}],"collection":[{"href":"https:\/\/www.buhl.de\/vermieter-web\/wp-json\/wp\/v2\/posts"}],"about":[{"href":"https:\/\/www.buhl.de\/vermieter-web\/wp-json\/wp\/v2\/types\/post"}],"author":[{"embeddable":true,"href":"https:\/\/www.buhl.de\/vermieter-web\/wp-json\/wp\/v2\/users\/15"}],"replies":[{"embeddable":true,"href":"https:\/\/www.buhl.de\/vermieter-web\/wp-json\/wp\/v2\/comments?post=15507"}],"version-history":[{"count":1,"href":"https:\/\/www.buhl.de\/vermieter-web\/wp-json\/wp\/v2\/posts\/15507\/revisions"}],"predecessor-version":[{"id":15510,"href":"https:\/\/www.buhl.de\/vermieter-web\/wp-json\/wp\/v2\/posts\/15507\/revisions\/15510"}],"wp:featuredmedia":[{"embeddable":true,"href":"https:\/\/www.buhl.de\/vermieter-web\/wp-json\/wp\/v2\/media\/15509"}],"wp:attachment":[{"href":"https:\/\/www.buhl.de\/vermieter-web\/wp-json\/wp\/v2\/media?parent=15507"}],"wp:term":[{"taxonomy":"category","embeddable":true,"href":"https:\/\/www.buhl.de\/vermieter-web\/wp-json\/wp\/v2\/categories?post=15507"},{"taxonomy":"post_tag","embeddable":true,"href":"https:\/\/www.buhl.de\/vermieter-web\/wp-json\/wp\/v2\/tags?post=15507"}],"curies":[{"name":"wp","href":"https:\/\/api.w.org\/{rel}","templated":true}]}}