{"id":15511,"date":"2023-06-23T15:18:55","date_gmt":"2023-06-23T13:18:55","guid":{"rendered":"https:\/\/www.buhl.de\/vermieter-web\/?p=15511"},"modified":"2023-06-23T15:18:55","modified_gmt":"2023-06-23T13:18:55","slug":"zutritt-des-vermieters-zur-mietwohnung","status":"publish","type":"post","link":"https:\/\/www.buhl.de\/vermieter-web\/zutritt-des-vermieters-zur-mietwohnung\/","title":{"rendered":"Zutritt des Vermieters zur Mietwohnung"},"content":{"rendered":"<p><strong>Der Bundesgerichtshof (BGH) hat in einem Urteil vom 26.4.2023 klargestellt, dass ein Mieter in begr\u00fcndeten F\u00e4llen dem Vermieter Zutritt zu seiner Wohnung gew\u00e4hren muss. Dabei handelt es sich um eine Nebenpflicht des Mieters, die aus <a href=\"https:\/\/www.gesetze-im-internet.de\/bgb\/__242.html#:~:text=B%C3%BCrgerliches%20Gesetzbuch%20(BGB),auf%20die%20Verkehrssitte%20es%20erfordern.\">\u00a7\u00a0242 BGB<\/a> hergeleitet wird. Au\u00dferdem ist auch eine entsprechende Vereinbarung im Mietvertrag g\u00fcltig. (Aktenzeichen VIII ZR 420\/21)<\/strong><\/p>\n<h5>zugang auch im mietvertrag geregelt<\/h5>\n<p>In dem Verfahren ging es um die Weigerung, dem Vermieter Zutritt zur Mietwohnung zu gew\u00e4hren. Im Mietvertrag war vereinbart:<\/p>\n<p>\u201eBetreten der Mietr\u00e4ume<br \/>\nDem Vermieter oder seinem Beauftragten oder beiden steht aus besonderem Anlass (insbesondere im Fall der Beendigung des Mietverh\u00e4ltnisses zwecks anderweitiger Vermietung oder bei beabsichtigtem Verkauf der Mietsache) die Besichtigung der Mietr\u00e4ume zu verkehrs\u00fcblicher Tageszeit nach vorheriger rechtzeitiger Ank\u00fcndigung an Werktagen (auch samstags) frei.\u201c<\/p>\n<h5>mieter verweigert zugang<\/h5>\n<p>Da der Vermieter den Verkauf der Wohnung plante, forderte er den Mieter auf, ihm den Zutritt zu der Wohnung in Begleitung von Immobilienmaklern und Kaufinteressenten zu gestatten. Der Mieter lehnte dies aber ab. Er verwies darauf, dass er unter einer schwerwiegenden psychischen Erkrankung leide.<\/p>\n<h5>Amtsgericht und landgericht entscheiden unterschiedlich<\/h5>\n<p>Der Vermieter klagte daraufhin vor dem Amtsgericht auf Zugang und konnte sich dort weitgehend durchsetzen. Das Gericht verurteilte den Mieter, dem Vermieter oder einer von ihm mit schriftlicher Bevollm\u00e4chtigung ausgestatteter Person (Makler oder Kaufinteressent) Zutritt zur Wohnung zu gew\u00e4hren, wenn dies mindestens eine Woche zuvor vereinbart wurde. Zus\u00e4tzlich wurde festgelegt, dass maximal zwei Personen die Wohnung gemeinsam betreten d\u00fcrfen und der Aufenthalt auf 45 Minuten begrenzt ist.<\/p>\n<h5>BGH gibt vermieter recht<\/h5>\n<p>Der Mieter ging in Berufung vor das Landgericht und hatte dort teilweise Erfolg. Der Vermieter ging in Revision vor den Bundesgerichtshof (BGH). Dort besat\u00e4tigte man das Recht des Vermieters auf Zutritt zur Wohnung und entschied:<\/p>\n<p>\u201eEs besteht eine vertragliche, aus \u00a7\u00a0242 BGB herzuleitende Nebenpflicht des Wohnraummieters, dem Vermieter \u2013 nach entsprechender Vorank\u00fcndigung \u2013 den Zutritt zu seiner Wohnung zu gew\u00e4hren, wenn es hierf\u00fcr einen konkreten sachlichen Grund (hier: beabsichtigte Ver\u00e4u\u00dferung der Wohnung) gibt. Eine solche Pflicht kann sich zudem aus einer entsprechenden Vereinbarung im Mietvertrag ergeben.&#8220;<\/p>\n<hr \/>\n<h5>Das k\u00f6nnte Sie auch interessieren:<\/h5>\n<p><a href=\"https:\/\/www.buhl.de\/vermieter-web\/bauherr-und-doch-kein-zutritt-zur-baustelle\/\">Bauherr \u2013 und doch kein Zutritt zur Baustelle?<\/a><br \/>\n<a href=\"https:\/\/www.buhl.de\/vermieter-web\/zutritt-verweigert-fristlos-gekuendigt\/\">Zutritt verweigert \u2013 Fristlos gek\u00fcndigt<\/a><br \/>\n<a href=\"https:\/\/www.buhl.de\/vermieter-web\/kein-wohnungszugang-kein-zurueckbehaltungsrecht\/\">Kein Wohnungszugang \u2013 kein Zur\u00fcckbehaltungsrecht<\/a><\/p>\n<hr \/>\n<p>&nbsp;<\/p>\n","protected":false},"excerpt":{"rendered":"<p>Der Bundesgerichtshof (BGH) hat in einem Urteil vom 26.4.2023 klargestellt, dass ein Mieter in begr\u00fcndeten F\u00e4llen dem Vermieter Zutritt zu seiner Wohnung gew\u00e4hren muss. Dabei handelt es sich um eine Nebenpflicht des Mieters, die aus \u00a7\u00a0242 BGB hergeleitet wird. Au\u00dferdem ist auch eine entsprechende Vereinbarung im Mietvertrag g\u00fcltig. (Aktenzeichen VIII ZR 420\/21) zugang auch im &hellip; <\/p>\n<p class=\"link-more\"><a href=\"https:\/\/www.buhl.de\/vermieter-web\/zutritt-des-vermieters-zur-mietwohnung\/\" class=\"more-link\"><span class=\"screen-reader-text\">\u201eZutritt des Vermieters zur Mietwohnung\u201c<\/span> weiterlesen<\/a><\/p>\n","protected":false},"author":15,"featured_media":15517,"comment_status":"closed","ping_status":"open","sticky":false,"template":"","format":"standard","meta":{"footnotes":""},"categories":[1],"tags":[6039,5462,2883,5719],"class_list":["post-15511","post","type-post","status-publish","format-standard","has-post-thumbnail","hentry","category-allgemein","tag-weigern","tag-zugang","tag-zugangsverweigerung","tag-zutritt"],"yoast_head":"<!-- This site is optimized with the Yoast SEO Premium plugin v27.4 (Yoast SEO v27.5) - https:\/\/yoast.com\/product\/yoast-seo-premium-wordpress\/ -->\n<title>Recht des Vermieters auf Zutritt in die Mietwohnung<\/title>\n<meta name=\"description\" content=\"Bei begr\u00fcndetem Interesse hat der Vermieter ein Recht auf Zutritt zur Mietwohnung, wenn dies mit dem Mieter abgesprochen wurde.\" \/>\n<meta name=\"robots\" content=\"noindex, nofollow\" \/>\n<meta property=\"og:locale\" content=\"de_DE\" \/>\n<meta property=\"og:type\" content=\"article\" \/>\n<meta property=\"og:title\" content=\"Zutritt des Vermieters zur Mietwohnung\" \/>\n<meta property=\"og:description\" content=\"Bei begr\u00fcndetem Interesse hat der Vermieter ein Recht auf Zutritt zur Mietwohnung, wenn dies mit dem Mieter abgesprochen wurde.\" \/>\n<meta property=\"og:url\" content=\"https:\/\/www.buhl.de\/vermieter-web\/zutritt-des-vermieters-zur-mietwohnung\/\" \/>\n<meta property=\"og:site_name\" content=\"Online-Nebenkostenabrechnung mit WISO Vermieter-Web\" \/>\n<meta property=\"article:published_time\" content=\"2023-06-23T13:18:55+00:00\" \/>\n<meta property=\"og:image\" content=\"https:\/\/www.buhl.de\/vermieter-web\/wp-content\/uploads\/sites\/33\/2023\/06\/shutterstock_1830482321.jpg\" \/>\n\t<meta property=\"og:image:width\" content=\"840\" \/>\n\t<meta property=\"og:image:height\" content=\"420\" \/>\n\t<meta property=\"og:image:type\" content=\"image\/jpeg\" \/>\n<meta name=\"author\" content=\"Hartmut Fischer\" \/>\n<meta name=\"twitter:card\" content=\"summary_large_image\" \/>\n<meta name=\"twitter:label1\" content=\"Verfasst von\" \/>\n\t<meta name=\"twitter:data1\" content=\"Hartmut Fischer\" \/>\n\t<meta name=\"twitter:label2\" content=\"Gesch\u00e4tzte Lesezeit\" \/>\n\t<meta name=\"twitter:data2\" content=\"2\u00a0Minuten\" \/>\n<script type=\"application\/ld+json\" class=\"yoast-schema-graph\">{\"@context\":\"https:\\\/\\\/schema.org\",\"@graph\":[{\"@type\":\"Article\",\"@id\":\"https:\\\/\\\/www.buhl.de\\\/vermieter-web\\\/zutritt-des-vermieters-zur-mietwohnung\\\/#article\",\"isPartOf\":{\"@id\":\"https:\\\/\\\/www.buhl.de\\\/vermieter-web\\\/zutritt-des-vermieters-zur-mietwohnung\\\/\"},\"author\":{\"name\":\"Hartmut Fischer\",\"@id\":\"https:\\\/\\\/www.buhl.de\\\/vermieter-web\\\/#\\\/schema\\\/person\\\/82903e1cb04eb553382702d503991b4f\"},\"headline\":\"Zutritt des Vermieters zur Mietwohnung\",\"datePublished\":\"2023-06-23T13:18:55+00:00\",\"mainEntityOfPage\":{\"@id\":\"https:\\\/\\\/www.buhl.de\\\/vermieter-web\\\/zutritt-des-vermieters-zur-mietwohnung\\\/\"},\"wordCount\":374,\"image\":{\"@id\":\"https:\\\/\\\/www.buhl.de\\\/vermieter-web\\\/zutritt-des-vermieters-zur-mietwohnung\\\/#primaryimage\"},\"thumbnailUrl\":\"https:\\\/\\\/www.buhl.de\\\/vermieter-web\\\/wp-content\\\/uploads\\\/sites\\\/33\\\/2023\\\/06\\\/shutterstock_1830482321.jpg\",\"keywords\":[\"Weigern\",\"Zugang\",\"Zugangsverweigerung\",\"Zutritt\"],\"inLanguage\":\"de\"},{\"@type\":\"WebPage\",\"@id\":\"https:\\\/\\\/www.buhl.de\\\/vermieter-web\\\/zutritt-des-vermieters-zur-mietwohnung\\\/\",\"url\":\"https:\\\/\\\/www.buhl.de\\\/vermieter-web\\\/zutritt-des-vermieters-zur-mietwohnung\\\/\",\"name\":\"Recht des Vermieters auf Zutritt in die Mietwohnung\",\"isPartOf\":{\"@id\":\"https:\\\/\\\/www.buhl.de\\\/vermieter-web\\\/#website\"},\"primaryImageOfPage\":{\"@id\":\"https:\\\/\\\/www.buhl.de\\\/vermieter-web\\\/zutritt-des-vermieters-zur-mietwohnung\\\/#primaryimage\"},\"image\":{\"@id\":\"https:\\\/\\\/www.buhl.de\\\/vermieter-web\\\/zutritt-des-vermieters-zur-mietwohnung\\\/#primaryimage\"},\"thumbnailUrl\":\"https:\\\/\\\/www.buhl.de\\\/vermieter-web\\\/wp-content\\\/uploads\\\/sites\\\/33\\\/2023\\\/06\\\/shutterstock_1830482321.jpg\",\"datePublished\":\"2023-06-23T13:18:55+00:00\",\"author\":{\"@id\":\"https:\\\/\\\/www.buhl.de\\\/vermieter-web\\\/#\\\/schema\\\/person\\\/82903e1cb04eb553382702d503991b4f\"},\"description\":\"Bei begr\u00fcndetem Interesse hat der Vermieter ein Recht auf Zutritt zur Mietwohnung, wenn dies mit dem Mieter abgesprochen wurde.\",\"breadcrumb\":{\"@id\":\"https:\\\/\\\/www.buhl.de\\\/vermieter-web\\\/zutritt-des-vermieters-zur-mietwohnung\\\/#breadcrumb\"},\"inLanguage\":\"de\",\"potentialAction\":[{\"@type\":\"ReadAction\",\"target\":[\"https:\\\/\\\/www.buhl.de\\\/vermieter-web\\\/zutritt-des-vermieters-zur-mietwohnung\\\/\"]}]},{\"@type\":\"ImageObject\",\"inLanguage\":\"de\",\"@id\":\"https:\\\/\\\/www.buhl.de\\\/vermieter-web\\\/zutritt-des-vermieters-zur-mietwohnung\\\/#primaryimage\",\"url\":\"https:\\\/\\\/www.buhl.de\\\/vermieter-web\\\/wp-content\\\/uploads\\\/sites\\\/33\\\/2023\\\/06\\\/shutterstock_1830482321.jpg\",\"contentUrl\":\"https:\\\/\\\/www.buhl.de\\\/vermieter-web\\\/wp-content\\\/uploads\\\/sites\\\/33\\\/2023\\\/06\\\/shutterstock_1830482321.jpg\",\"width\":840,\"height\":420,\"caption\":\"Grungy sign with phrase \u201eno entry\u201c in German language on it.\"},{\"@type\":\"BreadcrumbList\",\"@id\":\"https:\\\/\\\/www.buhl.de\\\/vermieter-web\\\/zutritt-des-vermieters-zur-mietwohnung\\\/#breadcrumb\",\"itemListElement\":[{\"@type\":\"ListItem\",\"position\":1,\"name\":\"Startseite\",\"item\":\"https:\\\/\\\/www.buhl.de\\\/vermieter-web\\\/\"},{\"@type\":\"ListItem\",\"position\":2,\"name\":\"Zutritt des Vermieters zur Mietwohnung\"}]},{\"@type\":\"WebSite\",\"@id\":\"https:\\\/\\\/www.buhl.de\\\/vermieter-web\\\/#website\",\"url\":\"https:\\\/\\\/www.buhl.de\\\/vermieter-web\\\/\",\"name\":\"Online-Nebenkostenabrechnung mit WISO Vermieter-Web\",\"description\":\"\",\"potentialAction\":[{\"@type\":\"SearchAction\",\"target\":{\"@type\":\"EntryPoint\",\"urlTemplate\":\"https:\\\/\\\/www.buhl.de\\\/vermieter-web\\\/?s={search_term_string}\"},\"query-input\":{\"@type\":\"PropertyValueSpecification\",\"valueRequired\":true,\"valueName\":\"search_term_string\"}}],\"inLanguage\":\"de\"},{\"@type\":\"Person\",\"@id\":\"https:\\\/\\\/www.buhl.de\\\/vermieter-web\\\/#\\\/schema\\\/person\\\/82903e1cb04eb553382702d503991b4f\",\"name\":\"Hartmut Fischer\"}]}<\/script>\n<!-- \/ Yoast SEO Premium plugin. -->","yoast_head_json":{"title":"Recht des Vermieters auf Zutritt in die Mietwohnung","description":"Bei begr\u00fcndetem Interesse hat der Vermieter ein Recht auf Zutritt zur Mietwohnung, wenn dies mit dem Mieter abgesprochen wurde.","robots":{"index":"noindex","follow":"nofollow"},"og_locale":"de_DE","og_type":"article","og_title":"Zutritt des Vermieters zur Mietwohnung","og_description":"Bei begr\u00fcndetem Interesse hat der Vermieter ein Recht auf Zutritt zur Mietwohnung, wenn dies mit dem Mieter abgesprochen wurde.","og_url":"https:\/\/www.buhl.de\/vermieter-web\/zutritt-des-vermieters-zur-mietwohnung\/","og_site_name":"Online-Nebenkostenabrechnung mit WISO Vermieter-Web","article_published_time":"2023-06-23T13:18:55+00:00","og_image":[{"width":840,"height":420,"url":"https:\/\/www.buhl.de\/vermieter-web\/wp-content\/uploads\/sites\/33\/2023\/06\/shutterstock_1830482321.jpg","type":"image\/jpeg"}],"author":"Hartmut Fischer","twitter_card":"summary_large_image","twitter_misc":{"Verfasst von":"Hartmut Fischer","Gesch\u00e4tzte Lesezeit":"2\u00a0Minuten"},"schema":{"@context":"https:\/\/schema.org","@graph":[{"@type":"Article","@id":"https:\/\/www.buhl.de\/vermieter-web\/zutritt-des-vermieters-zur-mietwohnung\/#article","isPartOf":{"@id":"https:\/\/www.buhl.de\/vermieter-web\/zutritt-des-vermieters-zur-mietwohnung\/"},"author":{"name":"Hartmut Fischer","@id":"https:\/\/www.buhl.de\/vermieter-web\/#\/schema\/person\/82903e1cb04eb553382702d503991b4f"},"headline":"Zutritt des Vermieters zur Mietwohnung","datePublished":"2023-06-23T13:18:55+00:00","mainEntityOfPage":{"@id":"https:\/\/www.buhl.de\/vermieter-web\/zutritt-des-vermieters-zur-mietwohnung\/"},"wordCount":374,"image":{"@id":"https:\/\/www.buhl.de\/vermieter-web\/zutritt-des-vermieters-zur-mietwohnung\/#primaryimage"},"thumbnailUrl":"https:\/\/www.buhl.de\/vermieter-web\/wp-content\/uploads\/sites\/33\/2023\/06\/shutterstock_1830482321.jpg","keywords":["Weigern","Zugang","Zugangsverweigerung","Zutritt"],"inLanguage":"de"},{"@type":"WebPage","@id":"https:\/\/www.buhl.de\/vermieter-web\/zutritt-des-vermieters-zur-mietwohnung\/","url":"https:\/\/www.buhl.de\/vermieter-web\/zutritt-des-vermieters-zur-mietwohnung\/","name":"Recht des Vermieters auf Zutritt in die Mietwohnung","isPartOf":{"@id":"https:\/\/www.buhl.de\/vermieter-web\/#website"},"primaryImageOfPage":{"@id":"https:\/\/www.buhl.de\/vermieter-web\/zutritt-des-vermieters-zur-mietwohnung\/#primaryimage"},"image":{"@id":"https:\/\/www.buhl.de\/vermieter-web\/zutritt-des-vermieters-zur-mietwohnung\/#primaryimage"},"thumbnailUrl":"https:\/\/www.buhl.de\/vermieter-web\/wp-content\/uploads\/sites\/33\/2023\/06\/shutterstock_1830482321.jpg","datePublished":"2023-06-23T13:18:55+00:00","author":{"@id":"https:\/\/www.buhl.de\/vermieter-web\/#\/schema\/person\/82903e1cb04eb553382702d503991b4f"},"description":"Bei begr\u00fcndetem Interesse hat der Vermieter ein Recht auf Zutritt zur Mietwohnung, wenn dies mit dem Mieter abgesprochen wurde.","breadcrumb":{"@id":"https:\/\/www.buhl.de\/vermieter-web\/zutritt-des-vermieters-zur-mietwohnung\/#breadcrumb"},"inLanguage":"de","potentialAction":[{"@type":"ReadAction","target":["https:\/\/www.buhl.de\/vermieter-web\/zutritt-des-vermieters-zur-mietwohnung\/"]}]},{"@type":"ImageObject","inLanguage":"de","@id":"https:\/\/www.buhl.de\/vermieter-web\/zutritt-des-vermieters-zur-mietwohnung\/#primaryimage","url":"https:\/\/www.buhl.de\/vermieter-web\/wp-content\/uploads\/sites\/33\/2023\/06\/shutterstock_1830482321.jpg","contentUrl":"https:\/\/www.buhl.de\/vermieter-web\/wp-content\/uploads\/sites\/33\/2023\/06\/shutterstock_1830482321.jpg","width":840,"height":420,"caption":"Grungy sign with phrase \u201eno entry\u201c in German language on it."},{"@type":"BreadcrumbList","@id":"https:\/\/www.buhl.de\/vermieter-web\/zutritt-des-vermieters-zur-mietwohnung\/#breadcrumb","itemListElement":[{"@type":"ListItem","position":1,"name":"Startseite","item":"https:\/\/www.buhl.de\/vermieter-web\/"},{"@type":"ListItem","position":2,"name":"Zutritt des Vermieters zur Mietwohnung"}]},{"@type":"WebSite","@id":"https:\/\/www.buhl.de\/vermieter-web\/#website","url":"https:\/\/www.buhl.de\/vermieter-web\/","name":"Online-Nebenkostenabrechnung mit WISO Vermieter-Web","description":"","potentialAction":[{"@type":"SearchAction","target":{"@type":"EntryPoint","urlTemplate":"https:\/\/www.buhl.de\/vermieter-web\/?s={search_term_string}"},"query-input":{"@type":"PropertyValueSpecification","valueRequired":true,"valueName":"search_term_string"}}],"inLanguage":"de"},{"@type":"Person","@id":"https:\/\/www.buhl.de\/vermieter-web\/#\/schema\/person\/82903e1cb04eb553382702d503991b4f","name":"Hartmut Fischer"}]}},"_links":{"self":[{"href":"https:\/\/www.buhl.de\/vermieter-web\/wp-json\/wp\/v2\/posts\/15511","targetHints":{"allow":["GET"]}}],"collection":[{"href":"https:\/\/www.buhl.de\/vermieter-web\/wp-json\/wp\/v2\/posts"}],"about":[{"href":"https:\/\/www.buhl.de\/vermieter-web\/wp-json\/wp\/v2\/types\/post"}],"author":[{"embeddable":true,"href":"https:\/\/www.buhl.de\/vermieter-web\/wp-json\/wp\/v2\/users\/15"}],"replies":[{"embeddable":true,"href":"https:\/\/www.buhl.de\/vermieter-web\/wp-json\/wp\/v2\/comments?post=15511"}],"version-history":[{"count":2,"href":"https:\/\/www.buhl.de\/vermieter-web\/wp-json\/wp\/v2\/posts\/15511\/revisions"}],"predecessor-version":[{"id":15514,"href":"https:\/\/www.buhl.de\/vermieter-web\/wp-json\/wp\/v2\/posts\/15511\/revisions\/15514"}],"wp:featuredmedia":[{"embeddable":true,"href":"https:\/\/www.buhl.de\/vermieter-web\/wp-json\/wp\/v2\/media\/15517"}],"wp:attachment":[{"href":"https:\/\/www.buhl.de\/vermieter-web\/wp-json\/wp\/v2\/media?parent=15511"}],"wp:term":[{"taxonomy":"category","embeddable":true,"href":"https:\/\/www.buhl.de\/vermieter-web\/wp-json\/wp\/v2\/categories?post=15511"},{"taxonomy":"post_tag","embeddable":true,"href":"https:\/\/www.buhl.de\/vermieter-web\/wp-json\/wp\/v2\/tags?post=15511"}],"curies":[{"name":"wp","href":"https:\/\/api.w.org\/{rel}","templated":true}]}}