{"id":15533,"date":"2023-07-06T11:26:11","date_gmt":"2023-07-06T09:26:11","guid":{"rendered":"https:\/\/www.buhl.de\/vermieter-web\/?p=15533"},"modified":"2023-07-06T16:16:51","modified_gmt":"2023-07-06T14:16:51","slug":"verabschiedung-des-gebaeudeenergiegesetzes-verzoegert-sich","status":"publish","type":"post","link":"https:\/\/www.buhl.de\/vermieter-web\/verabschiedung-des-gebaeudeenergiegesetzes-verzoegert-sich\/","title":{"rendered":"Verabschiedung des Geb\u00e4udeenergiegesetzes verz\u00f6gert"},"content":{"rendered":"<p><strong>Das allgemein als \u201eHeizungsgesetz\u201c bezeichnete Geb\u00e4udeenergiegesetz wird nicht mehr vor der Sommerpause des Deutschen Bundestages zur abschlie\u00dfenden Beratung vorgelegt. Das Bundesverfassungsgericht gab dem Bundestagsabgeordneten Thomas Heilmann (CDU) Recht, dass die Beratungszeit zu knapp bemessen sei. Das Gericht entschied im Rahmen einer einstweiligen Anordnung, dass die abschlie\u00dfenden Lesungen im Bundestag nicht mehr in der laufenden Sitzungswoche durchgef\u00fchrt werden d\u00fcrfen.<\/strong><\/p>\n<hr \/>\n<h5>Aktuelle Meldung:<\/h5>\n<p><strong><em>Die Ampelkoalition hat sich darauf geeinigt, dass es zum Geb\u00e4udeenergiegesetz keine Sondersitzung des Bundestags in der Sommepause 2023 geben wird.\u00a0 Damit kann das Gesetz erst Anfang September im Parlament beraten werden. Ein Inkraft-Treten zum 01.01.2024 wird damit unwahrscheinlich.<\/em><\/strong><\/p>\n<hr \/>\n<h5>Bundesverfassungsgericht erl\u00e4sst einstweilige Anordnung<\/h5>\n<p>Am 05.07.2023 entschied der Zweite Senat des Bundesverfassungsgerichts, dass der Deutsche Bundestag die zweite und dritte Lesung zum Gesetzentwurf der Bundesregierung zur \u201e\u00c4nderung des Geb\u00e4udeenergiegesetzes und zur \u00c4nderung der Kehr- und \u00dcberpr\u00fcfungsordnung\u201c (kurz: Geb\u00e4udeenergiegesetz) nicht innerhalb der laufenden Sitzungswoche (03. Bis 07.07.2023) durchzuf\u00fchren.<\/p>\n<h5>Antragstelle sah seine Abgeordnetenrechte verletzt<\/h5>\n<p>Der Antragsteller Thomas Heilmann (CDU) sah sich durch das Gesetzgebungsverfahren in seinen Rechten als Mitglied des Deutschen Bundestages verletzt. Sein Antrag auf Erlass einer einstweiligen Anordnung hatte in der Sache Erfolg. Der Hauptsacheantrag im Organstreitverfahren erscheint jedenfalls mit Blick auf das Recht des Antragstellers auf gleichberechtigte Teilhabe an der parlamentarischen Willensbildung aus Art. 38 Abs. 1 Satz 2* des Grundgesetzes (GG) weder von vornherein unzul\u00e4ssig noch offensichtlich unbegr\u00fcndet.<\/p>\n<h5>Gericht: Verz\u00f6gerung des Verfahrens vertretbar<\/h5>\n<p>Die demgem\u00e4\u00df vom Bundesverfassungsgericht vorzunehmende Folgenabw\u00e4gung f\u00fchrt zu dem Ergebnis, dass die f\u00fcr den Erlass einer einstweiligen Anordnung sprechenden Gr\u00fcnde \u00fcberwiegen. Unter den besonderen Umst\u00e4nden des Einzelfalls \u00fcberwiegt das Interesse an der Vermeidung einer irreversiblen Verletzung der Beteiligungsrechte des Antragstellers aus Art. 38 Abs. 1 Satz 2 GG* gegen\u00fcber dem Eingriff in die Verfahrensautonomie des Deutschen Bundestages, der die Umsetzung des Gesetzgebungsverfahrens lediglich verz\u00f6gert.<\/p>\n<hr \/>\n<p>* Artikel 38 Grundgesetz<\/p>\n<p>(1) Die Abgeordneten des Deutschen Bundestages werden in allgemeiner, unmittelbarer, freier, gleicher und geheimer Wahl gew\u00e4hlt. <strong>Sie sind Vertreter des ganzen Volkes, an Auftr\u00e4ge und Weisungen nicht gebunden und nur ihrem Gewissen unterworfen.<\/strong><\/p>\n<p>(2) Wahlberechtigt ist, wer das achtzehnte Lebensjahr vollendet hat; w\u00e4hlbar ist, wer das Alter erreicht hat, mit dem die Vollj\u00e4hrigkeit eintritt.<\/p>\n<p>(3) Das N\u00e4here bestimmt ein Bundesgesetz.<\/p>\n<hr \/>\n<p>&nbsp;<\/p>\n","protected":false},"excerpt":{"rendered":"<p>Das allgemein als \u201eHeizungsgesetz\u201c bezeichnete Geb\u00e4udeenergiegesetz wird nicht mehr vor der Sommerpause des Deutschen Bundestages zur abschlie\u00dfenden Beratung vorgelegt. Das Bundesverfassungsgericht gab dem Bundestagsabgeordneten Thomas Heilmann (CDU) Recht, dass die Beratungszeit zu knapp bemessen sei. Das Gericht entschied im Rahmen einer einstweiligen Anordnung, dass die abschlie\u00dfenden Lesungen im Bundestag nicht mehr in der laufenden Sitzungswoche &hellip; <\/p>\n<p class=\"link-more\"><a href=\"https:\/\/www.buhl.de\/vermieter-web\/verabschiedung-des-gebaeudeenergiegesetzes-verzoegert-sich\/\" class=\"more-link\"><span class=\"screen-reader-text\">\u201eVerabschiedung des Geb\u00e4udeenergiegesetzes verz\u00f6gert\u201c<\/span> weiterlesen<\/a><\/p>\n","protected":false},"author":15,"featured_media":14130,"comment_status":"closed","ping_status":"open","sticky":false,"template":"","format":"standard","meta":{"footnotes":""},"categories":[1],"tags":[],"class_list":["post-15533","post","type-post","status-publish","format-standard","has-post-thumbnail","hentry","category-allgemein"],"yoast_head":"<!-- This site is optimized with the Yoast SEO Premium plugin v27.4 (Yoast SEO v27.5) - https:\/\/yoast.com\/product\/yoast-seo-premium-wordpress\/ -->\n<title>Bundesverfasssungsgericht stoppt Gesetzgebungsverfahren<\/title>\n<meta name=\"description\" content=\"Das Bundesverfassungsgericht hat per einstweiliger die Verabschiebung des sogenannten Heizungsgesetz vor der Sommerpause gestoppt.\" \/>\n<meta name=\"robots\" content=\"noindex, nofollow\" \/>\n<meta property=\"og:locale\" content=\"de_DE\" \/>\n<meta property=\"og:type\" content=\"article\" \/>\n<meta property=\"og:title\" content=\"Verabschiedung des Geb\u00e4udeenergiegesetzes verz\u00f6gert\" \/>\n<meta property=\"og:description\" content=\"Das Bundesverfassungsgericht hat per einstweiliger die Verabschiebung des sogenannten Heizungsgesetz vor der Sommerpause gestoppt.\" \/>\n<meta property=\"og:url\" content=\"https:\/\/www.buhl.de\/vermieter-web\/verabschiedung-des-gebaeudeenergiegesetzes-verzoegert-sich\/\" \/>\n<meta property=\"og:site_name\" content=\"Online-Nebenkostenabrechnung mit WISO Vermieter-Web\" \/>\n<meta property=\"article:published_time\" content=\"2023-07-06T09:26:11+00:00\" \/>\n<meta property=\"article:modified_time\" content=\"2023-07-06T14:16:51+00:00\" \/>\n<meta property=\"og:image\" content=\"https:\/\/www.buhl.de\/vermieter-web\/wp-content\/uploads\/sites\/33\/2021\/11\/Eilmeldung.jpg\" \/>\n\t<meta property=\"og:image:width\" content=\"839\" \/>\n\t<meta property=\"og:image:height\" content=\"416\" \/>\n\t<meta property=\"og:image:type\" content=\"image\/jpeg\" \/>\n<meta name=\"author\" content=\"Hartmut Fischer\" \/>\n<meta name=\"twitter:card\" content=\"summary_large_image\" \/>\n<meta name=\"twitter:label1\" content=\"Verfasst von\" \/>\n\t<meta name=\"twitter:data1\" content=\"Hartmut Fischer\" \/>\n\t<meta name=\"twitter:label2\" content=\"Gesch\u00e4tzte Lesezeit\" \/>\n\t<meta name=\"twitter:data2\" content=\"2\u00a0Minuten\" \/>\n<script type=\"application\/ld+json\" class=\"yoast-schema-graph\">{\"@context\":\"https:\\\/\\\/schema.org\",\"@graph\":[{\"@type\":\"Article\",\"@id\":\"https:\\\/\\\/www.buhl.de\\\/vermieter-web\\\/verabschiedung-des-gebaeudeenergiegesetzes-verzoegert-sich\\\/#article\",\"isPartOf\":{\"@id\":\"https:\\\/\\\/www.buhl.de\\\/vermieter-web\\\/verabschiedung-des-gebaeudeenergiegesetzes-verzoegert-sich\\\/\"},\"author\":{\"name\":\"Hartmut Fischer\",\"@id\":\"https:\\\/\\\/www.buhl.de\\\/vermieter-web\\\/#\\\/schema\\\/person\\\/82903e1cb04eb553382702d503991b4f\"},\"headline\":\"Verabschiedung des Geb\u00e4udeenergiegesetzes verz\u00f6gert\",\"datePublished\":\"2023-07-06T09:26:11+00:00\",\"dateModified\":\"2023-07-06T14:16:51+00:00\",\"mainEntityOfPage\":{\"@id\":\"https:\\\/\\\/www.buhl.de\\\/vermieter-web\\\/verabschiedung-des-gebaeudeenergiegesetzes-verzoegert-sich\\\/\"},\"wordCount\":368,\"image\":{\"@id\":\"https:\\\/\\\/www.buhl.de\\\/vermieter-web\\\/verabschiedung-des-gebaeudeenergiegesetzes-verzoegert-sich\\\/#primaryimage\"},\"thumbnailUrl\":\"https:\\\/\\\/www.buhl.de\\\/vermieter-web\\\/wp-content\\\/uploads\\\/sites\\\/33\\\/2021\\\/11\\\/Eilmeldung.jpg\",\"inLanguage\":\"de\"},{\"@type\":\"WebPage\",\"@id\":\"https:\\\/\\\/www.buhl.de\\\/vermieter-web\\\/verabschiedung-des-gebaeudeenergiegesetzes-verzoegert-sich\\\/\",\"url\":\"https:\\\/\\\/www.buhl.de\\\/vermieter-web\\\/verabschiedung-des-gebaeudeenergiegesetzes-verzoegert-sich\\\/\",\"name\":\"Bundesverfasssungsgericht stoppt Gesetzgebungsverfahren\",\"isPartOf\":{\"@id\":\"https:\\\/\\\/www.buhl.de\\\/vermieter-web\\\/#website\"},\"primaryImageOfPage\":{\"@id\":\"https:\\\/\\\/www.buhl.de\\\/vermieter-web\\\/verabschiedung-des-gebaeudeenergiegesetzes-verzoegert-sich\\\/#primaryimage\"},\"image\":{\"@id\":\"https:\\\/\\\/www.buhl.de\\\/vermieter-web\\\/verabschiedung-des-gebaeudeenergiegesetzes-verzoegert-sich\\\/#primaryimage\"},\"thumbnailUrl\":\"https:\\\/\\\/www.buhl.de\\\/vermieter-web\\\/wp-content\\\/uploads\\\/sites\\\/33\\\/2021\\\/11\\\/Eilmeldung.jpg\",\"datePublished\":\"2023-07-06T09:26:11+00:00\",\"dateModified\":\"2023-07-06T14:16:51+00:00\",\"author\":{\"@id\":\"https:\\\/\\\/www.buhl.de\\\/vermieter-web\\\/#\\\/schema\\\/person\\\/82903e1cb04eb553382702d503991b4f\"},\"description\":\"Das Bundesverfassungsgericht hat per einstweiliger die Verabschiebung des sogenannten Heizungsgesetz vor der Sommerpause gestoppt.\",\"breadcrumb\":{\"@id\":\"https:\\\/\\\/www.buhl.de\\\/vermieter-web\\\/verabschiedung-des-gebaeudeenergiegesetzes-verzoegert-sich\\\/#breadcrumb\"},\"inLanguage\":\"de\",\"potentialAction\":[{\"@type\":\"ReadAction\",\"target\":[\"https:\\\/\\\/www.buhl.de\\\/vermieter-web\\\/verabschiedung-des-gebaeudeenergiegesetzes-verzoegert-sich\\\/\"]}]},{\"@type\":\"ImageObject\",\"inLanguage\":\"de\",\"@id\":\"https:\\\/\\\/www.buhl.de\\\/vermieter-web\\\/verabschiedung-des-gebaeudeenergiegesetzes-verzoegert-sich\\\/#primaryimage\",\"url\":\"https:\\\/\\\/www.buhl.de\\\/vermieter-web\\\/wp-content\\\/uploads\\\/sites\\\/33\\\/2021\\\/11\\\/Eilmeldung.jpg\",\"contentUrl\":\"https:\\\/\\\/www.buhl.de\\\/vermieter-web\\\/wp-content\\\/uploads\\\/sites\\\/33\\\/2021\\\/11\\\/Eilmeldung.jpg\",\"width\":839,\"height\":416},{\"@type\":\"BreadcrumbList\",\"@id\":\"https:\\\/\\\/www.buhl.de\\\/vermieter-web\\\/verabschiedung-des-gebaeudeenergiegesetzes-verzoegert-sich\\\/#breadcrumb\",\"itemListElement\":[{\"@type\":\"ListItem\",\"position\":1,\"name\":\"Startseite\",\"item\":\"https:\\\/\\\/www.buhl.de\\\/vermieter-web\\\/\"},{\"@type\":\"ListItem\",\"position\":2,\"name\":\"Verabschiedung des Geb\u00e4udeenergiegesetzes verz\u00f6gert\"}]},{\"@type\":\"WebSite\",\"@id\":\"https:\\\/\\\/www.buhl.de\\\/vermieter-web\\\/#website\",\"url\":\"https:\\\/\\\/www.buhl.de\\\/vermieter-web\\\/\",\"name\":\"Online-Nebenkostenabrechnung mit WISO Vermieter-Web\",\"description\":\"\",\"potentialAction\":[{\"@type\":\"SearchAction\",\"target\":{\"@type\":\"EntryPoint\",\"urlTemplate\":\"https:\\\/\\\/www.buhl.de\\\/vermieter-web\\\/?s={search_term_string}\"},\"query-input\":{\"@type\":\"PropertyValueSpecification\",\"valueRequired\":true,\"valueName\":\"search_term_string\"}}],\"inLanguage\":\"de\"},{\"@type\":\"Person\",\"@id\":\"https:\\\/\\\/www.buhl.de\\\/vermieter-web\\\/#\\\/schema\\\/person\\\/82903e1cb04eb553382702d503991b4f\",\"name\":\"Hartmut Fischer\"}]}<\/script>\n<!-- \/ Yoast SEO Premium plugin. -->","yoast_head_json":{"title":"Bundesverfasssungsgericht stoppt Gesetzgebungsverfahren","description":"Das Bundesverfassungsgericht hat per einstweiliger die Verabschiebung des sogenannten Heizungsgesetz vor der Sommerpause gestoppt.","robots":{"index":"noindex","follow":"nofollow"},"og_locale":"de_DE","og_type":"article","og_title":"Verabschiedung des Geb\u00e4udeenergiegesetzes verz\u00f6gert","og_description":"Das Bundesverfassungsgericht hat per einstweiliger die Verabschiebung des sogenannten Heizungsgesetz vor der Sommerpause gestoppt.","og_url":"https:\/\/www.buhl.de\/vermieter-web\/verabschiedung-des-gebaeudeenergiegesetzes-verzoegert-sich\/","og_site_name":"Online-Nebenkostenabrechnung mit WISO Vermieter-Web","article_published_time":"2023-07-06T09:26:11+00:00","article_modified_time":"2023-07-06T14:16:51+00:00","og_image":[{"width":839,"height":416,"url":"https:\/\/www.buhl.de\/vermieter-web\/wp-content\/uploads\/sites\/33\/2021\/11\/Eilmeldung.jpg","type":"image\/jpeg"}],"author":"Hartmut Fischer","twitter_card":"summary_large_image","twitter_misc":{"Verfasst von":"Hartmut Fischer","Gesch\u00e4tzte Lesezeit":"2\u00a0Minuten"},"schema":{"@context":"https:\/\/schema.org","@graph":[{"@type":"Article","@id":"https:\/\/www.buhl.de\/vermieter-web\/verabschiedung-des-gebaeudeenergiegesetzes-verzoegert-sich\/#article","isPartOf":{"@id":"https:\/\/www.buhl.de\/vermieter-web\/verabschiedung-des-gebaeudeenergiegesetzes-verzoegert-sich\/"},"author":{"name":"Hartmut Fischer","@id":"https:\/\/www.buhl.de\/vermieter-web\/#\/schema\/person\/82903e1cb04eb553382702d503991b4f"},"headline":"Verabschiedung des Geb\u00e4udeenergiegesetzes verz\u00f6gert","datePublished":"2023-07-06T09:26:11+00:00","dateModified":"2023-07-06T14:16:51+00:00","mainEntityOfPage":{"@id":"https:\/\/www.buhl.de\/vermieter-web\/verabschiedung-des-gebaeudeenergiegesetzes-verzoegert-sich\/"},"wordCount":368,"image":{"@id":"https:\/\/www.buhl.de\/vermieter-web\/verabschiedung-des-gebaeudeenergiegesetzes-verzoegert-sich\/#primaryimage"},"thumbnailUrl":"https:\/\/www.buhl.de\/vermieter-web\/wp-content\/uploads\/sites\/33\/2021\/11\/Eilmeldung.jpg","inLanguage":"de"},{"@type":"WebPage","@id":"https:\/\/www.buhl.de\/vermieter-web\/verabschiedung-des-gebaeudeenergiegesetzes-verzoegert-sich\/","url":"https:\/\/www.buhl.de\/vermieter-web\/verabschiedung-des-gebaeudeenergiegesetzes-verzoegert-sich\/","name":"Bundesverfasssungsgericht stoppt Gesetzgebungsverfahren","isPartOf":{"@id":"https:\/\/www.buhl.de\/vermieter-web\/#website"},"primaryImageOfPage":{"@id":"https:\/\/www.buhl.de\/vermieter-web\/verabschiedung-des-gebaeudeenergiegesetzes-verzoegert-sich\/#primaryimage"},"image":{"@id":"https:\/\/www.buhl.de\/vermieter-web\/verabschiedung-des-gebaeudeenergiegesetzes-verzoegert-sich\/#primaryimage"},"thumbnailUrl":"https:\/\/www.buhl.de\/vermieter-web\/wp-content\/uploads\/sites\/33\/2021\/11\/Eilmeldung.jpg","datePublished":"2023-07-06T09:26:11+00:00","dateModified":"2023-07-06T14:16:51+00:00","author":{"@id":"https:\/\/www.buhl.de\/vermieter-web\/#\/schema\/person\/82903e1cb04eb553382702d503991b4f"},"description":"Das Bundesverfassungsgericht hat per einstweiliger die Verabschiebung des sogenannten Heizungsgesetz vor der Sommerpause gestoppt.","breadcrumb":{"@id":"https:\/\/www.buhl.de\/vermieter-web\/verabschiedung-des-gebaeudeenergiegesetzes-verzoegert-sich\/#breadcrumb"},"inLanguage":"de","potentialAction":[{"@type":"ReadAction","target":["https:\/\/www.buhl.de\/vermieter-web\/verabschiedung-des-gebaeudeenergiegesetzes-verzoegert-sich\/"]}]},{"@type":"ImageObject","inLanguage":"de","@id":"https:\/\/www.buhl.de\/vermieter-web\/verabschiedung-des-gebaeudeenergiegesetzes-verzoegert-sich\/#primaryimage","url":"https:\/\/www.buhl.de\/vermieter-web\/wp-content\/uploads\/sites\/33\/2021\/11\/Eilmeldung.jpg","contentUrl":"https:\/\/www.buhl.de\/vermieter-web\/wp-content\/uploads\/sites\/33\/2021\/11\/Eilmeldung.jpg","width":839,"height":416},{"@type":"BreadcrumbList","@id":"https:\/\/www.buhl.de\/vermieter-web\/verabschiedung-des-gebaeudeenergiegesetzes-verzoegert-sich\/#breadcrumb","itemListElement":[{"@type":"ListItem","position":1,"name":"Startseite","item":"https:\/\/www.buhl.de\/vermieter-web\/"},{"@type":"ListItem","position":2,"name":"Verabschiedung des Geb\u00e4udeenergiegesetzes verz\u00f6gert"}]},{"@type":"WebSite","@id":"https:\/\/www.buhl.de\/vermieter-web\/#website","url":"https:\/\/www.buhl.de\/vermieter-web\/","name":"Online-Nebenkostenabrechnung mit WISO Vermieter-Web","description":"","potentialAction":[{"@type":"SearchAction","target":{"@type":"EntryPoint","urlTemplate":"https:\/\/www.buhl.de\/vermieter-web\/?s={search_term_string}"},"query-input":{"@type":"PropertyValueSpecification","valueRequired":true,"valueName":"search_term_string"}}],"inLanguage":"de"},{"@type":"Person","@id":"https:\/\/www.buhl.de\/vermieter-web\/#\/schema\/person\/82903e1cb04eb553382702d503991b4f","name":"Hartmut Fischer"}]}},"_links":{"self":[{"href":"https:\/\/www.buhl.de\/vermieter-web\/wp-json\/wp\/v2\/posts\/15533","targetHints":{"allow":["GET"]}}],"collection":[{"href":"https:\/\/www.buhl.de\/vermieter-web\/wp-json\/wp\/v2\/posts"}],"about":[{"href":"https:\/\/www.buhl.de\/vermieter-web\/wp-json\/wp\/v2\/types\/post"}],"author":[{"embeddable":true,"href":"https:\/\/www.buhl.de\/vermieter-web\/wp-json\/wp\/v2\/users\/15"}],"replies":[{"embeddable":true,"href":"https:\/\/www.buhl.de\/vermieter-web\/wp-json\/wp\/v2\/comments?post=15533"}],"version-history":[{"count":4,"href":"https:\/\/www.buhl.de\/vermieter-web\/wp-json\/wp\/v2\/posts\/15533\/revisions"}],"predecessor-version":[{"id":15540,"href":"https:\/\/www.buhl.de\/vermieter-web\/wp-json\/wp\/v2\/posts\/15533\/revisions\/15540"}],"wp:featuredmedia":[{"embeddable":true,"href":"https:\/\/www.buhl.de\/vermieter-web\/wp-json\/wp\/v2\/media\/14130"}],"wp:attachment":[{"href":"https:\/\/www.buhl.de\/vermieter-web\/wp-json\/wp\/v2\/media?parent=15533"}],"wp:term":[{"taxonomy":"category","embeddable":true,"href":"https:\/\/www.buhl.de\/vermieter-web\/wp-json\/wp\/v2\/categories?post=15533"},{"taxonomy":"post_tag","embeddable":true,"href":"https:\/\/www.buhl.de\/vermieter-web\/wp-json\/wp\/v2\/tags?post=15533"}],"curies":[{"name":"wp","href":"https:\/\/api.w.org\/{rel}","templated":true}]}}