{"id":15541,"date":"2023-07-08T16:56:18","date_gmt":"2023-07-08T14:56:18","guid":{"rendered":"https:\/\/www.buhl.de\/vermieter-web\/?p=15541"},"modified":"2023-07-08T16:56:18","modified_gmt":"2023-07-08T14:56:18","slug":"markierung-in-der-flurkarte-wird-fuer-den-makler-teuer","status":"publish","type":"post","link":"https:\/\/www.buhl.de\/vermieter-web\/markierung-in-der-flurkarte-wird-fuer-den-makler-teuer\/","title":{"rendered":"Markierung in der Flurkarte wird f\u00fcr den Makler teuer"},"content":{"rendered":"<p><strong>Es ist allgemein \u00fcblich, dass Makler Ausz\u00fcge der Flurkarte in das Expos\u00e9 eines Grundst\u00fccks einf\u00fcgen und darauf die Lage des Grundst\u00fccks markieren. Werden aber durch die Markierungen wichtige Eintr\u00e4ge in der Karte verdeckt (z.\u00a0B. \u00dcberbauten), kann der Makler schadenersatzpflichtig gemacht werden. Das entschied das Landgericht L\u00fcbeck am 15.05.2023 (Aktenzeichen 10 O 315\/21).<\/strong><\/p>\n<h5>Markierungen im lageplan<\/h5>\n<p>In dem Verfahren ging es um das Expos\u00e9 zu einem Grundst\u00fcck, das ein Makler im Namen seines Kunden anbot. In diesem Expos\u00e9 befand sich auch ein Ausschnitt aus der Flurkarte des Katasteramts. Hierauf hatte der Makler das angebotene Grundst\u00fcck mit einer dicken, roten Linie umrahmt, damit es Interessenten besser auf der Karte finden k\u00f6nnten.<\/p>\n<h5>markierung verdeckt \u00fcberbau<\/h5>\n<p>Durch diese Umrandung wurde jedoch ein \u00dcberbau verdeckt, mit dem das Grundst\u00fcck belastet war. Der K\u00e4ufer des Grundst\u00fccks wusste beim Kaufabschluss nicht, dass das Grundst\u00fcck belastet war. Als er hiervon erfuhr, verklagte er den Makler und verlangte rund 14.000 EUR Schadenersatz.<\/p>\n<p>Tats\u00e4chlich konnte sich der K\u00e4ufer vor dem Landgericht L\u00fcbeck durchsetzen. Auch das Gericht befand, dass der Makler Schadenersatz leisten m\u00fcsse und warf ihm vor, seine Aufkl\u00e4rungspflicht in fahrl\u00e4ssiger Weise nicht nachgekommen zu sein.<\/p>\n<h5>anspruch auf schadenersatz<\/h5>\n<p>Das Gericht r\u00e4umte ein, dass es \u00fcblich sei, die Grenzlinien in einem Expos\u00e9 zu markieren. Im vorliegenden Fall sei aber durch die Markierung der tats\u00e4chliche Zustand des Grundst\u00fccks nicht mehr erkennbar gewesen. Da der \u00dcberbau nicht mehr erkennbar war, vermittelte das Expos\u00e9 den Eindruck, dass keine Besonderheiten bei dem Grundst\u00fcck ber\u00fccksichtigt werden m\u00fcssten.<\/p>\n<p>F\u00fcr den Kunden bestehe aber keine Veranlassung, wegen der Markierung den Auszug aus der Flurkarte genauer zu pr\u00fcfen, als \u00fcblich. Deshalb kann der K\u00e4ufer des Grundst\u00fccks Schadenersatz f\u00fcr die Wertminderung des Grundst\u00fccks und die Kosten der Neuvermessung und -einfriedung verlangen.<\/p>\n<p>&nbsp;<\/p>\n","protected":false},"excerpt":{"rendered":"<p>Es ist allgemein \u00fcblich, dass Makler Ausz\u00fcge der Flurkarte in das Expos\u00e9 eines Grundst\u00fccks einf\u00fcgen und darauf die Lage des Grundst\u00fccks markieren. Werden aber durch die Markierungen wichtige Eintr\u00e4ge in der Karte verdeckt (z.\u00a0B. \u00dcberbauten), kann der Makler schadenersatzpflichtig gemacht werden. Das entschied das Landgericht L\u00fcbeck am 15.05.2023 (Aktenzeichen 10 O 315\/21). Markierungen im lageplan &hellip; <\/p>\n<p class=\"link-more\"><a href=\"https:\/\/www.buhl.de\/vermieter-web\/markierung-in-der-flurkarte-wird-fuer-den-makler-teuer\/\" class=\"more-link\"><span class=\"screen-reader-text\">\u201eMarkierung in der Flurkarte wird f\u00fcr den Makler teuer\u201c<\/span> weiterlesen<\/a><\/p>\n","protected":false},"author":15,"featured_media":15543,"comment_status":"closed","ping_status":"open","sticky":false,"template":"","format":"standard","meta":{"footnotes":""},"categories":[1],"tags":[6094,465,2299],"class_list":["post-15541","post","type-post","status-publish","format-standard","has-post-thumbnail","hentry","category-allgemein","tag-flurkarte","tag-haftung","tag-makler"],"yoast_head":"<!-- This site is optimized with the Yoast SEO Premium plugin v27.4 (Yoast SEO v27.5) - https:\/\/yoast.com\/product\/yoast-seo-premium-wordpress\/ -->\n<title>Makler haftet f\u00fcr Markierungen auf einer Flurkarte<\/title>\n<meta name=\"description\" content=\"Verdecken Markiierungen des Maklers wichtige Eintr\u00e4ge auf der Flurkarte, haftet der Makler und kann schadenersatzpflichtig gemacht werden.\" \/>\n<meta name=\"robots\" content=\"noindex, nofollow\" \/>\n<meta property=\"og:locale\" content=\"de_DE\" \/>\n<meta property=\"og:type\" content=\"article\" \/>\n<meta property=\"og:title\" content=\"Markierung in der Flurkarte wird f\u00fcr den Makler teuer\" \/>\n<meta property=\"og:description\" content=\"Verdecken Markiierungen des Maklers wichtige Eintr\u00e4ge auf der Flurkarte, haftet der Makler und kann schadenersatzpflichtig gemacht werden.\" \/>\n<meta property=\"og:url\" content=\"https:\/\/www.buhl.de\/vermieter-web\/markierung-in-der-flurkarte-wird-fuer-den-makler-teuer\/\" \/>\n<meta property=\"og:site_name\" content=\"Online-Nebenkostenabrechnung mit WISO Vermieter-Web\" \/>\n<meta property=\"article:published_time\" content=\"2023-07-08T14:56:18+00:00\" \/>\n<meta property=\"og:image\" content=\"https:\/\/www.buhl.de\/vermieter-web\/wp-content\/uploads\/sites\/33\/2023\/07\/Gerichtyeetzy.jpg\" \/>\n\t<meta property=\"og:image:width\" content=\"841\" \/>\n\t<meta property=\"og:image:height\" content=\"421\" \/>\n\t<meta property=\"og:image:type\" content=\"image\/jpeg\" \/>\n<meta name=\"author\" content=\"Hartmut Fischer\" \/>\n<meta name=\"twitter:card\" content=\"summary_large_image\" \/>\n<meta name=\"twitter:label1\" content=\"Verfasst von\" \/>\n\t<meta name=\"twitter:data1\" content=\"Hartmut Fischer\" \/>\n\t<meta name=\"twitter:label2\" content=\"Gesch\u00e4tzte Lesezeit\" \/>\n\t<meta name=\"twitter:data2\" content=\"2\u00a0Minuten\" \/>\n<script type=\"application\/ld+json\" class=\"yoast-schema-graph\">{\"@context\":\"https:\\\/\\\/schema.org\",\"@graph\":[{\"@type\":\"Article\",\"@id\":\"https:\\\/\\\/www.buhl.de\\\/vermieter-web\\\/markierung-in-der-flurkarte-wird-fuer-den-makler-teuer\\\/#article\",\"isPartOf\":{\"@id\":\"https:\\\/\\\/www.buhl.de\\\/vermieter-web\\\/markierung-in-der-flurkarte-wird-fuer-den-makler-teuer\\\/\"},\"author\":{\"name\":\"Hartmut Fischer\",\"@id\":\"https:\\\/\\\/www.buhl.de\\\/vermieter-web\\\/#\\\/schema\\\/person\\\/82903e1cb04eb553382702d503991b4f\"},\"headline\":\"Markierung in der Flurkarte wird f\u00fcr den Makler teuer\",\"datePublished\":\"2023-07-08T14:56:18+00:00\",\"mainEntityOfPage\":{\"@id\":\"https:\\\/\\\/www.buhl.de\\\/vermieter-web\\\/markierung-in-der-flurkarte-wird-fuer-den-makler-teuer\\\/\"},\"wordCount\":321,\"image\":{\"@id\":\"https:\\\/\\\/www.buhl.de\\\/vermieter-web\\\/markierung-in-der-flurkarte-wird-fuer-den-makler-teuer\\\/#primaryimage\"},\"thumbnailUrl\":\"https:\\\/\\\/www.buhl.de\\\/vermieter-web\\\/wp-content\\\/uploads\\\/sites\\\/33\\\/2023\\\/07\\\/Gerichtyeetzy.jpg\",\"keywords\":[\"Flurkarte\",\"Haftung\",\"Makler\"],\"inLanguage\":\"de\"},{\"@type\":\"WebPage\",\"@id\":\"https:\\\/\\\/www.buhl.de\\\/vermieter-web\\\/markierung-in-der-flurkarte-wird-fuer-den-makler-teuer\\\/\",\"url\":\"https:\\\/\\\/www.buhl.de\\\/vermieter-web\\\/markierung-in-der-flurkarte-wird-fuer-den-makler-teuer\\\/\",\"name\":\"Makler haftet f\u00fcr Markierungen auf einer Flurkarte\",\"isPartOf\":{\"@id\":\"https:\\\/\\\/www.buhl.de\\\/vermieter-web\\\/#website\"},\"primaryImageOfPage\":{\"@id\":\"https:\\\/\\\/www.buhl.de\\\/vermieter-web\\\/markierung-in-der-flurkarte-wird-fuer-den-makler-teuer\\\/#primaryimage\"},\"image\":{\"@id\":\"https:\\\/\\\/www.buhl.de\\\/vermieter-web\\\/markierung-in-der-flurkarte-wird-fuer-den-makler-teuer\\\/#primaryimage\"},\"thumbnailUrl\":\"https:\\\/\\\/www.buhl.de\\\/vermieter-web\\\/wp-content\\\/uploads\\\/sites\\\/33\\\/2023\\\/07\\\/Gerichtyeetzy.jpg\",\"datePublished\":\"2023-07-08T14:56:18+00:00\",\"author\":{\"@id\":\"https:\\\/\\\/www.buhl.de\\\/vermieter-web\\\/#\\\/schema\\\/person\\\/82903e1cb04eb553382702d503991b4f\"},\"description\":\"Verdecken Markiierungen des Maklers wichtige Eintr\u00e4ge auf der Flurkarte, haftet der Makler und kann schadenersatzpflichtig gemacht werden.\",\"breadcrumb\":{\"@id\":\"https:\\\/\\\/www.buhl.de\\\/vermieter-web\\\/markierung-in-der-flurkarte-wird-fuer-den-makler-teuer\\\/#breadcrumb\"},\"inLanguage\":\"de\",\"potentialAction\":[{\"@type\":\"ReadAction\",\"target\":[\"https:\\\/\\\/www.buhl.de\\\/vermieter-web\\\/markierung-in-der-flurkarte-wird-fuer-den-makler-teuer\\\/\"]}]},{\"@type\":\"ImageObject\",\"inLanguage\":\"de\",\"@id\":\"https:\\\/\\\/www.buhl.de\\\/vermieter-web\\\/markierung-in-der-flurkarte-wird-fuer-den-makler-teuer\\\/#primaryimage\",\"url\":\"https:\\\/\\\/www.buhl.de\\\/vermieter-web\\\/wp-content\\\/uploads\\\/sites\\\/33\\\/2023\\\/07\\\/Gerichtyeetzy.jpg\",\"contentUrl\":\"https:\\\/\\\/www.buhl.de\\\/vermieter-web\\\/wp-content\\\/uploads\\\/sites\\\/33\\\/2023\\\/07\\\/Gerichtyeetzy.jpg\",\"width\":841,\"height\":421},{\"@type\":\"BreadcrumbList\",\"@id\":\"https:\\\/\\\/www.buhl.de\\\/vermieter-web\\\/markierung-in-der-flurkarte-wird-fuer-den-makler-teuer\\\/#breadcrumb\",\"itemListElement\":[{\"@type\":\"ListItem\",\"position\":1,\"name\":\"Startseite\",\"item\":\"https:\\\/\\\/www.buhl.de\\\/vermieter-web\\\/\"},{\"@type\":\"ListItem\",\"position\":2,\"name\":\"Markierung in der Flurkarte wird f\u00fcr den Makler teuer\"}]},{\"@type\":\"WebSite\",\"@id\":\"https:\\\/\\\/www.buhl.de\\\/vermieter-web\\\/#website\",\"url\":\"https:\\\/\\\/www.buhl.de\\\/vermieter-web\\\/\",\"name\":\"Online-Nebenkostenabrechnung mit WISO Vermieter-Web\",\"description\":\"\",\"potentialAction\":[{\"@type\":\"SearchAction\",\"target\":{\"@type\":\"EntryPoint\",\"urlTemplate\":\"https:\\\/\\\/www.buhl.de\\\/vermieter-web\\\/?s={search_term_string}\"},\"query-input\":{\"@type\":\"PropertyValueSpecification\",\"valueRequired\":true,\"valueName\":\"search_term_string\"}}],\"inLanguage\":\"de\"},{\"@type\":\"Person\",\"@id\":\"https:\\\/\\\/www.buhl.de\\\/vermieter-web\\\/#\\\/schema\\\/person\\\/82903e1cb04eb553382702d503991b4f\",\"name\":\"Hartmut Fischer\"}]}<\/script>\n<!-- \/ Yoast SEO Premium plugin. -->","yoast_head_json":{"title":"Makler haftet f\u00fcr Markierungen auf einer Flurkarte","description":"Verdecken Markiierungen des Maklers wichtige Eintr\u00e4ge auf der Flurkarte, haftet der Makler und kann schadenersatzpflichtig gemacht werden.","robots":{"index":"noindex","follow":"nofollow"},"og_locale":"de_DE","og_type":"article","og_title":"Markierung in der Flurkarte wird f\u00fcr den Makler teuer","og_description":"Verdecken Markiierungen des Maklers wichtige Eintr\u00e4ge auf der Flurkarte, haftet der Makler und kann schadenersatzpflichtig gemacht werden.","og_url":"https:\/\/www.buhl.de\/vermieter-web\/markierung-in-der-flurkarte-wird-fuer-den-makler-teuer\/","og_site_name":"Online-Nebenkostenabrechnung mit WISO Vermieter-Web","article_published_time":"2023-07-08T14:56:18+00:00","og_image":[{"width":841,"height":421,"url":"https:\/\/www.buhl.de\/vermieter-web\/wp-content\/uploads\/sites\/33\/2023\/07\/Gerichtyeetzy.jpg","type":"image\/jpeg"}],"author":"Hartmut Fischer","twitter_card":"summary_large_image","twitter_misc":{"Verfasst von":"Hartmut Fischer","Gesch\u00e4tzte Lesezeit":"2\u00a0Minuten"},"schema":{"@context":"https:\/\/schema.org","@graph":[{"@type":"Article","@id":"https:\/\/www.buhl.de\/vermieter-web\/markierung-in-der-flurkarte-wird-fuer-den-makler-teuer\/#article","isPartOf":{"@id":"https:\/\/www.buhl.de\/vermieter-web\/markierung-in-der-flurkarte-wird-fuer-den-makler-teuer\/"},"author":{"name":"Hartmut Fischer","@id":"https:\/\/www.buhl.de\/vermieter-web\/#\/schema\/person\/82903e1cb04eb553382702d503991b4f"},"headline":"Markierung in der Flurkarte wird f\u00fcr den Makler teuer","datePublished":"2023-07-08T14:56:18+00:00","mainEntityOfPage":{"@id":"https:\/\/www.buhl.de\/vermieter-web\/markierung-in-der-flurkarte-wird-fuer-den-makler-teuer\/"},"wordCount":321,"image":{"@id":"https:\/\/www.buhl.de\/vermieter-web\/markierung-in-der-flurkarte-wird-fuer-den-makler-teuer\/#primaryimage"},"thumbnailUrl":"https:\/\/www.buhl.de\/vermieter-web\/wp-content\/uploads\/sites\/33\/2023\/07\/Gerichtyeetzy.jpg","keywords":["Flurkarte","Haftung","Makler"],"inLanguage":"de"},{"@type":"WebPage","@id":"https:\/\/www.buhl.de\/vermieter-web\/markierung-in-der-flurkarte-wird-fuer-den-makler-teuer\/","url":"https:\/\/www.buhl.de\/vermieter-web\/markierung-in-der-flurkarte-wird-fuer-den-makler-teuer\/","name":"Makler haftet f\u00fcr Markierungen auf einer Flurkarte","isPartOf":{"@id":"https:\/\/www.buhl.de\/vermieter-web\/#website"},"primaryImageOfPage":{"@id":"https:\/\/www.buhl.de\/vermieter-web\/markierung-in-der-flurkarte-wird-fuer-den-makler-teuer\/#primaryimage"},"image":{"@id":"https:\/\/www.buhl.de\/vermieter-web\/markierung-in-der-flurkarte-wird-fuer-den-makler-teuer\/#primaryimage"},"thumbnailUrl":"https:\/\/www.buhl.de\/vermieter-web\/wp-content\/uploads\/sites\/33\/2023\/07\/Gerichtyeetzy.jpg","datePublished":"2023-07-08T14:56:18+00:00","author":{"@id":"https:\/\/www.buhl.de\/vermieter-web\/#\/schema\/person\/82903e1cb04eb553382702d503991b4f"},"description":"Verdecken Markiierungen des Maklers wichtige Eintr\u00e4ge auf der Flurkarte, haftet der Makler und kann schadenersatzpflichtig gemacht werden.","breadcrumb":{"@id":"https:\/\/www.buhl.de\/vermieter-web\/markierung-in-der-flurkarte-wird-fuer-den-makler-teuer\/#breadcrumb"},"inLanguage":"de","potentialAction":[{"@type":"ReadAction","target":["https:\/\/www.buhl.de\/vermieter-web\/markierung-in-der-flurkarte-wird-fuer-den-makler-teuer\/"]}]},{"@type":"ImageObject","inLanguage":"de","@id":"https:\/\/www.buhl.de\/vermieter-web\/markierung-in-der-flurkarte-wird-fuer-den-makler-teuer\/#primaryimage","url":"https:\/\/www.buhl.de\/vermieter-web\/wp-content\/uploads\/sites\/33\/2023\/07\/Gerichtyeetzy.jpg","contentUrl":"https:\/\/www.buhl.de\/vermieter-web\/wp-content\/uploads\/sites\/33\/2023\/07\/Gerichtyeetzy.jpg","width":841,"height":421},{"@type":"BreadcrumbList","@id":"https:\/\/www.buhl.de\/vermieter-web\/markierung-in-der-flurkarte-wird-fuer-den-makler-teuer\/#breadcrumb","itemListElement":[{"@type":"ListItem","position":1,"name":"Startseite","item":"https:\/\/www.buhl.de\/vermieter-web\/"},{"@type":"ListItem","position":2,"name":"Markierung in der Flurkarte wird f\u00fcr den Makler teuer"}]},{"@type":"WebSite","@id":"https:\/\/www.buhl.de\/vermieter-web\/#website","url":"https:\/\/www.buhl.de\/vermieter-web\/","name":"Online-Nebenkostenabrechnung mit WISO Vermieter-Web","description":"","potentialAction":[{"@type":"SearchAction","target":{"@type":"EntryPoint","urlTemplate":"https:\/\/www.buhl.de\/vermieter-web\/?s={search_term_string}"},"query-input":{"@type":"PropertyValueSpecification","valueRequired":true,"valueName":"search_term_string"}}],"inLanguage":"de"},{"@type":"Person","@id":"https:\/\/www.buhl.de\/vermieter-web\/#\/schema\/person\/82903e1cb04eb553382702d503991b4f","name":"Hartmut Fischer"}]}},"_links":{"self":[{"href":"https:\/\/www.buhl.de\/vermieter-web\/wp-json\/wp\/v2\/posts\/15541","targetHints":{"allow":["GET"]}}],"collection":[{"href":"https:\/\/www.buhl.de\/vermieter-web\/wp-json\/wp\/v2\/posts"}],"about":[{"href":"https:\/\/www.buhl.de\/vermieter-web\/wp-json\/wp\/v2\/types\/post"}],"author":[{"embeddable":true,"href":"https:\/\/www.buhl.de\/vermieter-web\/wp-json\/wp\/v2\/users\/15"}],"replies":[{"embeddable":true,"href":"https:\/\/www.buhl.de\/vermieter-web\/wp-json\/wp\/v2\/comments?post=15541"}],"version-history":[{"count":1,"href":"https:\/\/www.buhl.de\/vermieter-web\/wp-json\/wp\/v2\/posts\/15541\/revisions"}],"predecessor-version":[{"id":15544,"href":"https:\/\/www.buhl.de\/vermieter-web\/wp-json\/wp\/v2\/posts\/15541\/revisions\/15544"}],"wp:featuredmedia":[{"embeddable":true,"href":"https:\/\/www.buhl.de\/vermieter-web\/wp-json\/wp\/v2\/media\/15543"}],"wp:attachment":[{"href":"https:\/\/www.buhl.de\/vermieter-web\/wp-json\/wp\/v2\/media?parent=15541"}],"wp:term":[{"taxonomy":"category","embeddable":true,"href":"https:\/\/www.buhl.de\/vermieter-web\/wp-json\/wp\/v2\/categories?post=15541"},{"taxonomy":"post_tag","embeddable":true,"href":"https:\/\/www.buhl.de\/vermieter-web\/wp-json\/wp\/v2\/tags?post=15541"}],"curies":[{"name":"wp","href":"https:\/\/api.w.org\/{rel}","templated":true}]}}