{"id":15601,"date":"2023-08-02T18:05:59","date_gmt":"2023-08-02T16:05:59","guid":{"rendered":"https:\/\/www.buhl.de\/vermieter-web\/?p=15601"},"modified":"2023-08-02T18:05:59","modified_gmt":"2023-08-02T16:05:59","slug":"das-nicht-eingetragene-wohnrecht","status":"publish","type":"post","link":"https:\/\/www.buhl.de\/vermieter-web\/das-nicht-eingetragene-wohnrecht\/","title":{"rendered":"Das nicht eingetragene Wohnrecht"},"content":{"rendered":"<p><strong>Soll nach dem Tod eines Partners der oder die \u00dcberlebende weiter in der eigenen Immobilie wohnen k\u00f6nnen, sollte man das Wohnrecht grunds\u00e4tzlich im Grundbuch eintragen lassen. Wurde keine Eintragung vorgenommen bedeutet dies aber nicht, dass eine nicht eingetragene Vereinbarung beim Verkauf keine Rolle spielt. Das ergibt sich aus zwei Beschl\u00fcssen des Oberlandesgerichts Oldenburg, vom 27.04.2023 und 22.06.2023 (Aktenzeichen 8 U 174\/22).<\/strong><\/p>\n<h5>Wohnrecht vereinbart, aber nicht eingetragen<\/h5>\n<p><strong>I<\/strong>n dem Verfahren klagte eine Witwe, die mit ihren beiden T\u00f6chtern Erbin ihres Ehemannes wurde. Die geerbte Immobilie verkaufte man an den Enkel der Witwe. M\u00fcndlich wurde vereinbart, dass die Witwe auch nach der \u00dcbernahme durch den Enkel in der Immobilie weiter wohnen k\u00f6nnte. Dieses dingliche Wohnrecht wurde allerdings nicht im Grundbuch eingetragen.<\/p>\n<h5>k\u00fcndigung trotz wohnrecht<\/h5>\n<p>Dennoch k\u00fcndigte der Enkel seiner Gro\u00dfmutter nach ca. 1 \u00bd Jahren \u201edas unentgeltliche Nutzungsverh\u00e4ltnis\u201c und verkaufte das Haus dann zum mehr als doppelten Preis an ein junges Paar.<\/p>\n<h5>oberlandgericht best\u00e4tigt anspruch auf wohnrecht<\/h5>\n<p>Die Witwe verklagte daraufhin den Enkel vor dem Landgericht Osnabr\u00fcck. Sie verlangte vom Gericht die Feststellung, dass ihr ein lebenslanges, unentgeltliches Wohnrecht zustehe. Das Landgericht gab ihr Recht. Der Enkel ging daraufhin in Berufung, unterlag aber auch vor dem Oberlandesgericht.<\/p>\n<p>Das Oberlandesgericht entschied, dass die Gro\u00dfmutter einen Anspruch auf Feststellung eines schuldrechtlichen Wohnrechts habe. Ein schuldrechtliches Wohnrecht ist nicht im Grundbuch eingetragen. Dieses Wohnrecht gelte trotz des Weiterverkaufs der Immobilie weiter.<\/p>\n<h5>schadenersatzanspr\u00fcche m\u00f6glich<\/h5>\n<p>Angesichts des Verkaufs an das junge Ehepaar k\u00e4men jetzt m\u00f6glicherweise Schadensersatzanspr\u00fcche der Gro\u00dfmutter gegen den Enkel in Betracht, sodass sie ein sogenanntes \u201eFeststellungsinteresse\u201c habe.<\/p>\n<p>Im Rahmen der Zeugenvernehmung vor dem Landgericht hatte sich ergeben, dass sich die Gro\u00dfmutter, ihre beiden T\u00f6chter und der Enkel darauf geeinigt h\u00e4tten, dass die damals Mitte 70-j\u00e4hrige Gro\u00dfmutter auch bei einer \u00dcbernahme des Hauses durch den Enkel in dem Haus wohnen bleiben d\u00fcrfe (= schuldrechtliches Wohnrecht). Ein K\u00fcndigungsrecht kontte der Enkel nicht bewiesen.<\/p>\n<p>Weil es sich nur um ein schuldrechtliches, nicht eingetragenes Wohnrecht handelt, kann die Gro\u00dfmutter dies nicht gegen\u00fcber den neuen K\u00e4ufern geltend machen . Ihr d\u00fcrften aber Schadensersatzanspr\u00fcche gegen ihren Enkel zustehen.<\/p>\n<hr \/>\n<h5>das k\u00f6nnte sie auch interessieren:<\/h5>\n<p><a href=\"https:\/\/www.buhl.de\/vermieter-web\/wohnrecht-fuer-betagte-langjaehrige-mieter\/\">Wohnrecht f\u00fcr betagte, langj\u00e4hrige Mieter<\/a><br \/>\n<a href=\"https:\/\/www.buhl.de\/vermieter-web\/rueckabwicklung-einer-grundstuecksuebertragung-mit-pflegevereinbarung\/\">R\u00fcckabwicklung einer Grundst\u00fccks\u00fcbertragung mit Pflegevereinbarung<\/a><br \/>\n<a href=\"https:\/\/www.buhl.de\/vermieter-web\/kein-zutritt-zur-geerbten-wohnung\/\">Kein Zutritt zur geerbten Wohnung<\/a><\/p>\n<hr \/>\n<p>&nbsp;<\/p>\n","protected":false},"excerpt":{"rendered":"<p>Soll nach dem Tod eines Partners der oder die \u00dcberlebende weiter in der eigenen Immobilie wohnen k\u00f6nnen, sollte man das Wohnrecht grunds\u00e4tzlich im Grundbuch eintragen lassen. Wurde keine Eintragung vorgenommen bedeutet dies aber nicht, dass eine nicht eingetragene Vereinbarung beim Verkauf keine Rolle spielt. Das ergibt sich aus zwei Beschl\u00fcssen des Oberlandesgerichts Oldenburg, vom 27.04.2023 &hellip; <\/p>\n<p class=\"link-more\"><a href=\"https:\/\/www.buhl.de\/vermieter-web\/das-nicht-eingetragene-wohnrecht\/\" class=\"more-link\"><span class=\"screen-reader-text\">\u201eDas nicht eingetragene Wohnrecht\u201c<\/span> weiterlesen<\/a><\/p>\n","protected":false},"author":15,"featured_media":14582,"comment_status":"closed","ping_status":"open","sticky":false,"template":"","format":"standard","meta":{"footnotes":""},"categories":[1],"tags":[6108,6107,5464],"class_list":["post-15601","post","type-post","status-publish","format-standard","has-post-thumbnail","hentry","category-allgemein","tag-dinglich","tag-eintragung","tag-wohnrecht"],"yoast_head":"<!-- This site is optimized with the Yoast SEO Premium plugin v27.4 (Yoast SEO v27.5) - https:\/\/yoast.com\/product\/yoast-seo-premium-wordpress\/ -->\n<title>Wohnrecht - aber nicht eingetragen?<\/title>\n<meta name=\"description\" content=\"Wohnrecht, das nicht eingetragen wurde, kann dennoch Schadensersatzanspr\u00fcche bei einer K\u00fcndiung erm\u00f6glichen.\" \/>\n<meta name=\"robots\" content=\"noindex, nofollow\" \/>\n<meta property=\"og:locale\" content=\"de_DE\" \/>\n<meta property=\"og:type\" content=\"article\" \/>\n<meta property=\"og:title\" content=\"Das nicht eingetragene Wohnrecht\" \/>\n<meta property=\"og:description\" content=\"Wohnrecht, das nicht eingetragen wurde, kann dennoch Schadensersatzanspr\u00fcche bei einer K\u00fcndiung erm\u00f6glichen.\" \/>\n<meta property=\"og:url\" content=\"https:\/\/www.buhl.de\/vermieter-web\/das-nicht-eingetragene-wohnrecht\/\" \/>\n<meta property=\"og:site_name\" content=\"Online-Nebenkostenabrechnung mit WISO Vermieter-Web\" \/>\n<meta property=\"article:published_time\" content=\"2023-08-02T16:05:59+00:00\" \/>\n<meta property=\"og:image\" content=\"https:\/\/www.buhl.de\/vermieter-web\/wp-content\/uploads\/sites\/33\/2022\/06\/shutterstock_1835827372.jpg\" \/>\n\t<meta property=\"og:image:width\" content=\"840\" \/>\n\t<meta property=\"og:image:height\" content=\"420\" \/>\n\t<meta property=\"og:image:type\" content=\"image\/jpeg\" \/>\n<meta name=\"author\" content=\"Hartmut Fischer\" \/>\n<meta name=\"twitter:card\" content=\"summary_large_image\" \/>\n<meta name=\"twitter:label1\" content=\"Verfasst von\" \/>\n\t<meta name=\"twitter:data1\" content=\"Hartmut Fischer\" \/>\n\t<meta name=\"twitter:label2\" content=\"Gesch\u00e4tzte Lesezeit\" \/>\n\t<meta name=\"twitter:data2\" content=\"2\u00a0Minuten\" \/>\n<script type=\"application\/ld+json\" class=\"yoast-schema-graph\">{\"@context\":\"https:\\\/\\\/schema.org\",\"@graph\":[{\"@type\":\"Article\",\"@id\":\"https:\\\/\\\/www.buhl.de\\\/vermieter-web\\\/das-nicht-eingetragene-wohnrecht\\\/#article\",\"isPartOf\":{\"@id\":\"https:\\\/\\\/www.buhl.de\\\/vermieter-web\\\/das-nicht-eingetragene-wohnrecht\\\/\"},\"author\":{\"name\":\"Hartmut Fischer\",\"@id\":\"https:\\\/\\\/www.buhl.de\\\/vermieter-web\\\/#\\\/schema\\\/person\\\/82903e1cb04eb553382702d503991b4f\"},\"headline\":\"Das nicht eingetragene Wohnrecht\",\"datePublished\":\"2023-08-02T16:05:59+00:00\",\"mainEntityOfPage\":{\"@id\":\"https:\\\/\\\/www.buhl.de\\\/vermieter-web\\\/das-nicht-eingetragene-wohnrecht\\\/\"},\"wordCount\":391,\"image\":{\"@id\":\"https:\\\/\\\/www.buhl.de\\\/vermieter-web\\\/das-nicht-eingetragene-wohnrecht\\\/#primaryimage\"},\"thumbnailUrl\":\"https:\\\/\\\/www.buhl.de\\\/vermieter-web\\\/wp-content\\\/uploads\\\/sites\\\/33\\\/2022\\\/06\\\/shutterstock_1835827372.jpg\",\"keywords\":[\"dinglich\",\"Eintragung\",\"Wohnrecht\"],\"inLanguage\":\"de\"},{\"@type\":\"WebPage\",\"@id\":\"https:\\\/\\\/www.buhl.de\\\/vermieter-web\\\/das-nicht-eingetragene-wohnrecht\\\/\",\"url\":\"https:\\\/\\\/www.buhl.de\\\/vermieter-web\\\/das-nicht-eingetragene-wohnrecht\\\/\",\"name\":\"Wohnrecht - aber nicht eingetragen?\",\"isPartOf\":{\"@id\":\"https:\\\/\\\/www.buhl.de\\\/vermieter-web\\\/#website\"},\"primaryImageOfPage\":{\"@id\":\"https:\\\/\\\/www.buhl.de\\\/vermieter-web\\\/das-nicht-eingetragene-wohnrecht\\\/#primaryimage\"},\"image\":{\"@id\":\"https:\\\/\\\/www.buhl.de\\\/vermieter-web\\\/das-nicht-eingetragene-wohnrecht\\\/#primaryimage\"},\"thumbnailUrl\":\"https:\\\/\\\/www.buhl.de\\\/vermieter-web\\\/wp-content\\\/uploads\\\/sites\\\/33\\\/2022\\\/06\\\/shutterstock_1835827372.jpg\",\"datePublished\":\"2023-08-02T16:05:59+00:00\",\"author\":{\"@id\":\"https:\\\/\\\/www.buhl.de\\\/vermieter-web\\\/#\\\/schema\\\/person\\\/82903e1cb04eb553382702d503991b4f\"},\"description\":\"Wohnrecht, das nicht eingetragen wurde, kann dennoch Schadensersatzanspr\u00fcche bei einer K\u00fcndiung erm\u00f6glichen.\",\"breadcrumb\":{\"@id\":\"https:\\\/\\\/www.buhl.de\\\/vermieter-web\\\/das-nicht-eingetragene-wohnrecht\\\/#breadcrumb\"},\"inLanguage\":\"de\",\"potentialAction\":[{\"@type\":\"ReadAction\",\"target\":[\"https:\\\/\\\/www.buhl.de\\\/vermieter-web\\\/das-nicht-eingetragene-wohnrecht\\\/\"]}]},{\"@type\":\"ImageObject\",\"inLanguage\":\"de\",\"@id\":\"https:\\\/\\\/www.buhl.de\\\/vermieter-web\\\/das-nicht-eingetragene-wohnrecht\\\/#primaryimage\",\"url\":\"https:\\\/\\\/www.buhl.de\\\/vermieter-web\\\/wp-content\\\/uploads\\\/sites\\\/33\\\/2022\\\/06\\\/shutterstock_1835827372.jpg\",\"contentUrl\":\"https:\\\/\\\/www.buhl.de\\\/vermieter-web\\\/wp-content\\\/uploads\\\/sites\\\/33\\\/2022\\\/06\\\/shutterstock_1835827372.jpg\",\"width\":840,\"height\":420,\"caption\":\"Indian woman sit at desk hold document read paper letter feels disappointed shocked by bad news. Financial trouble bank debt notice, medical test results health problems, huge domestic bills concept\"},{\"@type\":\"BreadcrumbList\",\"@id\":\"https:\\\/\\\/www.buhl.de\\\/vermieter-web\\\/das-nicht-eingetragene-wohnrecht\\\/#breadcrumb\",\"itemListElement\":[{\"@type\":\"ListItem\",\"position\":1,\"name\":\"Startseite\",\"item\":\"https:\\\/\\\/www.buhl.de\\\/vermieter-web\\\/\"},{\"@type\":\"ListItem\",\"position\":2,\"name\":\"Das nicht eingetragene Wohnrecht\"}]},{\"@type\":\"WebSite\",\"@id\":\"https:\\\/\\\/www.buhl.de\\\/vermieter-web\\\/#website\",\"url\":\"https:\\\/\\\/www.buhl.de\\\/vermieter-web\\\/\",\"name\":\"Online-Nebenkostenabrechnung mit WISO Vermieter-Web\",\"description\":\"\",\"potentialAction\":[{\"@type\":\"SearchAction\",\"target\":{\"@type\":\"EntryPoint\",\"urlTemplate\":\"https:\\\/\\\/www.buhl.de\\\/vermieter-web\\\/?s={search_term_string}\"},\"query-input\":{\"@type\":\"PropertyValueSpecification\",\"valueRequired\":true,\"valueName\":\"search_term_string\"}}],\"inLanguage\":\"de\"},{\"@type\":\"Person\",\"@id\":\"https:\\\/\\\/www.buhl.de\\\/vermieter-web\\\/#\\\/schema\\\/person\\\/82903e1cb04eb553382702d503991b4f\",\"name\":\"Hartmut Fischer\"}]}<\/script>\n<!-- \/ Yoast SEO Premium plugin. -->","yoast_head_json":{"title":"Wohnrecht - aber nicht eingetragen?","description":"Wohnrecht, das nicht eingetragen wurde, kann dennoch Schadensersatzanspr\u00fcche bei einer K\u00fcndiung erm\u00f6glichen.","robots":{"index":"noindex","follow":"nofollow"},"og_locale":"de_DE","og_type":"article","og_title":"Das nicht eingetragene Wohnrecht","og_description":"Wohnrecht, das nicht eingetragen wurde, kann dennoch Schadensersatzanspr\u00fcche bei einer K\u00fcndiung erm\u00f6glichen.","og_url":"https:\/\/www.buhl.de\/vermieter-web\/das-nicht-eingetragene-wohnrecht\/","og_site_name":"Online-Nebenkostenabrechnung mit WISO Vermieter-Web","article_published_time":"2023-08-02T16:05:59+00:00","og_image":[{"width":840,"height":420,"url":"https:\/\/www.buhl.de\/vermieter-web\/wp-content\/uploads\/sites\/33\/2022\/06\/shutterstock_1835827372.jpg","type":"image\/jpeg"}],"author":"Hartmut Fischer","twitter_card":"summary_large_image","twitter_misc":{"Verfasst von":"Hartmut Fischer","Gesch\u00e4tzte Lesezeit":"2\u00a0Minuten"},"schema":{"@context":"https:\/\/schema.org","@graph":[{"@type":"Article","@id":"https:\/\/www.buhl.de\/vermieter-web\/das-nicht-eingetragene-wohnrecht\/#article","isPartOf":{"@id":"https:\/\/www.buhl.de\/vermieter-web\/das-nicht-eingetragene-wohnrecht\/"},"author":{"name":"Hartmut Fischer","@id":"https:\/\/www.buhl.de\/vermieter-web\/#\/schema\/person\/82903e1cb04eb553382702d503991b4f"},"headline":"Das nicht eingetragene Wohnrecht","datePublished":"2023-08-02T16:05:59+00:00","mainEntityOfPage":{"@id":"https:\/\/www.buhl.de\/vermieter-web\/das-nicht-eingetragene-wohnrecht\/"},"wordCount":391,"image":{"@id":"https:\/\/www.buhl.de\/vermieter-web\/das-nicht-eingetragene-wohnrecht\/#primaryimage"},"thumbnailUrl":"https:\/\/www.buhl.de\/vermieter-web\/wp-content\/uploads\/sites\/33\/2022\/06\/shutterstock_1835827372.jpg","keywords":["dinglich","Eintragung","Wohnrecht"],"inLanguage":"de"},{"@type":"WebPage","@id":"https:\/\/www.buhl.de\/vermieter-web\/das-nicht-eingetragene-wohnrecht\/","url":"https:\/\/www.buhl.de\/vermieter-web\/das-nicht-eingetragene-wohnrecht\/","name":"Wohnrecht - aber nicht eingetragen?","isPartOf":{"@id":"https:\/\/www.buhl.de\/vermieter-web\/#website"},"primaryImageOfPage":{"@id":"https:\/\/www.buhl.de\/vermieter-web\/das-nicht-eingetragene-wohnrecht\/#primaryimage"},"image":{"@id":"https:\/\/www.buhl.de\/vermieter-web\/das-nicht-eingetragene-wohnrecht\/#primaryimage"},"thumbnailUrl":"https:\/\/www.buhl.de\/vermieter-web\/wp-content\/uploads\/sites\/33\/2022\/06\/shutterstock_1835827372.jpg","datePublished":"2023-08-02T16:05:59+00:00","author":{"@id":"https:\/\/www.buhl.de\/vermieter-web\/#\/schema\/person\/82903e1cb04eb553382702d503991b4f"},"description":"Wohnrecht, das nicht eingetragen wurde, kann dennoch Schadensersatzanspr\u00fcche bei einer K\u00fcndiung erm\u00f6glichen.","breadcrumb":{"@id":"https:\/\/www.buhl.de\/vermieter-web\/das-nicht-eingetragene-wohnrecht\/#breadcrumb"},"inLanguage":"de","potentialAction":[{"@type":"ReadAction","target":["https:\/\/www.buhl.de\/vermieter-web\/das-nicht-eingetragene-wohnrecht\/"]}]},{"@type":"ImageObject","inLanguage":"de","@id":"https:\/\/www.buhl.de\/vermieter-web\/das-nicht-eingetragene-wohnrecht\/#primaryimage","url":"https:\/\/www.buhl.de\/vermieter-web\/wp-content\/uploads\/sites\/33\/2022\/06\/shutterstock_1835827372.jpg","contentUrl":"https:\/\/www.buhl.de\/vermieter-web\/wp-content\/uploads\/sites\/33\/2022\/06\/shutterstock_1835827372.jpg","width":840,"height":420,"caption":"Indian woman sit at desk hold document read paper letter feels disappointed shocked by bad news. Financial trouble bank debt notice, medical test results health problems, huge domestic bills concept"},{"@type":"BreadcrumbList","@id":"https:\/\/www.buhl.de\/vermieter-web\/das-nicht-eingetragene-wohnrecht\/#breadcrumb","itemListElement":[{"@type":"ListItem","position":1,"name":"Startseite","item":"https:\/\/www.buhl.de\/vermieter-web\/"},{"@type":"ListItem","position":2,"name":"Das nicht eingetragene Wohnrecht"}]},{"@type":"WebSite","@id":"https:\/\/www.buhl.de\/vermieter-web\/#website","url":"https:\/\/www.buhl.de\/vermieter-web\/","name":"Online-Nebenkostenabrechnung mit WISO Vermieter-Web","description":"","potentialAction":[{"@type":"SearchAction","target":{"@type":"EntryPoint","urlTemplate":"https:\/\/www.buhl.de\/vermieter-web\/?s={search_term_string}"},"query-input":{"@type":"PropertyValueSpecification","valueRequired":true,"valueName":"search_term_string"}}],"inLanguage":"de"},{"@type":"Person","@id":"https:\/\/www.buhl.de\/vermieter-web\/#\/schema\/person\/82903e1cb04eb553382702d503991b4f","name":"Hartmut Fischer"}]}},"_links":{"self":[{"href":"https:\/\/www.buhl.de\/vermieter-web\/wp-json\/wp\/v2\/posts\/15601","targetHints":{"allow":["GET"]}}],"collection":[{"href":"https:\/\/www.buhl.de\/vermieter-web\/wp-json\/wp\/v2\/posts"}],"about":[{"href":"https:\/\/www.buhl.de\/vermieter-web\/wp-json\/wp\/v2\/types\/post"}],"author":[{"embeddable":true,"href":"https:\/\/www.buhl.de\/vermieter-web\/wp-json\/wp\/v2\/users\/15"}],"replies":[{"embeddable":true,"href":"https:\/\/www.buhl.de\/vermieter-web\/wp-json\/wp\/v2\/comments?post=15601"}],"version-history":[{"count":2,"href":"https:\/\/www.buhl.de\/vermieter-web\/wp-json\/wp\/v2\/posts\/15601\/revisions"}],"predecessor-version":[{"id":15604,"href":"https:\/\/www.buhl.de\/vermieter-web\/wp-json\/wp\/v2\/posts\/15601\/revisions\/15604"}],"wp:featuredmedia":[{"embeddable":true,"href":"https:\/\/www.buhl.de\/vermieter-web\/wp-json\/wp\/v2\/media\/14582"}],"wp:attachment":[{"href":"https:\/\/www.buhl.de\/vermieter-web\/wp-json\/wp\/v2\/media?parent=15601"}],"wp:term":[{"taxonomy":"category","embeddable":true,"href":"https:\/\/www.buhl.de\/vermieter-web\/wp-json\/wp\/v2\/categories?post=15601"},{"taxonomy":"post_tag","embeddable":true,"href":"https:\/\/www.buhl.de\/vermieter-web\/wp-json\/wp\/v2\/tags?post=15601"}],"curies":[{"name":"wp","href":"https:\/\/api.w.org\/{rel}","templated":true}]}}