{"id":15649,"date":"2023-08-23T09:46:18","date_gmt":"2023-08-23T07:46:18","guid":{"rendered":"https:\/\/www.buhl.de\/vermieter-web\/?p=15649"},"modified":"2023-08-23T09:46:18","modified_gmt":"2023-08-23T07:46:18","slug":"verkauf-von-wohneigentum-zustimmungspflichten","status":"publish","type":"post","link":"https:\/\/www.buhl.de\/vermieter-web\/verkauf-von-wohneigentum-zustimmungspflichten\/","title":{"rendered":"Verkauf von Wohneigentum: Zustimmungspflichten"},"content":{"rendered":"<p><strong>Beim Verkauf einer Eigentumswohnung handelt es sich um einen Akt der Verwaltung des gemeinschaftlichen Eigentums. Bei einem Verkauf einer Wohnung k\u00f6nnen sich deshalb Klagen nur gegen die Wohnungseigent\u00fcmergemeinschaft richten. Eine Klage kann sich nicht gegen einzelne Wohnungseigent\u00fcmer richten. Dabei spielt es keine Rolle, wie viele Mitglieder zur Wohnungseigent\u00fcmerversammlung geh\u00f6ren und ob eine Teilungserkl\u00e4rung, die vor Gesetzes\u00e4nderung (hier 2001) verabschiedet wurde, eine andere Regelung vorschreibt. Zu diesem Ergebnis kann das Landgericht Frankfurt\/Main in einem Urteil vom 15.6.2023 (Aktenzeichen 2-13 S 92\/22).<\/strong><\/p>\n<h5>Wohnungseigent\u00fcmer weigert sich, einem verkauf zuzustimmen<\/h5>\n<p>In dem Verfahren ging es um die Klage eines Wohnungseigent\u00fcmers, den dieser gegen einen anderen Eigent\u00fcmer angestrengt hatte. Beide Eigent\u00fcmer bildeten die Wohnungseigent\u00fcmergemeinschaft. F\u00fcr den Verkauf seiner Wohnung ben\u00f6tigte der Kl\u00e4ger die\u00a0Zustimmung des anderen Wohnungseigent\u00fcmers. Da sich dieser weigerte, zuzustimmen, verklagte ihn in der Wohnungsverk\u00e4ufer, um die Zustimmung gerichtlich zu erzwingen. Das zust\u00e4ndige Amtsgericht wies jedoch die Klage ab. Der Kl\u00e4ger ging deshalb in Berufung.<\/p>\n<h5>landgericht: beklagter ist falscher Ansprechpartner<\/h5>\n<p>Doch auch das Landgericht Frankfurt\/Main wies die Klage ab. Das Gericht begr\u00fcndete seine Entscheidung damit, dass die Klage nicht gegen den anderen Wohnungseigent\u00fcmer gerichtet werden durfte. Die Zustimmung m\u00fcsse von der Wohnungseigent\u00fcmergemeinschaft eingeholt werden und nicht von einem einzelnen Eigent\u00fcmer. Deshalb k\u00f6nne auch ein Wohnungseigent\u00fcmer nicht auf Zustimmung verklagt werden.<\/p>\n<h5>verkauf unterliegt der Verwaltung des gemeinschaftseigentums<\/h5>\n<p>Bei der Zustimmung zum Verkauf einer Wohnung m\u00fcsse man davon ausgehen, dass es sich hier um eine Aufgabe handelt, die der Verwaltung des gemeinschaftlichen Eigentums unterliege. Hierf\u00fcr sei aber ausschlie\u00dflich die Wohnungseigent\u00fcmergemeinschaft zust\u00e4ndig <a href=\"https:\/\/www.gesetze-im-internet.de\/woeigg\/__18.html\">(\u00a7\u00a018 Abs. 1 WEG)<\/a>. Die Regelungen der Teilungserkl\u00e4rung, die aus dem Jahre 2001 stammte, spielte hier nach Ansicht des Gerichts keine Rolle.<\/p>\n<hr \/>\n<h5>das k\u00f6nnte sie auch interessieren:<\/h5>\n<p><a href=\"https:\/\/www.buhl.de\/vermieter-web\/weg-balkon-solaranlage-in-der-eigentumswohnung\/\">Balkon-Solaranlage in der Eigentumswohnung<\/a><br \/>\n<a href=\"https:\/\/www.buhl.de\/vermieter-web\/weg-der-lange-weg-zum-verwalter\/\">Der lange Weg zum WEG-Verwalter<\/a><br \/>\n<a href=\"https:\/\/www.buhl.de\/vermieter-web\/weg-eigentuemerversammlung-zerstrittener-miteigentuemer\/\">WEG: Eigent\u00fcmerversammlung zerstrittener Miteigent\u00fcmer<\/a><\/p>\n<hr \/>\n<p>&nbsp;<\/p>\n","protected":false},"excerpt":{"rendered":"<p>Beim Verkauf einer Eigentumswohnung handelt es sich um einen Akt der Verwaltung des gemeinschaftlichen Eigentums. Bei einem Verkauf einer Wohnung k\u00f6nnen sich deshalb Klagen nur gegen die Wohnungseigent\u00fcmergemeinschaft richten. Eine Klage kann sich nicht gegen einzelne Wohnungseigent\u00fcmer richten. Dabei spielt es keine Rolle, wie viele Mitglieder zur Wohnungseigent\u00fcmerversammlung geh\u00f6ren und ob eine Teilungserkl\u00e4rung, die vor &hellip; <\/p>\n<p class=\"link-more\"><a href=\"https:\/\/www.buhl.de\/vermieter-web\/verkauf-von-wohneigentum-zustimmungspflichten\/\" class=\"more-link\"><span class=\"screen-reader-text\">\u201eVerkauf von Wohneigentum: Zustimmungspflichten\u201c<\/span> weiterlesen<\/a><\/p>\n","protected":false},"author":15,"featured_media":15639,"comment_status":"closed","ping_status":"open","sticky":false,"template":"","format":"standard","meta":{"footnotes":""},"categories":[1],"tags":[3844,5976,402],"class_list":["post-15649","post","type-post","status-publish","format-standard","has-post-thumbnail","hentry","category-allgemein","tag-verkauf","tag-wohnungseigentuemer","tag-zustimmung"],"yoast_head":"<!-- This site is optimized with the Yoast SEO Premium plugin v27.4 (Yoast SEO v27.5) - https:\/\/yoast.com\/product\/yoast-seo-premium-wordpress\/ -->\n<title>Verkauf einer Eigentumswohnung - Zustimmung der Gemeinschaft<\/title>\n<meta name=\"description\" content=\"Beim Verkauf einer Eigentumswohnung kann eine notwendige Zustimmung nur von der Wiohnungseigent\u00fcmergemeinschaft eingeholt werden.\" \/>\n<meta name=\"robots\" content=\"noindex, nofollow\" \/>\n<meta property=\"og:locale\" content=\"de_DE\" \/>\n<meta property=\"og:type\" content=\"article\" \/>\n<meta property=\"og:title\" content=\"Verkauf von Wohneigentum: Zustimmungspflichten\" \/>\n<meta property=\"og:description\" content=\"Beim Verkauf einer Eigentumswohnung kann eine notwendige Zustimmung nur von der Wiohnungseigent\u00fcmergemeinschaft eingeholt werden.\" \/>\n<meta property=\"og:url\" content=\"https:\/\/www.buhl.de\/vermieter-web\/verkauf-von-wohneigentum-zustimmungspflichten\/\" \/>\n<meta property=\"og:site_name\" content=\"Online-Nebenkostenabrechnung mit WISO Vermieter-Web\" \/>\n<meta property=\"article:published_time\" content=\"2023-08-23T07:46:18+00:00\" \/>\n<meta property=\"og:image\" content=\"https:\/\/www.buhl.de\/vermieter-web\/wp-content\/uploads\/sites\/33\/2023\/08\/vecteezy_pae9gagz468967.jpg\" \/>\n\t<meta property=\"og:image:width\" content=\"840\" \/>\n\t<meta property=\"og:image:height\" content=\"419\" \/>\n\t<meta property=\"og:image:type\" content=\"image\/jpeg\" \/>\n<meta name=\"author\" content=\"Hartmut Fischer\" \/>\n<meta name=\"twitter:card\" content=\"summary_large_image\" \/>\n<meta name=\"twitter:label1\" content=\"Verfasst von\" \/>\n\t<meta name=\"twitter:data1\" content=\"Hartmut Fischer\" \/>\n\t<meta name=\"twitter:label2\" content=\"Gesch\u00e4tzte Lesezeit\" \/>\n\t<meta name=\"twitter:data2\" content=\"2\u00a0Minuten\" \/>\n<script type=\"application\/ld+json\" class=\"yoast-schema-graph\">{\"@context\":\"https:\\\/\\\/schema.org\",\"@graph\":[{\"@type\":\"Article\",\"@id\":\"https:\\\/\\\/www.buhl.de\\\/vermieter-web\\\/verkauf-von-wohneigentum-zustimmungspflichten\\\/#article\",\"isPartOf\":{\"@id\":\"https:\\\/\\\/www.buhl.de\\\/vermieter-web\\\/verkauf-von-wohneigentum-zustimmungspflichten\\\/\"},\"author\":{\"name\":\"Hartmut Fischer\",\"@id\":\"https:\\\/\\\/www.buhl.de\\\/vermieter-web\\\/#\\\/schema\\\/person\\\/82903e1cb04eb553382702d503991b4f\"},\"headline\":\"Verkauf von Wohneigentum: Zustimmungspflichten\",\"datePublished\":\"2023-08-23T07:46:18+00:00\",\"mainEntityOfPage\":{\"@id\":\"https:\\\/\\\/www.buhl.de\\\/vermieter-web\\\/verkauf-von-wohneigentum-zustimmungspflichten\\\/\"},\"wordCount\":322,\"image\":{\"@id\":\"https:\\\/\\\/www.buhl.de\\\/vermieter-web\\\/verkauf-von-wohneigentum-zustimmungspflichten\\\/#primaryimage\"},\"thumbnailUrl\":\"https:\\\/\\\/www.buhl.de\\\/vermieter-web\\\/wp-content\\\/uploads\\\/sites\\\/33\\\/2023\\\/08\\\/vecteezy_pae9gagz468967.jpg\",\"keywords\":[\"Verkauf\",\"Wohnungseigent\u00fcmer\",\"Zustimmung\"],\"inLanguage\":\"de\"},{\"@type\":\"WebPage\",\"@id\":\"https:\\\/\\\/www.buhl.de\\\/vermieter-web\\\/verkauf-von-wohneigentum-zustimmungspflichten\\\/\",\"url\":\"https:\\\/\\\/www.buhl.de\\\/vermieter-web\\\/verkauf-von-wohneigentum-zustimmungspflichten\\\/\",\"name\":\"Verkauf einer Eigentumswohnung - Zustimmung der Gemeinschaft\",\"isPartOf\":{\"@id\":\"https:\\\/\\\/www.buhl.de\\\/vermieter-web\\\/#website\"},\"primaryImageOfPage\":{\"@id\":\"https:\\\/\\\/www.buhl.de\\\/vermieter-web\\\/verkauf-von-wohneigentum-zustimmungspflichten\\\/#primaryimage\"},\"image\":{\"@id\":\"https:\\\/\\\/www.buhl.de\\\/vermieter-web\\\/verkauf-von-wohneigentum-zustimmungspflichten\\\/#primaryimage\"},\"thumbnailUrl\":\"https:\\\/\\\/www.buhl.de\\\/vermieter-web\\\/wp-content\\\/uploads\\\/sites\\\/33\\\/2023\\\/08\\\/vecteezy_pae9gagz468967.jpg\",\"datePublished\":\"2023-08-23T07:46:18+00:00\",\"author\":{\"@id\":\"https:\\\/\\\/www.buhl.de\\\/vermieter-web\\\/#\\\/schema\\\/person\\\/82903e1cb04eb553382702d503991b4f\"},\"description\":\"Beim Verkauf einer Eigentumswohnung kann eine notwendige Zustimmung nur von der Wiohnungseigent\u00fcmergemeinschaft eingeholt werden.\",\"breadcrumb\":{\"@id\":\"https:\\\/\\\/www.buhl.de\\\/vermieter-web\\\/verkauf-von-wohneigentum-zustimmungspflichten\\\/#breadcrumb\"},\"inLanguage\":\"de\",\"potentialAction\":[{\"@type\":\"ReadAction\",\"target\":[\"https:\\\/\\\/www.buhl.de\\\/vermieter-web\\\/verkauf-von-wohneigentum-zustimmungspflichten\\\/\"]}]},{\"@type\":\"ImageObject\",\"inLanguage\":\"de\",\"@id\":\"https:\\\/\\\/www.buhl.de\\\/vermieter-web\\\/verkauf-von-wohneigentum-zustimmungspflichten\\\/#primaryimage\",\"url\":\"https:\\\/\\\/www.buhl.de\\\/vermieter-web\\\/wp-content\\\/uploads\\\/sites\\\/33\\\/2023\\\/08\\\/vecteezy_pae9gagz468967.jpg\",\"contentUrl\":\"https:\\\/\\\/www.buhl.de\\\/vermieter-web\\\/wp-content\\\/uploads\\\/sites\\\/33\\\/2023\\\/08\\\/vecteezy_pae9gagz468967.jpg\",\"width\":840,\"height\":419},{\"@type\":\"BreadcrumbList\",\"@id\":\"https:\\\/\\\/www.buhl.de\\\/vermieter-web\\\/verkauf-von-wohneigentum-zustimmungspflichten\\\/#breadcrumb\",\"itemListElement\":[{\"@type\":\"ListItem\",\"position\":1,\"name\":\"Startseite\",\"item\":\"https:\\\/\\\/www.buhl.de\\\/vermieter-web\\\/\"},{\"@type\":\"ListItem\",\"position\":2,\"name\":\"Verkauf von Wohneigentum: Zustimmungspflichten\"}]},{\"@type\":\"WebSite\",\"@id\":\"https:\\\/\\\/www.buhl.de\\\/vermieter-web\\\/#website\",\"url\":\"https:\\\/\\\/www.buhl.de\\\/vermieter-web\\\/\",\"name\":\"Online-Nebenkostenabrechnung mit WISO Vermieter-Web\",\"description\":\"\",\"potentialAction\":[{\"@type\":\"SearchAction\",\"target\":{\"@type\":\"EntryPoint\",\"urlTemplate\":\"https:\\\/\\\/www.buhl.de\\\/vermieter-web\\\/?s={search_term_string}\"},\"query-input\":{\"@type\":\"PropertyValueSpecification\",\"valueRequired\":true,\"valueName\":\"search_term_string\"}}],\"inLanguage\":\"de\"},{\"@type\":\"Person\",\"@id\":\"https:\\\/\\\/www.buhl.de\\\/vermieter-web\\\/#\\\/schema\\\/person\\\/82903e1cb04eb553382702d503991b4f\",\"name\":\"Hartmut Fischer\"}]}<\/script>\n<!-- \/ Yoast SEO Premium plugin. -->","yoast_head_json":{"title":"Verkauf einer Eigentumswohnung - Zustimmung der Gemeinschaft","description":"Beim Verkauf einer Eigentumswohnung kann eine notwendige Zustimmung nur von der Wiohnungseigent\u00fcmergemeinschaft eingeholt werden.","robots":{"index":"noindex","follow":"nofollow"},"og_locale":"de_DE","og_type":"article","og_title":"Verkauf von Wohneigentum: Zustimmungspflichten","og_description":"Beim Verkauf einer Eigentumswohnung kann eine notwendige Zustimmung nur von der Wiohnungseigent\u00fcmergemeinschaft eingeholt werden.","og_url":"https:\/\/www.buhl.de\/vermieter-web\/verkauf-von-wohneigentum-zustimmungspflichten\/","og_site_name":"Online-Nebenkostenabrechnung mit WISO Vermieter-Web","article_published_time":"2023-08-23T07:46:18+00:00","og_image":[{"width":840,"height":419,"url":"https:\/\/www.buhl.de\/vermieter-web\/wp-content\/uploads\/sites\/33\/2023\/08\/vecteezy_pae9gagz468967.jpg","type":"image\/jpeg"}],"author":"Hartmut Fischer","twitter_card":"summary_large_image","twitter_misc":{"Verfasst von":"Hartmut Fischer","Gesch\u00e4tzte Lesezeit":"2\u00a0Minuten"},"schema":{"@context":"https:\/\/schema.org","@graph":[{"@type":"Article","@id":"https:\/\/www.buhl.de\/vermieter-web\/verkauf-von-wohneigentum-zustimmungspflichten\/#article","isPartOf":{"@id":"https:\/\/www.buhl.de\/vermieter-web\/verkauf-von-wohneigentum-zustimmungspflichten\/"},"author":{"name":"Hartmut Fischer","@id":"https:\/\/www.buhl.de\/vermieter-web\/#\/schema\/person\/82903e1cb04eb553382702d503991b4f"},"headline":"Verkauf von Wohneigentum: Zustimmungspflichten","datePublished":"2023-08-23T07:46:18+00:00","mainEntityOfPage":{"@id":"https:\/\/www.buhl.de\/vermieter-web\/verkauf-von-wohneigentum-zustimmungspflichten\/"},"wordCount":322,"image":{"@id":"https:\/\/www.buhl.de\/vermieter-web\/verkauf-von-wohneigentum-zustimmungspflichten\/#primaryimage"},"thumbnailUrl":"https:\/\/www.buhl.de\/vermieter-web\/wp-content\/uploads\/sites\/33\/2023\/08\/vecteezy_pae9gagz468967.jpg","keywords":["Verkauf","Wohnungseigent\u00fcmer","Zustimmung"],"inLanguage":"de"},{"@type":"WebPage","@id":"https:\/\/www.buhl.de\/vermieter-web\/verkauf-von-wohneigentum-zustimmungspflichten\/","url":"https:\/\/www.buhl.de\/vermieter-web\/verkauf-von-wohneigentum-zustimmungspflichten\/","name":"Verkauf einer Eigentumswohnung - Zustimmung der Gemeinschaft","isPartOf":{"@id":"https:\/\/www.buhl.de\/vermieter-web\/#website"},"primaryImageOfPage":{"@id":"https:\/\/www.buhl.de\/vermieter-web\/verkauf-von-wohneigentum-zustimmungspflichten\/#primaryimage"},"image":{"@id":"https:\/\/www.buhl.de\/vermieter-web\/verkauf-von-wohneigentum-zustimmungspflichten\/#primaryimage"},"thumbnailUrl":"https:\/\/www.buhl.de\/vermieter-web\/wp-content\/uploads\/sites\/33\/2023\/08\/vecteezy_pae9gagz468967.jpg","datePublished":"2023-08-23T07:46:18+00:00","author":{"@id":"https:\/\/www.buhl.de\/vermieter-web\/#\/schema\/person\/82903e1cb04eb553382702d503991b4f"},"description":"Beim Verkauf einer Eigentumswohnung kann eine notwendige Zustimmung nur von der Wiohnungseigent\u00fcmergemeinschaft eingeholt werden.","breadcrumb":{"@id":"https:\/\/www.buhl.de\/vermieter-web\/verkauf-von-wohneigentum-zustimmungspflichten\/#breadcrumb"},"inLanguage":"de","potentialAction":[{"@type":"ReadAction","target":["https:\/\/www.buhl.de\/vermieter-web\/verkauf-von-wohneigentum-zustimmungspflichten\/"]}]},{"@type":"ImageObject","inLanguage":"de","@id":"https:\/\/www.buhl.de\/vermieter-web\/verkauf-von-wohneigentum-zustimmungspflichten\/#primaryimage","url":"https:\/\/www.buhl.de\/vermieter-web\/wp-content\/uploads\/sites\/33\/2023\/08\/vecteezy_pae9gagz468967.jpg","contentUrl":"https:\/\/www.buhl.de\/vermieter-web\/wp-content\/uploads\/sites\/33\/2023\/08\/vecteezy_pae9gagz468967.jpg","width":840,"height":419},{"@type":"BreadcrumbList","@id":"https:\/\/www.buhl.de\/vermieter-web\/verkauf-von-wohneigentum-zustimmungspflichten\/#breadcrumb","itemListElement":[{"@type":"ListItem","position":1,"name":"Startseite","item":"https:\/\/www.buhl.de\/vermieter-web\/"},{"@type":"ListItem","position":2,"name":"Verkauf von Wohneigentum: Zustimmungspflichten"}]},{"@type":"WebSite","@id":"https:\/\/www.buhl.de\/vermieter-web\/#website","url":"https:\/\/www.buhl.de\/vermieter-web\/","name":"Online-Nebenkostenabrechnung mit WISO Vermieter-Web","description":"","potentialAction":[{"@type":"SearchAction","target":{"@type":"EntryPoint","urlTemplate":"https:\/\/www.buhl.de\/vermieter-web\/?s={search_term_string}"},"query-input":{"@type":"PropertyValueSpecification","valueRequired":true,"valueName":"search_term_string"}}],"inLanguage":"de"},{"@type":"Person","@id":"https:\/\/www.buhl.de\/vermieter-web\/#\/schema\/person\/82903e1cb04eb553382702d503991b4f","name":"Hartmut Fischer"}]}},"_links":{"self":[{"href":"https:\/\/www.buhl.de\/vermieter-web\/wp-json\/wp\/v2\/posts\/15649","targetHints":{"allow":["GET"]}}],"collection":[{"href":"https:\/\/www.buhl.de\/vermieter-web\/wp-json\/wp\/v2\/posts"}],"about":[{"href":"https:\/\/www.buhl.de\/vermieter-web\/wp-json\/wp\/v2\/types\/post"}],"author":[{"embeddable":true,"href":"https:\/\/www.buhl.de\/vermieter-web\/wp-json\/wp\/v2\/users\/15"}],"replies":[{"embeddable":true,"href":"https:\/\/www.buhl.de\/vermieter-web\/wp-json\/wp\/v2\/comments?post=15649"}],"version-history":[{"count":1,"href":"https:\/\/www.buhl.de\/vermieter-web\/wp-json\/wp\/v2\/posts\/15649\/revisions"}],"predecessor-version":[{"id":15651,"href":"https:\/\/www.buhl.de\/vermieter-web\/wp-json\/wp\/v2\/posts\/15649\/revisions\/15651"}],"wp:featuredmedia":[{"embeddable":true,"href":"https:\/\/www.buhl.de\/vermieter-web\/wp-json\/wp\/v2\/media\/15639"}],"wp:attachment":[{"href":"https:\/\/www.buhl.de\/vermieter-web\/wp-json\/wp\/v2\/media?parent=15649"}],"wp:term":[{"taxonomy":"category","embeddable":true,"href":"https:\/\/www.buhl.de\/vermieter-web\/wp-json\/wp\/v2\/categories?post=15649"},{"taxonomy":"post_tag","embeddable":true,"href":"https:\/\/www.buhl.de\/vermieter-web\/wp-json\/wp\/v2\/tags?post=15649"}],"curies":[{"name":"wp","href":"https:\/\/api.w.org\/{rel}","templated":true}]}}