{"id":15668,"date":"2023-09-04T17:44:51","date_gmt":"2023-09-04T15:44:51","guid":{"rendered":"https:\/\/www.buhl.de\/vermieter-web\/?p=15668"},"modified":"2023-09-04T17:44:51","modified_gmt":"2023-09-04T15:44:51","slug":"verleih-der-einbaukueche-benachteiligt-den-mieter","status":"publish","type":"post","link":"https:\/\/www.buhl.de\/vermieter-web\/verleih-der-einbaukueche-benachteiligt-den-mieter\/","title":{"rendered":"Verleih der Einbauk\u00fcche benachteiligt den Mieter"},"content":{"rendered":"<p><strong>H\u00e4ufig befindet sich in Mietwohnungen eine Einbauk\u00fcche, die mit der Wohnung vermietet wird. Regeln die Allgemeinen Gesch\u00e4ftsbedingungen (AGB) des Mietvertrags, dass die K\u00fcche lediglich vom Vermieter verliehen wird und der Mieter f\u00fcr Sch\u00e4den an der K\u00fcche einstehen muss, benachteiligt dies den Mieter unangemessen. Zu diesem Ergebnis kommt das Amtsgericht Besigheim in einem Urteil vom 22.06.2023 (Aktenzeichen 7 C 442\/22).<\/strong><\/p>\n<h5>Mieter verlangt reparatur der einbauk\u00fcche<\/h5>\n<p>Geklagt hatte ein Mieter, der von seinem Vermieter verlangte, dass er die Dunstabzugshaube der Einbauk\u00fcche wieder instand setzen sollte. Dieser weigerte sich und verwies auf die allgemeinen Gesch\u00e4ftsbedingungen (AGB) des Mietvertrags.<\/p>\n<h5>Einbauk\u00fcche vom Vermieter verliehen<\/h5>\n<p>In den AGB des Mietvertrages hie\u00df es: \u201eDie Einbauk\u00fcche ist nicht Bestandteil des Mietvertrags. Sie geh\u00f6rt dem Vermieter und wird dem Mieter kostenlos zum Gebrauch \u00fcberlassen. F\u00fcr Instandhaltungen und Reparaturen muss der Mieter aufkommen.\u201c<\/p>\n<h5>Mieter verklagt Vermieter &#8211; und bekommt recht<\/h5>\n<p>Da der Mieter auf eine Reparatur durch den Vermieter bestand, klagte er vor dem Amtsgericht Besigheim. Das Gericht entschied zu seinen Gunsten. Der Vermieter m\u00fcsse den Mangel\u00a0 der Einbauk\u00fcche (defekte Dunstabzugshaube) beseitigen. Dies ergebe sich aus <a href=\"https:\/\/www.gesetze-im-internet.de\/bgb\/__535.html\">\u00a7\u00a0535 Abs. 1 BGB<\/a>.<\/p>\n<h5>AGB-Regelung unwirksam<\/h5>\n<p>Die AGB-Regelung, nach der der Mieter M\u00e4ngel an der Einbauk\u00fcche beseitigen m\u00fcsse, sei unwirksam. Sie benachteilige den Mieter unangemessen (<a href=\"https:\/\/www.gesetze-im-internet.de\/bgb\/__307.html\">\u00a7\u00a0307\u00a0Abs.\u00a01, Abs.\u00a02\u00a0Nr.\u00a01\u00a0BGB<\/a>).<\/p>\n<p>Die Regelung, dass die Einbauk\u00fcche nicht mitvermietet, sondern lediglich verliehen w\u00fcrde, sei in der Konsequenz eine verdeckte Abw\u00e4lzung von Instandhaltungskosten auf den Mieter. Die stehe aber im Widerspruch zur Instandhaltungspflicht des Vermieters nach \u00a7\u00a0535 BGB.<\/p>\n<p>Eine Verleihung der Einbauk\u00fcche f\u00fchre dazu, dass der Mieter bei einem Schaden an der K\u00fcche f\u00fcr Kosten an einem Gegenstand einstehen m\u00fcsse, die ihm nicht geh\u00f6rten und dessen weitere Nutzung ungewiss sei.<\/p>\n","protected":false},"excerpt":{"rendered":"<p>H\u00e4ufig befindet sich in Mietwohnungen eine Einbauk\u00fcche, die mit der Wohnung vermietet wird. Regeln die Allgemeinen Gesch\u00e4ftsbedingungen (AGB) des Mietvertrags, dass die K\u00fcche lediglich vom Vermieter verliehen wird und der Mieter f\u00fcr Sch\u00e4den an der K\u00fcche einstehen muss, benachteiligt dies den Mieter unangemessen. Zu diesem Ergebnis kommt das Amtsgericht Besigheim in einem Urteil vom 22.06.2023 &hellip; <\/p>\n<p class=\"link-more\"><a href=\"https:\/\/www.buhl.de\/vermieter-web\/verleih-der-einbaukueche-benachteiligt-den-mieter\/\" class=\"more-link\"><span class=\"screen-reader-text\">\u201eVerleih der Einbauk\u00fcche benachteiligt den Mieter\u201c<\/span> weiterlesen<\/a><\/p>\n","protected":false},"author":15,"featured_media":15679,"comment_status":"closed","ping_status":"open","sticky":false,"template":"","format":"standard","meta":{"footnotes":""},"categories":[1],"tags":[492,493,6124,6125],"class_list":["post-15668","post","type-post","status-publish","format-standard","has-post-thumbnail","hentry","category-allgemein","tag-einbaukueche","tag-instandhaltung","tag-verliehen","tag-vermietet"],"yoast_head":"<!-- This site is optimized with the Yoast SEO Premium plugin v27.4 (Yoast SEO v27.5) - https:\/\/yoast.com\/product\/yoast-seo-premium-wordpress\/ -->\n<title>Einbauk\u00fcche verleihen benachteiligt den Mieter<\/title>\n<meta name=\"description\" content=\"Wird eine Einbauk\u00fcche verliehen, werden dadurch die Instandhaltungskosten auf den Mieter abgew\u00e4ltzt, was die Regelung unwirksam macht.\" \/>\n<meta name=\"robots\" content=\"noindex, nofollow\" \/>\n<meta property=\"og:locale\" content=\"de_DE\" \/>\n<meta property=\"og:type\" content=\"article\" \/>\n<meta property=\"og:title\" content=\"Verleih der Einbauk\u00fcche benachteiligt den Mieter\" \/>\n<meta property=\"og:description\" content=\"Wird eine Einbauk\u00fcche verliehen, werden dadurch die Instandhaltungskosten auf den Mieter abgew\u00e4ltzt, was die Regelung unwirksam macht.\" \/>\n<meta property=\"og:url\" content=\"https:\/\/www.buhl.de\/vermieter-web\/verleih-der-einbaukueche-benachteiligt-den-mieter\/\" \/>\n<meta property=\"og:site_name\" content=\"Online-Nebenkostenabrechnung mit WISO Vermieter-Web\" \/>\n<meta property=\"article:published_time\" content=\"2023-09-04T15:44:51+00:00\" \/>\n<meta property=\"og:image\" content=\"https:\/\/www.buhl.de\/vermieter-web\/wp-content\/uploads\/sites\/33\/2023\/09\/Einbaukueche.jpg\" \/>\n\t<meta property=\"og:image:width\" content=\"839\" \/>\n\t<meta property=\"og:image:height\" content=\"413\" \/>\n\t<meta property=\"og:image:type\" content=\"image\/jpeg\" \/>\n<meta name=\"author\" content=\"Hartmut Fischer\" \/>\n<meta name=\"twitter:card\" content=\"summary_large_image\" \/>\n<meta name=\"twitter:label1\" content=\"Verfasst von\" \/>\n\t<meta name=\"twitter:data1\" content=\"Hartmut Fischer\" \/>\n\t<meta name=\"twitter:label2\" content=\"Gesch\u00e4tzte Lesezeit\" \/>\n\t<meta name=\"twitter:data2\" content=\"2\u00a0Minuten\" \/>\n<script type=\"application\/ld+json\" class=\"yoast-schema-graph\">{\"@context\":\"https:\\\/\\\/schema.org\",\"@graph\":[{\"@type\":\"Article\",\"@id\":\"https:\\\/\\\/www.buhl.de\\\/vermieter-web\\\/verleih-der-einbaukueche-benachteiligt-den-mieter\\\/#article\",\"isPartOf\":{\"@id\":\"https:\\\/\\\/www.buhl.de\\\/vermieter-web\\\/verleih-der-einbaukueche-benachteiligt-den-mieter\\\/\"},\"author\":{\"name\":\"Hartmut Fischer\",\"@id\":\"https:\\\/\\\/www.buhl.de\\\/vermieter-web\\\/#\\\/schema\\\/person\\\/82903e1cb04eb553382702d503991b4f\"},\"headline\":\"Verleih der Einbauk\u00fcche benachteiligt den Mieter\",\"datePublished\":\"2023-09-04T15:44:51+00:00\",\"mainEntityOfPage\":{\"@id\":\"https:\\\/\\\/www.buhl.de\\\/vermieter-web\\\/verleih-der-einbaukueche-benachteiligt-den-mieter\\\/\"},\"wordCount\":301,\"image\":{\"@id\":\"https:\\\/\\\/www.buhl.de\\\/vermieter-web\\\/verleih-der-einbaukueche-benachteiligt-den-mieter\\\/#primaryimage\"},\"thumbnailUrl\":\"https:\\\/\\\/www.buhl.de\\\/vermieter-web\\\/wp-content\\\/uploads\\\/sites\\\/33\\\/2023\\\/09\\\/Einbaukueche.jpg\",\"keywords\":[\"Einbauk\u00fcche\",\"Instandhaltung\",\"verliehen\",\"vermietet\"],\"inLanguage\":\"de\"},{\"@type\":\"WebPage\",\"@id\":\"https:\\\/\\\/www.buhl.de\\\/vermieter-web\\\/verleih-der-einbaukueche-benachteiligt-den-mieter\\\/\",\"url\":\"https:\\\/\\\/www.buhl.de\\\/vermieter-web\\\/verleih-der-einbaukueche-benachteiligt-den-mieter\\\/\",\"name\":\"Einbauk\u00fcche verleihen benachteiligt den Mieter\",\"isPartOf\":{\"@id\":\"https:\\\/\\\/www.buhl.de\\\/vermieter-web\\\/#website\"},\"primaryImageOfPage\":{\"@id\":\"https:\\\/\\\/www.buhl.de\\\/vermieter-web\\\/verleih-der-einbaukueche-benachteiligt-den-mieter\\\/#primaryimage\"},\"image\":{\"@id\":\"https:\\\/\\\/www.buhl.de\\\/vermieter-web\\\/verleih-der-einbaukueche-benachteiligt-den-mieter\\\/#primaryimage\"},\"thumbnailUrl\":\"https:\\\/\\\/www.buhl.de\\\/vermieter-web\\\/wp-content\\\/uploads\\\/sites\\\/33\\\/2023\\\/09\\\/Einbaukueche.jpg\",\"datePublished\":\"2023-09-04T15:44:51+00:00\",\"author\":{\"@id\":\"https:\\\/\\\/www.buhl.de\\\/vermieter-web\\\/#\\\/schema\\\/person\\\/82903e1cb04eb553382702d503991b4f\"},\"description\":\"Wird eine Einbauk\u00fcche verliehen, werden dadurch die Instandhaltungskosten auf den Mieter abgew\u00e4ltzt, was die Regelung unwirksam macht.\",\"breadcrumb\":{\"@id\":\"https:\\\/\\\/www.buhl.de\\\/vermieter-web\\\/verleih-der-einbaukueche-benachteiligt-den-mieter\\\/#breadcrumb\"},\"inLanguage\":\"de\",\"potentialAction\":[{\"@type\":\"ReadAction\",\"target\":[\"https:\\\/\\\/www.buhl.de\\\/vermieter-web\\\/verleih-der-einbaukueche-benachteiligt-den-mieter\\\/\"]}]},{\"@type\":\"ImageObject\",\"inLanguage\":\"de\",\"@id\":\"https:\\\/\\\/www.buhl.de\\\/vermieter-web\\\/verleih-der-einbaukueche-benachteiligt-den-mieter\\\/#primaryimage\",\"url\":\"https:\\\/\\\/www.buhl.de\\\/vermieter-web\\\/wp-content\\\/uploads\\\/sites\\\/33\\\/2023\\\/09\\\/Einbaukueche.jpg\",\"contentUrl\":\"https:\\\/\\\/www.buhl.de\\\/vermieter-web\\\/wp-content\\\/uploads\\\/sites\\\/33\\\/2023\\\/09\\\/Einbaukueche.jpg\",\"width\":839,\"height\":413,\"caption\":\"Abbildung Einbauk\u00fcche\"},{\"@type\":\"BreadcrumbList\",\"@id\":\"https:\\\/\\\/www.buhl.de\\\/vermieter-web\\\/verleih-der-einbaukueche-benachteiligt-den-mieter\\\/#breadcrumb\",\"itemListElement\":[{\"@type\":\"ListItem\",\"position\":1,\"name\":\"Startseite\",\"item\":\"https:\\\/\\\/www.buhl.de\\\/vermieter-web\\\/\"},{\"@type\":\"ListItem\",\"position\":2,\"name\":\"Verleih der Einbauk\u00fcche benachteiligt den Mieter\"}]},{\"@type\":\"WebSite\",\"@id\":\"https:\\\/\\\/www.buhl.de\\\/vermieter-web\\\/#website\",\"url\":\"https:\\\/\\\/www.buhl.de\\\/vermieter-web\\\/\",\"name\":\"Online-Nebenkostenabrechnung mit WISO Vermieter-Web\",\"description\":\"\",\"potentialAction\":[{\"@type\":\"SearchAction\",\"target\":{\"@type\":\"EntryPoint\",\"urlTemplate\":\"https:\\\/\\\/www.buhl.de\\\/vermieter-web\\\/?s={search_term_string}\"},\"query-input\":{\"@type\":\"PropertyValueSpecification\",\"valueRequired\":true,\"valueName\":\"search_term_string\"}}],\"inLanguage\":\"de\"},{\"@type\":\"Person\",\"@id\":\"https:\\\/\\\/www.buhl.de\\\/vermieter-web\\\/#\\\/schema\\\/person\\\/82903e1cb04eb553382702d503991b4f\",\"name\":\"Hartmut Fischer\"}]}<\/script>\n<!-- \/ Yoast SEO Premium plugin. -->","yoast_head_json":{"title":"Einbauk\u00fcche verleihen benachteiligt den Mieter","description":"Wird eine Einbauk\u00fcche verliehen, werden dadurch die Instandhaltungskosten auf den Mieter abgew\u00e4ltzt, was die Regelung unwirksam macht.","robots":{"index":"noindex","follow":"nofollow"},"og_locale":"de_DE","og_type":"article","og_title":"Verleih der Einbauk\u00fcche benachteiligt den Mieter","og_description":"Wird eine Einbauk\u00fcche verliehen, werden dadurch die Instandhaltungskosten auf den Mieter abgew\u00e4ltzt, was die Regelung unwirksam macht.","og_url":"https:\/\/www.buhl.de\/vermieter-web\/verleih-der-einbaukueche-benachteiligt-den-mieter\/","og_site_name":"Online-Nebenkostenabrechnung mit WISO Vermieter-Web","article_published_time":"2023-09-04T15:44:51+00:00","og_image":[{"width":839,"height":413,"url":"https:\/\/www.buhl.de\/vermieter-web\/wp-content\/uploads\/sites\/33\/2023\/09\/Einbaukueche.jpg","type":"image\/jpeg"}],"author":"Hartmut Fischer","twitter_card":"summary_large_image","twitter_misc":{"Verfasst von":"Hartmut Fischer","Gesch\u00e4tzte Lesezeit":"2\u00a0Minuten"},"schema":{"@context":"https:\/\/schema.org","@graph":[{"@type":"Article","@id":"https:\/\/www.buhl.de\/vermieter-web\/verleih-der-einbaukueche-benachteiligt-den-mieter\/#article","isPartOf":{"@id":"https:\/\/www.buhl.de\/vermieter-web\/verleih-der-einbaukueche-benachteiligt-den-mieter\/"},"author":{"name":"Hartmut Fischer","@id":"https:\/\/www.buhl.de\/vermieter-web\/#\/schema\/person\/82903e1cb04eb553382702d503991b4f"},"headline":"Verleih der Einbauk\u00fcche benachteiligt den Mieter","datePublished":"2023-09-04T15:44:51+00:00","mainEntityOfPage":{"@id":"https:\/\/www.buhl.de\/vermieter-web\/verleih-der-einbaukueche-benachteiligt-den-mieter\/"},"wordCount":301,"image":{"@id":"https:\/\/www.buhl.de\/vermieter-web\/verleih-der-einbaukueche-benachteiligt-den-mieter\/#primaryimage"},"thumbnailUrl":"https:\/\/www.buhl.de\/vermieter-web\/wp-content\/uploads\/sites\/33\/2023\/09\/Einbaukueche.jpg","keywords":["Einbauk\u00fcche","Instandhaltung","verliehen","vermietet"],"inLanguage":"de"},{"@type":"WebPage","@id":"https:\/\/www.buhl.de\/vermieter-web\/verleih-der-einbaukueche-benachteiligt-den-mieter\/","url":"https:\/\/www.buhl.de\/vermieter-web\/verleih-der-einbaukueche-benachteiligt-den-mieter\/","name":"Einbauk\u00fcche verleihen benachteiligt den Mieter","isPartOf":{"@id":"https:\/\/www.buhl.de\/vermieter-web\/#website"},"primaryImageOfPage":{"@id":"https:\/\/www.buhl.de\/vermieter-web\/verleih-der-einbaukueche-benachteiligt-den-mieter\/#primaryimage"},"image":{"@id":"https:\/\/www.buhl.de\/vermieter-web\/verleih-der-einbaukueche-benachteiligt-den-mieter\/#primaryimage"},"thumbnailUrl":"https:\/\/www.buhl.de\/vermieter-web\/wp-content\/uploads\/sites\/33\/2023\/09\/Einbaukueche.jpg","datePublished":"2023-09-04T15:44:51+00:00","author":{"@id":"https:\/\/www.buhl.de\/vermieter-web\/#\/schema\/person\/82903e1cb04eb553382702d503991b4f"},"description":"Wird eine Einbauk\u00fcche verliehen, werden dadurch die Instandhaltungskosten auf den Mieter abgew\u00e4ltzt, was die Regelung unwirksam macht.","breadcrumb":{"@id":"https:\/\/www.buhl.de\/vermieter-web\/verleih-der-einbaukueche-benachteiligt-den-mieter\/#breadcrumb"},"inLanguage":"de","potentialAction":[{"@type":"ReadAction","target":["https:\/\/www.buhl.de\/vermieter-web\/verleih-der-einbaukueche-benachteiligt-den-mieter\/"]}]},{"@type":"ImageObject","inLanguage":"de","@id":"https:\/\/www.buhl.de\/vermieter-web\/verleih-der-einbaukueche-benachteiligt-den-mieter\/#primaryimage","url":"https:\/\/www.buhl.de\/vermieter-web\/wp-content\/uploads\/sites\/33\/2023\/09\/Einbaukueche.jpg","contentUrl":"https:\/\/www.buhl.de\/vermieter-web\/wp-content\/uploads\/sites\/33\/2023\/09\/Einbaukueche.jpg","width":839,"height":413,"caption":"Abbildung Einbauk\u00fcche"},{"@type":"BreadcrumbList","@id":"https:\/\/www.buhl.de\/vermieter-web\/verleih-der-einbaukueche-benachteiligt-den-mieter\/#breadcrumb","itemListElement":[{"@type":"ListItem","position":1,"name":"Startseite","item":"https:\/\/www.buhl.de\/vermieter-web\/"},{"@type":"ListItem","position":2,"name":"Verleih der Einbauk\u00fcche benachteiligt den Mieter"}]},{"@type":"WebSite","@id":"https:\/\/www.buhl.de\/vermieter-web\/#website","url":"https:\/\/www.buhl.de\/vermieter-web\/","name":"Online-Nebenkostenabrechnung mit WISO Vermieter-Web","description":"","potentialAction":[{"@type":"SearchAction","target":{"@type":"EntryPoint","urlTemplate":"https:\/\/www.buhl.de\/vermieter-web\/?s={search_term_string}"},"query-input":{"@type":"PropertyValueSpecification","valueRequired":true,"valueName":"search_term_string"}}],"inLanguage":"de"},{"@type":"Person","@id":"https:\/\/www.buhl.de\/vermieter-web\/#\/schema\/person\/82903e1cb04eb553382702d503991b4f","name":"Hartmut Fischer"}]}},"_links":{"self":[{"href":"https:\/\/www.buhl.de\/vermieter-web\/wp-json\/wp\/v2\/posts\/15668","targetHints":{"allow":["GET"]}}],"collection":[{"href":"https:\/\/www.buhl.de\/vermieter-web\/wp-json\/wp\/v2\/posts"}],"about":[{"href":"https:\/\/www.buhl.de\/vermieter-web\/wp-json\/wp\/v2\/types\/post"}],"author":[{"embeddable":true,"href":"https:\/\/www.buhl.de\/vermieter-web\/wp-json\/wp\/v2\/users\/15"}],"replies":[{"embeddable":true,"href":"https:\/\/www.buhl.de\/vermieter-web\/wp-json\/wp\/v2\/comments?post=15668"}],"version-history":[{"count":1,"href":"https:\/\/www.buhl.de\/vermieter-web\/wp-json\/wp\/v2\/posts\/15668\/revisions"}],"predecessor-version":[{"id":15670,"href":"https:\/\/www.buhl.de\/vermieter-web\/wp-json\/wp\/v2\/posts\/15668\/revisions\/15670"}],"wp:featuredmedia":[{"embeddable":true,"href":"https:\/\/www.buhl.de\/vermieter-web\/wp-json\/wp\/v2\/media\/15679"}],"wp:attachment":[{"href":"https:\/\/www.buhl.de\/vermieter-web\/wp-json\/wp\/v2\/media?parent=15668"}],"wp:term":[{"taxonomy":"category","embeddable":true,"href":"https:\/\/www.buhl.de\/vermieter-web\/wp-json\/wp\/v2\/categories?post=15668"},{"taxonomy":"post_tag","embeddable":true,"href":"https:\/\/www.buhl.de\/vermieter-web\/wp-json\/wp\/v2\/tags?post=15668"}],"curies":[{"name":"wp","href":"https:\/\/api.w.org\/{rel}","templated":true}]}}