{"id":15680,"date":"2023-09-08T13:12:30","date_gmt":"2023-09-08T11:12:30","guid":{"rendered":"https:\/\/www.buhl.de\/vermieter-web\/?p=15680"},"modified":"2023-09-08T13:12:30","modified_gmt":"2023-09-08T11:12:30","slug":"weg-ladestationen-fuer-e-autos-wer-ueber-was-entscheidet","status":"publish","type":"post","link":"https:\/\/www.buhl.de\/vermieter-web\/weg-ladestationen-fuer-e-autos-wer-ueber-was-entscheidet\/","title":{"rendered":"WEG: Ladestationen f\u00fcr E-Autos \u2013 wer \u00fcber was entscheidet?"},"content":{"rendered":"<p><strong>Jeder Wohnungseigent\u00fcmer kann von der Wohnungseigent\u00fcmergemeinschaft verlangen, dass ihm das Recht auf den Einbau einer Elektroladestation f\u00fcr E-Autos einger\u00e4umt wird. Dabei handelt es sich aber um eine grunds\u00e4tzliche Erlaubnis, die nicht beinhaltet, dass der Antragsteller die Ladestation nach seinen Vorstellungen einbauen l\u00e4sst. Wie die Ladestation installiert wird, entscheidet die Gemeinschaft im Rahmen der ordnungsgem\u00e4\u00dfen Verwaltung. Zu diesem Ergebnis kam das Landgericht Stutgart in einem Urteil vom 05.07.2023 (Aktenzeichen 10 S 39\/21)<\/strong><\/p>\n<h5>wohnungseigent\u00fcmer will seinen plan durchsetzen<\/h5>\n<p>Das Verfahren hatte ein Wohnungseigent\u00fcmer ausgel\u00f6st, der Ladestationen f\u00fcr E-Autos an den Stellpl\u00e4tzen der Wohneigentumsanlage forderte. Grunds\u00e4tzlich wurde dieser Vorschlag auch von der Wohnungseigent\u00fcmergemeinschaft begr\u00fc\u00dft. Allerdings bestand der Eigent\u00fcmer auf der Umsetzung eines von ihm entwickelten Konzeptes. Die Gemeinschaft hingegen beauftragte ein Unternehmen, ein Konzept zu erstellen. Diesen Vorschlag wollte man abwarten. Da er sich mit seinem Modell nicht durchsetzen konnte, erhob der Wohnungseigent\u00fcmer Klage vor dem Amtsgericht T\u00fcbingen.<\/p>\n<h5>amtsgericht gibt der wohneigent\u00fcmergemeinschaft recht<\/h5>\n<p>Dort entschied man zu Gunsten der Gemeinschaft. Sie habe das Recht, den Vorschlag des beauftragten Unternehmens abzuwarten und danach \u00fcber die Art der Anbringungh von Ladestationen f\u00fcr E-Autos zu entscheid. Gegen diese Entscheidung ging der Wohnungseigent\u00fcmer in Berufung vor das Landgericht Stuttgart.<\/p>\n<h5>landgericht best\u00e4tigt amtsgericht<\/h5>\n<p>Dort entschied man ebenfalls zugunsten der Gemeinschaft. Grunds\u00e4tzlich habe der Kl\u00e4ger Anspruch auf die Genehmigung des Einbaus einer Lades\u00e4ule f\u00fcr E-Autos. Dies ergebe sich aus <a href=\"https:\/\/www.gesetze-im-internet.de\/woeigg\/__20.html\">\u00a7 20 Abs. 2 Nr. 2 WEG<\/a>. Dieser Anspruch umfasse aber nicht die Genehmigung des von ihm vorgeschlagenen Konzepts.<\/p>\n<h5>Art der umsetzung ist sache der Wohneigent\u00fcmergemeinschaft<\/h5>\n<p>Nach dem WEG habe jeder Wohnungseigent\u00fcmer Anspruch auf die Genehmigung der sich durch die Installation von Ladestationen f\u00fcr E-Autos ergebenden baulichen Ver\u00e4nderungen. Damit sei aber nicht die Genehmigung einer bestimmten Durchf\u00fchrung der Ma\u00dfnahmen. Hier\u00fcber entscheide die Wohnungseigent\u00fcmergemeinschaft im Rahmen einer ordnungsgem\u00e4\u00dfen Verwaltung nach eigenem Ermessen. Eine individuelle Entscheidung eines Wohnungseigent\u00fcmers m\u00fcsse nicht ber\u00fccksichtigt werden.<\/p>\n<hr \/>\n<h5>das k\u00f6nnte sie auch interessieren<\/h5>\n<p><a href=\"https:\/\/www.buhl.de\/vermieter-web\/ruecksichtnahme-auch-bei-e-auto-parkplaetzen\/\">R\u00fccksichtnahme auch bei E-Auto-Parkpl\u00e4tzen<\/a><br \/>\n<a href=\"https:\/\/www.buhl.de\/vermieter-web\/weg-e-fahrzeuge-in-der-tiefgarage\/\">WEG: E-Fahrzeuge in der Tiefgarage?<\/a><br \/>\n<a href=\"https:\/\/www.buhl.de\/vermieter-web\/mieter-kann-installateur-fuer-ladestation-doch-frei-waehlen\/\">Mieter kann Installateur f\u00fcr Ladestation doch frei w\u00e4hlen.<\/a><\/p>\n<hr \/>\n<p>&nbsp;<\/p>\n","protected":false},"excerpt":{"rendered":"<p>Jeder Wohnungseigent\u00fcmer kann von der Wohnungseigent\u00fcmergemeinschaft verlangen, dass ihm das Recht auf den Einbau einer Elektroladestation f\u00fcr E-Autos einger\u00e4umt wird. Dabei handelt es sich aber um eine grunds\u00e4tzliche Erlaubnis, die nicht beinhaltet, dass der Antragsteller die Ladestation nach seinen Vorstellungen einbauen l\u00e4sst. Wie die Ladestation installiert wird, entscheidet die Gemeinschaft im Rahmen der ordnungsgem\u00e4\u00dfen Verwaltung. &hellip; <\/p>\n<p class=\"link-more\"><a href=\"https:\/\/www.buhl.de\/vermieter-web\/weg-ladestationen-fuer-e-autos-wer-ueber-was-entscheidet\/\" class=\"more-link\"><span class=\"screen-reader-text\">\u201eWEG: Ladestationen f\u00fcr E-Autos \u2013 wer \u00fcber was entscheidet?\u201c<\/span> weiterlesen<\/a><\/p>\n","protected":false},"author":15,"featured_media":12995,"comment_status":"closed","ping_status":"open","sticky":false,"template":"","format":"standard","meta":{"footnotes":""},"categories":[1],"tags":[5452,5453,392],"class_list":["post-15680","post","type-post","status-publish","format-standard","has-post-thumbnail","hentry","category-allgemein","tag-e-auto","tag-ladestation","tag-weg"],"yoast_head":"<!-- This site is optimized with the Yoast SEO Premium plugin v27.4 (Yoast SEO v27.5) - https:\/\/yoast.com\/product\/yoast-seo-premium-wordpress\/ -->\n<title>E-Autos: Ladestation in der WEG<\/title>\n<meta name=\"description\" content=\"Wohneigent\u00fcmer haben ein Recht auf eine E-Auto Ladestation. \u00dcber die Umsetzung entscheidet aber die Wohneigent\u00fcmergmeinschaft.\" \/>\n<meta name=\"robots\" content=\"noindex, nofollow\" \/>\n<meta property=\"og:locale\" content=\"de_DE\" \/>\n<meta property=\"og:type\" content=\"article\" \/>\n<meta property=\"og:title\" content=\"WEG: Ladestationen f\u00fcr E-Autos \u2013 wer \u00fcber was entscheidet?\" \/>\n<meta property=\"og:description\" content=\"Wohneigent\u00fcmer haben ein Recht auf eine E-Auto Ladestation. \u00dcber die Umsetzung entscheidet aber die Wohneigent\u00fcmergmeinschaft.\" \/>\n<meta property=\"og:url\" content=\"https:\/\/www.buhl.de\/vermieter-web\/weg-ladestationen-fuer-e-autos-wer-ueber-was-entscheidet\/\" \/>\n<meta property=\"og:site_name\" content=\"Online-Nebenkostenabrechnung mit WISO Vermieter-Web\" \/>\n<meta property=\"article:published_time\" content=\"2023-09-08T11:12:30+00:00\" \/>\n<meta property=\"og:image\" content=\"https:\/\/www.buhl.de\/vermieter-web\/wp-content\/uploads\/sites\/33\/2020\/09\/tanken.jpg\" \/>\n\t<meta property=\"og:image:width\" content=\"840\" \/>\n\t<meta property=\"og:image:height\" content=\"420\" \/>\n\t<meta property=\"og:image:type\" content=\"image\/jpeg\" \/>\n<meta name=\"author\" content=\"Hartmut Fischer\" \/>\n<meta name=\"twitter:card\" content=\"summary_large_image\" \/>\n<meta name=\"twitter:label1\" content=\"Verfasst von\" \/>\n\t<meta name=\"twitter:data1\" content=\"Hartmut Fischer\" \/>\n\t<meta name=\"twitter:label2\" content=\"Gesch\u00e4tzte Lesezeit\" \/>\n\t<meta name=\"twitter:data2\" content=\"2\u00a0Minuten\" \/>\n<script type=\"application\/ld+json\" class=\"yoast-schema-graph\">{\"@context\":\"https:\\\/\\\/schema.org\",\"@graph\":[{\"@type\":\"Article\",\"@id\":\"https:\\\/\\\/www.buhl.de\\\/vermieter-web\\\/weg-ladestationen-fuer-e-autos-wer-ueber-was-entscheidet\\\/#article\",\"isPartOf\":{\"@id\":\"https:\\\/\\\/www.buhl.de\\\/vermieter-web\\\/weg-ladestationen-fuer-e-autos-wer-ueber-was-entscheidet\\\/\"},\"author\":{\"name\":\"Hartmut Fischer\",\"@id\":\"https:\\\/\\\/www.buhl.de\\\/vermieter-web\\\/#\\\/schema\\\/person\\\/82903e1cb04eb553382702d503991b4f\"},\"headline\":\"WEG: Ladestationen f\u00fcr E-Autos \u2013 wer \u00fcber was entscheidet?\",\"datePublished\":\"2023-09-08T11:12:30+00:00\",\"mainEntityOfPage\":{\"@id\":\"https:\\\/\\\/www.buhl.de\\\/vermieter-web\\\/weg-ladestationen-fuer-e-autos-wer-ueber-was-entscheidet\\\/\"},\"wordCount\":368,\"image\":{\"@id\":\"https:\\\/\\\/www.buhl.de\\\/vermieter-web\\\/weg-ladestationen-fuer-e-autos-wer-ueber-was-entscheidet\\\/#primaryimage\"},\"thumbnailUrl\":\"https:\\\/\\\/www.buhl.de\\\/vermieter-web\\\/wp-content\\\/uploads\\\/sites\\\/33\\\/2020\\\/09\\\/tanken.jpg\",\"keywords\":[\"E-Auto\",\"Ladestation\",\"WEG\"],\"inLanguage\":\"de\"},{\"@type\":\"WebPage\",\"@id\":\"https:\\\/\\\/www.buhl.de\\\/vermieter-web\\\/weg-ladestationen-fuer-e-autos-wer-ueber-was-entscheidet\\\/\",\"url\":\"https:\\\/\\\/www.buhl.de\\\/vermieter-web\\\/weg-ladestationen-fuer-e-autos-wer-ueber-was-entscheidet\\\/\",\"name\":\"E-Autos: Ladestation in der WEG\",\"isPartOf\":{\"@id\":\"https:\\\/\\\/www.buhl.de\\\/vermieter-web\\\/#website\"},\"primaryImageOfPage\":{\"@id\":\"https:\\\/\\\/www.buhl.de\\\/vermieter-web\\\/weg-ladestationen-fuer-e-autos-wer-ueber-was-entscheidet\\\/#primaryimage\"},\"image\":{\"@id\":\"https:\\\/\\\/www.buhl.de\\\/vermieter-web\\\/weg-ladestationen-fuer-e-autos-wer-ueber-was-entscheidet\\\/#primaryimage\"},\"thumbnailUrl\":\"https:\\\/\\\/www.buhl.de\\\/vermieter-web\\\/wp-content\\\/uploads\\\/sites\\\/33\\\/2020\\\/09\\\/tanken.jpg\",\"datePublished\":\"2023-09-08T11:12:30+00:00\",\"author\":{\"@id\":\"https:\\\/\\\/www.buhl.de\\\/vermieter-web\\\/#\\\/schema\\\/person\\\/82903e1cb04eb553382702d503991b4f\"},\"description\":\"Wohneigent\u00fcmer haben ein Recht auf eine E-Auto Ladestation. \u00dcber die Umsetzung entscheidet aber die Wohneigent\u00fcmergmeinschaft.\",\"breadcrumb\":{\"@id\":\"https:\\\/\\\/www.buhl.de\\\/vermieter-web\\\/weg-ladestationen-fuer-e-autos-wer-ueber-was-entscheidet\\\/#breadcrumb\"},\"inLanguage\":\"de\",\"potentialAction\":[{\"@type\":\"ReadAction\",\"target\":[\"https:\\\/\\\/www.buhl.de\\\/vermieter-web\\\/weg-ladestationen-fuer-e-autos-wer-ueber-was-entscheidet\\\/\"]}]},{\"@type\":\"ImageObject\",\"inLanguage\":\"de\",\"@id\":\"https:\\\/\\\/www.buhl.de\\\/vermieter-web\\\/weg-ladestationen-fuer-e-autos-wer-ueber-was-entscheidet\\\/#primaryimage\",\"url\":\"https:\\\/\\\/www.buhl.de\\\/vermieter-web\\\/wp-content\\\/uploads\\\/sites\\\/33\\\/2020\\\/09\\\/tanken.jpg\",\"contentUrl\":\"https:\\\/\\\/www.buhl.de\\\/vermieter-web\\\/wp-content\\\/uploads\\\/sites\\\/33\\\/2020\\\/09\\\/tanken.jpg\",\"width\":840,\"height\":420},{\"@type\":\"BreadcrumbList\",\"@id\":\"https:\\\/\\\/www.buhl.de\\\/vermieter-web\\\/weg-ladestationen-fuer-e-autos-wer-ueber-was-entscheidet\\\/#breadcrumb\",\"itemListElement\":[{\"@type\":\"ListItem\",\"position\":1,\"name\":\"Startseite\",\"item\":\"https:\\\/\\\/www.buhl.de\\\/vermieter-web\\\/\"},{\"@type\":\"ListItem\",\"position\":2,\"name\":\"WEG: Ladestationen f\u00fcr E-Autos \u2013 wer \u00fcber was entscheidet?\"}]},{\"@type\":\"WebSite\",\"@id\":\"https:\\\/\\\/www.buhl.de\\\/vermieter-web\\\/#website\",\"url\":\"https:\\\/\\\/www.buhl.de\\\/vermieter-web\\\/\",\"name\":\"Online-Nebenkostenabrechnung mit WISO Vermieter-Web\",\"description\":\"\",\"potentialAction\":[{\"@type\":\"SearchAction\",\"target\":{\"@type\":\"EntryPoint\",\"urlTemplate\":\"https:\\\/\\\/www.buhl.de\\\/vermieter-web\\\/?s={search_term_string}\"},\"query-input\":{\"@type\":\"PropertyValueSpecification\",\"valueRequired\":true,\"valueName\":\"search_term_string\"}}],\"inLanguage\":\"de\"},{\"@type\":\"Person\",\"@id\":\"https:\\\/\\\/www.buhl.de\\\/vermieter-web\\\/#\\\/schema\\\/person\\\/82903e1cb04eb553382702d503991b4f\",\"name\":\"Hartmut Fischer\"}]}<\/script>\n<!-- \/ Yoast SEO Premium plugin. -->","yoast_head_json":{"title":"E-Autos: Ladestation in der WEG","description":"Wohneigent\u00fcmer haben ein Recht auf eine E-Auto Ladestation. \u00dcber die Umsetzung entscheidet aber die Wohneigent\u00fcmergmeinschaft.","robots":{"index":"noindex","follow":"nofollow"},"og_locale":"de_DE","og_type":"article","og_title":"WEG: Ladestationen f\u00fcr E-Autos \u2013 wer \u00fcber was entscheidet?","og_description":"Wohneigent\u00fcmer haben ein Recht auf eine E-Auto Ladestation. \u00dcber die Umsetzung entscheidet aber die Wohneigent\u00fcmergmeinschaft.","og_url":"https:\/\/www.buhl.de\/vermieter-web\/weg-ladestationen-fuer-e-autos-wer-ueber-was-entscheidet\/","og_site_name":"Online-Nebenkostenabrechnung mit WISO Vermieter-Web","article_published_time":"2023-09-08T11:12:30+00:00","og_image":[{"width":840,"height":420,"url":"https:\/\/www.buhl.de\/vermieter-web\/wp-content\/uploads\/sites\/33\/2020\/09\/tanken.jpg","type":"image\/jpeg"}],"author":"Hartmut Fischer","twitter_card":"summary_large_image","twitter_misc":{"Verfasst von":"Hartmut Fischer","Gesch\u00e4tzte Lesezeit":"2\u00a0Minuten"},"schema":{"@context":"https:\/\/schema.org","@graph":[{"@type":"Article","@id":"https:\/\/www.buhl.de\/vermieter-web\/weg-ladestationen-fuer-e-autos-wer-ueber-was-entscheidet\/#article","isPartOf":{"@id":"https:\/\/www.buhl.de\/vermieter-web\/weg-ladestationen-fuer-e-autos-wer-ueber-was-entscheidet\/"},"author":{"name":"Hartmut Fischer","@id":"https:\/\/www.buhl.de\/vermieter-web\/#\/schema\/person\/82903e1cb04eb553382702d503991b4f"},"headline":"WEG: Ladestationen f\u00fcr E-Autos \u2013 wer \u00fcber was entscheidet?","datePublished":"2023-09-08T11:12:30+00:00","mainEntityOfPage":{"@id":"https:\/\/www.buhl.de\/vermieter-web\/weg-ladestationen-fuer-e-autos-wer-ueber-was-entscheidet\/"},"wordCount":368,"image":{"@id":"https:\/\/www.buhl.de\/vermieter-web\/weg-ladestationen-fuer-e-autos-wer-ueber-was-entscheidet\/#primaryimage"},"thumbnailUrl":"https:\/\/www.buhl.de\/vermieter-web\/wp-content\/uploads\/sites\/33\/2020\/09\/tanken.jpg","keywords":["E-Auto","Ladestation","WEG"],"inLanguage":"de"},{"@type":"WebPage","@id":"https:\/\/www.buhl.de\/vermieter-web\/weg-ladestationen-fuer-e-autos-wer-ueber-was-entscheidet\/","url":"https:\/\/www.buhl.de\/vermieter-web\/weg-ladestationen-fuer-e-autos-wer-ueber-was-entscheidet\/","name":"E-Autos: Ladestation in der WEG","isPartOf":{"@id":"https:\/\/www.buhl.de\/vermieter-web\/#website"},"primaryImageOfPage":{"@id":"https:\/\/www.buhl.de\/vermieter-web\/weg-ladestationen-fuer-e-autos-wer-ueber-was-entscheidet\/#primaryimage"},"image":{"@id":"https:\/\/www.buhl.de\/vermieter-web\/weg-ladestationen-fuer-e-autos-wer-ueber-was-entscheidet\/#primaryimage"},"thumbnailUrl":"https:\/\/www.buhl.de\/vermieter-web\/wp-content\/uploads\/sites\/33\/2020\/09\/tanken.jpg","datePublished":"2023-09-08T11:12:30+00:00","author":{"@id":"https:\/\/www.buhl.de\/vermieter-web\/#\/schema\/person\/82903e1cb04eb553382702d503991b4f"},"description":"Wohneigent\u00fcmer haben ein Recht auf eine E-Auto Ladestation. \u00dcber die Umsetzung entscheidet aber die Wohneigent\u00fcmergmeinschaft.","breadcrumb":{"@id":"https:\/\/www.buhl.de\/vermieter-web\/weg-ladestationen-fuer-e-autos-wer-ueber-was-entscheidet\/#breadcrumb"},"inLanguage":"de","potentialAction":[{"@type":"ReadAction","target":["https:\/\/www.buhl.de\/vermieter-web\/weg-ladestationen-fuer-e-autos-wer-ueber-was-entscheidet\/"]}]},{"@type":"ImageObject","inLanguage":"de","@id":"https:\/\/www.buhl.de\/vermieter-web\/weg-ladestationen-fuer-e-autos-wer-ueber-was-entscheidet\/#primaryimage","url":"https:\/\/www.buhl.de\/vermieter-web\/wp-content\/uploads\/sites\/33\/2020\/09\/tanken.jpg","contentUrl":"https:\/\/www.buhl.de\/vermieter-web\/wp-content\/uploads\/sites\/33\/2020\/09\/tanken.jpg","width":840,"height":420},{"@type":"BreadcrumbList","@id":"https:\/\/www.buhl.de\/vermieter-web\/weg-ladestationen-fuer-e-autos-wer-ueber-was-entscheidet\/#breadcrumb","itemListElement":[{"@type":"ListItem","position":1,"name":"Startseite","item":"https:\/\/www.buhl.de\/vermieter-web\/"},{"@type":"ListItem","position":2,"name":"WEG: Ladestationen f\u00fcr E-Autos \u2013 wer \u00fcber was entscheidet?"}]},{"@type":"WebSite","@id":"https:\/\/www.buhl.de\/vermieter-web\/#website","url":"https:\/\/www.buhl.de\/vermieter-web\/","name":"Online-Nebenkostenabrechnung mit WISO Vermieter-Web","description":"","potentialAction":[{"@type":"SearchAction","target":{"@type":"EntryPoint","urlTemplate":"https:\/\/www.buhl.de\/vermieter-web\/?s={search_term_string}"},"query-input":{"@type":"PropertyValueSpecification","valueRequired":true,"valueName":"search_term_string"}}],"inLanguage":"de"},{"@type":"Person","@id":"https:\/\/www.buhl.de\/vermieter-web\/#\/schema\/person\/82903e1cb04eb553382702d503991b4f","name":"Hartmut Fischer"}]}},"_links":{"self":[{"href":"https:\/\/www.buhl.de\/vermieter-web\/wp-json\/wp\/v2\/posts\/15680","targetHints":{"allow":["GET"]}}],"collection":[{"href":"https:\/\/www.buhl.de\/vermieter-web\/wp-json\/wp\/v2\/posts"}],"about":[{"href":"https:\/\/www.buhl.de\/vermieter-web\/wp-json\/wp\/v2\/types\/post"}],"author":[{"embeddable":true,"href":"https:\/\/www.buhl.de\/vermieter-web\/wp-json\/wp\/v2\/users\/15"}],"replies":[{"embeddable":true,"href":"https:\/\/www.buhl.de\/vermieter-web\/wp-json\/wp\/v2\/comments?post=15680"}],"version-history":[{"count":2,"href":"https:\/\/www.buhl.de\/vermieter-web\/wp-json\/wp\/v2\/posts\/15680\/revisions"}],"predecessor-version":[{"id":15683,"href":"https:\/\/www.buhl.de\/vermieter-web\/wp-json\/wp\/v2\/posts\/15680\/revisions\/15683"}],"wp:featuredmedia":[{"embeddable":true,"href":"https:\/\/www.buhl.de\/vermieter-web\/wp-json\/wp\/v2\/media\/12995"}],"wp:attachment":[{"href":"https:\/\/www.buhl.de\/vermieter-web\/wp-json\/wp\/v2\/media?parent=15680"}],"wp:term":[{"taxonomy":"category","embeddable":true,"href":"https:\/\/www.buhl.de\/vermieter-web\/wp-json\/wp\/v2\/categories?post=15680"},{"taxonomy":"post_tag","embeddable":true,"href":"https:\/\/www.buhl.de\/vermieter-web\/wp-json\/wp\/v2\/tags?post=15680"}],"curies":[{"name":"wp","href":"https:\/\/api.w.org\/{rel}","templated":true}]}}