{"id":15721,"date":"2023-09-29T10:38:42","date_gmt":"2023-09-29T08:38:42","guid":{"rendered":"https:\/\/www.buhl.de\/vermieter-web\/?p=15721"},"modified":"2023-09-29T10:38:42","modified_gmt":"2023-09-29T08:38:42","slug":"notwegerecht-zum-garten-ueber-das-nachbargrundstueck","status":"publish","type":"post","link":"https:\/\/www.buhl.de\/vermieter-web\/notwegerecht-zum-garten-ueber-das-nachbargrundstueck\/","title":{"rendered":"Notwegerecht: Zum Garten \u00fcber das Nachbargrundst\u00fcck"},"content":{"rendered":"<p><strong>Das Notwegerecht gesteht dem Besitzer eines Grundst\u00fccks, das keinen Zugang zu einer \u00f6ffentlichen Stra\u00dfe hat, das Recht zu, \u00fcber das Nachbargrundst\u00fcck sein Areal zu betreten. Das gilt auch dann, wenn es den Nachbarn st\u00f6rt. So entschied zumindest das Landgericht L\u00fcbeck in einem Urteil vom 18.08.2023 (Aktenzeichen 3 O 309\/22).<\/strong><\/p>\n<h5>Gartenparzelle nur \u00fcber nachbargrundst\u00fcck erreichbar<\/h5>\n<p>In dem Verfahren ging es um eine Gartenparzelle, die keinen Zugang zu einer \u00f6ffentlichen Stra\u00dfe hatte. Darum nutzte der Besitzer das Grundst\u00fcck der Nachbarin als Zugang. Damit war die Nachbarin jedoch nicht einverstanden. Sie blockierte den Durchgang mit Pflanzsteinen.<\/p>\n<h5>Parzellenbesitzer verlangt Wegefreigabe<\/h5>\n<p>Der Besitzer der Parzelle verlangte, dass die Wegeigent\u00fcmerin die Steine wieder entfernt, damit er mit dem Rasenm\u00e4her oder der Schubkarre zu seiner Parzelle fahren kann. Da sich die Dame weigerte, klagte der Parzellen-Besitzer.<\/p>\n<p>Er machte ein Notwegerecht zur Nutzung des Weges geltend. Die beklagte Dame behauptete, dass der Kl\u00e4ger auf dem Grundst\u00fcck Alkohol konsumiere. Er sei sogar im angetrunkenen Zustand schon in den Gartenzaun Ihres Grundst\u00fccks gefallen.<\/p>\n<h5>Landgericht best\u00e4tigt notwegerecht<\/h5>\n<p>Das Landgericht L\u00fcbeck entschied zugunsten des Kl\u00e4gers. Er habe nach <a href=\"https:\/\/www.gesetze-im-internet.de\/bgb\/__917.html\">\u00a7\u00a0917 BGB Abs. 1<\/a> ein Notwegerecht, das durch<a href=\"https:\/\/www.gesetze-im-internet.de\/bgb\/__1004.html\"> \u00a7\u00a01004 Abs. 2 BGB<\/a> zus\u00e4tzlich gesch\u00fctzt sei. Danach kann der Eigent\u00fcmer eines Grundst\u00fccks von den Nachbarn die Nutzung ihres Grundst\u00fccks verlangen, sofern dem Grundst\u00fcck die zur ordnungsgem\u00e4\u00dfen Benutzung notwendige Verbindung mit einem \u00f6ffentlichen Weg fehlt.<\/p>\n<hr \/>\n<h5>Das k\u00f6nnte sie auch interessieren<\/h5>\n<p><a href=\"https:\/\/www.buhl.de\/vermieter-web\/nachbar-durch-sanierungsarbeiten-geschaedigt\/\">Nachbar durch Sanierungsarbeiten gesch\u00e4digt<\/a><br \/>\n<a href=\"https:\/\/www.buhl.de\/vermieter-web\/wenn-die-solaranlage-den-nachbarn-blendet\/\">Wenn die Solaranlage den Nachbarn blendet<\/a><br \/>\n<a href=\"https:\/\/www.buhl.de\/vermieter-web\/notwegerecht-dient-nicht-der-bequemlichkeit\/\">Notwegerecht dient nicht der Bequemlichkeit<\/a><\/p>\n<hr \/>\n<p>&nbsp;<\/p>\n","protected":false},"excerpt":{"rendered":"<p>Das Notwegerecht gesteht dem Besitzer eines Grundst\u00fccks, das keinen Zugang zu einer \u00f6ffentlichen Stra\u00dfe hat, das Recht zu, \u00fcber das Nachbargrundst\u00fcck sein Areal zu betreten. Das gilt auch dann, wenn es den Nachbarn st\u00f6rt. So entschied zumindest das Landgericht L\u00fcbeck in einem Urteil vom 18.08.2023 (Aktenzeichen 3 O 309\/22). Gartenparzelle nur \u00fcber nachbargrundst\u00fcck erreichbar In &hellip; <\/p>\n<p class=\"link-more\"><a href=\"https:\/\/www.buhl.de\/vermieter-web\/notwegerecht-zum-garten-ueber-das-nachbargrundstueck\/\" class=\"more-link\"><span class=\"screen-reader-text\">\u201eNotwegerecht: Zum Garten \u00fcber das Nachbargrundst\u00fcck\u201c<\/span> weiterlesen<\/a><\/p>\n","protected":false},"author":15,"featured_media":15387,"comment_status":"closed","ping_status":"open","sticky":false,"template":"","format":"standard","meta":{"footnotes":""},"categories":[1],"tags":[467,3827,5462],"class_list":["post-15721","post","type-post","status-publish","format-standard","has-post-thumbnail","hentry","category-allgemein","tag-nachbargrundstueck","tag-notwegerecht","tag-zugang"],"yoast_head":"<!-- This site is optimized with the Yoast SEO Premium plugin v27.4 (Yoast SEO v27.5) - https:\/\/yoast.com\/product\/yoast-seo-premium-wordpress\/ -->\n<title>Notwegerecht f\u00fcr Gartenparzelle<\/title>\n<meta name=\"description\" content=\"Ist eine Gartenparzelle nur \u00fcber ein Nachbargrundst\u00fcck erreichbar ist, steht dem Parzellenebsitzer ein Notwegerecht zu\" \/>\n<meta name=\"robots\" content=\"noindex, nofollow\" \/>\n<meta property=\"og:locale\" content=\"de_DE\" \/>\n<meta property=\"og:type\" content=\"article\" \/>\n<meta property=\"og:title\" content=\"Notwegerecht: Zum Garten \u00fcber das Nachbargrundst\u00fcck\" \/>\n<meta property=\"og:description\" content=\"Ist eine Gartenparzelle nur \u00fcber ein Nachbargrundst\u00fcck erreichbar ist, steht dem Parzellenebsitzer ein Notwegerecht zu\" \/>\n<meta property=\"og:url\" content=\"https:\/\/www.buhl.de\/vermieter-web\/notwegerecht-zum-garten-ueber-das-nachbargrundstueck\/\" \/>\n<meta property=\"og:site_name\" content=\"Online-Nebenkostenabrechnung mit WISO Vermieter-Web\" \/>\n<meta property=\"article:published_time\" content=\"2023-09-29T08:38:42+00:00\" \/>\n<meta property=\"og:image\" content=\"https:\/\/www.buhl.de\/vermieter-web\/wp-content\/uploads\/sites\/33\/2023\/04\/shutterstock_714800005.jpg\" \/>\n\t<meta property=\"og:image:width\" content=\"840\" \/>\n\t<meta property=\"og:image:height\" content=\"420\" \/>\n\t<meta property=\"og:image:type\" content=\"image\/jpeg\" \/>\n<meta name=\"author\" content=\"Hartmut Fischer\" \/>\n<meta name=\"twitter:card\" content=\"summary_large_image\" \/>\n<meta name=\"twitter:label1\" content=\"Verfasst von\" \/>\n\t<meta name=\"twitter:data1\" content=\"Hartmut Fischer\" \/>\n\t<meta name=\"twitter:label2\" content=\"Gesch\u00e4tzte Lesezeit\" \/>\n\t<meta name=\"twitter:data2\" content=\"2\u00a0Minuten\" \/>\n<script type=\"application\/ld+json\" class=\"yoast-schema-graph\">{\"@context\":\"https:\\\/\\\/schema.org\",\"@graph\":[{\"@type\":\"Article\",\"@id\":\"https:\\\/\\\/www.buhl.de\\\/vermieter-web\\\/notwegerecht-zum-garten-ueber-das-nachbargrundstueck\\\/#article\",\"isPartOf\":{\"@id\":\"https:\\\/\\\/www.buhl.de\\\/vermieter-web\\\/notwegerecht-zum-garten-ueber-das-nachbargrundstueck\\\/\"},\"author\":{\"name\":\"Hartmut Fischer\",\"@id\":\"https:\\\/\\\/www.buhl.de\\\/vermieter-web\\\/#\\\/schema\\\/person\\\/82903e1cb04eb553382702d503991b4f\"},\"headline\":\"Notwegerecht: Zum Garten \u00fcber das Nachbargrundst\u00fcck\",\"datePublished\":\"2023-09-29T08:38:42+00:00\",\"mainEntityOfPage\":{\"@id\":\"https:\\\/\\\/www.buhl.de\\\/vermieter-web\\\/notwegerecht-zum-garten-ueber-das-nachbargrundstueck\\\/\"},\"wordCount\":265,\"image\":{\"@id\":\"https:\\\/\\\/www.buhl.de\\\/vermieter-web\\\/notwegerecht-zum-garten-ueber-das-nachbargrundstueck\\\/#primaryimage\"},\"thumbnailUrl\":\"https:\\\/\\\/www.buhl.de\\\/vermieter-web\\\/wp-content\\\/uploads\\\/sites\\\/33\\\/2023\\\/04\\\/shutterstock_714800005.jpg\",\"keywords\":[\"Nachbargrundst\u00fcck\",\"Notwegerecht\",\"Zugang\"],\"inLanguage\":\"de\"},{\"@type\":\"WebPage\",\"@id\":\"https:\\\/\\\/www.buhl.de\\\/vermieter-web\\\/notwegerecht-zum-garten-ueber-das-nachbargrundstueck\\\/\",\"url\":\"https:\\\/\\\/www.buhl.de\\\/vermieter-web\\\/notwegerecht-zum-garten-ueber-das-nachbargrundstueck\\\/\",\"name\":\"Notwegerecht f\u00fcr Gartenparzelle\",\"isPartOf\":{\"@id\":\"https:\\\/\\\/www.buhl.de\\\/vermieter-web\\\/#website\"},\"primaryImageOfPage\":{\"@id\":\"https:\\\/\\\/www.buhl.de\\\/vermieter-web\\\/notwegerecht-zum-garten-ueber-das-nachbargrundstueck\\\/#primaryimage\"},\"image\":{\"@id\":\"https:\\\/\\\/www.buhl.de\\\/vermieter-web\\\/notwegerecht-zum-garten-ueber-das-nachbargrundstueck\\\/#primaryimage\"},\"thumbnailUrl\":\"https:\\\/\\\/www.buhl.de\\\/vermieter-web\\\/wp-content\\\/uploads\\\/sites\\\/33\\\/2023\\\/04\\\/shutterstock_714800005.jpg\",\"datePublished\":\"2023-09-29T08:38:42+00:00\",\"author\":{\"@id\":\"https:\\\/\\\/www.buhl.de\\\/vermieter-web\\\/#\\\/schema\\\/person\\\/82903e1cb04eb553382702d503991b4f\"},\"description\":\"Ist eine Gartenparzelle nur \u00fcber ein Nachbargrundst\u00fcck erreichbar ist, steht dem Parzellenebsitzer ein Notwegerecht zu\",\"breadcrumb\":{\"@id\":\"https:\\\/\\\/www.buhl.de\\\/vermieter-web\\\/notwegerecht-zum-garten-ueber-das-nachbargrundstueck\\\/#breadcrumb\"},\"inLanguage\":\"de\",\"potentialAction\":[{\"@type\":\"ReadAction\",\"target\":[\"https:\\\/\\\/www.buhl.de\\\/vermieter-web\\\/notwegerecht-zum-garten-ueber-das-nachbargrundstueck\\\/\"]}]},{\"@type\":\"ImageObject\",\"inLanguage\":\"de\",\"@id\":\"https:\\\/\\\/www.buhl.de\\\/vermieter-web\\\/notwegerecht-zum-garten-ueber-das-nachbargrundstueck\\\/#primaryimage\",\"url\":\"https:\\\/\\\/www.buhl.de\\\/vermieter-web\\\/wp-content\\\/uploads\\\/sites\\\/33\\\/2023\\\/04\\\/shutterstock_714800005.jpg\",\"contentUrl\":\"https:\\\/\\\/www.buhl.de\\\/vermieter-web\\\/wp-content\\\/uploads\\\/sites\\\/33\\\/2023\\\/04\\\/shutterstock_714800005.jpg\",\"width\":840,\"height\":420,\"caption\":\"Gavel on sounding block at courtroom for decide home insurance, Law and justice concept, Settle a house dealing lawsuit.\"},{\"@type\":\"BreadcrumbList\",\"@id\":\"https:\\\/\\\/www.buhl.de\\\/vermieter-web\\\/notwegerecht-zum-garten-ueber-das-nachbargrundstueck\\\/#breadcrumb\",\"itemListElement\":[{\"@type\":\"ListItem\",\"position\":1,\"name\":\"Startseite\",\"item\":\"https:\\\/\\\/www.buhl.de\\\/vermieter-web\\\/\"},{\"@type\":\"ListItem\",\"position\":2,\"name\":\"Notwegerecht: Zum Garten \u00fcber das Nachbargrundst\u00fcck\"}]},{\"@type\":\"WebSite\",\"@id\":\"https:\\\/\\\/www.buhl.de\\\/vermieter-web\\\/#website\",\"url\":\"https:\\\/\\\/www.buhl.de\\\/vermieter-web\\\/\",\"name\":\"Online-Nebenkostenabrechnung mit WISO Vermieter-Web\",\"description\":\"\",\"potentialAction\":[{\"@type\":\"SearchAction\",\"target\":{\"@type\":\"EntryPoint\",\"urlTemplate\":\"https:\\\/\\\/www.buhl.de\\\/vermieter-web\\\/?s={search_term_string}\"},\"query-input\":{\"@type\":\"PropertyValueSpecification\",\"valueRequired\":true,\"valueName\":\"search_term_string\"}}],\"inLanguage\":\"de\"},{\"@type\":\"Person\",\"@id\":\"https:\\\/\\\/www.buhl.de\\\/vermieter-web\\\/#\\\/schema\\\/person\\\/82903e1cb04eb553382702d503991b4f\",\"name\":\"Hartmut Fischer\"}]}<\/script>\n<!-- \/ Yoast SEO Premium plugin. -->","yoast_head_json":{"title":"Notwegerecht f\u00fcr Gartenparzelle","description":"Ist eine Gartenparzelle nur \u00fcber ein Nachbargrundst\u00fcck erreichbar ist, steht dem Parzellenebsitzer ein Notwegerecht zu","robots":{"index":"noindex","follow":"nofollow"},"og_locale":"de_DE","og_type":"article","og_title":"Notwegerecht: Zum Garten \u00fcber das Nachbargrundst\u00fcck","og_description":"Ist eine Gartenparzelle nur \u00fcber ein Nachbargrundst\u00fcck erreichbar ist, steht dem Parzellenebsitzer ein Notwegerecht zu","og_url":"https:\/\/www.buhl.de\/vermieter-web\/notwegerecht-zum-garten-ueber-das-nachbargrundstueck\/","og_site_name":"Online-Nebenkostenabrechnung mit WISO Vermieter-Web","article_published_time":"2023-09-29T08:38:42+00:00","og_image":[{"width":840,"height":420,"url":"https:\/\/www.buhl.de\/vermieter-web\/wp-content\/uploads\/sites\/33\/2023\/04\/shutterstock_714800005.jpg","type":"image\/jpeg"}],"author":"Hartmut Fischer","twitter_card":"summary_large_image","twitter_misc":{"Verfasst von":"Hartmut Fischer","Gesch\u00e4tzte Lesezeit":"2\u00a0Minuten"},"schema":{"@context":"https:\/\/schema.org","@graph":[{"@type":"Article","@id":"https:\/\/www.buhl.de\/vermieter-web\/notwegerecht-zum-garten-ueber-das-nachbargrundstueck\/#article","isPartOf":{"@id":"https:\/\/www.buhl.de\/vermieter-web\/notwegerecht-zum-garten-ueber-das-nachbargrundstueck\/"},"author":{"name":"Hartmut Fischer","@id":"https:\/\/www.buhl.de\/vermieter-web\/#\/schema\/person\/82903e1cb04eb553382702d503991b4f"},"headline":"Notwegerecht: Zum Garten \u00fcber das Nachbargrundst\u00fcck","datePublished":"2023-09-29T08:38:42+00:00","mainEntityOfPage":{"@id":"https:\/\/www.buhl.de\/vermieter-web\/notwegerecht-zum-garten-ueber-das-nachbargrundstueck\/"},"wordCount":265,"image":{"@id":"https:\/\/www.buhl.de\/vermieter-web\/notwegerecht-zum-garten-ueber-das-nachbargrundstueck\/#primaryimage"},"thumbnailUrl":"https:\/\/www.buhl.de\/vermieter-web\/wp-content\/uploads\/sites\/33\/2023\/04\/shutterstock_714800005.jpg","keywords":["Nachbargrundst\u00fcck","Notwegerecht","Zugang"],"inLanguage":"de"},{"@type":"WebPage","@id":"https:\/\/www.buhl.de\/vermieter-web\/notwegerecht-zum-garten-ueber-das-nachbargrundstueck\/","url":"https:\/\/www.buhl.de\/vermieter-web\/notwegerecht-zum-garten-ueber-das-nachbargrundstueck\/","name":"Notwegerecht f\u00fcr Gartenparzelle","isPartOf":{"@id":"https:\/\/www.buhl.de\/vermieter-web\/#website"},"primaryImageOfPage":{"@id":"https:\/\/www.buhl.de\/vermieter-web\/notwegerecht-zum-garten-ueber-das-nachbargrundstueck\/#primaryimage"},"image":{"@id":"https:\/\/www.buhl.de\/vermieter-web\/notwegerecht-zum-garten-ueber-das-nachbargrundstueck\/#primaryimage"},"thumbnailUrl":"https:\/\/www.buhl.de\/vermieter-web\/wp-content\/uploads\/sites\/33\/2023\/04\/shutterstock_714800005.jpg","datePublished":"2023-09-29T08:38:42+00:00","author":{"@id":"https:\/\/www.buhl.de\/vermieter-web\/#\/schema\/person\/82903e1cb04eb553382702d503991b4f"},"description":"Ist eine Gartenparzelle nur \u00fcber ein Nachbargrundst\u00fcck erreichbar ist, steht dem Parzellenebsitzer ein Notwegerecht zu","breadcrumb":{"@id":"https:\/\/www.buhl.de\/vermieter-web\/notwegerecht-zum-garten-ueber-das-nachbargrundstueck\/#breadcrumb"},"inLanguage":"de","potentialAction":[{"@type":"ReadAction","target":["https:\/\/www.buhl.de\/vermieter-web\/notwegerecht-zum-garten-ueber-das-nachbargrundstueck\/"]}]},{"@type":"ImageObject","inLanguage":"de","@id":"https:\/\/www.buhl.de\/vermieter-web\/notwegerecht-zum-garten-ueber-das-nachbargrundstueck\/#primaryimage","url":"https:\/\/www.buhl.de\/vermieter-web\/wp-content\/uploads\/sites\/33\/2023\/04\/shutterstock_714800005.jpg","contentUrl":"https:\/\/www.buhl.de\/vermieter-web\/wp-content\/uploads\/sites\/33\/2023\/04\/shutterstock_714800005.jpg","width":840,"height":420,"caption":"Gavel on sounding block at courtroom for decide home insurance, Law and justice concept, Settle a house dealing lawsuit."},{"@type":"BreadcrumbList","@id":"https:\/\/www.buhl.de\/vermieter-web\/notwegerecht-zum-garten-ueber-das-nachbargrundstueck\/#breadcrumb","itemListElement":[{"@type":"ListItem","position":1,"name":"Startseite","item":"https:\/\/www.buhl.de\/vermieter-web\/"},{"@type":"ListItem","position":2,"name":"Notwegerecht: Zum Garten \u00fcber das Nachbargrundst\u00fcck"}]},{"@type":"WebSite","@id":"https:\/\/www.buhl.de\/vermieter-web\/#website","url":"https:\/\/www.buhl.de\/vermieter-web\/","name":"Online-Nebenkostenabrechnung mit WISO Vermieter-Web","description":"","potentialAction":[{"@type":"SearchAction","target":{"@type":"EntryPoint","urlTemplate":"https:\/\/www.buhl.de\/vermieter-web\/?s={search_term_string}"},"query-input":{"@type":"PropertyValueSpecification","valueRequired":true,"valueName":"search_term_string"}}],"inLanguage":"de"},{"@type":"Person","@id":"https:\/\/www.buhl.de\/vermieter-web\/#\/schema\/person\/82903e1cb04eb553382702d503991b4f","name":"Hartmut Fischer"}]}},"_links":{"self":[{"href":"https:\/\/www.buhl.de\/vermieter-web\/wp-json\/wp\/v2\/posts\/15721","targetHints":{"allow":["GET"]}}],"collection":[{"href":"https:\/\/www.buhl.de\/vermieter-web\/wp-json\/wp\/v2\/posts"}],"about":[{"href":"https:\/\/www.buhl.de\/vermieter-web\/wp-json\/wp\/v2\/types\/post"}],"author":[{"embeddable":true,"href":"https:\/\/www.buhl.de\/vermieter-web\/wp-json\/wp\/v2\/users\/15"}],"replies":[{"embeddable":true,"href":"https:\/\/www.buhl.de\/vermieter-web\/wp-json\/wp\/v2\/comments?post=15721"}],"version-history":[{"count":1,"href":"https:\/\/www.buhl.de\/vermieter-web\/wp-json\/wp\/v2\/posts\/15721\/revisions"}],"predecessor-version":[{"id":15723,"href":"https:\/\/www.buhl.de\/vermieter-web\/wp-json\/wp\/v2\/posts\/15721\/revisions\/15723"}],"wp:featuredmedia":[{"embeddable":true,"href":"https:\/\/www.buhl.de\/vermieter-web\/wp-json\/wp\/v2\/media\/15387"}],"wp:attachment":[{"href":"https:\/\/www.buhl.de\/vermieter-web\/wp-json\/wp\/v2\/media?parent=15721"}],"wp:term":[{"taxonomy":"category","embeddable":true,"href":"https:\/\/www.buhl.de\/vermieter-web\/wp-json\/wp\/v2\/categories?post=15721"},{"taxonomy":"post_tag","embeddable":true,"href":"https:\/\/www.buhl.de\/vermieter-web\/wp-json\/wp\/v2\/tags?post=15721"}],"curies":[{"name":"wp","href":"https:\/\/api.w.org\/{rel}","templated":true}]}}