{"id":15758,"date":"2023-10-16T10:03:37","date_gmt":"2023-10-16T08:03:37","guid":{"rendered":"https:\/\/www.buhl.de\/vermieter-web\/?p=15758"},"modified":"2023-10-16T10:03:37","modified_gmt":"2023-10-16T08:03:37","slug":"weg-wohngebaeudeversicherung-der-gemeinschaft","status":"publish","type":"post","link":"https:\/\/www.buhl.de\/vermieter-web\/weg-wohngebaeudeversicherung-der-gemeinschaft\/","title":{"rendered":"WEG: Wohngeb\u00e4udeversicherung der Gemeinschaft"},"content":{"rendered":"<p><strong>Wird von der Hausverwaltung einer Wohneigentumsgemeinschaft die Wohngeb\u00e4udeversicherung abgeschlossen, kann ein einzelner Wohnungseigent\u00fcmer nur gegen\u00fcber der Gemeinschaft oder der Verwaltung Anspr\u00fcche geltend machen. Da er nicht Versicherungsnehmer ist, kann er auch die Versicherung nicht verklagen. Dies entschied das Landgericht Ingolstadt in einem Urteil vom 14.02.2023 (Aktenzeichen 21 O 3045\/21).<\/strong><\/p>\n<h5>WEG will schaden nicht der Versicherung melden<\/h5>\n<p>Zu der Auseinandersetzung war es wegen eines Leitungswasser-Schadens gekommen, bei dem auch die darunter befindliche Wohnung in Mitleidenschaft gezogen wurde. Die Wohneigent\u00fcmergemeinschaft war jedoch nicht bereit, f\u00fcr die entstandenen Sch\u00e4den die Wohngeb\u00e4udeversicherung in Anspruch zu nehmen. Darum versuchte der betroffene Wohnungseigent\u00fcmer die Versicherung auf dem Klageweg in Anspruch zu nehmen. Die Wohngeb\u00e4udeversicherung lief allerdings auf den Namen der Gemeinschaft.<\/p>\n<h5>Landgericht: kein klagerecht f\u00fcr einzelne Wohnungseigent\u00fcmer<\/h5>\n<p>Vor diesem Hintergrund lehnte das Landgericht Ingolstadt die Klage ab und erkl\u00e4rte sie f\u00fcr unzul\u00e4ssig. Der Wohnungseigent\u00fcmer k\u00f6nne keine Klage bez\u00fcglich der Wohngeb\u00e4udeversicherung anstrengen. Dieses Recht habe lediglich die Hausverwaltung. Nur sie sei der Ansprechpartner der Versicherung, da der Vertrag auch nur zwischen der Gemeinschaft und dem Versicherer geschlossen wurde. Es liege im nachvollziehbaren Interesse der Versicherung, nur mit dem Vertragspartner der Wohngeb\u00e4udeversicherung und mit keinem anderen zu verhandeln.<\/p>\n<p>Das Gericht f\u00fchrte in seiner Begr\u00fcndung auch aus, dass die Versicherung bei jedem Regulierungsantrag individuell pr\u00fcfen m\u00fcsse, ob der Verursacher eines Schadens tats\u00e4chlich als Sondereigent\u00fcmer der Wohneigentumsgemeinschaft mitversichert sei.<\/p>\n<h5>anspr\u00fcche gegen\u00fcber Verwaltung und Gemeinschaft<\/h5>\n<p>Allerdings habe der Wohnungseigent\u00fcmer die M\u00f6glichkeit, die Wohneigentumsgemeinschaft oder den Verwalter zu verklagen, weil sie die Wohngeb\u00e4udeversicherung nicht in Anspruch nehmen wollen. Diesen gegen\u00fcber k\u00f6nnten Schadenersatzanspr\u00fcche bestehen.<\/p>\n<hr \/>\n<h5>das k\u00f6nnte sie auch interessieren:<\/h5>\n<p><a href=\"https:\/\/www.buhl.de\/vermieter-web\/wohngebaeudeversicherung-vergleichen-lohnt-sich\/\">Wohngeb\u00e4udeversicherung: Vergleichen lohnt sich<\/a><br \/>\n<a href=\"https:\/\/www.buhl.de\/vermieter-web\/weg-verteilung-des-selbstbehalts-beim-versicherungsfall\/\">WEG: Verteilung des Selbstbehalts beim Versicherungsfall<\/a><br \/>\n<a href=\"https:\/\/www.buhl.de\/vermieter-web\/fahrlaessiger-brandschaden-fall-fuer-die-wohngebaeudeversicherung\/\">Wohngeb\u00e4udeversicherung bei fahrl\u00e4ssigen Brandsch\u00e4den<\/a><\/p>\n<hr \/>\n<p>&nbsp;<\/p>\n","protected":false},"excerpt":{"rendered":"<p>Wird von der Hausverwaltung einer Wohneigentumsgemeinschaft die Wohngeb\u00e4udeversicherung abgeschlossen, kann ein einzelner Wohnungseigent\u00fcmer nur gegen\u00fcber der Gemeinschaft oder der Verwaltung Anspr\u00fcche geltend machen. Da er nicht Versicherungsnehmer ist, kann er auch die Versicherung nicht verklagen. Dies entschied das Landgericht Ingolstadt in einem Urteil vom 14.02.2023 (Aktenzeichen 21 O 3045\/21). WEG will schaden nicht der Versicherung &hellip; <\/p>\n<p class=\"link-more\"><a href=\"https:\/\/www.buhl.de\/vermieter-web\/weg-wohngebaeudeversicherung-der-gemeinschaft\/\" class=\"more-link\"><span class=\"screen-reader-text\">\u201eWEG: Wohngeb\u00e4udeversicherung der Gemeinschaft\u201c<\/span> weiterlesen<\/a><\/p>\n","protected":false},"author":15,"featured_media":15760,"comment_status":"closed","ping_status":"open","sticky":false,"template":"","format":"standard","meta":{"footnotes":""},"categories":[1],"tags":[466,6136,515],"class_list":["post-15758","post","type-post","status-publish","format-standard","has-post-thumbnail","hentry","category-allgemein","tag-schaden","tag-wohneigentumsgemeinschaft","tag-wohngebaeudeversicherung"],"yoast_head":"<!-- This site is optimized with the Yoast SEO Premium plugin v27.4 (Yoast SEO v27.5) - https:\/\/yoast.com\/product\/yoast-seo-premium-wordpress\/ -->\n<title>Wohngeb\u00e4udeversicherung einer WEG<\/title>\n<meta name=\"description\" content=\"Einzelner Whnungseigent\u00fcmer kann Wohngeb\u00e4udeversicherung nicht verklagen, wenn die Wohneigent\u00fcmergemeinschaft der Versicherte ist.\" \/>\n<meta name=\"robots\" content=\"noindex, nofollow\" \/>\n<meta property=\"og:locale\" content=\"de_DE\" \/>\n<meta property=\"og:type\" content=\"article\" \/>\n<meta property=\"og:title\" content=\"WEG: Wohngeb\u00e4udeversicherung der Gemeinschaft\" \/>\n<meta property=\"og:description\" content=\"Einzelner Whnungseigent\u00fcmer kann Wohngeb\u00e4udeversicherung nicht verklagen, wenn die Wohneigent\u00fcmergemeinschaft der Versicherte ist.\" \/>\n<meta property=\"og:url\" content=\"https:\/\/www.buhl.de\/vermieter-web\/weg-wohngebaeudeversicherung-der-gemeinschaft\/\" \/>\n<meta property=\"og:site_name\" content=\"Online-Nebenkostenabrechnung mit WISO Vermieter-Web\" \/>\n<meta property=\"article:published_time\" content=\"2023-10-16T08:03:37+00:00\" \/>\n<meta property=\"og:image\" content=\"https:\/\/www.buhl.de\/vermieter-web\/wp-content\/uploads\/sites\/33\/2023\/10\/Titiwoot-Weerawong-Vecteezy.jpg\" \/>\n\t<meta property=\"og:image:width\" content=\"843\" \/>\n\t<meta property=\"og:image:height\" content=\"419\" \/>\n\t<meta property=\"og:image:type\" content=\"image\/jpeg\" \/>\n<meta name=\"author\" content=\"Hartmut Fischer\" \/>\n<meta name=\"twitter:card\" content=\"summary_large_image\" \/>\n<meta name=\"twitter:label1\" content=\"Verfasst von\" \/>\n\t<meta name=\"twitter:data1\" content=\"Hartmut Fischer\" \/>\n\t<meta name=\"twitter:label2\" content=\"Gesch\u00e4tzte Lesezeit\" \/>\n\t<meta name=\"twitter:data2\" content=\"2\u00a0Minuten\" \/>\n<script type=\"application\/ld+json\" class=\"yoast-schema-graph\">{\"@context\":\"https:\\\/\\\/schema.org\",\"@graph\":[{\"@type\":\"Article\",\"@id\":\"https:\\\/\\\/www.buhl.de\\\/vermieter-web\\\/weg-wohngebaeudeversicherung-der-gemeinschaft\\\/#article\",\"isPartOf\":{\"@id\":\"https:\\\/\\\/www.buhl.de\\\/vermieter-web\\\/weg-wohngebaeudeversicherung-der-gemeinschaft\\\/\"},\"author\":{\"name\":\"Hartmut Fischer\",\"@id\":\"https:\\\/\\\/www.buhl.de\\\/vermieter-web\\\/#\\\/schema\\\/person\\\/82903e1cb04eb553382702d503991b4f\"},\"headline\":\"WEG: Wohngeb\u00e4udeversicherung der Gemeinschaft\",\"datePublished\":\"2023-10-16T08:03:37+00:00\",\"mainEntityOfPage\":{\"@id\":\"https:\\\/\\\/www.buhl.de\\\/vermieter-web\\\/weg-wohngebaeudeversicherung-der-gemeinschaft\\\/\"},\"wordCount\":312,\"image\":{\"@id\":\"https:\\\/\\\/www.buhl.de\\\/vermieter-web\\\/weg-wohngebaeudeversicherung-der-gemeinschaft\\\/#primaryimage\"},\"thumbnailUrl\":\"https:\\\/\\\/www.buhl.de\\\/vermieter-web\\\/wp-content\\\/uploads\\\/sites\\\/33\\\/2023\\\/10\\\/Titiwoot-Weerawong-Vecteezy.jpg\",\"keywords\":[\"Schaden\",\"Wohneigentumsgemeinschaft\",\"Wohngeb\u00e4udeversicherung\"],\"inLanguage\":\"de\"},{\"@type\":\"WebPage\",\"@id\":\"https:\\\/\\\/www.buhl.de\\\/vermieter-web\\\/weg-wohngebaeudeversicherung-der-gemeinschaft\\\/\",\"url\":\"https:\\\/\\\/www.buhl.de\\\/vermieter-web\\\/weg-wohngebaeudeversicherung-der-gemeinschaft\\\/\",\"name\":\"Wohngeb\u00e4udeversicherung einer WEG\",\"isPartOf\":{\"@id\":\"https:\\\/\\\/www.buhl.de\\\/vermieter-web\\\/#website\"},\"primaryImageOfPage\":{\"@id\":\"https:\\\/\\\/www.buhl.de\\\/vermieter-web\\\/weg-wohngebaeudeversicherung-der-gemeinschaft\\\/#primaryimage\"},\"image\":{\"@id\":\"https:\\\/\\\/www.buhl.de\\\/vermieter-web\\\/weg-wohngebaeudeversicherung-der-gemeinschaft\\\/#primaryimage\"},\"thumbnailUrl\":\"https:\\\/\\\/www.buhl.de\\\/vermieter-web\\\/wp-content\\\/uploads\\\/sites\\\/33\\\/2023\\\/10\\\/Titiwoot-Weerawong-Vecteezy.jpg\",\"datePublished\":\"2023-10-16T08:03:37+00:00\",\"author\":{\"@id\":\"https:\\\/\\\/www.buhl.de\\\/vermieter-web\\\/#\\\/schema\\\/person\\\/82903e1cb04eb553382702d503991b4f\"},\"description\":\"Einzelner Whnungseigent\u00fcmer kann Wohngeb\u00e4udeversicherung nicht verklagen, wenn die Wohneigent\u00fcmergemeinschaft der Versicherte ist.\",\"breadcrumb\":{\"@id\":\"https:\\\/\\\/www.buhl.de\\\/vermieter-web\\\/weg-wohngebaeudeversicherung-der-gemeinschaft\\\/#breadcrumb\"},\"inLanguage\":\"de\",\"potentialAction\":[{\"@type\":\"ReadAction\",\"target\":[\"https:\\\/\\\/www.buhl.de\\\/vermieter-web\\\/weg-wohngebaeudeversicherung-der-gemeinschaft\\\/\"]}]},{\"@type\":\"ImageObject\",\"inLanguage\":\"de\",\"@id\":\"https:\\\/\\\/www.buhl.de\\\/vermieter-web\\\/weg-wohngebaeudeversicherung-der-gemeinschaft\\\/#primaryimage\",\"url\":\"https:\\\/\\\/www.buhl.de\\\/vermieter-web\\\/wp-content\\\/uploads\\\/sites\\\/33\\\/2023\\\/10\\\/Titiwoot-Weerawong-Vecteezy.jpg\",\"contentUrl\":\"https:\\\/\\\/www.buhl.de\\\/vermieter-web\\\/wp-content\\\/uploads\\\/sites\\\/33\\\/2023\\\/10\\\/Titiwoot-Weerawong-Vecteezy.jpg\",\"width\":843,\"height\":419},{\"@type\":\"BreadcrumbList\",\"@id\":\"https:\\\/\\\/www.buhl.de\\\/vermieter-web\\\/weg-wohngebaeudeversicherung-der-gemeinschaft\\\/#breadcrumb\",\"itemListElement\":[{\"@type\":\"ListItem\",\"position\":1,\"name\":\"Startseite\",\"item\":\"https:\\\/\\\/www.buhl.de\\\/vermieter-web\\\/\"},{\"@type\":\"ListItem\",\"position\":2,\"name\":\"WEG: Wohngeb\u00e4udeversicherung der Gemeinschaft\"}]},{\"@type\":\"WebSite\",\"@id\":\"https:\\\/\\\/www.buhl.de\\\/vermieter-web\\\/#website\",\"url\":\"https:\\\/\\\/www.buhl.de\\\/vermieter-web\\\/\",\"name\":\"Online-Nebenkostenabrechnung mit WISO Vermieter-Web\",\"description\":\"\",\"potentialAction\":[{\"@type\":\"SearchAction\",\"target\":{\"@type\":\"EntryPoint\",\"urlTemplate\":\"https:\\\/\\\/www.buhl.de\\\/vermieter-web\\\/?s={search_term_string}\"},\"query-input\":{\"@type\":\"PropertyValueSpecification\",\"valueRequired\":true,\"valueName\":\"search_term_string\"}}],\"inLanguage\":\"de\"},{\"@type\":\"Person\",\"@id\":\"https:\\\/\\\/www.buhl.de\\\/vermieter-web\\\/#\\\/schema\\\/person\\\/82903e1cb04eb553382702d503991b4f\",\"name\":\"Hartmut Fischer\"}]}<\/script>\n<!-- \/ Yoast SEO Premium plugin. -->","yoast_head_json":{"title":"Wohngeb\u00e4udeversicherung einer WEG","description":"Einzelner Whnungseigent\u00fcmer kann Wohngeb\u00e4udeversicherung nicht verklagen, wenn die Wohneigent\u00fcmergemeinschaft der Versicherte ist.","robots":{"index":"noindex","follow":"nofollow"},"og_locale":"de_DE","og_type":"article","og_title":"WEG: Wohngeb\u00e4udeversicherung der Gemeinschaft","og_description":"Einzelner Whnungseigent\u00fcmer kann Wohngeb\u00e4udeversicherung nicht verklagen, wenn die Wohneigent\u00fcmergemeinschaft der Versicherte ist.","og_url":"https:\/\/www.buhl.de\/vermieter-web\/weg-wohngebaeudeversicherung-der-gemeinschaft\/","og_site_name":"Online-Nebenkostenabrechnung mit WISO Vermieter-Web","article_published_time":"2023-10-16T08:03:37+00:00","og_image":[{"width":843,"height":419,"url":"https:\/\/www.buhl.de\/vermieter-web\/wp-content\/uploads\/sites\/33\/2023\/10\/Titiwoot-Weerawong-Vecteezy.jpg","type":"image\/jpeg"}],"author":"Hartmut Fischer","twitter_card":"summary_large_image","twitter_misc":{"Verfasst von":"Hartmut Fischer","Gesch\u00e4tzte Lesezeit":"2\u00a0Minuten"},"schema":{"@context":"https:\/\/schema.org","@graph":[{"@type":"Article","@id":"https:\/\/www.buhl.de\/vermieter-web\/weg-wohngebaeudeversicherung-der-gemeinschaft\/#article","isPartOf":{"@id":"https:\/\/www.buhl.de\/vermieter-web\/weg-wohngebaeudeversicherung-der-gemeinschaft\/"},"author":{"name":"Hartmut Fischer","@id":"https:\/\/www.buhl.de\/vermieter-web\/#\/schema\/person\/82903e1cb04eb553382702d503991b4f"},"headline":"WEG: Wohngeb\u00e4udeversicherung der Gemeinschaft","datePublished":"2023-10-16T08:03:37+00:00","mainEntityOfPage":{"@id":"https:\/\/www.buhl.de\/vermieter-web\/weg-wohngebaeudeversicherung-der-gemeinschaft\/"},"wordCount":312,"image":{"@id":"https:\/\/www.buhl.de\/vermieter-web\/weg-wohngebaeudeversicherung-der-gemeinschaft\/#primaryimage"},"thumbnailUrl":"https:\/\/www.buhl.de\/vermieter-web\/wp-content\/uploads\/sites\/33\/2023\/10\/Titiwoot-Weerawong-Vecteezy.jpg","keywords":["Schaden","Wohneigentumsgemeinschaft","Wohngeb\u00e4udeversicherung"],"inLanguage":"de"},{"@type":"WebPage","@id":"https:\/\/www.buhl.de\/vermieter-web\/weg-wohngebaeudeversicherung-der-gemeinschaft\/","url":"https:\/\/www.buhl.de\/vermieter-web\/weg-wohngebaeudeversicherung-der-gemeinschaft\/","name":"Wohngeb\u00e4udeversicherung einer WEG","isPartOf":{"@id":"https:\/\/www.buhl.de\/vermieter-web\/#website"},"primaryImageOfPage":{"@id":"https:\/\/www.buhl.de\/vermieter-web\/weg-wohngebaeudeversicherung-der-gemeinschaft\/#primaryimage"},"image":{"@id":"https:\/\/www.buhl.de\/vermieter-web\/weg-wohngebaeudeversicherung-der-gemeinschaft\/#primaryimage"},"thumbnailUrl":"https:\/\/www.buhl.de\/vermieter-web\/wp-content\/uploads\/sites\/33\/2023\/10\/Titiwoot-Weerawong-Vecteezy.jpg","datePublished":"2023-10-16T08:03:37+00:00","author":{"@id":"https:\/\/www.buhl.de\/vermieter-web\/#\/schema\/person\/82903e1cb04eb553382702d503991b4f"},"description":"Einzelner Whnungseigent\u00fcmer kann Wohngeb\u00e4udeversicherung nicht verklagen, wenn die Wohneigent\u00fcmergemeinschaft der Versicherte ist.","breadcrumb":{"@id":"https:\/\/www.buhl.de\/vermieter-web\/weg-wohngebaeudeversicherung-der-gemeinschaft\/#breadcrumb"},"inLanguage":"de","potentialAction":[{"@type":"ReadAction","target":["https:\/\/www.buhl.de\/vermieter-web\/weg-wohngebaeudeversicherung-der-gemeinschaft\/"]}]},{"@type":"ImageObject","inLanguage":"de","@id":"https:\/\/www.buhl.de\/vermieter-web\/weg-wohngebaeudeversicherung-der-gemeinschaft\/#primaryimage","url":"https:\/\/www.buhl.de\/vermieter-web\/wp-content\/uploads\/sites\/33\/2023\/10\/Titiwoot-Weerawong-Vecteezy.jpg","contentUrl":"https:\/\/www.buhl.de\/vermieter-web\/wp-content\/uploads\/sites\/33\/2023\/10\/Titiwoot-Weerawong-Vecteezy.jpg","width":843,"height":419},{"@type":"BreadcrumbList","@id":"https:\/\/www.buhl.de\/vermieter-web\/weg-wohngebaeudeversicherung-der-gemeinschaft\/#breadcrumb","itemListElement":[{"@type":"ListItem","position":1,"name":"Startseite","item":"https:\/\/www.buhl.de\/vermieter-web\/"},{"@type":"ListItem","position":2,"name":"WEG: Wohngeb\u00e4udeversicherung der Gemeinschaft"}]},{"@type":"WebSite","@id":"https:\/\/www.buhl.de\/vermieter-web\/#website","url":"https:\/\/www.buhl.de\/vermieter-web\/","name":"Online-Nebenkostenabrechnung mit WISO Vermieter-Web","description":"","potentialAction":[{"@type":"SearchAction","target":{"@type":"EntryPoint","urlTemplate":"https:\/\/www.buhl.de\/vermieter-web\/?s={search_term_string}"},"query-input":{"@type":"PropertyValueSpecification","valueRequired":true,"valueName":"search_term_string"}}],"inLanguage":"de"},{"@type":"Person","@id":"https:\/\/www.buhl.de\/vermieter-web\/#\/schema\/person\/82903e1cb04eb553382702d503991b4f","name":"Hartmut Fischer"}]}},"_links":{"self":[{"href":"https:\/\/www.buhl.de\/vermieter-web\/wp-json\/wp\/v2\/posts\/15758","targetHints":{"allow":["GET"]}}],"collection":[{"href":"https:\/\/www.buhl.de\/vermieter-web\/wp-json\/wp\/v2\/posts"}],"about":[{"href":"https:\/\/www.buhl.de\/vermieter-web\/wp-json\/wp\/v2\/types\/post"}],"author":[{"embeddable":true,"href":"https:\/\/www.buhl.de\/vermieter-web\/wp-json\/wp\/v2\/users\/15"}],"replies":[{"embeddable":true,"href":"https:\/\/www.buhl.de\/vermieter-web\/wp-json\/wp\/v2\/comments?post=15758"}],"version-history":[{"count":1,"href":"https:\/\/www.buhl.de\/vermieter-web\/wp-json\/wp\/v2\/posts\/15758\/revisions"}],"predecessor-version":[{"id":15761,"href":"https:\/\/www.buhl.de\/vermieter-web\/wp-json\/wp\/v2\/posts\/15758\/revisions\/15761"}],"wp:featuredmedia":[{"embeddable":true,"href":"https:\/\/www.buhl.de\/vermieter-web\/wp-json\/wp\/v2\/media\/15760"}],"wp:attachment":[{"href":"https:\/\/www.buhl.de\/vermieter-web\/wp-json\/wp\/v2\/media?parent=15758"}],"wp:term":[{"taxonomy":"category","embeddable":true,"href":"https:\/\/www.buhl.de\/vermieter-web\/wp-json\/wp\/v2\/categories?post=15758"},{"taxonomy":"post_tag","embeddable":true,"href":"https:\/\/www.buhl.de\/vermieter-web\/wp-json\/wp\/v2\/tags?post=15758"}],"curies":[{"name":"wp","href":"https:\/\/api.w.org\/{rel}","templated":true}]}}