{"id":15818,"date":"2023-11-10T11:05:32","date_gmt":"2023-11-10T10:05:32","guid":{"rendered":"https:\/\/www.buhl.de\/vermieter-web\/?p=15818"},"modified":"2023-11-10T11:05:32","modified_gmt":"2023-11-10T10:05:32","slug":"weg-klage-auf-zustimmung-zum-verkauf-von-wohneigentum","status":"publish","type":"post","link":"https:\/\/www.buhl.de\/vermieter-web\/weg-klage-auf-zustimmung-zum-verkauf-von-wohneigentum\/","title":{"rendered":"WEG: Klage auf Zustimmung zum Verkauf von Wohneigentum"},"content":{"rendered":"<p><strong>In vielen Teilungserkl\u00e4rungen wird die Zustimmung des Verwalters vorgeschrieben, wenn Wohneigentum verkauft werden soll. Beabsichtigt man diese Zustimmung gerichtlich durchzusetzen, muss dies auf Basis des aktuellen Rechts geschehen. Die Klage muss sich dann gegen die Wohneigent\u00fcmergemeinschaft richten und nicht gegen den Verwalter. Zu diesem Ergebnis kam der Bundesgerichtshof (BGH) in einem Urteil vom 21.07.2023 (Aktenzeichen V ZR 90\/22).<\/strong><\/p>\n<hr \/>\n<p style=\"text-align: center\"><a href=\"https:\/\/juris.bundesgerichtshof.de\/cgi-bin\/rechtsprechung\/document.py?Gericht=bgh&amp;Art=en&amp;sid=985f737d7a81d558f4881068405aeae4&amp;nr=134495&amp;pos=0&amp;anz=1\">Hier k\u00f6nnnen Sie das Originalurteil nachlesen.<\/a><\/p>\n<hr \/>\n<h5>Verwalter verweigert Zustimmung zum verkauf<\/h5>\n<p>Ausgel\u00f6st hatte das Verfahren ein Wohnungseigent\u00fcmer, der sein Wohnungseigentum verkaufte und den Verwalter um seine Zustimmung ersuchte, da dies in der Teilungserkl\u00e4rung vorgeschrieben war. Der Verwalter weigerte sich jedoch, dem Verkauf zuzustimmen. Daraufhin verklagte der Wohnungseigent\u00fcmer den Verwalter der Wohneigent\u00fcmergemeinschaft.<\/p>\n<h5>gerichte einig: Verwalter der falsche beklagte<\/h5>\n<p>Doch der Wohnungseigent\u00fcmer hatte keinen Erfolg. Das zust\u00e4ndige Amtsgericht wies die Klage ab. Er ging daraufhin in Berufung vor das Landgericht L\u00fcneburg. Doch auch dort konnte er sich nicht durchsetzen. Das Landgericht stellte unter anderem fest, dass die Klage gegen den Verwalter nicht der aktuellen Rechtslage entspreche, der Verwalter k\u00f6nne nicht verklagt werden sonder nur die Wohneigent\u00fcmergemeinschaft. Hiergegen richtete sich die Revision des Wohnungseigent\u00fcmers vor dem Bundesgerichtshof.<\/p>\n<h5>Wohneigentumsmodernisierungsgesetz entscheidet<\/h5>\n<p>Doch der BGH gab dem Landgericht recht. Die Richter verwiesen auf das seit dem 01.12.2020 geltende Wohnungseigentumsmodernisierungsgesetz. Dessen Regelungen gelten auch f\u00fcr Teilungserkl\u00e4rungen, die vor dem 01.12.2020 beschlossen wurden. Daraus ergibt sich keine Klagem\u00f6glichkeit gegen den Verwalter, sondern nur gegen die Wohneigent\u00fcmergemeinschaft.<\/p>\n<h5>verwalter lediglich organ der wohneigent\u00fcmergemeinschaft<\/h5>\n<p>Nach der aktuellen Rechtslage wird der Verwalter als Organ der Wohneigent\u00fcmergemeinschaft eingestuft. Seine Aufgabe besteht darin, die Entscheidungen der Gemeinschaft umzusetzen. Die Verwaltung des gemeinschaftlichen Eigentums liege im Au\u00dfen- und auch im Innenverh\u00e4ltnis bei der Wohnungseigent\u00fcmergemeinschaft. Im vorliegenden Fall musste sich deshalb die Klage gegen die Wohnungseigent\u00fcmergemeinschaft.<\/p>\n<hr \/>\n<h5>das k\u00f6nnte sie auch interessieren:<\/h5>\n<p><a href=\"https:\/\/www.buhl.de\/vermieter-web\/weg-aufzugkosten-und-regelung-der-teilungserklaerung\/\">WEG: Aufzugkosten und Regelung der Teilungserkl\u00e4rung<br \/>\n<\/a><a href=\"https:\/\/www.buhl.de\/vermieter-web\/weg-wohngebaeudeversicherung-der-gemeinschaft\/\">Wohngeb\u00e4udeversicherung der Wohneigent\u00fcmergemeinschaft<\/a><br \/>\n<a href=\"https:\/\/www.buhl.de\/vermieter-web\/jahresabrechnung-der-weg-bei-ungueltiger-kostenverteilung\/\">Jahresabrechnung der WEG bei ung\u00fcltiger Kostenverteilung<\/a><\/p>\n<hr \/>\n<p>&nbsp;<\/p>\n","protected":false},"excerpt":{"rendered":"<p>In vielen Teilungserkl\u00e4rungen wird die Zustimmung des Verwalters vorgeschrieben, wenn Wohneigentum verkauft werden soll. Beabsichtigt man diese Zustimmung gerichtlich durchzusetzen, muss dies auf Basis des aktuellen Rechts geschehen. Die Klage muss sich dann gegen die Wohneigent\u00fcmergemeinschaft richten und nicht gegen den Verwalter. Zu diesem Ergebnis kam der Bundesgerichtshof (BGH) in einem Urteil vom 21.07.2023 (Aktenzeichen &hellip; <\/p>\n<p class=\"link-more\"><a href=\"https:\/\/www.buhl.de\/vermieter-web\/weg-klage-auf-zustimmung-zum-verkauf-von-wohneigentum\/\" class=\"more-link\"><span class=\"screen-reader-text\">\u201eWEG: Klage auf Zustimmung zum Verkauf von Wohneigentum\u201c<\/span> weiterlesen<\/a><\/p>\n","protected":false},"author":15,"featured_media":15810,"comment_status":"closed","ping_status":"open","sticky":false,"template":"","format":"standard","meta":{"footnotes":""},"categories":[1],"tags":[3844,607,5530],"class_list":["post-15818","post","type-post","status-publish","format-standard","has-post-thumbnail","hentry","category-allgemein","tag-verkauf","tag-verwalter","tag-wohneigentuemergemeinschaft"],"yoast_head":"<!-- This site is optimized with the Yoast SEO Premium plugin v27.4 (Yoast SEO v27.5) - https:\/\/yoast.com\/product\/yoast-seo-premium-wordpress\/ -->\n<title>Wohneigent\u00fcmergemeinschaft vor Verwalter<\/title>\n<meta name=\"description\" content=\"Muss nach einer Teilungserkl\u00e4rung der Verwalter einem Verkauf zustimmen, muss man doch gegen die die Wohneigent\u00fcmergemeinschaft klagen\" \/>\n<meta name=\"robots\" content=\"noindex, nofollow\" \/>\n<meta property=\"og:locale\" content=\"de_DE\" \/>\n<meta property=\"og:type\" content=\"article\" \/>\n<meta property=\"og:title\" content=\"WEG: Klage auf Zustimmung zum Verkauf von Wohneigentum\" \/>\n<meta property=\"og:description\" content=\"Muss nach einer Teilungserkl\u00e4rung der Verwalter einem Verkauf zustimmen, muss man doch gegen die die Wohneigent\u00fcmergemeinschaft klagen\" \/>\n<meta property=\"og:url\" content=\"https:\/\/www.buhl.de\/vermieter-web\/weg-klage-auf-zustimmung-zum-verkauf-von-wohneigentum\/\" \/>\n<meta property=\"og:site_name\" content=\"Online-Nebenkostenabrechnung mit WISO Vermieter-Web\" \/>\n<meta property=\"article:published_time\" content=\"2023-11-10T10:05:32+00:00\" \/>\n<meta property=\"og:image\" content=\"https:\/\/www.buhl.de\/vermieter-web\/wp-content\/uploads\/sites\/33\/2023\/11\/shutterstock_1232398291.jpg\" \/>\n\t<meta property=\"og:image:width\" content=\"800\" \/>\n\t<meta property=\"og:image:height\" content=\"420\" \/>\n\t<meta property=\"og:image:type\" content=\"image\/jpeg\" \/>\n<meta name=\"author\" content=\"Hartmut Fischer\" \/>\n<meta name=\"twitter:card\" content=\"summary_large_image\" \/>\n<meta name=\"twitter:label1\" content=\"Verfasst von\" \/>\n\t<meta name=\"twitter:data1\" content=\"Hartmut Fischer\" \/>\n\t<meta name=\"twitter:label2\" content=\"Gesch\u00e4tzte Lesezeit\" \/>\n\t<meta name=\"twitter:data2\" content=\"2\u00a0Minuten\" \/>\n<script type=\"application\/ld+json\" class=\"yoast-schema-graph\">{\"@context\":\"https:\\\/\\\/schema.org\",\"@graph\":[{\"@type\":\"Article\",\"@id\":\"https:\\\/\\\/www.buhl.de\\\/vermieter-web\\\/weg-klage-auf-zustimmung-zum-verkauf-von-wohneigentum\\\/#article\",\"isPartOf\":{\"@id\":\"https:\\\/\\\/www.buhl.de\\\/vermieter-web\\\/weg-klage-auf-zustimmung-zum-verkauf-von-wohneigentum\\\/\"},\"author\":{\"name\":\"Hartmut Fischer\",\"@id\":\"https:\\\/\\\/www.buhl.de\\\/vermieter-web\\\/#\\\/schema\\\/person\\\/82903e1cb04eb553382702d503991b4f\"},\"headline\":\"WEG: Klage auf Zustimmung zum Verkauf von Wohneigentum\",\"datePublished\":\"2023-11-10T10:05:32+00:00\",\"mainEntityOfPage\":{\"@id\":\"https:\\\/\\\/www.buhl.de\\\/vermieter-web\\\/weg-klage-auf-zustimmung-zum-verkauf-von-wohneigentum\\\/\"},\"wordCount\":332,\"image\":{\"@id\":\"https:\\\/\\\/www.buhl.de\\\/vermieter-web\\\/weg-klage-auf-zustimmung-zum-verkauf-von-wohneigentum\\\/#primaryimage\"},\"thumbnailUrl\":\"https:\\\/\\\/www.buhl.de\\\/vermieter-web\\\/wp-content\\\/uploads\\\/sites\\\/33\\\/2023\\\/11\\\/shutterstock_1232398291.jpg\",\"keywords\":[\"Verkauf\",\"Verwalter\",\"Wohneigent\u00fcmergemeinschaft\"],\"inLanguage\":\"de\"},{\"@type\":\"WebPage\",\"@id\":\"https:\\\/\\\/www.buhl.de\\\/vermieter-web\\\/weg-klage-auf-zustimmung-zum-verkauf-von-wohneigentum\\\/\",\"url\":\"https:\\\/\\\/www.buhl.de\\\/vermieter-web\\\/weg-klage-auf-zustimmung-zum-verkauf-von-wohneigentum\\\/\",\"name\":\"Wohneigent\u00fcmergemeinschaft vor Verwalter\",\"isPartOf\":{\"@id\":\"https:\\\/\\\/www.buhl.de\\\/vermieter-web\\\/#website\"},\"primaryImageOfPage\":{\"@id\":\"https:\\\/\\\/www.buhl.de\\\/vermieter-web\\\/weg-klage-auf-zustimmung-zum-verkauf-von-wohneigentum\\\/#primaryimage\"},\"image\":{\"@id\":\"https:\\\/\\\/www.buhl.de\\\/vermieter-web\\\/weg-klage-auf-zustimmung-zum-verkauf-von-wohneigentum\\\/#primaryimage\"},\"thumbnailUrl\":\"https:\\\/\\\/www.buhl.de\\\/vermieter-web\\\/wp-content\\\/uploads\\\/sites\\\/33\\\/2023\\\/11\\\/shutterstock_1232398291.jpg\",\"datePublished\":\"2023-11-10T10:05:32+00:00\",\"author\":{\"@id\":\"https:\\\/\\\/www.buhl.de\\\/vermieter-web\\\/#\\\/schema\\\/person\\\/82903e1cb04eb553382702d503991b4f\"},\"description\":\"Muss nach einer Teilungserkl\u00e4rung der Verwalter einem Verkauf zustimmen, muss man doch gegen die die Wohneigent\u00fcmergemeinschaft klagen\",\"breadcrumb\":{\"@id\":\"https:\\\/\\\/www.buhl.de\\\/vermieter-web\\\/weg-klage-auf-zustimmung-zum-verkauf-von-wohneigentum\\\/#breadcrumb\"},\"inLanguage\":\"de\",\"potentialAction\":[{\"@type\":\"ReadAction\",\"target\":[\"https:\\\/\\\/www.buhl.de\\\/vermieter-web\\\/weg-klage-auf-zustimmung-zum-verkauf-von-wohneigentum\\\/\"]}]},{\"@type\":\"ImageObject\",\"inLanguage\":\"de\",\"@id\":\"https:\\\/\\\/www.buhl.de\\\/vermieter-web\\\/weg-klage-auf-zustimmung-zum-verkauf-von-wohneigentum\\\/#primaryimage\",\"url\":\"https:\\\/\\\/www.buhl.de\\\/vermieter-web\\\/wp-content\\\/uploads\\\/sites\\\/33\\\/2023\\\/11\\\/shutterstock_1232398291.jpg\",\"contentUrl\":\"https:\\\/\\\/www.buhl.de\\\/vermieter-web\\\/wp-content\\\/uploads\\\/sites\\\/33\\\/2023\\\/11\\\/shutterstock_1232398291.jpg\",\"width\":800,\"height\":420,\"caption\":\"Karlsruhe, Baden-Wurttemberg \\\/ Germany - May 17, 2018: Entrance to The Federal Court of Justice in Karlsruhe, Germany - Bundesgerichtshof - BGH - is the highest court in Germany\"},{\"@type\":\"BreadcrumbList\",\"@id\":\"https:\\\/\\\/www.buhl.de\\\/vermieter-web\\\/weg-klage-auf-zustimmung-zum-verkauf-von-wohneigentum\\\/#breadcrumb\",\"itemListElement\":[{\"@type\":\"ListItem\",\"position\":1,\"name\":\"Startseite\",\"item\":\"https:\\\/\\\/www.buhl.de\\\/vermieter-web\\\/\"},{\"@type\":\"ListItem\",\"position\":2,\"name\":\"WEG: Klage auf Zustimmung zum Verkauf von Wohneigentum\"}]},{\"@type\":\"WebSite\",\"@id\":\"https:\\\/\\\/www.buhl.de\\\/vermieter-web\\\/#website\",\"url\":\"https:\\\/\\\/www.buhl.de\\\/vermieter-web\\\/\",\"name\":\"Online-Nebenkostenabrechnung mit WISO Vermieter-Web\",\"description\":\"\",\"potentialAction\":[{\"@type\":\"SearchAction\",\"target\":{\"@type\":\"EntryPoint\",\"urlTemplate\":\"https:\\\/\\\/www.buhl.de\\\/vermieter-web\\\/?s={search_term_string}\"},\"query-input\":{\"@type\":\"PropertyValueSpecification\",\"valueRequired\":true,\"valueName\":\"search_term_string\"}}],\"inLanguage\":\"de\"},{\"@type\":\"Person\",\"@id\":\"https:\\\/\\\/www.buhl.de\\\/vermieter-web\\\/#\\\/schema\\\/person\\\/82903e1cb04eb553382702d503991b4f\",\"name\":\"Hartmut Fischer\"}]}<\/script>\n<!-- \/ Yoast SEO Premium plugin. -->","yoast_head_json":{"title":"Wohneigent\u00fcmergemeinschaft vor Verwalter","description":"Muss nach einer Teilungserkl\u00e4rung der Verwalter einem Verkauf zustimmen, muss man doch gegen die die Wohneigent\u00fcmergemeinschaft klagen","robots":{"index":"noindex","follow":"nofollow"},"og_locale":"de_DE","og_type":"article","og_title":"WEG: Klage auf Zustimmung zum Verkauf von Wohneigentum","og_description":"Muss nach einer Teilungserkl\u00e4rung der Verwalter einem Verkauf zustimmen, muss man doch gegen die die Wohneigent\u00fcmergemeinschaft klagen","og_url":"https:\/\/www.buhl.de\/vermieter-web\/weg-klage-auf-zustimmung-zum-verkauf-von-wohneigentum\/","og_site_name":"Online-Nebenkostenabrechnung mit WISO Vermieter-Web","article_published_time":"2023-11-10T10:05:32+00:00","og_image":[{"width":800,"height":420,"url":"https:\/\/www.buhl.de\/vermieter-web\/wp-content\/uploads\/sites\/33\/2023\/11\/shutterstock_1232398291.jpg","type":"image\/jpeg"}],"author":"Hartmut Fischer","twitter_card":"summary_large_image","twitter_misc":{"Verfasst von":"Hartmut Fischer","Gesch\u00e4tzte Lesezeit":"2\u00a0Minuten"},"schema":{"@context":"https:\/\/schema.org","@graph":[{"@type":"Article","@id":"https:\/\/www.buhl.de\/vermieter-web\/weg-klage-auf-zustimmung-zum-verkauf-von-wohneigentum\/#article","isPartOf":{"@id":"https:\/\/www.buhl.de\/vermieter-web\/weg-klage-auf-zustimmung-zum-verkauf-von-wohneigentum\/"},"author":{"name":"Hartmut Fischer","@id":"https:\/\/www.buhl.de\/vermieter-web\/#\/schema\/person\/82903e1cb04eb553382702d503991b4f"},"headline":"WEG: Klage auf Zustimmung zum Verkauf von Wohneigentum","datePublished":"2023-11-10T10:05:32+00:00","mainEntityOfPage":{"@id":"https:\/\/www.buhl.de\/vermieter-web\/weg-klage-auf-zustimmung-zum-verkauf-von-wohneigentum\/"},"wordCount":332,"image":{"@id":"https:\/\/www.buhl.de\/vermieter-web\/weg-klage-auf-zustimmung-zum-verkauf-von-wohneigentum\/#primaryimage"},"thumbnailUrl":"https:\/\/www.buhl.de\/vermieter-web\/wp-content\/uploads\/sites\/33\/2023\/11\/shutterstock_1232398291.jpg","keywords":["Verkauf","Verwalter","Wohneigent\u00fcmergemeinschaft"],"inLanguage":"de"},{"@type":"WebPage","@id":"https:\/\/www.buhl.de\/vermieter-web\/weg-klage-auf-zustimmung-zum-verkauf-von-wohneigentum\/","url":"https:\/\/www.buhl.de\/vermieter-web\/weg-klage-auf-zustimmung-zum-verkauf-von-wohneigentum\/","name":"Wohneigent\u00fcmergemeinschaft vor Verwalter","isPartOf":{"@id":"https:\/\/www.buhl.de\/vermieter-web\/#website"},"primaryImageOfPage":{"@id":"https:\/\/www.buhl.de\/vermieter-web\/weg-klage-auf-zustimmung-zum-verkauf-von-wohneigentum\/#primaryimage"},"image":{"@id":"https:\/\/www.buhl.de\/vermieter-web\/weg-klage-auf-zustimmung-zum-verkauf-von-wohneigentum\/#primaryimage"},"thumbnailUrl":"https:\/\/www.buhl.de\/vermieter-web\/wp-content\/uploads\/sites\/33\/2023\/11\/shutterstock_1232398291.jpg","datePublished":"2023-11-10T10:05:32+00:00","author":{"@id":"https:\/\/www.buhl.de\/vermieter-web\/#\/schema\/person\/82903e1cb04eb553382702d503991b4f"},"description":"Muss nach einer Teilungserkl\u00e4rung der Verwalter einem Verkauf zustimmen, muss man doch gegen die die Wohneigent\u00fcmergemeinschaft klagen","breadcrumb":{"@id":"https:\/\/www.buhl.de\/vermieter-web\/weg-klage-auf-zustimmung-zum-verkauf-von-wohneigentum\/#breadcrumb"},"inLanguage":"de","potentialAction":[{"@type":"ReadAction","target":["https:\/\/www.buhl.de\/vermieter-web\/weg-klage-auf-zustimmung-zum-verkauf-von-wohneigentum\/"]}]},{"@type":"ImageObject","inLanguage":"de","@id":"https:\/\/www.buhl.de\/vermieter-web\/weg-klage-auf-zustimmung-zum-verkauf-von-wohneigentum\/#primaryimage","url":"https:\/\/www.buhl.de\/vermieter-web\/wp-content\/uploads\/sites\/33\/2023\/11\/shutterstock_1232398291.jpg","contentUrl":"https:\/\/www.buhl.de\/vermieter-web\/wp-content\/uploads\/sites\/33\/2023\/11\/shutterstock_1232398291.jpg","width":800,"height":420,"caption":"Karlsruhe, Baden-Wurttemberg \/ Germany - May 17, 2018: Entrance to The Federal Court of Justice in Karlsruhe, Germany - Bundesgerichtshof - BGH - is the highest court in Germany"},{"@type":"BreadcrumbList","@id":"https:\/\/www.buhl.de\/vermieter-web\/weg-klage-auf-zustimmung-zum-verkauf-von-wohneigentum\/#breadcrumb","itemListElement":[{"@type":"ListItem","position":1,"name":"Startseite","item":"https:\/\/www.buhl.de\/vermieter-web\/"},{"@type":"ListItem","position":2,"name":"WEG: Klage auf Zustimmung zum Verkauf von Wohneigentum"}]},{"@type":"WebSite","@id":"https:\/\/www.buhl.de\/vermieter-web\/#website","url":"https:\/\/www.buhl.de\/vermieter-web\/","name":"Online-Nebenkostenabrechnung mit WISO Vermieter-Web","description":"","potentialAction":[{"@type":"SearchAction","target":{"@type":"EntryPoint","urlTemplate":"https:\/\/www.buhl.de\/vermieter-web\/?s={search_term_string}"},"query-input":{"@type":"PropertyValueSpecification","valueRequired":true,"valueName":"search_term_string"}}],"inLanguage":"de"},{"@type":"Person","@id":"https:\/\/www.buhl.de\/vermieter-web\/#\/schema\/person\/82903e1cb04eb553382702d503991b4f","name":"Hartmut Fischer"}]}},"_links":{"self":[{"href":"https:\/\/www.buhl.de\/vermieter-web\/wp-json\/wp\/v2\/posts\/15818","targetHints":{"allow":["GET"]}}],"collection":[{"href":"https:\/\/www.buhl.de\/vermieter-web\/wp-json\/wp\/v2\/posts"}],"about":[{"href":"https:\/\/www.buhl.de\/vermieter-web\/wp-json\/wp\/v2\/types\/post"}],"author":[{"embeddable":true,"href":"https:\/\/www.buhl.de\/vermieter-web\/wp-json\/wp\/v2\/users\/15"}],"replies":[{"embeddable":true,"href":"https:\/\/www.buhl.de\/vermieter-web\/wp-json\/wp\/v2\/comments?post=15818"}],"version-history":[{"count":1,"href":"https:\/\/www.buhl.de\/vermieter-web\/wp-json\/wp\/v2\/posts\/15818\/revisions"}],"predecessor-version":[{"id":15820,"href":"https:\/\/www.buhl.de\/vermieter-web\/wp-json\/wp\/v2\/posts\/15818\/revisions\/15820"}],"wp:featuredmedia":[{"embeddable":true,"href":"https:\/\/www.buhl.de\/vermieter-web\/wp-json\/wp\/v2\/media\/15810"}],"wp:attachment":[{"href":"https:\/\/www.buhl.de\/vermieter-web\/wp-json\/wp\/v2\/media?parent=15818"}],"wp:term":[{"taxonomy":"category","embeddable":true,"href":"https:\/\/www.buhl.de\/vermieter-web\/wp-json\/wp\/v2\/categories?post=15818"},{"taxonomy":"post_tag","embeddable":true,"href":"https:\/\/www.buhl.de\/vermieter-web\/wp-json\/wp\/v2\/tags?post=15818"}],"curies":[{"name":"wp","href":"https:\/\/api.w.org\/{rel}","templated":true}]}}