{"id":15991,"date":"2024-02-09T11:18:48","date_gmt":"2024-02-09T10:18:48","guid":{"rendered":"https:\/\/www.buhl.de\/vermieter-web\/?p=15991"},"modified":"2024-02-09T11:18:48","modified_gmt":"2024-02-09T10:18:48","slug":"untervermietung-nach-auszug-einer-mietpartei","status":"publish","type":"post","link":"https:\/\/www.buhl.de\/vermieter-web\/untervermietung-nach-auszug-einer-mietpartei\/","title":{"rendered":"Untervermietung nach Auszug einer Mietpartei"},"content":{"rendered":"<p><strong>Wurde eine Wohnung an mehrere Mieter vermietet und zieht einer von ihnen aus, haben die anderen Anspruch auf die Zustimmung des Vermieters f\u00fcr eine Untervermietung nach <\/strong><a href=\"https:\/\/www.gesetze-im-internet.de\/bgb\/__553.html\"><strong>\u00a7\u00a0553 Abs. 1 BGB<\/strong><\/a><strong>. Dadurch wird die Gefahr, dass das Mietverh\u00e4ltnis insgesamt beendet wird, zumindest verringert oder sogar beseitigt. Dies stellte das Landgericht Berlin in einem Urteil vom 09.01.2024 klar (Aktenzeichen 67 S 184\/23).<\/strong><\/p>\n<h5>Untervermietung von verbliebenen Mietern gefordert<\/h5>\n<p>In dem Berufungsverfahren ging es um die Zustimmung zur Untervermietung, die der Vermieter ablehnte. Er hatte eine Dreizimmerwohnung an drei Mieter vermietet. Einer der Mieter zog aus, blieb aber weiter Mitmieter der Wohnung. Die noch in der Wohnung lebenden Mieter wollten das freigewordene Zimmer untervermieten. Dies lehnte der Vermieter ab. Die Mieter klagten deshalb vor dem Amtsgericht Berlin-Mitte und konnten sich dort auch durchsetzen. Gegen diese Entscheidung ging der Vermieter vor dem Landgericht Berlin in Berufung.<\/p>\n<h5>Landgericht: Anspruch besteht<\/h5>\n<p>Doch auch dort hatte der Vermieter keinen Erfolg. Das Gericht best\u00e4tigte, dass die Mieter Anspruch auf Zustimmung zur Untervermietung haben und verwies auf <a href=\"https:\/\/www.gesetze-im-internet.de\/bgb\/__553.html\">\u00a7\u00a0553 Abs. 1 BGB<\/a>. Die in der Wohnung verbliebenen Mieter m\u00fcssten bef\u00fcrchten, dass der ausgezogene Mitbewohner sein Mietverh\u00e4ltnis beenden w\u00fcrde. Um diese Gefahr zu beseitigen oder zumindest zu verringern, k\u00f6nnten sie die Zustimmung verlangen.<\/p>\n<p>Dass der ausgezogene Mieter kein berechtigtes Interesse an der Untervermietung hatte, war f\u00fcr das Gericht irrelevant. Es ist ausreichend, dass einer der Mieter ein berechtigtes Interesse habe. Dass der ausgezogene Mieter zwei Mietverh\u00e4ltnisse hat, stand f\u00fcr das Gericht auch nicht im Widerspruch zur Rechts- und Sozialordnung. Die geplante Untervermietung w\u00fcrde keinen Leerstand schaffen.<\/p>\n<hr \/>\n<h5>Das k\u00f6nnte sie auch interessieren:<\/h5>\n<p><a href=\"https:\/\/www.buhl.de\/vermieter-web\/untervermietung-einer-zweitwohnung\/\">Untervermietung einer Zweitwohnung<\/a><br \/>\n<a href=\"https:\/\/www.buhl.de\/vermieter-web\/untervermietung-wann-muss-die-erlaubnis-spaetestens-verlangt-werden\/\">Wann muss die Erlaubnis zur <\/a><a href=\"https:\/\/www.buhl.de\/vermieter-web\/untervermietung-wann-muss-die-erlaubnis-spaetestens-verlangt-werden\/\">Untervermietung: <\/a><a href=\"https:\/\/www.buhl.de\/vermieter-web\/untervermietung-wann-muss-die-erlaubnis-spaetestens-verlangt-werden\/\">sp\u00e4testens verlangt werden<\/a><br \/>\n<a href=\"https:\/\/www.buhl.de\/vermieter-web\/untervermietung-bei-nichteinhaltung-der-mietpreisbremse\/\">Untervermietung bei Nichteinhaltung der Mietpreisbremse<\/a><\/p>\n<hr \/>\n<p>&nbsp;<\/p>\n<p>&nbsp;<\/p>\n","protected":false},"excerpt":{"rendered":"<p>Wurde eine Wohnung an mehrere Mieter vermietet und zieht einer von ihnen aus, haben die anderen Anspruch auf die Zustimmung des Vermieters f\u00fcr eine Untervermietung nach \u00a7\u00a0553 Abs. 1 BGB. Dadurch wird die Gefahr, dass das Mietverh\u00e4ltnis insgesamt beendet wird, zumindest verringert oder sogar beseitigt. Dies stellte das Landgericht Berlin in einem Urteil vom 09.01.2024 &hellip; <\/p>\n<p class=\"link-more\"><a href=\"https:\/\/www.buhl.de\/vermieter-web\/untervermietung-nach-auszug-einer-mietpartei\/\" class=\"more-link\"><span class=\"screen-reader-text\">\u201eUntervermietung nach Auszug einer Mietpartei\u201c<\/span> weiterlesen<\/a><\/p>\n","protected":false},"author":15,"featured_media":14224,"comment_status":"closed","ping_status":"open","sticky":false,"template":"","format":"standard","meta":{"footnotes":""},"categories":[1],"tags":[423,684],"class_list":["post-15991","post","type-post","status-publish","format-standard","has-post-thumbnail","hentry","category-allgemein","tag-untermieter","tag-untervermietung"],"yoast_head":"<!-- This site is optimized with the Yoast SEO Premium plugin v27.4 (Yoast SEO v27.5) - https:\/\/yoast.com\/product\/yoast-seo-premium-wordpress\/ -->\n<title>Untervermietung: Anspruch bei mehreren Mietern<\/title>\n<meta name=\"description\" content=\"Zieht einer von mehreren Mieter aus der gemeinsamen Wohnung aus, haben die Verbliebenen ein Anrecht auf Untervermietung.\" \/>\n<meta name=\"robots\" content=\"noindex, nofollow\" \/>\n<meta property=\"og:locale\" content=\"de_DE\" \/>\n<meta property=\"og:type\" content=\"article\" \/>\n<meta property=\"og:title\" content=\"Untervermietung nach Auszug einer Mietpartei\" \/>\n<meta property=\"og:description\" content=\"Zieht einer von mehreren Mieter aus der gemeinsamen Wohnung aus, haben die Verbliebenen ein Anrecht auf Untervermietung.\" \/>\n<meta property=\"og:url\" content=\"https:\/\/www.buhl.de\/vermieter-web\/untervermietung-nach-auszug-einer-mietpartei\/\" \/>\n<meta property=\"og:site_name\" content=\"Online-Nebenkostenabrechnung mit WISO Vermieter-Web\" \/>\n<meta property=\"article:published_time\" content=\"2024-02-09T10:18:48+00:00\" \/>\n<meta property=\"og:image\" content=\"https:\/\/www.buhl.de\/vermieter-web\/wp-content\/uploads\/sites\/33\/2022\/01\/shutterstock_123054343.jpg\" \/>\n\t<meta property=\"og:image:width\" content=\"840\" \/>\n\t<meta property=\"og:image:height\" content=\"420\" \/>\n\t<meta property=\"og:image:type\" content=\"image\/jpeg\" \/>\n<meta name=\"author\" content=\"Hartmut Fischer\" \/>\n<meta name=\"twitter:card\" content=\"summary_large_image\" \/>\n<meta name=\"twitter:label1\" content=\"Verfasst von\" \/>\n\t<meta name=\"twitter:data1\" content=\"Hartmut Fischer\" \/>\n\t<meta name=\"twitter:label2\" content=\"Gesch\u00e4tzte Lesezeit\" \/>\n\t<meta name=\"twitter:data2\" content=\"2\u00a0Minuten\" \/>\n<script type=\"application\/ld+json\" class=\"yoast-schema-graph\">{\"@context\":\"https:\\\/\\\/schema.org\",\"@graph\":[{\"@type\":\"Article\",\"@id\":\"https:\\\/\\\/www.buhl.de\\\/vermieter-web\\\/untervermietung-nach-auszug-einer-mietpartei\\\/#article\",\"isPartOf\":{\"@id\":\"https:\\\/\\\/www.buhl.de\\\/vermieter-web\\\/untervermietung-nach-auszug-einer-mietpartei\\\/\"},\"author\":{\"name\":\"Hartmut Fischer\",\"@id\":\"https:\\\/\\\/www.buhl.de\\\/vermieter-web\\\/#\\\/schema\\\/person\\\/82903e1cb04eb553382702d503991b4f\"},\"headline\":\"Untervermietung nach Auszug einer Mietpartei\",\"datePublished\":\"2024-02-09T10:18:48+00:00\",\"mainEntityOfPage\":{\"@id\":\"https:\\\/\\\/www.buhl.de\\\/vermieter-web\\\/untervermietung-nach-auszug-einer-mietpartei\\\/\"},\"wordCount\":290,\"image\":{\"@id\":\"https:\\\/\\\/www.buhl.de\\\/vermieter-web\\\/untervermietung-nach-auszug-einer-mietpartei\\\/#primaryimage\"},\"thumbnailUrl\":\"https:\\\/\\\/www.buhl.de\\\/vermieter-web\\\/wp-content\\\/uploads\\\/sites\\\/33\\\/2022\\\/01\\\/shutterstock_123054343.jpg\",\"keywords\":[\"Untermieter\",\"Untervermietung\"],\"inLanguage\":\"de\"},{\"@type\":\"WebPage\",\"@id\":\"https:\\\/\\\/www.buhl.de\\\/vermieter-web\\\/untervermietung-nach-auszug-einer-mietpartei\\\/\",\"url\":\"https:\\\/\\\/www.buhl.de\\\/vermieter-web\\\/untervermietung-nach-auszug-einer-mietpartei\\\/\",\"name\":\"Untervermietung: Anspruch bei mehreren Mietern\",\"isPartOf\":{\"@id\":\"https:\\\/\\\/www.buhl.de\\\/vermieter-web\\\/#website\"},\"primaryImageOfPage\":{\"@id\":\"https:\\\/\\\/www.buhl.de\\\/vermieter-web\\\/untervermietung-nach-auszug-einer-mietpartei\\\/#primaryimage\"},\"image\":{\"@id\":\"https:\\\/\\\/www.buhl.de\\\/vermieter-web\\\/untervermietung-nach-auszug-einer-mietpartei\\\/#primaryimage\"},\"thumbnailUrl\":\"https:\\\/\\\/www.buhl.de\\\/vermieter-web\\\/wp-content\\\/uploads\\\/sites\\\/33\\\/2022\\\/01\\\/shutterstock_123054343.jpg\",\"datePublished\":\"2024-02-09T10:18:48+00:00\",\"author\":{\"@id\":\"https:\\\/\\\/www.buhl.de\\\/vermieter-web\\\/#\\\/schema\\\/person\\\/82903e1cb04eb553382702d503991b4f\"},\"description\":\"Zieht einer von mehreren Mieter aus der gemeinsamen Wohnung aus, haben die Verbliebenen ein Anrecht auf Untervermietung.\",\"breadcrumb\":{\"@id\":\"https:\\\/\\\/www.buhl.de\\\/vermieter-web\\\/untervermietung-nach-auszug-einer-mietpartei\\\/#breadcrumb\"},\"inLanguage\":\"de\",\"potentialAction\":[{\"@type\":\"ReadAction\",\"target\":[\"https:\\\/\\\/www.buhl.de\\\/vermieter-web\\\/untervermietung-nach-auszug-einer-mietpartei\\\/\"]}]},{\"@type\":\"ImageObject\",\"inLanguage\":\"de\",\"@id\":\"https:\\\/\\\/www.buhl.de\\\/vermieter-web\\\/untervermietung-nach-auszug-einer-mietpartei\\\/#primaryimage\",\"url\":\"https:\\\/\\\/www.buhl.de\\\/vermieter-web\\\/wp-content\\\/uploads\\\/sites\\\/33\\\/2022\\\/01\\\/shutterstock_123054343.jpg\",\"contentUrl\":\"https:\\\/\\\/www.buhl.de\\\/vermieter-web\\\/wp-content\\\/uploads\\\/sites\\\/33\\\/2022\\\/01\\\/shutterstock_123054343.jpg\",\"width\":840,\"height\":420},{\"@type\":\"BreadcrumbList\",\"@id\":\"https:\\\/\\\/www.buhl.de\\\/vermieter-web\\\/untervermietung-nach-auszug-einer-mietpartei\\\/#breadcrumb\",\"itemListElement\":[{\"@type\":\"ListItem\",\"position\":1,\"name\":\"Startseite\",\"item\":\"https:\\\/\\\/www.buhl.de\\\/vermieter-web\\\/\"},{\"@type\":\"ListItem\",\"position\":2,\"name\":\"Untervermietung nach Auszug einer Mietpartei\"}]},{\"@type\":\"WebSite\",\"@id\":\"https:\\\/\\\/www.buhl.de\\\/vermieter-web\\\/#website\",\"url\":\"https:\\\/\\\/www.buhl.de\\\/vermieter-web\\\/\",\"name\":\"Online-Nebenkostenabrechnung mit WISO Vermieter-Web\",\"description\":\"\",\"potentialAction\":[{\"@type\":\"SearchAction\",\"target\":{\"@type\":\"EntryPoint\",\"urlTemplate\":\"https:\\\/\\\/www.buhl.de\\\/vermieter-web\\\/?s={search_term_string}\"},\"query-input\":{\"@type\":\"PropertyValueSpecification\",\"valueRequired\":true,\"valueName\":\"search_term_string\"}}],\"inLanguage\":\"de\"},{\"@type\":\"Person\",\"@id\":\"https:\\\/\\\/www.buhl.de\\\/vermieter-web\\\/#\\\/schema\\\/person\\\/82903e1cb04eb553382702d503991b4f\",\"name\":\"Hartmut Fischer\"}]}<\/script>\n<!-- \/ Yoast SEO Premium plugin. -->","yoast_head_json":{"title":"Untervermietung: Anspruch bei mehreren Mietern","description":"Zieht einer von mehreren Mieter aus der gemeinsamen Wohnung aus, haben die Verbliebenen ein Anrecht auf Untervermietung.","robots":{"index":"noindex","follow":"nofollow"},"og_locale":"de_DE","og_type":"article","og_title":"Untervermietung nach Auszug einer Mietpartei","og_description":"Zieht einer von mehreren Mieter aus der gemeinsamen Wohnung aus, haben die Verbliebenen ein Anrecht auf Untervermietung.","og_url":"https:\/\/www.buhl.de\/vermieter-web\/untervermietung-nach-auszug-einer-mietpartei\/","og_site_name":"Online-Nebenkostenabrechnung mit WISO Vermieter-Web","article_published_time":"2024-02-09T10:18:48+00:00","og_image":[{"width":840,"height":420,"url":"https:\/\/www.buhl.de\/vermieter-web\/wp-content\/uploads\/sites\/33\/2022\/01\/shutterstock_123054343.jpg","type":"image\/jpeg"}],"author":"Hartmut Fischer","twitter_card":"summary_large_image","twitter_misc":{"Verfasst von":"Hartmut Fischer","Gesch\u00e4tzte Lesezeit":"2\u00a0Minuten"},"schema":{"@context":"https:\/\/schema.org","@graph":[{"@type":"Article","@id":"https:\/\/www.buhl.de\/vermieter-web\/untervermietung-nach-auszug-einer-mietpartei\/#article","isPartOf":{"@id":"https:\/\/www.buhl.de\/vermieter-web\/untervermietung-nach-auszug-einer-mietpartei\/"},"author":{"name":"Hartmut Fischer","@id":"https:\/\/www.buhl.de\/vermieter-web\/#\/schema\/person\/82903e1cb04eb553382702d503991b4f"},"headline":"Untervermietung nach Auszug einer Mietpartei","datePublished":"2024-02-09T10:18:48+00:00","mainEntityOfPage":{"@id":"https:\/\/www.buhl.de\/vermieter-web\/untervermietung-nach-auszug-einer-mietpartei\/"},"wordCount":290,"image":{"@id":"https:\/\/www.buhl.de\/vermieter-web\/untervermietung-nach-auszug-einer-mietpartei\/#primaryimage"},"thumbnailUrl":"https:\/\/www.buhl.de\/vermieter-web\/wp-content\/uploads\/sites\/33\/2022\/01\/shutterstock_123054343.jpg","keywords":["Untermieter","Untervermietung"],"inLanguage":"de"},{"@type":"WebPage","@id":"https:\/\/www.buhl.de\/vermieter-web\/untervermietung-nach-auszug-einer-mietpartei\/","url":"https:\/\/www.buhl.de\/vermieter-web\/untervermietung-nach-auszug-einer-mietpartei\/","name":"Untervermietung: Anspruch bei mehreren Mietern","isPartOf":{"@id":"https:\/\/www.buhl.de\/vermieter-web\/#website"},"primaryImageOfPage":{"@id":"https:\/\/www.buhl.de\/vermieter-web\/untervermietung-nach-auszug-einer-mietpartei\/#primaryimage"},"image":{"@id":"https:\/\/www.buhl.de\/vermieter-web\/untervermietung-nach-auszug-einer-mietpartei\/#primaryimage"},"thumbnailUrl":"https:\/\/www.buhl.de\/vermieter-web\/wp-content\/uploads\/sites\/33\/2022\/01\/shutterstock_123054343.jpg","datePublished":"2024-02-09T10:18:48+00:00","author":{"@id":"https:\/\/www.buhl.de\/vermieter-web\/#\/schema\/person\/82903e1cb04eb553382702d503991b4f"},"description":"Zieht einer von mehreren Mieter aus der gemeinsamen Wohnung aus, haben die Verbliebenen ein Anrecht auf Untervermietung.","breadcrumb":{"@id":"https:\/\/www.buhl.de\/vermieter-web\/untervermietung-nach-auszug-einer-mietpartei\/#breadcrumb"},"inLanguage":"de","potentialAction":[{"@type":"ReadAction","target":["https:\/\/www.buhl.de\/vermieter-web\/untervermietung-nach-auszug-einer-mietpartei\/"]}]},{"@type":"ImageObject","inLanguage":"de","@id":"https:\/\/www.buhl.de\/vermieter-web\/untervermietung-nach-auszug-einer-mietpartei\/#primaryimage","url":"https:\/\/www.buhl.de\/vermieter-web\/wp-content\/uploads\/sites\/33\/2022\/01\/shutterstock_123054343.jpg","contentUrl":"https:\/\/www.buhl.de\/vermieter-web\/wp-content\/uploads\/sites\/33\/2022\/01\/shutterstock_123054343.jpg","width":840,"height":420},{"@type":"BreadcrumbList","@id":"https:\/\/www.buhl.de\/vermieter-web\/untervermietung-nach-auszug-einer-mietpartei\/#breadcrumb","itemListElement":[{"@type":"ListItem","position":1,"name":"Startseite","item":"https:\/\/www.buhl.de\/vermieter-web\/"},{"@type":"ListItem","position":2,"name":"Untervermietung nach Auszug einer Mietpartei"}]},{"@type":"WebSite","@id":"https:\/\/www.buhl.de\/vermieter-web\/#website","url":"https:\/\/www.buhl.de\/vermieter-web\/","name":"Online-Nebenkostenabrechnung mit WISO Vermieter-Web","description":"","potentialAction":[{"@type":"SearchAction","target":{"@type":"EntryPoint","urlTemplate":"https:\/\/www.buhl.de\/vermieter-web\/?s={search_term_string}"},"query-input":{"@type":"PropertyValueSpecification","valueRequired":true,"valueName":"search_term_string"}}],"inLanguage":"de"},{"@type":"Person","@id":"https:\/\/www.buhl.de\/vermieter-web\/#\/schema\/person\/82903e1cb04eb553382702d503991b4f","name":"Hartmut Fischer"}]}},"_links":{"self":[{"href":"https:\/\/www.buhl.de\/vermieter-web\/wp-json\/wp\/v2\/posts\/15991","targetHints":{"allow":["GET"]}}],"collection":[{"href":"https:\/\/www.buhl.de\/vermieter-web\/wp-json\/wp\/v2\/posts"}],"about":[{"href":"https:\/\/www.buhl.de\/vermieter-web\/wp-json\/wp\/v2\/types\/post"}],"author":[{"embeddable":true,"href":"https:\/\/www.buhl.de\/vermieter-web\/wp-json\/wp\/v2\/users\/15"}],"replies":[{"embeddable":true,"href":"https:\/\/www.buhl.de\/vermieter-web\/wp-json\/wp\/v2\/comments?post=15991"}],"version-history":[{"count":1,"href":"https:\/\/www.buhl.de\/vermieter-web\/wp-json\/wp\/v2\/posts\/15991\/revisions"}],"predecessor-version":[{"id":15993,"href":"https:\/\/www.buhl.de\/vermieter-web\/wp-json\/wp\/v2\/posts\/15991\/revisions\/15993"}],"wp:featuredmedia":[{"embeddable":true,"href":"https:\/\/www.buhl.de\/vermieter-web\/wp-json\/wp\/v2\/media\/14224"}],"wp:attachment":[{"href":"https:\/\/www.buhl.de\/vermieter-web\/wp-json\/wp\/v2\/media?parent=15991"}],"wp:term":[{"taxonomy":"category","embeddable":true,"href":"https:\/\/www.buhl.de\/vermieter-web\/wp-json\/wp\/v2\/categories?post=15991"},{"taxonomy":"post_tag","embeddable":true,"href":"https:\/\/www.buhl.de\/vermieter-web\/wp-json\/wp\/v2\/tags?post=15991"}],"curies":[{"name":"wp","href":"https:\/\/api.w.org\/{rel}","templated":true}]}}