{"id":16239,"date":"2024-05-24T11:07:55","date_gmt":"2024-05-24T09:07:55","guid":{"rendered":"https:\/\/www.buhl.de\/vermieter-web\/?p=16239"},"modified":"2024-05-24T11:07:55","modified_gmt":"2024-05-24T09:07:55","slug":"ordentliche-kuendigung-keine-termin-und-fristangabe-erforderlich","status":"publish","type":"post","link":"https:\/\/www.buhl.de\/vermieter-web\/ordentliche-kuendigung-keine-termin-und-fristangabe-erforderlich\/","title":{"rendered":"Ordentliche K\u00fcndigung: Keine Termin- und Fristangabe erforderlich"},"content":{"rendered":"<p><strong>Eine ordentliche K\u00fcndigung wird nicht unwirksam, wenn sie weder eine Frist noch einen Termin beinhaltet, zu dem sie wirksam werden soll. Hat der Vermieter einen zu fr\u00fchen K\u00fcndigungstermin genannt, ist davon auszugehen, dass die K\u00fcndigung zum n\u00e4chstm\u00f6glichen zul\u00e4ssigen Termin wirksam werden soll. Zu diesem Ergebnis kommt der Bundesgerichtshof in einem Urteil vom 10.4.2024 \u2013 Aktenzeichen VIII ZR 286\/22).<\/strong><\/p>\n<h5>ordentliche K\u00fcndigung mit falscher Frist<\/h5>\n<p>In dem Verfahren ging es um die ordentliche K\u00fcndigung einer Berliner Dreizimmerwohnung. Der Mietvertrag wurde 1982 geschlossen. Vereinbart wurde eine Frist bei einer ordentlichen K\u00fcndigung von 12 Monaten, wenn der Mietvertrag 10 Jahre bestanden hat. 2013 wurde das Haus in Eigentumswohnungen umgewandelt. 2018 kaufte der Vermieter die Wohnung. Im Januar 2021 sprach er die ordentliche K\u00fcndigung zum 31.10.2021 aus.<\/p>\n<p>Der Vermieter &#8211; ein Rechtsanwalt &#8211;\u00a0 begr\u00fcndete die K\u00fcndigung mit der Eigennutzung der Wohnung. Er wollte die Wohnung sowohl zu Wohnzwecken als auch als Kanzlei nutzen. Dies war in seinen Augen ein berechtigtes Interesse an der Beendigung des Mietverh\u00e4ltnisses.<\/p>\n<h5>klage und erneute ordentliche K\u00fcndigung &#8211; ohne termin<\/h5>\n<p>Da der Mieter nicht ausziehen wollte, erhob der Vermieter im August 2021 R\u00e4umungsklage. Im Rahmen der Klageschrift sprach er vorsorglich erneut eine ordentliche K\u00fcndigung des Mietverh\u00e4ltnisses aus. Hierbei nannte er jedoch keinen K\u00fcndigungstermin.<\/p>\n<p>Der Mieter hielt beide ordentlichen K\u00fcndigungen f\u00fcr unwirksam. Die erste K\u00fcndigung sei wegen eines verfr\u00fchten Beendigungszeitpunkts unwirksam. In der zweiten K\u00fcndigung fehle der K\u00fcndigungstermin, sodass auch diese K\u00fcndigung f\u00fcr ihn unwirksam war.<\/p>\n<h5>Amts- und Landgericht verwerfen k\u00fcndigung<\/h5>\n<p>Der Vermieter konnte sich sowohl vor dem Amtsgericht als auch vor dem Landgericht, nicht durchsetzen. Grunds\u00e4tzlich k\u00f6nne das Vorhaben, die Wohnung selbst f\u00fcr Wohn und Berufszwecke zu nutzen, ein berechtigtes Interesse nach <a href=\"https:\/\/www.gesetze-im-internet.de\/bgb\/__573.html\">\u00a7\u00a0573 Abs. 1 BGB<\/a> angesehen werden. Die Gerichte bezogen sich aber auch auf ein Urteil des Bundesgerichtshofs vom 29.03.2017 (<a href=\"https:\/\/juris.bundesgerichtshof.de\/cgi-bin\/rechtsprechung\/document.py?Gericht=bgh&amp;Art=en&amp;sid=79cd15458274fbb04613a9352436c138&amp;nr=78325&amp;pos=0&amp;anz=1\">Aktenzeichen VIII ZR 45\/16<\/a>).<\/p>\n<p>Danach m\u00fcsse es f\u00fcr die ordentliche K\u00fcndigung nicht nur vern\u00fcnftige und nachvollziehbare Gr\u00fcnde geben. Ferner m\u00fcsse dem Vermieter auch ein gewichtiger Nachteil entstehen, wenn er die Wohnung nicht \u00fcbernehmen k\u00f6nne.<\/p>\n<p>Die Gerichte gingen davon aus, dass im vorliegenden Fall die Ma\u00dfst\u00e4be einer K\u00fcndigung wegen Eigenbedarfs anzuwenden sind. In Berlin gilt eine verl\u00e4ngerte Sperrfrist von 10 Jahren (<a href=\"https:\/\/www.gesetze-im-internet.de\/bgb\/__577a.html\">\u00a7\u00a0577 a BGB<\/a>), die hier erst 2028 endet. Vor diesem Hintergrund m\u00fcssten an die Interessen des Vermieters besonders hohe Anspr\u00fcche gestellt werden. Deshalb m\u00fcsse dem Vermieter ein gewichtiger Nachteil entstehen, damit die K\u00fcndigung als gerechtfertigt angesehen werde. Dies sah das Landgericht im vorliegenden Fall nicht.<\/p>\n<h5>Vermieter kann sich vor dem BGH durchsetzen<\/h5>\n<p>Der Vermieter ging in Revision vor den Bundesgerichtshof (BGH), der das Urteil des Landgerichts aufhob. In seiner Begr\u00fcndung f\u00fchrte der BGH zun\u00e4chst aus, dass bei der K\u00fcndigung kein Fall des Eigenbedarfs nach <a href=\"https:\/\/www.gesetze-im-internet.de\/bgb\/__573.html\">\u00a7\u00a0573 Abs. 2 Nr. 2 BGB<\/a> vorliege, da dieser ausschlie\u00dflich bei reiner Wohnraumnutzung zum Tragen kommt. Da der Vermieter die R\u00e4ume zum Wohnen und zu beruflichen Zwecken nutzen will, k\u00f6nnte aber ein berechtigtes Interesse nach <a href=\"https:\/\/www.gesetze-im-internet.de\/bgb\/__573.html\">\u00a7\u00a0573 Abs. 1 BGB <\/a>vorliegen. Diese Regelung verlangt, dass der Nutzungswunsch vern\u00fcnftig und nachvollziehbar begr\u00fcndet wird. Bei nicht Bezug der Mietr\u00e4ume m\u00fcssten dem Vermieter anerkennenswerte Nachteile entstehen (nicht, wie vom Landgericht angenommen, ein gewichtiger Nachteil). Hiervon ging der BGH in seiner Entscheidung aus.<\/p>\n<p>Der BGH wies in seiner Begr\u00fcndung auch darauf hin, dass im Schreiben zu einer ordentlichen K\u00fcndigung weder eine K\u00fcndigungsfrist noch ein K\u00fcndigungstermin genannt werden muss. Beides wird in der Vorschrift zur K\u00fcndigung (<a href=\"https:\/\/www.gesetze-im-internet.de\/bgb\/__568.html\">\u00a7\u00a0568 BGB<\/a>) nicht verlangt.<\/p>\n","protected":false},"excerpt":{"rendered":"<p>Eine ordentliche K\u00fcndigung wird nicht unwirksam, wenn sie weder eine Frist noch einen Termin beinhaltet, zu dem sie wirksam werden soll. Hat der Vermieter einen zu fr\u00fchen K\u00fcndigungstermin genannt, ist davon auszugehen, dass die K\u00fcndigung zum n\u00e4chstm\u00f6glichen zul\u00e4ssigen Termin wirksam werden soll. Zu diesem Ergebnis kommt der Bundesgerichtshof in einem Urteil vom 10.4.2024 \u2013 Aktenzeichen &hellip; <\/p>\n<p class=\"link-more\"><a href=\"https:\/\/www.buhl.de\/vermieter-web\/ordentliche-kuendigung-keine-termin-und-fristangabe-erforderlich\/\" class=\"more-link\"><span class=\"screen-reader-text\">\u201eOrdentliche K\u00fcndigung: Keine Termin- und Fristangabe erforderlich\u201c<\/span> weiterlesen<\/a><\/p>\n","protected":false},"author":15,"featured_media":15810,"comment_status":"closed","ping_status":"open","sticky":false,"template":"","format":"standard","meta":{"footnotes":""},"categories":[1],"tags":[5769,380,5445],"class_list":["post-16239","post","type-post","status-publish","format-standard","has-post-thumbnail","hentry","category-allgemein","tag-frist","tag-kuendigung","tag-termin"],"yoast_head":"<!-- This site is optimized with the Yoast SEO Premium plugin v27.4 (Yoast SEO v27.5) - https:\/\/yoast.com\/product\/yoast-seo-premium-wordpress\/ -->\n<title>Ordentliche K\u00fcndigung ohne Frist- oder Terminangabe<\/title>\n<meta name=\"description\" content=\"Ordentliche K\u00fcndigungen m\u00fcssen kein Datum und keine Frist beinhalten, aus der hervorgeht, ab wann die K\u00fcndigung wirksam werden soll.\" \/>\n<meta name=\"robots\" content=\"noindex, nofollow\" \/>\n<meta property=\"og:locale\" content=\"de_DE\" \/>\n<meta property=\"og:type\" content=\"article\" \/>\n<meta property=\"og:title\" content=\"Ordentliche K\u00fcndigung: Keine Termin- und Fristangabe erforderlich\" \/>\n<meta property=\"og:description\" content=\"Ordentliche K\u00fcndigungen m\u00fcssen kein Datum und keine Frist beinhalten, aus der hervorgeht, ab wann die K\u00fcndigung wirksam werden soll.\" \/>\n<meta property=\"og:url\" content=\"https:\/\/www.buhl.de\/vermieter-web\/ordentliche-kuendigung-keine-termin-und-fristangabe-erforderlich\/\" \/>\n<meta property=\"og:site_name\" content=\"Online-Nebenkostenabrechnung mit WISO Vermieter-Web\" \/>\n<meta property=\"article:published_time\" content=\"2024-05-24T09:07:55+00:00\" \/>\n<meta property=\"og:image\" content=\"https:\/\/www.buhl.de\/vermieter-web\/wp-content\/uploads\/sites\/33\/2023\/11\/shutterstock_1232398291.jpg\" \/>\n\t<meta property=\"og:image:width\" content=\"800\" \/>\n\t<meta property=\"og:image:height\" content=\"420\" \/>\n\t<meta property=\"og:image:type\" content=\"image\/jpeg\" \/>\n<meta name=\"author\" content=\"Hartmut Fischer\" \/>\n<meta name=\"twitter:card\" content=\"summary_large_image\" \/>\n<meta name=\"twitter:label1\" content=\"Verfasst von\" \/>\n\t<meta name=\"twitter:data1\" content=\"Hartmut Fischer\" \/>\n\t<meta name=\"twitter:label2\" content=\"Gesch\u00e4tzte Lesezeit\" \/>\n\t<meta name=\"twitter:data2\" content=\"4\u00a0Minuten\" \/>\n<script type=\"application\/ld+json\" class=\"yoast-schema-graph\">{\"@context\":\"https:\\\/\\\/schema.org\",\"@graph\":[{\"@type\":\"Article\",\"@id\":\"https:\\\/\\\/www.buhl.de\\\/vermieter-web\\\/ordentliche-kuendigung-keine-termin-und-fristangabe-erforderlich\\\/#article\",\"isPartOf\":{\"@id\":\"https:\\\/\\\/www.buhl.de\\\/vermieter-web\\\/ordentliche-kuendigung-keine-termin-und-fristangabe-erforderlich\\\/\"},\"author\":{\"name\":\"Hartmut Fischer\",\"@id\":\"https:\\\/\\\/www.buhl.de\\\/vermieter-web\\\/#\\\/schema\\\/person\\\/82903e1cb04eb553382702d503991b4f\"},\"headline\":\"Ordentliche K\u00fcndigung: Keine Termin- und Fristangabe erforderlich\",\"datePublished\":\"2024-05-24T09:07:55+00:00\",\"mainEntityOfPage\":{\"@id\":\"https:\\\/\\\/www.buhl.de\\\/vermieter-web\\\/ordentliche-kuendigung-keine-termin-und-fristangabe-erforderlich\\\/\"},\"wordCount\":594,\"image\":{\"@id\":\"https:\\\/\\\/www.buhl.de\\\/vermieter-web\\\/ordentliche-kuendigung-keine-termin-und-fristangabe-erforderlich\\\/#primaryimage\"},\"thumbnailUrl\":\"https:\\\/\\\/www.buhl.de\\\/vermieter-web\\\/wp-content\\\/uploads\\\/sites\\\/33\\\/2023\\\/11\\\/shutterstock_1232398291.jpg\",\"keywords\":[\"Frist\",\"K\u00fcndigung\",\"Termin\"],\"inLanguage\":\"de\"},{\"@type\":\"WebPage\",\"@id\":\"https:\\\/\\\/www.buhl.de\\\/vermieter-web\\\/ordentliche-kuendigung-keine-termin-und-fristangabe-erforderlich\\\/\",\"url\":\"https:\\\/\\\/www.buhl.de\\\/vermieter-web\\\/ordentliche-kuendigung-keine-termin-und-fristangabe-erforderlich\\\/\",\"name\":\"Ordentliche K\u00fcndigung ohne Frist- oder Terminangabe\",\"isPartOf\":{\"@id\":\"https:\\\/\\\/www.buhl.de\\\/vermieter-web\\\/#website\"},\"primaryImageOfPage\":{\"@id\":\"https:\\\/\\\/www.buhl.de\\\/vermieter-web\\\/ordentliche-kuendigung-keine-termin-und-fristangabe-erforderlich\\\/#primaryimage\"},\"image\":{\"@id\":\"https:\\\/\\\/www.buhl.de\\\/vermieter-web\\\/ordentliche-kuendigung-keine-termin-und-fristangabe-erforderlich\\\/#primaryimage\"},\"thumbnailUrl\":\"https:\\\/\\\/www.buhl.de\\\/vermieter-web\\\/wp-content\\\/uploads\\\/sites\\\/33\\\/2023\\\/11\\\/shutterstock_1232398291.jpg\",\"datePublished\":\"2024-05-24T09:07:55+00:00\",\"author\":{\"@id\":\"https:\\\/\\\/www.buhl.de\\\/vermieter-web\\\/#\\\/schema\\\/person\\\/82903e1cb04eb553382702d503991b4f\"},\"description\":\"Ordentliche K\u00fcndigungen m\u00fcssen kein Datum und keine Frist beinhalten, aus der hervorgeht, ab wann die K\u00fcndigung wirksam werden soll.\",\"breadcrumb\":{\"@id\":\"https:\\\/\\\/www.buhl.de\\\/vermieter-web\\\/ordentliche-kuendigung-keine-termin-und-fristangabe-erforderlich\\\/#breadcrumb\"},\"inLanguage\":\"de\",\"potentialAction\":[{\"@type\":\"ReadAction\",\"target\":[\"https:\\\/\\\/www.buhl.de\\\/vermieter-web\\\/ordentliche-kuendigung-keine-termin-und-fristangabe-erforderlich\\\/\"]}]},{\"@type\":\"ImageObject\",\"inLanguage\":\"de\",\"@id\":\"https:\\\/\\\/www.buhl.de\\\/vermieter-web\\\/ordentliche-kuendigung-keine-termin-und-fristangabe-erforderlich\\\/#primaryimage\",\"url\":\"https:\\\/\\\/www.buhl.de\\\/vermieter-web\\\/wp-content\\\/uploads\\\/sites\\\/33\\\/2023\\\/11\\\/shutterstock_1232398291.jpg\",\"contentUrl\":\"https:\\\/\\\/www.buhl.de\\\/vermieter-web\\\/wp-content\\\/uploads\\\/sites\\\/33\\\/2023\\\/11\\\/shutterstock_1232398291.jpg\",\"width\":800,\"height\":420,\"caption\":\"Karlsruhe, Baden-Wurttemberg \\\/ Germany - May 17, 2018: Entrance to The Federal Court of Justice in Karlsruhe, Germany - Bundesgerichtshof - BGH - is the highest court in Germany\"},{\"@type\":\"BreadcrumbList\",\"@id\":\"https:\\\/\\\/www.buhl.de\\\/vermieter-web\\\/ordentliche-kuendigung-keine-termin-und-fristangabe-erforderlich\\\/#breadcrumb\",\"itemListElement\":[{\"@type\":\"ListItem\",\"position\":1,\"name\":\"Startseite\",\"item\":\"https:\\\/\\\/www.buhl.de\\\/vermieter-web\\\/\"},{\"@type\":\"ListItem\",\"position\":2,\"name\":\"Ordentliche K\u00fcndigung: Keine Termin- und Fristangabe erforderlich\"}]},{\"@type\":\"WebSite\",\"@id\":\"https:\\\/\\\/www.buhl.de\\\/vermieter-web\\\/#website\",\"url\":\"https:\\\/\\\/www.buhl.de\\\/vermieter-web\\\/\",\"name\":\"Online-Nebenkostenabrechnung mit WISO Vermieter-Web\",\"description\":\"\",\"potentialAction\":[{\"@type\":\"SearchAction\",\"target\":{\"@type\":\"EntryPoint\",\"urlTemplate\":\"https:\\\/\\\/www.buhl.de\\\/vermieter-web\\\/?s={search_term_string}\"},\"query-input\":{\"@type\":\"PropertyValueSpecification\",\"valueRequired\":true,\"valueName\":\"search_term_string\"}}],\"inLanguage\":\"de\"},{\"@type\":\"Person\",\"@id\":\"https:\\\/\\\/www.buhl.de\\\/vermieter-web\\\/#\\\/schema\\\/person\\\/82903e1cb04eb553382702d503991b4f\",\"name\":\"Hartmut Fischer\"}]}<\/script>\n<!-- \/ Yoast SEO Premium plugin. -->","yoast_head_json":{"title":"Ordentliche K\u00fcndigung ohne Frist- oder Terminangabe","description":"Ordentliche K\u00fcndigungen m\u00fcssen kein Datum und keine Frist beinhalten, aus der hervorgeht, ab wann die K\u00fcndigung wirksam werden soll.","robots":{"index":"noindex","follow":"nofollow"},"og_locale":"de_DE","og_type":"article","og_title":"Ordentliche K\u00fcndigung: Keine Termin- und Fristangabe erforderlich","og_description":"Ordentliche K\u00fcndigungen m\u00fcssen kein Datum und keine Frist beinhalten, aus der hervorgeht, ab wann die K\u00fcndigung wirksam werden soll.","og_url":"https:\/\/www.buhl.de\/vermieter-web\/ordentliche-kuendigung-keine-termin-und-fristangabe-erforderlich\/","og_site_name":"Online-Nebenkostenabrechnung mit WISO Vermieter-Web","article_published_time":"2024-05-24T09:07:55+00:00","og_image":[{"width":800,"height":420,"url":"https:\/\/www.buhl.de\/vermieter-web\/wp-content\/uploads\/sites\/33\/2023\/11\/shutterstock_1232398291.jpg","type":"image\/jpeg"}],"author":"Hartmut Fischer","twitter_card":"summary_large_image","twitter_misc":{"Verfasst von":"Hartmut Fischer","Gesch\u00e4tzte Lesezeit":"4\u00a0Minuten"},"schema":{"@context":"https:\/\/schema.org","@graph":[{"@type":"Article","@id":"https:\/\/www.buhl.de\/vermieter-web\/ordentliche-kuendigung-keine-termin-und-fristangabe-erforderlich\/#article","isPartOf":{"@id":"https:\/\/www.buhl.de\/vermieter-web\/ordentliche-kuendigung-keine-termin-und-fristangabe-erforderlich\/"},"author":{"name":"Hartmut Fischer","@id":"https:\/\/www.buhl.de\/vermieter-web\/#\/schema\/person\/82903e1cb04eb553382702d503991b4f"},"headline":"Ordentliche K\u00fcndigung: Keine Termin- und Fristangabe erforderlich","datePublished":"2024-05-24T09:07:55+00:00","mainEntityOfPage":{"@id":"https:\/\/www.buhl.de\/vermieter-web\/ordentliche-kuendigung-keine-termin-und-fristangabe-erforderlich\/"},"wordCount":594,"image":{"@id":"https:\/\/www.buhl.de\/vermieter-web\/ordentliche-kuendigung-keine-termin-und-fristangabe-erforderlich\/#primaryimage"},"thumbnailUrl":"https:\/\/www.buhl.de\/vermieter-web\/wp-content\/uploads\/sites\/33\/2023\/11\/shutterstock_1232398291.jpg","keywords":["Frist","K\u00fcndigung","Termin"],"inLanguage":"de"},{"@type":"WebPage","@id":"https:\/\/www.buhl.de\/vermieter-web\/ordentliche-kuendigung-keine-termin-und-fristangabe-erforderlich\/","url":"https:\/\/www.buhl.de\/vermieter-web\/ordentliche-kuendigung-keine-termin-und-fristangabe-erforderlich\/","name":"Ordentliche K\u00fcndigung ohne Frist- oder Terminangabe","isPartOf":{"@id":"https:\/\/www.buhl.de\/vermieter-web\/#website"},"primaryImageOfPage":{"@id":"https:\/\/www.buhl.de\/vermieter-web\/ordentliche-kuendigung-keine-termin-und-fristangabe-erforderlich\/#primaryimage"},"image":{"@id":"https:\/\/www.buhl.de\/vermieter-web\/ordentliche-kuendigung-keine-termin-und-fristangabe-erforderlich\/#primaryimage"},"thumbnailUrl":"https:\/\/www.buhl.de\/vermieter-web\/wp-content\/uploads\/sites\/33\/2023\/11\/shutterstock_1232398291.jpg","datePublished":"2024-05-24T09:07:55+00:00","author":{"@id":"https:\/\/www.buhl.de\/vermieter-web\/#\/schema\/person\/82903e1cb04eb553382702d503991b4f"},"description":"Ordentliche K\u00fcndigungen m\u00fcssen kein Datum und keine Frist beinhalten, aus der hervorgeht, ab wann die K\u00fcndigung wirksam werden soll.","breadcrumb":{"@id":"https:\/\/www.buhl.de\/vermieter-web\/ordentliche-kuendigung-keine-termin-und-fristangabe-erforderlich\/#breadcrumb"},"inLanguage":"de","potentialAction":[{"@type":"ReadAction","target":["https:\/\/www.buhl.de\/vermieter-web\/ordentliche-kuendigung-keine-termin-und-fristangabe-erforderlich\/"]}]},{"@type":"ImageObject","inLanguage":"de","@id":"https:\/\/www.buhl.de\/vermieter-web\/ordentliche-kuendigung-keine-termin-und-fristangabe-erforderlich\/#primaryimage","url":"https:\/\/www.buhl.de\/vermieter-web\/wp-content\/uploads\/sites\/33\/2023\/11\/shutterstock_1232398291.jpg","contentUrl":"https:\/\/www.buhl.de\/vermieter-web\/wp-content\/uploads\/sites\/33\/2023\/11\/shutterstock_1232398291.jpg","width":800,"height":420,"caption":"Karlsruhe, Baden-Wurttemberg \/ Germany - May 17, 2018: Entrance to The Federal Court of Justice in Karlsruhe, Germany - Bundesgerichtshof - BGH - is the highest court in Germany"},{"@type":"BreadcrumbList","@id":"https:\/\/www.buhl.de\/vermieter-web\/ordentliche-kuendigung-keine-termin-und-fristangabe-erforderlich\/#breadcrumb","itemListElement":[{"@type":"ListItem","position":1,"name":"Startseite","item":"https:\/\/www.buhl.de\/vermieter-web\/"},{"@type":"ListItem","position":2,"name":"Ordentliche K\u00fcndigung: Keine Termin- und Fristangabe erforderlich"}]},{"@type":"WebSite","@id":"https:\/\/www.buhl.de\/vermieter-web\/#website","url":"https:\/\/www.buhl.de\/vermieter-web\/","name":"Online-Nebenkostenabrechnung mit WISO Vermieter-Web","description":"","potentialAction":[{"@type":"SearchAction","target":{"@type":"EntryPoint","urlTemplate":"https:\/\/www.buhl.de\/vermieter-web\/?s={search_term_string}"},"query-input":{"@type":"PropertyValueSpecification","valueRequired":true,"valueName":"search_term_string"}}],"inLanguage":"de"},{"@type":"Person","@id":"https:\/\/www.buhl.de\/vermieter-web\/#\/schema\/person\/82903e1cb04eb553382702d503991b4f","name":"Hartmut Fischer"}]}},"_links":{"self":[{"href":"https:\/\/www.buhl.de\/vermieter-web\/wp-json\/wp\/v2\/posts\/16239","targetHints":{"allow":["GET"]}}],"collection":[{"href":"https:\/\/www.buhl.de\/vermieter-web\/wp-json\/wp\/v2\/posts"}],"about":[{"href":"https:\/\/www.buhl.de\/vermieter-web\/wp-json\/wp\/v2\/types\/post"}],"author":[{"embeddable":true,"href":"https:\/\/www.buhl.de\/vermieter-web\/wp-json\/wp\/v2\/users\/15"}],"replies":[{"embeddable":true,"href":"https:\/\/www.buhl.de\/vermieter-web\/wp-json\/wp\/v2\/comments?post=16239"}],"version-history":[{"count":1,"href":"https:\/\/www.buhl.de\/vermieter-web\/wp-json\/wp\/v2\/posts\/16239\/revisions"}],"predecessor-version":[{"id":16241,"href":"https:\/\/www.buhl.de\/vermieter-web\/wp-json\/wp\/v2\/posts\/16239\/revisions\/16241"}],"wp:featuredmedia":[{"embeddable":true,"href":"https:\/\/www.buhl.de\/vermieter-web\/wp-json\/wp\/v2\/media\/15810"}],"wp:attachment":[{"href":"https:\/\/www.buhl.de\/vermieter-web\/wp-json\/wp\/v2\/media?parent=16239"}],"wp:term":[{"taxonomy":"category","embeddable":true,"href":"https:\/\/www.buhl.de\/vermieter-web\/wp-json\/wp\/v2\/categories?post=16239"},{"taxonomy":"post_tag","embeddable":true,"href":"https:\/\/www.buhl.de\/vermieter-web\/wp-json\/wp\/v2\/tags?post=16239"}],"curies":[{"name":"wp","href":"https:\/\/api.w.org\/{rel}","templated":true}]}}