{"id":16378,"date":"2024-07-24T10:01:19","date_gmt":"2024-07-24T08:01:19","guid":{"rendered":"https:\/\/www.buhl.de\/vermieter-web\/?p=16378"},"modified":"2024-07-24T10:01:19","modified_gmt":"2024-07-24T08:01:19","slug":"beschlussklage-wer-traegt-die-kosten","status":"publish","type":"post","link":"https:\/\/www.buhl.de\/vermieter-web\/beschlussklage-wer-traegt-die-kosten\/","title":{"rendered":"Beschlussklage &#8211; wer tr\u00e4gt die Kosten?"},"content":{"rendered":"<p><strong>Gewinnen Wohnungseigent\u00fcmer eine Beschlussklage, m\u00fcssen sie dennoch die Prozesskosten, die der (unterlegenen) Gemeinschaft auferlegt wurden, anteilig mittragen. Die Gerichtskosten einer Beschlussklage gelten als Kosten der Verwaltung (<\/strong><a href=\"https:\/\/www.gesetze-im-internet.de\/woeigg\/__16.html\"><strong>\u00a7 16 Abs. 2 WEG<\/strong><\/a><strong>), die nach dem allgemeing\u00fcltigen Kostenverteilungsschl\u00fcssel umgelegt werden. Zu diesem Ergebnis kam der Bundesgerichtshof (BGH) in einem Urteil vom 19.07.2024 (Aktenzeichen V ZR 139\/23).<\/strong><\/p>\n<h5>Beschlussklage von Wohnungseigent\u00fcmern gewonnen<\/h5>\n<p>In dem Verfahren ging es um eine weitere Beschlussklage von drei Wohnungseigent\u00fcmern. Sie besa\u00dfen je eine Wohneinheit einer Wohnungseigent\u00fcmergemeinschaft, in deren Gemeinschaftsordnung vereinbart war, dass die Verwaltungskosten zu gleichen Teilen auf die Wohnungen umgelegt werden.<\/p>\n<p>Die drei Eigent\u00fcmer hatten die Klage gewonnen. Das Amtsgericht gab ihnen Recht. Die Kosten des Verfahrens wurde der Wohnungseigent\u00fcmergemeinschaft auferlegt. Die Gemeinschaft beschloss, die Kosten als Sonderumlage von den Eigent\u00fcmern zu fordern. Damit sollten die im Prozess erfolgreichen Wohnungseigent\u00fcmer ebenfalls die Prozesskosten mittragen. Hiergegen richtete sich die erneute Beschlussklage der drei Wohnungseigent\u00fcmer.<\/p>\n<h5>Klagekosten m\u00fcssen alle Eigent\u00fcmer mittragen<\/h5>\n<p>Sie konnten sich\u00a0 aber nicht vor dem Amtsgericht durchsetzen. Ein Eigent\u00fcmer ging in Berufung und erhielt vor dem Landgericht Recht. Die Wohnungseigent\u00fcmergemeinschaft ging daraufhin in Revision \u2013 die das Landgericht zugelassen hatte \u2013 vor den BGH. Dort wurde das Urteil des Amtsgerichts wiederhergestellt. Die drei Wohnungseigent\u00fcmer mussten die Kosten der Beschlussklage mittragen.<\/p>\n<p>Der BGH entschied, dass eine Sonderumlage wegen der Kosten der Beschlussklage zu erheben, der ordnungsm\u00e4\u00dfigen Verwaltung entspricht. Nach dem Kostenverteilungsschl\u00fcssel sind die Kosten der Beschlussklage auf alle Mitglieder der Gemeinschaft umzulegen. Darum m\u00fcssen auch die Gewinner des Prozesses Ihren Anteil an den Gerichtskosten \u00fcbernehmen.<\/p>\n<h5>Beschlussklage richtet sich immer gegen die Gemeinschaft<\/h5>\n<p>Seit Ende 2020 richtet sich eine Beschlussklage nicht mehr gegen die Wohnungseigent\u00fcmer, die den Beschluss gefasst haben, sondern gegen die Wohnungseigent\u00fcmergemeinschaft (<a href=\"https:\/\/www.gesetze-im-internet.de\/woeigg\/__44.html\">\u00a7 44 Abs. 2 WEG<\/a>). Die durch die (verlorene) Beschlussklage entstandenen Kosten sind somit den Verwaltungskosten der Gemeinschaft zuzurechnen.<\/p>\n<p>Ob die Kl\u00e4ger, die den Prozess gewonnen haben, eventuell Erstattungsanspr\u00fcche gegen\u00fcber der Gemeinschaft geltend machen k\u00f6nnen, wurde vom BGH nicht entschieden, da sich diese Frage bei dem Beschluss \u00fcber eine Sonderumlage nicht stellt.<\/p>\n<hr \/>\n<h5>Das k\u00f6nnte sie auch interessieren:<\/h5>\n<p><a href=\"https:\/\/www.buhl.de\/vermieter-web\/bioabfall-richtig-entsorgen\/\">WEG: Beschl\u00fcsse f\u00fcr Sanierungsma\u00dfnahmen<\/a><br \/>\n<a href=\"https:\/\/www.buhl.de\/vermieter-web\/weg-hundehaltung-nur-mit-erlaubnis-beschluss\/\">Hundehaltung in der WEG nur mit Erlaubnis-Beschluss<\/a><br \/>\n<a href=\"https:\/\/www.buhl.de\/vermieter-web\/weg-beschlusszwang-fuer-den-swimmingpool\/\">WEG: Beschlusszwang f\u00fcr den Swimmingpool<\/a><\/p>\n<hr \/>\n<p>&nbsp;<\/p>\n","protected":false},"excerpt":{"rendered":"<p>Gewinnen Wohnungseigent\u00fcmer eine Beschlussklage, m\u00fcssen sie dennoch die Prozesskosten, die der (unterlegenen) Gemeinschaft auferlegt wurden, anteilig mittragen. Die Gerichtskosten einer Beschlussklage gelten als Kosten der Verwaltung (\u00a7 16 Abs. 2 WEG), die nach dem allgemeing\u00fcltigen Kostenverteilungsschl\u00fcssel umgelegt werden. Zu diesem Ergebnis kam der Bundesgerichtshof (BGH) in einem Urteil vom 19.07.2024 (Aktenzeichen V ZR 139\/23). Beschlussklage &hellip; <\/p>\n<p class=\"link-more\"><a href=\"https:\/\/www.buhl.de\/vermieter-web\/beschlussklage-wer-traegt-die-kosten\/\" class=\"more-link\"><span class=\"screen-reader-text\">\u201eBeschlussklage &#8211; wer tr\u00e4gt die Kosten?\u201c<\/span> weiterlesen<\/a><\/p>\n","protected":false},"author":15,"featured_media":15810,"comment_status":"closed","ping_status":"open","sticky":false,"template":"","format":"standard","meta":{"footnotes":""},"categories":[1],"tags":[6275,1228,392,5530],"class_list":["post-16378","post","type-post","status-publish","format-standard","has-post-thumbnail","hentry","category-allgemein","tag-bechlussklage","tag-bgh","tag-weg","tag-wohneigentuemergemeinschaft"],"yoast_head":"<!-- This site is optimized with the Yoast SEO Premium plugin v27.4 (Yoast SEO v27.5) - https:\/\/yoast.com\/product\/yoast-seo-premium-wordpress\/ -->\n<title>Beschlussklage und die Kosten<\/title>\n<meta name=\"description\" content=\"Kosten einer Beschlussklage m\u00fcssen von der Wohneigent\u00fcmergemeinschaft - also auch von den Kl\u00e4gern - gemeinsam getragen werden.\" \/>\n<meta name=\"robots\" content=\"noindex, nofollow\" \/>\n<meta property=\"og:locale\" content=\"de_DE\" \/>\n<meta property=\"og:type\" content=\"article\" \/>\n<meta property=\"og:title\" content=\"Beschlussklage - wer tr\u00e4gt die Kosten?\" \/>\n<meta property=\"og:description\" content=\"Kosten einer Beschlussklage m\u00fcssen von der Wohneigent\u00fcmergemeinschaft - also auch von den Kl\u00e4gern - gemeinsam getragen werden.\" \/>\n<meta property=\"og:url\" content=\"https:\/\/www.buhl.de\/vermieter-web\/beschlussklage-wer-traegt-die-kosten\/\" \/>\n<meta property=\"og:site_name\" content=\"Online-Nebenkostenabrechnung mit WISO Vermieter-Web\" \/>\n<meta property=\"article:published_time\" content=\"2024-07-24T08:01:19+00:00\" \/>\n<meta property=\"og:image\" content=\"https:\/\/www.buhl.de\/vermieter-web\/wp-content\/uploads\/sites\/33\/2023\/11\/shutterstock_1232398291.jpg\" \/>\n\t<meta property=\"og:image:width\" content=\"800\" \/>\n\t<meta property=\"og:image:height\" content=\"420\" \/>\n\t<meta property=\"og:image:type\" content=\"image\/jpeg\" \/>\n<meta name=\"author\" content=\"Hartmut Fischer\" \/>\n<meta name=\"twitter:card\" content=\"summary_large_image\" \/>\n<meta name=\"twitter:label1\" content=\"Verfasst von\" \/>\n\t<meta name=\"twitter:data1\" content=\"Hartmut Fischer\" \/>\n\t<meta name=\"twitter:label2\" content=\"Gesch\u00e4tzte Lesezeit\" \/>\n\t<meta name=\"twitter:data2\" content=\"3\u00a0Minuten\" \/>\n<script type=\"application\/ld+json\" class=\"yoast-schema-graph\">{\"@context\":\"https:\\\/\\\/schema.org\",\"@graph\":[{\"@type\":\"Article\",\"@id\":\"https:\\\/\\\/www.buhl.de\\\/vermieter-web\\\/beschlussklage-wer-traegt-die-kosten\\\/#article\",\"isPartOf\":{\"@id\":\"https:\\\/\\\/www.buhl.de\\\/vermieter-web\\\/beschlussklage-wer-traegt-die-kosten\\\/\"},\"author\":{\"name\":\"Hartmut Fischer\",\"@id\":\"https:\\\/\\\/www.buhl.de\\\/vermieter-web\\\/#\\\/schema\\\/person\\\/82903e1cb04eb553382702d503991b4f\"},\"headline\":\"Beschlussklage &#8211; wer tr\u00e4gt die Kosten?\",\"datePublished\":\"2024-07-24T08:01:19+00:00\",\"mainEntityOfPage\":{\"@id\":\"https:\\\/\\\/www.buhl.de\\\/vermieter-web\\\/beschlussklage-wer-traegt-die-kosten\\\/\"},\"wordCount\":376,\"image\":{\"@id\":\"https:\\\/\\\/www.buhl.de\\\/vermieter-web\\\/beschlussklage-wer-traegt-die-kosten\\\/#primaryimage\"},\"thumbnailUrl\":\"https:\\\/\\\/www.buhl.de\\\/vermieter-web\\\/wp-content\\\/uploads\\\/sites\\\/33\\\/2023\\\/11\\\/shutterstock_1232398291.jpg\",\"keywords\":[\"Bechlussklage\",\"BGH\",\"WEG\",\"Wohneigent\u00fcmergemeinschaft\"],\"inLanguage\":\"de\"},{\"@type\":\"WebPage\",\"@id\":\"https:\\\/\\\/www.buhl.de\\\/vermieter-web\\\/beschlussklage-wer-traegt-die-kosten\\\/\",\"url\":\"https:\\\/\\\/www.buhl.de\\\/vermieter-web\\\/beschlussklage-wer-traegt-die-kosten\\\/\",\"name\":\"Beschlussklage und die Kosten\",\"isPartOf\":{\"@id\":\"https:\\\/\\\/www.buhl.de\\\/vermieter-web\\\/#website\"},\"primaryImageOfPage\":{\"@id\":\"https:\\\/\\\/www.buhl.de\\\/vermieter-web\\\/beschlussklage-wer-traegt-die-kosten\\\/#primaryimage\"},\"image\":{\"@id\":\"https:\\\/\\\/www.buhl.de\\\/vermieter-web\\\/beschlussklage-wer-traegt-die-kosten\\\/#primaryimage\"},\"thumbnailUrl\":\"https:\\\/\\\/www.buhl.de\\\/vermieter-web\\\/wp-content\\\/uploads\\\/sites\\\/33\\\/2023\\\/11\\\/shutterstock_1232398291.jpg\",\"datePublished\":\"2024-07-24T08:01:19+00:00\",\"author\":{\"@id\":\"https:\\\/\\\/www.buhl.de\\\/vermieter-web\\\/#\\\/schema\\\/person\\\/82903e1cb04eb553382702d503991b4f\"},\"description\":\"Kosten einer Beschlussklage m\u00fcssen von der Wohneigent\u00fcmergemeinschaft - also auch von den Kl\u00e4gern - gemeinsam getragen werden.\",\"breadcrumb\":{\"@id\":\"https:\\\/\\\/www.buhl.de\\\/vermieter-web\\\/beschlussklage-wer-traegt-die-kosten\\\/#breadcrumb\"},\"inLanguage\":\"de\",\"potentialAction\":[{\"@type\":\"ReadAction\",\"target\":[\"https:\\\/\\\/www.buhl.de\\\/vermieter-web\\\/beschlussklage-wer-traegt-die-kosten\\\/\"]}]},{\"@type\":\"ImageObject\",\"inLanguage\":\"de\",\"@id\":\"https:\\\/\\\/www.buhl.de\\\/vermieter-web\\\/beschlussklage-wer-traegt-die-kosten\\\/#primaryimage\",\"url\":\"https:\\\/\\\/www.buhl.de\\\/vermieter-web\\\/wp-content\\\/uploads\\\/sites\\\/33\\\/2023\\\/11\\\/shutterstock_1232398291.jpg\",\"contentUrl\":\"https:\\\/\\\/www.buhl.de\\\/vermieter-web\\\/wp-content\\\/uploads\\\/sites\\\/33\\\/2023\\\/11\\\/shutterstock_1232398291.jpg\",\"width\":800,\"height\":420,\"caption\":\"Karlsruhe, Baden-Wurttemberg \\\/ Germany - May 17, 2018: Entrance to The Federal Court of Justice in Karlsruhe, Germany - Bundesgerichtshof - BGH - is the highest court in Germany\"},{\"@type\":\"BreadcrumbList\",\"@id\":\"https:\\\/\\\/www.buhl.de\\\/vermieter-web\\\/beschlussklage-wer-traegt-die-kosten\\\/#breadcrumb\",\"itemListElement\":[{\"@type\":\"ListItem\",\"position\":1,\"name\":\"Startseite\",\"item\":\"https:\\\/\\\/www.buhl.de\\\/vermieter-web\\\/\"},{\"@type\":\"ListItem\",\"position\":2,\"name\":\"Beschlussklage &#8211; wer tr\u00e4gt die Kosten?\"}]},{\"@type\":\"WebSite\",\"@id\":\"https:\\\/\\\/www.buhl.de\\\/vermieter-web\\\/#website\",\"url\":\"https:\\\/\\\/www.buhl.de\\\/vermieter-web\\\/\",\"name\":\"Online-Nebenkostenabrechnung mit WISO Vermieter-Web\",\"description\":\"\",\"potentialAction\":[{\"@type\":\"SearchAction\",\"target\":{\"@type\":\"EntryPoint\",\"urlTemplate\":\"https:\\\/\\\/www.buhl.de\\\/vermieter-web\\\/?s={search_term_string}\"},\"query-input\":{\"@type\":\"PropertyValueSpecification\",\"valueRequired\":true,\"valueName\":\"search_term_string\"}}],\"inLanguage\":\"de\"},{\"@type\":\"Person\",\"@id\":\"https:\\\/\\\/www.buhl.de\\\/vermieter-web\\\/#\\\/schema\\\/person\\\/82903e1cb04eb553382702d503991b4f\",\"name\":\"Hartmut Fischer\"}]}<\/script>\n<!-- \/ Yoast SEO Premium plugin. -->","yoast_head_json":{"title":"Beschlussklage und die Kosten","description":"Kosten einer Beschlussklage m\u00fcssen von der Wohneigent\u00fcmergemeinschaft - also auch von den Kl\u00e4gern - gemeinsam getragen werden.","robots":{"index":"noindex","follow":"nofollow"},"og_locale":"de_DE","og_type":"article","og_title":"Beschlussklage - wer tr\u00e4gt die Kosten?","og_description":"Kosten einer Beschlussklage m\u00fcssen von der Wohneigent\u00fcmergemeinschaft - also auch von den Kl\u00e4gern - gemeinsam getragen werden.","og_url":"https:\/\/www.buhl.de\/vermieter-web\/beschlussklage-wer-traegt-die-kosten\/","og_site_name":"Online-Nebenkostenabrechnung mit WISO Vermieter-Web","article_published_time":"2024-07-24T08:01:19+00:00","og_image":[{"width":800,"height":420,"url":"https:\/\/www.buhl.de\/vermieter-web\/wp-content\/uploads\/sites\/33\/2023\/11\/shutterstock_1232398291.jpg","type":"image\/jpeg"}],"author":"Hartmut Fischer","twitter_card":"summary_large_image","twitter_misc":{"Verfasst von":"Hartmut Fischer","Gesch\u00e4tzte Lesezeit":"3\u00a0Minuten"},"schema":{"@context":"https:\/\/schema.org","@graph":[{"@type":"Article","@id":"https:\/\/www.buhl.de\/vermieter-web\/beschlussklage-wer-traegt-die-kosten\/#article","isPartOf":{"@id":"https:\/\/www.buhl.de\/vermieter-web\/beschlussklage-wer-traegt-die-kosten\/"},"author":{"name":"Hartmut Fischer","@id":"https:\/\/www.buhl.de\/vermieter-web\/#\/schema\/person\/82903e1cb04eb553382702d503991b4f"},"headline":"Beschlussklage &#8211; wer tr\u00e4gt die Kosten?","datePublished":"2024-07-24T08:01:19+00:00","mainEntityOfPage":{"@id":"https:\/\/www.buhl.de\/vermieter-web\/beschlussklage-wer-traegt-die-kosten\/"},"wordCount":376,"image":{"@id":"https:\/\/www.buhl.de\/vermieter-web\/beschlussklage-wer-traegt-die-kosten\/#primaryimage"},"thumbnailUrl":"https:\/\/www.buhl.de\/vermieter-web\/wp-content\/uploads\/sites\/33\/2023\/11\/shutterstock_1232398291.jpg","keywords":["Bechlussklage","BGH","WEG","Wohneigent\u00fcmergemeinschaft"],"inLanguage":"de"},{"@type":"WebPage","@id":"https:\/\/www.buhl.de\/vermieter-web\/beschlussklage-wer-traegt-die-kosten\/","url":"https:\/\/www.buhl.de\/vermieter-web\/beschlussklage-wer-traegt-die-kosten\/","name":"Beschlussklage und die Kosten","isPartOf":{"@id":"https:\/\/www.buhl.de\/vermieter-web\/#website"},"primaryImageOfPage":{"@id":"https:\/\/www.buhl.de\/vermieter-web\/beschlussklage-wer-traegt-die-kosten\/#primaryimage"},"image":{"@id":"https:\/\/www.buhl.de\/vermieter-web\/beschlussklage-wer-traegt-die-kosten\/#primaryimage"},"thumbnailUrl":"https:\/\/www.buhl.de\/vermieter-web\/wp-content\/uploads\/sites\/33\/2023\/11\/shutterstock_1232398291.jpg","datePublished":"2024-07-24T08:01:19+00:00","author":{"@id":"https:\/\/www.buhl.de\/vermieter-web\/#\/schema\/person\/82903e1cb04eb553382702d503991b4f"},"description":"Kosten einer Beschlussklage m\u00fcssen von der Wohneigent\u00fcmergemeinschaft - also auch von den Kl\u00e4gern - gemeinsam getragen werden.","breadcrumb":{"@id":"https:\/\/www.buhl.de\/vermieter-web\/beschlussklage-wer-traegt-die-kosten\/#breadcrumb"},"inLanguage":"de","potentialAction":[{"@type":"ReadAction","target":["https:\/\/www.buhl.de\/vermieter-web\/beschlussklage-wer-traegt-die-kosten\/"]}]},{"@type":"ImageObject","inLanguage":"de","@id":"https:\/\/www.buhl.de\/vermieter-web\/beschlussklage-wer-traegt-die-kosten\/#primaryimage","url":"https:\/\/www.buhl.de\/vermieter-web\/wp-content\/uploads\/sites\/33\/2023\/11\/shutterstock_1232398291.jpg","contentUrl":"https:\/\/www.buhl.de\/vermieter-web\/wp-content\/uploads\/sites\/33\/2023\/11\/shutterstock_1232398291.jpg","width":800,"height":420,"caption":"Karlsruhe, Baden-Wurttemberg \/ Germany - May 17, 2018: Entrance to The Federal Court of Justice in Karlsruhe, Germany - Bundesgerichtshof - BGH - is the highest court in Germany"},{"@type":"BreadcrumbList","@id":"https:\/\/www.buhl.de\/vermieter-web\/beschlussklage-wer-traegt-die-kosten\/#breadcrumb","itemListElement":[{"@type":"ListItem","position":1,"name":"Startseite","item":"https:\/\/www.buhl.de\/vermieter-web\/"},{"@type":"ListItem","position":2,"name":"Beschlussklage &#8211; wer tr\u00e4gt die Kosten?"}]},{"@type":"WebSite","@id":"https:\/\/www.buhl.de\/vermieter-web\/#website","url":"https:\/\/www.buhl.de\/vermieter-web\/","name":"Online-Nebenkostenabrechnung mit WISO Vermieter-Web","description":"","potentialAction":[{"@type":"SearchAction","target":{"@type":"EntryPoint","urlTemplate":"https:\/\/www.buhl.de\/vermieter-web\/?s={search_term_string}"},"query-input":{"@type":"PropertyValueSpecification","valueRequired":true,"valueName":"search_term_string"}}],"inLanguage":"de"},{"@type":"Person","@id":"https:\/\/www.buhl.de\/vermieter-web\/#\/schema\/person\/82903e1cb04eb553382702d503991b4f","name":"Hartmut Fischer"}]}},"_links":{"self":[{"href":"https:\/\/www.buhl.de\/vermieter-web\/wp-json\/wp\/v2\/posts\/16378","targetHints":{"allow":["GET"]}}],"collection":[{"href":"https:\/\/www.buhl.de\/vermieter-web\/wp-json\/wp\/v2\/posts"}],"about":[{"href":"https:\/\/www.buhl.de\/vermieter-web\/wp-json\/wp\/v2\/types\/post"}],"author":[{"embeddable":true,"href":"https:\/\/www.buhl.de\/vermieter-web\/wp-json\/wp\/v2\/users\/15"}],"replies":[{"embeddable":true,"href":"https:\/\/www.buhl.de\/vermieter-web\/wp-json\/wp\/v2\/comments?post=16378"}],"version-history":[{"count":1,"href":"https:\/\/www.buhl.de\/vermieter-web\/wp-json\/wp\/v2\/posts\/16378\/revisions"}],"predecessor-version":[{"id":16380,"href":"https:\/\/www.buhl.de\/vermieter-web\/wp-json\/wp\/v2\/posts\/16378\/revisions\/16380"}],"wp:featuredmedia":[{"embeddable":true,"href":"https:\/\/www.buhl.de\/vermieter-web\/wp-json\/wp\/v2\/media\/15810"}],"wp:attachment":[{"href":"https:\/\/www.buhl.de\/vermieter-web\/wp-json\/wp\/v2\/media?parent=16378"}],"wp:term":[{"taxonomy":"category","embeddable":true,"href":"https:\/\/www.buhl.de\/vermieter-web\/wp-json\/wp\/v2\/categories?post=16378"},{"taxonomy":"post_tag","embeddable":true,"href":"https:\/\/www.buhl.de\/vermieter-web\/wp-json\/wp\/v2\/tags?post=16378"}],"curies":[{"name":"wp","href":"https:\/\/api.w.org\/{rel}","templated":true}]}}