{"id":16388,"date":"2024-07-30T15:04:39","date_gmt":"2024-07-30T13:04:39","guid":{"rendered":"https:\/\/www.buhl.de\/vermieter-web\/?p=16388"},"modified":"2024-07-30T15:05:35","modified_gmt":"2024-07-30T13:05:35","slug":"schmerzensgeld-fuer-erlaubte-fotos","status":"publish","type":"post","link":"https:\/\/www.buhl.de\/vermieter-web\/schmerzensgeld-fuer-erlaubte-fotos\/","title":{"rendered":"Schmerzensgeld f\u00fcr erlaubte Fotos?"},"content":{"rendered":"<p><strong>Lassen Mieter Personen in die Wohnung, die f\u00fcr einen Makler Fotos vom Mietobjekt machen, die f\u00fcr ein Expos\u00e9 benutzt werden sollen, ist dies als stillschweigende Zustimmung zu werden. Einer ausdr\u00fccklichen, gar schriftlichen Zustimmung bedarf es nach der DSGVO (Datenschutzgrundverordnung) nicht. Zu diesem Ergebnis kam das <\/strong><strong>Landgericht Frankenthal (Pfalz) in einem Urteil vom 04.06.2024 (Aktenzeichen 3 O 300\/23).<\/strong><\/p>\n<h5>Fotos f\u00fcr ein Expos\u00e9<\/h5>\n<p>In dem Verfahren ging es um Fotos, die ein Makler f\u00fcr ein im Internet ver\u00f6ffentlichtes Expos\u00e9 nutzte. Die Aufnahmen hatte der Makler von seinen Mitarbeitern machen lassen, nachdem er einen Termin mit den Mietern der zum Verkauf stehenden Doppelhaush\u00e4lfte vereinbart hatte. Die Mieter lie\u00dfen die Makler-Mitarbeiter in die Wohnung und erm\u00f6glichten so das Fotografieren.<\/p>\n<h5>Mieter verlangen Expos\u00e9-L\u00f6schung und Schmerzensgeld<\/h5>\n<p>Nach der Ver\u00f6ffentlichung der Fotos im Expos\u00e9 wurden die Mieter von verschiedener Seite hierauf angesprochen. Das war ihnen unangenehm und sie verlangten, dass die Fotos wieder aus dem Netz genommen werden. Der Makler kam dieser Forderung nach. Die Mieter machten jedoch auch einen immateriellen Schaden geltend und verlangten von dem Maklerb\u00fcro ein Schmerzensgeld. Da der Makler sich weigerte, dies zu zahlen, gingen die Mieter vor Gericht.<\/p>\n<h5>Landgeericht Frankenthal: Kein Schmerzensgeld-Anspruch f\u00fcr stillschweigend geduldete Fotos<\/h5>\n<p>Sie konnten sich aber vor dem Landgericht Frankenthal nicht durchsetzen. Das Gericht entschied, dass die Mieter der Verwendung der Bilder stillschweigend zugestimmt hatten, da sie die Fotografen des Maklers ins Haus gelassen hatten. In der DSGVO (Datenschutzgrundverordnung) wird keine ausdr\u00fcckliche oder schriftliche Einwilligung hierzu verlangt.<\/p>\n<p>Den Mietern sei aber klar gewesen, wof\u00fcr die Fotos gebraucht wurden. Sie wussten deshalb, dass die Aufnahmen auch von Dritten eingesehen w\u00fcrden. Das Gericht r\u00e4umte ein, dass der Makler vers\u00e4umt hatte, darauf hinzuweisen, dass die Zustimmung zu den Fotografien jederzeit widerrufen werden konnte. Doch auch ohne diesen Hinweis bleibe die stillschweigende Zustimmung bestehen und werde nicht unwirksam.<\/p>\n<hr \/>\n<h5>Das k\u00f6nnte sie auch interessieren:<\/h5>\n<p><a href=\"https:\/\/www.buhl.de\/vermieter-web\/unzulaessige-fotos-nicht-gerichtsverwertbar\/\">Unzul\u00e4ssige Fotos nicht gerichtsverwertbar<\/a><\/p>\n<hr \/>\n<p>&nbsp;<\/p>\n","protected":false},"excerpt":{"rendered":"<p>Lassen Mieter Personen in die Wohnung, die f\u00fcr einen Makler Fotos vom Mietobjekt machen, die f\u00fcr ein Expos\u00e9 benutzt werden sollen, ist dies als stillschweigende Zustimmung zu werden. Einer ausdr\u00fccklichen, gar schriftlichen Zustimmung bedarf es nach der DSGVO (Datenschutzgrundverordnung) nicht. Zu diesem Ergebnis kam das Landgericht Frankenthal (Pfalz) in einem Urteil vom 04.06.2024 (Aktenzeichen 3 &hellip; <\/p>\n<p class=\"link-more\"><a href=\"https:\/\/www.buhl.de\/vermieter-web\/schmerzensgeld-fuer-erlaubte-fotos\/\" class=\"more-link\"><span class=\"screen-reader-text\">\u201eSchmerzensgeld f\u00fcr erlaubte Fotos?\u201c<\/span> weiterlesen<\/a><\/p>\n","protected":false},"author":15,"featured_media":16390,"comment_status":"closed","ping_status":"open","sticky":false,"template":"","format":"standard","meta":{"footnotes":""},"categories":[1],"tags":[6277,4898,3453,6278],"class_list":["post-16388","post","type-post","status-publish","format-standard","has-post-thumbnail","hentry","category-allgemein","tag-expose","tag-fotos","tag-schmerzensgeld","tag-stillschweigend"],"yoast_head":"<!-- This site is optimized with the Yoast SEO Premium plugin v27.4 (Yoast SEO v27.5) - https:\/\/yoast.com\/product\/yoast-seo-premium-wordpress\/ -->\n<title>Fotos stillschweigend genehmigt - kein Schmerzensgeld-Anspruch<\/title>\n<meta name=\"description\" content=\"Fotos, f\u00fcr ein Expos\u00e9 gelten als stillschweigend zur Ver\u00f6ffentlichung freigegeben, wenn die Mieter das Betreten der Wohnung zum Fotografieren gestatten\" \/>\n<meta name=\"robots\" content=\"noindex, nofollow\" \/>\n<meta property=\"og:locale\" content=\"de_DE\" \/>\n<meta property=\"og:type\" content=\"article\" \/>\n<meta property=\"og:title\" content=\"Schmerzensgeld f\u00fcr erlaubte Fotos?\" \/>\n<meta property=\"og:description\" content=\"Fotos, f\u00fcr ein Expos\u00e9 gelten als stillschweigend zur Ver\u00f6ffentlichung freigegeben, wenn die Mieter das Betreten der Wohnung zum Fotografieren gestatten\" \/>\n<meta property=\"og:url\" content=\"https:\/\/www.buhl.de\/vermieter-web\/schmerzensgeld-fuer-erlaubte-fotos\/\" \/>\n<meta property=\"og:site_name\" content=\"Online-Nebenkostenabrechnung mit WISO Vermieter-Web\" \/>\n<meta property=\"article:published_time\" content=\"2024-07-30T13:04:39+00:00\" \/>\n<meta property=\"article:modified_time\" content=\"2024-07-30T13:05:35+00:00\" \/>\n<meta property=\"og:image\" content=\"https:\/\/www.buhl.de\/vermieter-web\/wp-content\/uploads\/sites\/33\/2024\/07\/Fotograf-Yulia-Gapeenko.jpg\" \/>\n\t<meta property=\"og:image:width\" content=\"1069\" \/>\n\t<meta property=\"og:image:height\" content=\"541\" \/>\n\t<meta property=\"og:image:type\" content=\"image\/jpeg\" \/>\n<meta name=\"author\" content=\"Hartmut Fischer\" \/>\n<meta name=\"twitter:card\" content=\"summary_large_image\" \/>\n<meta name=\"twitter:label1\" content=\"Verfasst von\" \/>\n\t<meta name=\"twitter:data1\" content=\"Hartmut Fischer\" \/>\n\t<meta name=\"twitter:label2\" content=\"Gesch\u00e4tzte Lesezeit\" \/>\n\t<meta name=\"twitter:data2\" content=\"2\u00a0Minuten\" \/>\n<script type=\"application\/ld+json\" class=\"yoast-schema-graph\">{\"@context\":\"https:\\\/\\\/schema.org\",\"@graph\":[{\"@type\":\"Article\",\"@id\":\"https:\\\/\\\/www.buhl.de\\\/vermieter-web\\\/schmerzensgeld-fuer-erlaubte-fotos\\\/#article\",\"isPartOf\":{\"@id\":\"https:\\\/\\\/www.buhl.de\\\/vermieter-web\\\/schmerzensgeld-fuer-erlaubte-fotos\\\/\"},\"author\":{\"name\":\"Hartmut Fischer\",\"@id\":\"https:\\\/\\\/www.buhl.de\\\/vermieter-web\\\/#\\\/schema\\\/person\\\/82903e1cb04eb553382702d503991b4f\"},\"headline\":\"Schmerzensgeld f\u00fcr erlaubte Fotos?\",\"datePublished\":\"2024-07-30T13:04:39+00:00\",\"dateModified\":\"2024-07-30T13:05:35+00:00\",\"mainEntityOfPage\":{\"@id\":\"https:\\\/\\\/www.buhl.de\\\/vermieter-web\\\/schmerzensgeld-fuer-erlaubte-fotos\\\/\"},\"wordCount\":329,\"image\":{\"@id\":\"https:\\\/\\\/www.buhl.de\\\/vermieter-web\\\/schmerzensgeld-fuer-erlaubte-fotos\\\/#primaryimage\"},\"thumbnailUrl\":\"https:\\\/\\\/www.buhl.de\\\/vermieter-web\\\/wp-content\\\/uploads\\\/sites\\\/33\\\/2024\\\/07\\\/Fotograf-Yulia-Gapeenko.jpg\",\"keywords\":[\"Expos\u00e9\",\"Fotos\",\"Schmerzensgeld\",\"Stillschweigend\"],\"inLanguage\":\"de\"},{\"@type\":\"WebPage\",\"@id\":\"https:\\\/\\\/www.buhl.de\\\/vermieter-web\\\/schmerzensgeld-fuer-erlaubte-fotos\\\/\",\"url\":\"https:\\\/\\\/www.buhl.de\\\/vermieter-web\\\/schmerzensgeld-fuer-erlaubte-fotos\\\/\",\"name\":\"Fotos stillschweigend genehmigt - kein Schmerzensgeld-Anspruch\",\"isPartOf\":{\"@id\":\"https:\\\/\\\/www.buhl.de\\\/vermieter-web\\\/#website\"},\"primaryImageOfPage\":{\"@id\":\"https:\\\/\\\/www.buhl.de\\\/vermieter-web\\\/schmerzensgeld-fuer-erlaubte-fotos\\\/#primaryimage\"},\"image\":{\"@id\":\"https:\\\/\\\/www.buhl.de\\\/vermieter-web\\\/schmerzensgeld-fuer-erlaubte-fotos\\\/#primaryimage\"},\"thumbnailUrl\":\"https:\\\/\\\/www.buhl.de\\\/vermieter-web\\\/wp-content\\\/uploads\\\/sites\\\/33\\\/2024\\\/07\\\/Fotograf-Yulia-Gapeenko.jpg\",\"datePublished\":\"2024-07-30T13:04:39+00:00\",\"dateModified\":\"2024-07-30T13:05:35+00:00\",\"author\":{\"@id\":\"https:\\\/\\\/www.buhl.de\\\/vermieter-web\\\/#\\\/schema\\\/person\\\/82903e1cb04eb553382702d503991b4f\"},\"description\":\"Fotos, f\u00fcr ein Expos\u00e9 gelten als stillschweigend zur Ver\u00f6ffentlichung freigegeben, wenn die Mieter das Betreten der Wohnung zum Fotografieren gestatten\",\"breadcrumb\":{\"@id\":\"https:\\\/\\\/www.buhl.de\\\/vermieter-web\\\/schmerzensgeld-fuer-erlaubte-fotos\\\/#breadcrumb\"},\"inLanguage\":\"de\",\"potentialAction\":[{\"@type\":\"ReadAction\",\"target\":[\"https:\\\/\\\/www.buhl.de\\\/vermieter-web\\\/schmerzensgeld-fuer-erlaubte-fotos\\\/\"]}]},{\"@type\":\"ImageObject\",\"inLanguage\":\"de\",\"@id\":\"https:\\\/\\\/www.buhl.de\\\/vermieter-web\\\/schmerzensgeld-fuer-erlaubte-fotos\\\/#primaryimage\",\"url\":\"https:\\\/\\\/www.buhl.de\\\/vermieter-web\\\/wp-content\\\/uploads\\\/sites\\\/33\\\/2024\\\/07\\\/Fotograf-Yulia-Gapeenko.jpg\",\"contentUrl\":\"https:\\\/\\\/www.buhl.de\\\/vermieter-web\\\/wp-content\\\/uploads\\\/sites\\\/33\\\/2024\\\/07\\\/Fotograf-Yulia-Gapeenko.jpg\",\"width\":1069,\"height\":541},{\"@type\":\"BreadcrumbList\",\"@id\":\"https:\\\/\\\/www.buhl.de\\\/vermieter-web\\\/schmerzensgeld-fuer-erlaubte-fotos\\\/#breadcrumb\",\"itemListElement\":[{\"@type\":\"ListItem\",\"position\":1,\"name\":\"Startseite\",\"item\":\"https:\\\/\\\/www.buhl.de\\\/vermieter-web\\\/\"},{\"@type\":\"ListItem\",\"position\":2,\"name\":\"Schmerzensgeld f\u00fcr erlaubte Fotos?\"}]},{\"@type\":\"WebSite\",\"@id\":\"https:\\\/\\\/www.buhl.de\\\/vermieter-web\\\/#website\",\"url\":\"https:\\\/\\\/www.buhl.de\\\/vermieter-web\\\/\",\"name\":\"Online-Nebenkostenabrechnung mit WISO Vermieter-Web\",\"description\":\"\",\"potentialAction\":[{\"@type\":\"SearchAction\",\"target\":{\"@type\":\"EntryPoint\",\"urlTemplate\":\"https:\\\/\\\/www.buhl.de\\\/vermieter-web\\\/?s={search_term_string}\"},\"query-input\":{\"@type\":\"PropertyValueSpecification\",\"valueRequired\":true,\"valueName\":\"search_term_string\"}}],\"inLanguage\":\"de\"},{\"@type\":\"Person\",\"@id\":\"https:\\\/\\\/www.buhl.de\\\/vermieter-web\\\/#\\\/schema\\\/person\\\/82903e1cb04eb553382702d503991b4f\",\"name\":\"Hartmut Fischer\"}]}<\/script>\n<!-- \/ Yoast SEO Premium plugin. -->","yoast_head_json":{"title":"Fotos stillschweigend genehmigt - kein Schmerzensgeld-Anspruch","description":"Fotos, f\u00fcr ein Expos\u00e9 gelten als stillschweigend zur Ver\u00f6ffentlichung freigegeben, wenn die Mieter das Betreten der Wohnung zum Fotografieren gestatten","robots":{"index":"noindex","follow":"nofollow"},"og_locale":"de_DE","og_type":"article","og_title":"Schmerzensgeld f\u00fcr erlaubte Fotos?","og_description":"Fotos, f\u00fcr ein Expos\u00e9 gelten als stillschweigend zur Ver\u00f6ffentlichung freigegeben, wenn die Mieter das Betreten der Wohnung zum Fotografieren gestatten","og_url":"https:\/\/www.buhl.de\/vermieter-web\/schmerzensgeld-fuer-erlaubte-fotos\/","og_site_name":"Online-Nebenkostenabrechnung mit WISO Vermieter-Web","article_published_time":"2024-07-30T13:04:39+00:00","article_modified_time":"2024-07-30T13:05:35+00:00","og_image":[{"width":1069,"height":541,"url":"https:\/\/www.buhl.de\/vermieter-web\/wp-content\/uploads\/sites\/33\/2024\/07\/Fotograf-Yulia-Gapeenko.jpg","type":"image\/jpeg"}],"author":"Hartmut Fischer","twitter_card":"summary_large_image","twitter_misc":{"Verfasst von":"Hartmut Fischer","Gesch\u00e4tzte Lesezeit":"2\u00a0Minuten"},"schema":{"@context":"https:\/\/schema.org","@graph":[{"@type":"Article","@id":"https:\/\/www.buhl.de\/vermieter-web\/schmerzensgeld-fuer-erlaubte-fotos\/#article","isPartOf":{"@id":"https:\/\/www.buhl.de\/vermieter-web\/schmerzensgeld-fuer-erlaubte-fotos\/"},"author":{"name":"Hartmut Fischer","@id":"https:\/\/www.buhl.de\/vermieter-web\/#\/schema\/person\/82903e1cb04eb553382702d503991b4f"},"headline":"Schmerzensgeld f\u00fcr erlaubte Fotos?","datePublished":"2024-07-30T13:04:39+00:00","dateModified":"2024-07-30T13:05:35+00:00","mainEntityOfPage":{"@id":"https:\/\/www.buhl.de\/vermieter-web\/schmerzensgeld-fuer-erlaubte-fotos\/"},"wordCount":329,"image":{"@id":"https:\/\/www.buhl.de\/vermieter-web\/schmerzensgeld-fuer-erlaubte-fotos\/#primaryimage"},"thumbnailUrl":"https:\/\/www.buhl.de\/vermieter-web\/wp-content\/uploads\/sites\/33\/2024\/07\/Fotograf-Yulia-Gapeenko.jpg","keywords":["Expos\u00e9","Fotos","Schmerzensgeld","Stillschweigend"],"inLanguage":"de"},{"@type":"WebPage","@id":"https:\/\/www.buhl.de\/vermieter-web\/schmerzensgeld-fuer-erlaubte-fotos\/","url":"https:\/\/www.buhl.de\/vermieter-web\/schmerzensgeld-fuer-erlaubte-fotos\/","name":"Fotos stillschweigend genehmigt - kein Schmerzensgeld-Anspruch","isPartOf":{"@id":"https:\/\/www.buhl.de\/vermieter-web\/#website"},"primaryImageOfPage":{"@id":"https:\/\/www.buhl.de\/vermieter-web\/schmerzensgeld-fuer-erlaubte-fotos\/#primaryimage"},"image":{"@id":"https:\/\/www.buhl.de\/vermieter-web\/schmerzensgeld-fuer-erlaubte-fotos\/#primaryimage"},"thumbnailUrl":"https:\/\/www.buhl.de\/vermieter-web\/wp-content\/uploads\/sites\/33\/2024\/07\/Fotograf-Yulia-Gapeenko.jpg","datePublished":"2024-07-30T13:04:39+00:00","dateModified":"2024-07-30T13:05:35+00:00","author":{"@id":"https:\/\/www.buhl.de\/vermieter-web\/#\/schema\/person\/82903e1cb04eb553382702d503991b4f"},"description":"Fotos, f\u00fcr ein Expos\u00e9 gelten als stillschweigend zur Ver\u00f6ffentlichung freigegeben, wenn die Mieter das Betreten der Wohnung zum Fotografieren gestatten","breadcrumb":{"@id":"https:\/\/www.buhl.de\/vermieter-web\/schmerzensgeld-fuer-erlaubte-fotos\/#breadcrumb"},"inLanguage":"de","potentialAction":[{"@type":"ReadAction","target":["https:\/\/www.buhl.de\/vermieter-web\/schmerzensgeld-fuer-erlaubte-fotos\/"]}]},{"@type":"ImageObject","inLanguage":"de","@id":"https:\/\/www.buhl.de\/vermieter-web\/schmerzensgeld-fuer-erlaubte-fotos\/#primaryimage","url":"https:\/\/www.buhl.de\/vermieter-web\/wp-content\/uploads\/sites\/33\/2024\/07\/Fotograf-Yulia-Gapeenko.jpg","contentUrl":"https:\/\/www.buhl.de\/vermieter-web\/wp-content\/uploads\/sites\/33\/2024\/07\/Fotograf-Yulia-Gapeenko.jpg","width":1069,"height":541},{"@type":"BreadcrumbList","@id":"https:\/\/www.buhl.de\/vermieter-web\/schmerzensgeld-fuer-erlaubte-fotos\/#breadcrumb","itemListElement":[{"@type":"ListItem","position":1,"name":"Startseite","item":"https:\/\/www.buhl.de\/vermieter-web\/"},{"@type":"ListItem","position":2,"name":"Schmerzensgeld f\u00fcr erlaubte Fotos?"}]},{"@type":"WebSite","@id":"https:\/\/www.buhl.de\/vermieter-web\/#website","url":"https:\/\/www.buhl.de\/vermieter-web\/","name":"Online-Nebenkostenabrechnung mit WISO Vermieter-Web","description":"","potentialAction":[{"@type":"SearchAction","target":{"@type":"EntryPoint","urlTemplate":"https:\/\/www.buhl.de\/vermieter-web\/?s={search_term_string}"},"query-input":{"@type":"PropertyValueSpecification","valueRequired":true,"valueName":"search_term_string"}}],"inLanguage":"de"},{"@type":"Person","@id":"https:\/\/www.buhl.de\/vermieter-web\/#\/schema\/person\/82903e1cb04eb553382702d503991b4f","name":"Hartmut Fischer"}]}},"_links":{"self":[{"href":"https:\/\/www.buhl.de\/vermieter-web\/wp-json\/wp\/v2\/posts\/16388","targetHints":{"allow":["GET"]}}],"collection":[{"href":"https:\/\/www.buhl.de\/vermieter-web\/wp-json\/wp\/v2\/posts"}],"about":[{"href":"https:\/\/www.buhl.de\/vermieter-web\/wp-json\/wp\/v2\/types\/post"}],"author":[{"embeddable":true,"href":"https:\/\/www.buhl.de\/vermieter-web\/wp-json\/wp\/v2\/users\/15"}],"replies":[{"embeddable":true,"href":"https:\/\/www.buhl.de\/vermieter-web\/wp-json\/wp\/v2\/comments?post=16388"}],"version-history":[{"count":2,"href":"https:\/\/www.buhl.de\/vermieter-web\/wp-json\/wp\/v2\/posts\/16388\/revisions"}],"predecessor-version":[{"id":16392,"href":"https:\/\/www.buhl.de\/vermieter-web\/wp-json\/wp\/v2\/posts\/16388\/revisions\/16392"}],"wp:featuredmedia":[{"embeddable":true,"href":"https:\/\/www.buhl.de\/vermieter-web\/wp-json\/wp\/v2\/media\/16390"}],"wp:attachment":[{"href":"https:\/\/www.buhl.de\/vermieter-web\/wp-json\/wp\/v2\/media?parent=16388"}],"wp:term":[{"taxonomy":"category","embeddable":true,"href":"https:\/\/www.buhl.de\/vermieter-web\/wp-json\/wp\/v2\/categories?post=16388"},{"taxonomy":"post_tag","embeddable":true,"href":"https:\/\/www.buhl.de\/vermieter-web\/wp-json\/wp\/v2\/tags?post=16388"}],"curies":[{"name":"wp","href":"https:\/\/api.w.org\/{rel}","templated":true}]}}