{"id":16406,"date":"2024-08-06T16:58:58","date_gmt":"2024-08-06T14:58:58","guid":{"rendered":"https:\/\/www.buhl.de\/vermieter-web\/?p=16406"},"modified":"2024-08-06T16:58:58","modified_gmt":"2024-08-06T14:58:58","slug":"muelltonnen-im-oeffentlichen-verkehrsraum","status":"publish","type":"post","link":"https:\/\/www.buhl.de\/vermieter-web\/muelltonnen-im-oeffentlichen-verkehrsraum\/","title":{"rendered":"M\u00fclltonnen im \u00f6ffentlichen Verkehrsraum"},"content":{"rendered":"<p><strong>M\u00fclltonnen d\u00fcrfen grunds\u00e4tzlich nicht auf Dauer im \u00f6ffentlichen Verkehrsraum stehen. Au\u00dferhalb der Leerungszeiten muss man sie auf dem Hausgrundst\u00fcck abstellen.\u00a0<\/strong><strong>Nur in sehr seltenen Ausnahmef\u00e4llen gelingt es, eine Sondergenehmigung durchzusetzen, nach der die Tonnen unbegrenzt beispielsweise am Rand des B\u00fcrgersteigs abgestellt werden d\u00fcrfen. Das zeigt auch das Urteil des <\/strong><strong>Verwaltungsgerichts Hannover vom\u00a025.07.2024 (Aktenzeichen 7\u00a0A\u00a05135\/23).<\/strong><\/p>\n<h5>Streit um zwei gelbe M\u00fclltonnen<\/h5>\n<p>In dem Verfahren ging es um zwei gelbe M\u00fclltonnen (Fassungsverm\u00f6gen 240 Liter), die sich im Innenhof eines Mietshauses befanden.\u00a0 F\u00fcr den Abtransport schafft man die Tonnen durch das Treppenhaus \u00fcber eine Treppe zur Leerung an die Stra\u00dfe. Darum beantragte der Vermieter die Genehmigung, die gelben M\u00fclltonnen auch au\u00dferhalb der Leerungszeit im \u00f6ffentlichen Verkehrsraum stehen zu lassen.<\/p>\n<h5>M\u00fclltonnen d\u00fcrfen nicht im Verkehrsraum stehen bleiben<\/h5>\n<p>Die Stadtverwaltung lehnte den Antrag ab, die M\u00fclltonnen durften nicht an der Stra\u00dfe stehen bleiebn. Um seinen Antrag doch noch durchzusetzen, klagte der Vermieter. Er konnte sich aber auch vor dem Verwaltungsgericht Hannover nicht durchsetzen. Das Gericht schloss sich der Meinung der Beh\u00f6rde an. Diese argumentierte, dass normalerweise das Gewicht der bef\u00fcllten Gef\u00e4\u00dfe eher gering sei. Deshalb stellt man die M\u00fclltonnen nur f\u00fcr den Zeitpunkt der Leerung und kurz davor und danach vor dem Haus auf \u00f6ffentlichem Gel\u00e4nde ab.<\/p>\n<h5>gericht: Kein Grund f\u00fcr Sondergenehmigung<\/h5>\n<p>Das Gericht sah auch im vorliegenden Fall keine Veranlassung, eine Sondergenehmigung zu erteilen. Zwar werden die Tonnen aus dem Innenhof \u00fcber eine Treppe zur Stra\u00dfe gebracht. Das ist f\u00fcr f\u00fcr das Gericht keine Besonderheit. Eine Ausnahmegenehmigung zum Abstellen im \u00f6ffentlichen Raum wird deshalb nicht erteilt.<\/p>\n<hr \/>\n<h5>das k\u00f6nnte sie auch interessieren:<\/h5>\n<p><a href=\"https:\/\/www.buhl.de\/vermieter-web\/kuendigung-wegen-falscher-muell-entsorgung\/\">K\u00fcndigung wegen falscher M\u00fcll-Entsorgung?<\/a><br \/>\n<a href=\"https:\/\/www.buhl.de\/vermieter-web\/muelltonnen-haftung-wenn-nicht-sofort-zurueckgestellt-wurde\/\">M\u00fclltonne nicht zur\u00fcckgestellt.\u00a0 Wer haftet?<\/a><br \/>\n<a href=\"https:\/\/www.buhl.de\/vermieter-web\/bioabfall-richtig-entsorgen-2\/\">Bioabfall richtig entsorgen<\/a><\/p>\n<hr \/>\n<p>&nbsp;<\/p>\n","protected":false},"excerpt":{"rendered":"<p>M\u00fclltonnen d\u00fcrfen grunds\u00e4tzlich nicht auf Dauer im \u00f6ffentlichen Verkehrsraum stehen. Au\u00dferhalb der Leerungszeiten muss man sie auf dem Hausgrundst\u00fcck abstellen.\u00a0Nur in sehr seltenen Ausnahmef\u00e4llen gelingt es, eine Sondergenehmigung durchzusetzen, nach der die Tonnen unbegrenzt beispielsweise am Rand des B\u00fcrgersteigs abgestellt werden d\u00fcrfen. Das zeigt auch das Urteil des Verwaltungsgerichts Hannover vom\u00a025.07.2024 (Aktenzeichen 7\u00a0A\u00a05135\/23). Streit um &hellip; <\/p>\n<p class=\"link-more\"><a href=\"https:\/\/www.buhl.de\/vermieter-web\/muelltonnen-im-oeffentlichen-verkehrsraum\/\" class=\"more-link\"><span class=\"screen-reader-text\">\u201eM\u00fclltonnen im \u00f6ffentlichen Verkehrsraum\u201c<\/span> weiterlesen<\/a><\/p>\n","protected":false},"author":15,"featured_media":16408,"comment_status":"closed","ping_status":"open","sticky":false,"template":"","format":"standard","meta":{"footnotes":""},"categories":[1],"tags":[5778,631,6282],"class_list":["post-16406","post","type-post","status-publish","format-standard","has-post-thumbnail","hentry","category-allgemein","tag-abstellen","tag-muelltonne","tag-oeffentlich"],"yoast_head":"<!-- This site is optimized with the Yoast SEO Premium plugin v27.4 (Yoast SEO v27.5) - https:\/\/yoast.com\/product\/yoast-seo-premium-wordpress\/ -->\n<title>M\u00fclltonnen d\u00fcrfen nicht an der Stra\u00dfe stehen bleiben<\/title>\n<meta name=\"description\" content=\"M\u00fclltonnen m\u00fcsssen nach der Entleerung zur\u00fcck auf das Privatgrundst\u00fcck gestellt werden. Ausnahmegenehmigungen gibt es nur selten.\" \/>\n<meta name=\"robots\" content=\"noindex, nofollow\" \/>\n<meta property=\"og:locale\" content=\"de_DE\" \/>\n<meta property=\"og:type\" content=\"article\" \/>\n<meta property=\"og:title\" content=\"M\u00fclltonnen im \u00f6ffentlichen Verkehrsraum\" \/>\n<meta property=\"og:description\" content=\"M\u00fclltonnen m\u00fcsssen nach der Entleerung zur\u00fcck auf das Privatgrundst\u00fcck gestellt werden. Ausnahmegenehmigungen gibt es nur selten.\" \/>\n<meta property=\"og:url\" content=\"https:\/\/www.buhl.de\/vermieter-web\/muelltonnen-im-oeffentlichen-verkehrsraum\/\" \/>\n<meta property=\"og:site_name\" content=\"Online-Nebenkostenabrechnung mit WISO Vermieter-Web\" \/>\n<meta property=\"article:published_time\" content=\"2024-08-06T14:58:58+00:00\" \/>\n<meta property=\"og:image\" content=\"https:\/\/www.buhl.de\/vermieter-web\/wp-content\/uploads\/sites\/33\/2024\/08\/Muelltonnen-cherdchai-chawienghong-vecteezy.jpg\" \/>\n\t<meta property=\"og:image:width\" content=\"1069\" \/>\n\t<meta property=\"og:image:height\" content=\"541\" \/>\n\t<meta property=\"og:image:type\" content=\"image\/jpeg\" \/>\n<meta name=\"author\" content=\"Hartmut Fischer\" \/>\n<meta name=\"twitter:card\" content=\"summary_large_image\" \/>\n<meta name=\"twitter:label1\" content=\"Verfasst von\" \/>\n\t<meta name=\"twitter:data1\" content=\"Hartmut Fischer\" \/>\n\t<meta name=\"twitter:label2\" content=\"Gesch\u00e4tzte Lesezeit\" \/>\n\t<meta name=\"twitter:data2\" content=\"2\u00a0Minuten\" \/>\n<script type=\"application\/ld+json\" class=\"yoast-schema-graph\">{\"@context\":\"https:\\\/\\\/schema.org\",\"@graph\":[{\"@type\":\"Article\",\"@id\":\"https:\\\/\\\/www.buhl.de\\\/vermieter-web\\\/muelltonnen-im-oeffentlichen-verkehrsraum\\\/#article\",\"isPartOf\":{\"@id\":\"https:\\\/\\\/www.buhl.de\\\/vermieter-web\\\/muelltonnen-im-oeffentlichen-verkehrsraum\\\/\"},\"author\":{\"name\":\"Hartmut Fischer\",\"@id\":\"https:\\\/\\\/www.buhl.de\\\/vermieter-web\\\/#\\\/schema\\\/person\\\/82903e1cb04eb553382702d503991b4f\"},\"headline\":\"M\u00fclltonnen im \u00f6ffentlichen Verkehrsraum\",\"datePublished\":\"2024-08-06T14:58:58+00:00\",\"mainEntityOfPage\":{\"@id\":\"https:\\\/\\\/www.buhl.de\\\/vermieter-web\\\/muelltonnen-im-oeffentlichen-verkehrsraum\\\/\"},\"wordCount\":307,\"image\":{\"@id\":\"https:\\\/\\\/www.buhl.de\\\/vermieter-web\\\/muelltonnen-im-oeffentlichen-verkehrsraum\\\/#primaryimage\"},\"thumbnailUrl\":\"https:\\\/\\\/www.buhl.de\\\/vermieter-web\\\/wp-content\\\/uploads\\\/sites\\\/33\\\/2024\\\/08\\\/Muelltonnen-cherdchai-chawienghong-vecteezy.jpg\",\"keywords\":[\"abstellen\",\"M\u00fclltonne\",\"\u00d6ffentlich\"],\"inLanguage\":\"de\"},{\"@type\":\"WebPage\",\"@id\":\"https:\\\/\\\/www.buhl.de\\\/vermieter-web\\\/muelltonnen-im-oeffentlichen-verkehrsraum\\\/\",\"url\":\"https:\\\/\\\/www.buhl.de\\\/vermieter-web\\\/muelltonnen-im-oeffentlichen-verkehrsraum\\\/\",\"name\":\"M\u00fclltonnen d\u00fcrfen nicht an der Stra\u00dfe stehen bleiben\",\"isPartOf\":{\"@id\":\"https:\\\/\\\/www.buhl.de\\\/vermieter-web\\\/#website\"},\"primaryImageOfPage\":{\"@id\":\"https:\\\/\\\/www.buhl.de\\\/vermieter-web\\\/muelltonnen-im-oeffentlichen-verkehrsraum\\\/#primaryimage\"},\"image\":{\"@id\":\"https:\\\/\\\/www.buhl.de\\\/vermieter-web\\\/muelltonnen-im-oeffentlichen-verkehrsraum\\\/#primaryimage\"},\"thumbnailUrl\":\"https:\\\/\\\/www.buhl.de\\\/vermieter-web\\\/wp-content\\\/uploads\\\/sites\\\/33\\\/2024\\\/08\\\/Muelltonnen-cherdchai-chawienghong-vecteezy.jpg\",\"datePublished\":\"2024-08-06T14:58:58+00:00\",\"author\":{\"@id\":\"https:\\\/\\\/www.buhl.de\\\/vermieter-web\\\/#\\\/schema\\\/person\\\/82903e1cb04eb553382702d503991b4f\"},\"description\":\"M\u00fclltonnen m\u00fcsssen nach der Entleerung zur\u00fcck auf das Privatgrundst\u00fcck gestellt werden. Ausnahmegenehmigungen gibt es nur selten.\",\"breadcrumb\":{\"@id\":\"https:\\\/\\\/www.buhl.de\\\/vermieter-web\\\/muelltonnen-im-oeffentlichen-verkehrsraum\\\/#breadcrumb\"},\"inLanguage\":\"de\",\"potentialAction\":[{\"@type\":\"ReadAction\",\"target\":[\"https:\\\/\\\/www.buhl.de\\\/vermieter-web\\\/muelltonnen-im-oeffentlichen-verkehrsraum\\\/\"]}]},{\"@type\":\"ImageObject\",\"inLanguage\":\"de\",\"@id\":\"https:\\\/\\\/www.buhl.de\\\/vermieter-web\\\/muelltonnen-im-oeffentlichen-verkehrsraum\\\/#primaryimage\",\"url\":\"https:\\\/\\\/www.buhl.de\\\/vermieter-web\\\/wp-content\\\/uploads\\\/sites\\\/33\\\/2024\\\/08\\\/Muelltonnen-cherdchai-chawienghong-vecteezy.jpg\",\"contentUrl\":\"https:\\\/\\\/www.buhl.de\\\/vermieter-web\\\/wp-content\\\/uploads\\\/sites\\\/33\\\/2024\\\/08\\\/Muelltonnen-cherdchai-chawienghong-vecteezy.jpg\",\"width\":1069,\"height\":541},{\"@type\":\"BreadcrumbList\",\"@id\":\"https:\\\/\\\/www.buhl.de\\\/vermieter-web\\\/muelltonnen-im-oeffentlichen-verkehrsraum\\\/#breadcrumb\",\"itemListElement\":[{\"@type\":\"ListItem\",\"position\":1,\"name\":\"Startseite\",\"item\":\"https:\\\/\\\/www.buhl.de\\\/vermieter-web\\\/\"},{\"@type\":\"ListItem\",\"position\":2,\"name\":\"M\u00fclltonnen im \u00f6ffentlichen Verkehrsraum\"}]},{\"@type\":\"WebSite\",\"@id\":\"https:\\\/\\\/www.buhl.de\\\/vermieter-web\\\/#website\",\"url\":\"https:\\\/\\\/www.buhl.de\\\/vermieter-web\\\/\",\"name\":\"Online-Nebenkostenabrechnung mit WISO Vermieter-Web\",\"description\":\"\",\"potentialAction\":[{\"@type\":\"SearchAction\",\"target\":{\"@type\":\"EntryPoint\",\"urlTemplate\":\"https:\\\/\\\/www.buhl.de\\\/vermieter-web\\\/?s={search_term_string}\"},\"query-input\":{\"@type\":\"PropertyValueSpecification\",\"valueRequired\":true,\"valueName\":\"search_term_string\"}}],\"inLanguage\":\"de\"},{\"@type\":\"Person\",\"@id\":\"https:\\\/\\\/www.buhl.de\\\/vermieter-web\\\/#\\\/schema\\\/person\\\/82903e1cb04eb553382702d503991b4f\",\"name\":\"Hartmut Fischer\"}]}<\/script>\n<!-- \/ Yoast SEO Premium plugin. -->","yoast_head_json":{"title":"M\u00fclltonnen d\u00fcrfen nicht an der Stra\u00dfe stehen bleiben","description":"M\u00fclltonnen m\u00fcsssen nach der Entleerung zur\u00fcck auf das Privatgrundst\u00fcck gestellt werden. Ausnahmegenehmigungen gibt es nur selten.","robots":{"index":"noindex","follow":"nofollow"},"og_locale":"de_DE","og_type":"article","og_title":"M\u00fclltonnen im \u00f6ffentlichen Verkehrsraum","og_description":"M\u00fclltonnen m\u00fcsssen nach der Entleerung zur\u00fcck auf das Privatgrundst\u00fcck gestellt werden. Ausnahmegenehmigungen gibt es nur selten.","og_url":"https:\/\/www.buhl.de\/vermieter-web\/muelltonnen-im-oeffentlichen-verkehrsraum\/","og_site_name":"Online-Nebenkostenabrechnung mit WISO Vermieter-Web","article_published_time":"2024-08-06T14:58:58+00:00","og_image":[{"width":1069,"height":541,"url":"https:\/\/www.buhl.de\/vermieter-web\/wp-content\/uploads\/sites\/33\/2024\/08\/Muelltonnen-cherdchai-chawienghong-vecteezy.jpg","type":"image\/jpeg"}],"author":"Hartmut Fischer","twitter_card":"summary_large_image","twitter_misc":{"Verfasst von":"Hartmut Fischer","Gesch\u00e4tzte Lesezeit":"2\u00a0Minuten"},"schema":{"@context":"https:\/\/schema.org","@graph":[{"@type":"Article","@id":"https:\/\/www.buhl.de\/vermieter-web\/muelltonnen-im-oeffentlichen-verkehrsraum\/#article","isPartOf":{"@id":"https:\/\/www.buhl.de\/vermieter-web\/muelltonnen-im-oeffentlichen-verkehrsraum\/"},"author":{"name":"Hartmut Fischer","@id":"https:\/\/www.buhl.de\/vermieter-web\/#\/schema\/person\/82903e1cb04eb553382702d503991b4f"},"headline":"M\u00fclltonnen im \u00f6ffentlichen Verkehrsraum","datePublished":"2024-08-06T14:58:58+00:00","mainEntityOfPage":{"@id":"https:\/\/www.buhl.de\/vermieter-web\/muelltonnen-im-oeffentlichen-verkehrsraum\/"},"wordCount":307,"image":{"@id":"https:\/\/www.buhl.de\/vermieter-web\/muelltonnen-im-oeffentlichen-verkehrsraum\/#primaryimage"},"thumbnailUrl":"https:\/\/www.buhl.de\/vermieter-web\/wp-content\/uploads\/sites\/33\/2024\/08\/Muelltonnen-cherdchai-chawienghong-vecteezy.jpg","keywords":["abstellen","M\u00fclltonne","\u00d6ffentlich"],"inLanguage":"de"},{"@type":"WebPage","@id":"https:\/\/www.buhl.de\/vermieter-web\/muelltonnen-im-oeffentlichen-verkehrsraum\/","url":"https:\/\/www.buhl.de\/vermieter-web\/muelltonnen-im-oeffentlichen-verkehrsraum\/","name":"M\u00fclltonnen d\u00fcrfen nicht an der Stra\u00dfe stehen bleiben","isPartOf":{"@id":"https:\/\/www.buhl.de\/vermieter-web\/#website"},"primaryImageOfPage":{"@id":"https:\/\/www.buhl.de\/vermieter-web\/muelltonnen-im-oeffentlichen-verkehrsraum\/#primaryimage"},"image":{"@id":"https:\/\/www.buhl.de\/vermieter-web\/muelltonnen-im-oeffentlichen-verkehrsraum\/#primaryimage"},"thumbnailUrl":"https:\/\/www.buhl.de\/vermieter-web\/wp-content\/uploads\/sites\/33\/2024\/08\/Muelltonnen-cherdchai-chawienghong-vecteezy.jpg","datePublished":"2024-08-06T14:58:58+00:00","author":{"@id":"https:\/\/www.buhl.de\/vermieter-web\/#\/schema\/person\/82903e1cb04eb553382702d503991b4f"},"description":"M\u00fclltonnen m\u00fcsssen nach der Entleerung zur\u00fcck auf das Privatgrundst\u00fcck gestellt werden. Ausnahmegenehmigungen gibt es nur selten.","breadcrumb":{"@id":"https:\/\/www.buhl.de\/vermieter-web\/muelltonnen-im-oeffentlichen-verkehrsraum\/#breadcrumb"},"inLanguage":"de","potentialAction":[{"@type":"ReadAction","target":["https:\/\/www.buhl.de\/vermieter-web\/muelltonnen-im-oeffentlichen-verkehrsraum\/"]}]},{"@type":"ImageObject","inLanguage":"de","@id":"https:\/\/www.buhl.de\/vermieter-web\/muelltonnen-im-oeffentlichen-verkehrsraum\/#primaryimage","url":"https:\/\/www.buhl.de\/vermieter-web\/wp-content\/uploads\/sites\/33\/2024\/08\/Muelltonnen-cherdchai-chawienghong-vecteezy.jpg","contentUrl":"https:\/\/www.buhl.de\/vermieter-web\/wp-content\/uploads\/sites\/33\/2024\/08\/Muelltonnen-cherdchai-chawienghong-vecteezy.jpg","width":1069,"height":541},{"@type":"BreadcrumbList","@id":"https:\/\/www.buhl.de\/vermieter-web\/muelltonnen-im-oeffentlichen-verkehrsraum\/#breadcrumb","itemListElement":[{"@type":"ListItem","position":1,"name":"Startseite","item":"https:\/\/www.buhl.de\/vermieter-web\/"},{"@type":"ListItem","position":2,"name":"M\u00fclltonnen im \u00f6ffentlichen Verkehrsraum"}]},{"@type":"WebSite","@id":"https:\/\/www.buhl.de\/vermieter-web\/#website","url":"https:\/\/www.buhl.de\/vermieter-web\/","name":"Online-Nebenkostenabrechnung mit WISO Vermieter-Web","description":"","potentialAction":[{"@type":"SearchAction","target":{"@type":"EntryPoint","urlTemplate":"https:\/\/www.buhl.de\/vermieter-web\/?s={search_term_string}"},"query-input":{"@type":"PropertyValueSpecification","valueRequired":true,"valueName":"search_term_string"}}],"inLanguage":"de"},{"@type":"Person","@id":"https:\/\/www.buhl.de\/vermieter-web\/#\/schema\/person\/82903e1cb04eb553382702d503991b4f","name":"Hartmut Fischer"}]}},"_links":{"self":[{"href":"https:\/\/www.buhl.de\/vermieter-web\/wp-json\/wp\/v2\/posts\/16406","targetHints":{"allow":["GET"]}}],"collection":[{"href":"https:\/\/www.buhl.de\/vermieter-web\/wp-json\/wp\/v2\/posts"}],"about":[{"href":"https:\/\/www.buhl.de\/vermieter-web\/wp-json\/wp\/v2\/types\/post"}],"author":[{"embeddable":true,"href":"https:\/\/www.buhl.de\/vermieter-web\/wp-json\/wp\/v2\/users\/15"}],"replies":[{"embeddable":true,"href":"https:\/\/www.buhl.de\/vermieter-web\/wp-json\/wp\/v2\/comments?post=16406"}],"version-history":[{"count":2,"href":"https:\/\/www.buhl.de\/vermieter-web\/wp-json\/wp\/v2\/posts\/16406\/revisions"}],"predecessor-version":[{"id":16410,"href":"https:\/\/www.buhl.de\/vermieter-web\/wp-json\/wp\/v2\/posts\/16406\/revisions\/16410"}],"wp:featuredmedia":[{"embeddable":true,"href":"https:\/\/www.buhl.de\/vermieter-web\/wp-json\/wp\/v2\/media\/16408"}],"wp:attachment":[{"href":"https:\/\/www.buhl.de\/vermieter-web\/wp-json\/wp\/v2\/media?parent=16406"}],"wp:term":[{"taxonomy":"category","embeddable":true,"href":"https:\/\/www.buhl.de\/vermieter-web\/wp-json\/wp\/v2\/categories?post=16406"},{"taxonomy":"post_tag","embeddable":true,"href":"https:\/\/www.buhl.de\/vermieter-web\/wp-json\/wp\/v2\/tags?post=16406"}],"curies":[{"name":"wp","href":"https:\/\/api.w.org\/{rel}","templated":true}]}}