{"id":16612,"date":"2024-11-12T14:23:39","date_gmt":"2024-11-12T13:23:39","guid":{"rendered":"https:\/\/www.buhl.de\/vermieter-web\/?p=16612"},"modified":"2024-11-12T14:23:39","modified_gmt":"2024-11-12T13:23:39","slug":"dynamischer-stromtarif-was-ist-das","status":"publish","type":"post","link":"https:\/\/www.buhl.de\/vermieter-web\/dynamischer-stromtarif-was-ist-das\/","title":{"rendered":"Dynamischer Stromtarif \u2013 was ist das?"},"content":{"rendered":"<p><strong>Eine ganze Reihe von Stromlieferanten bietet bereits dynamische Stromtarife an. Ab 2025 sind die Anbieter verpflichtet, Ihren Kunden auch dieses flexible Preismodell anzubieten. Vielen Verbrauchern ist aber nicht klar, worum es hier geht. In diesem Beitrag erfahren Sie, was dynamische Stromtarife sind, wo die Vorteile sind \u2013 aber auch, welche Risiken beachtet werden sollten. <\/strong><\/p>\n<h5>Das Prinzip der dynamischen Stromtarife<\/h5>\n<p>Die aktuell \u201enormalen Stromtarife\u201c bestehen aus zwei Komponenten: dem Grundpreis (j\u00e4hrlich in Euro festgelegt) und dem Arbeitspreis (Cent\/Kilowattstunde). Der Arbeitspreis ist bei dynamischen Stromtarifen nicht fest. Hier \u00e4ndern sich die Preise st\u00fcndlich.<\/p>\n<h5>Der Markt bestimmt den dynamischen Stromtarif<\/h5>\n<p>Die schwankenden Preise ergeben sich aus den Vorgaben des \u201eEPEX Spot Markt\u201c. Hier wird der Strom wie an der B\u00f6rse gehandelt: Der Preis wird erst kurz vor der Stromlieferung festgelegt. Die meisten dynamischen Stromtarife orientieren sich hierbei an dem \u201eDay-Ahead-Markt\u201c. An diesem Markt wird Strom angeboten, der einen Tag sp\u00e4ter geliefert wird. Die Preise werden st\u00fcndlich neu bestimmt.<\/p>\n<p>Der Anbieter des dynamischen Stromtarifs kann aufgrund dieser Einkaufspreise die st\u00fcndlichen Verkaufspreise festlegen und den Abnehmern mitteilen. Diese Preise m\u00fcssen nun dem Kunden mitgeteilt werden. In den meisten F\u00e4llen werden die Abnehmerpreise per Internet jeweils mittags f\u00fcr den n\u00e4chsten Tag ver\u00f6ffentlicht.<\/p>\n<p>So erf\u00e4hrt der Kunde, welche \u2013 st\u00fcndlich variierenden \u2013 Preise am n\u00e4chsten Tag f\u00fcr ihn gelten. Er kann damit seinen Stromverbrauch nach den Kosten ausrichten. M\u00fcssen etwa Elektroger\u00e4te geladen werden, kann dies in den Stunden geschehen, in denen der Kilowattpreis am g\u00fcnstigsten ist.<\/p>\n<p>Grundlage f\u00fcr dynamische Stromtarife ist das Energiewirtschaftsgesetz. In <a href=\"https:\/\/www.gesetze-im-internet.de\/enwg_2005\/__3.html\">\u00a7\u00a03 Nr. 31d<\/a> wird der dynamische Stromtarif verbindlich beschrieben.<\/p>\n<h5>Wie setzt sich der dynamische Strompreis zusammen?<\/h5>\n<p>Um den Nutzen eines dynamischen Strompreises richtig einzusch\u00e4tzen, muss man sich mit dem Strompreis allgemein auseinandersetzen. Er besteht aus mehreren Komponenten:<\/p>\n<table>\n<tbody>\n<tr>\n<td width=\"245\">Art des Anteils<\/td>\n<td width=\"359\">Erl\u00e4uterung<\/td>\n<\/tr>\n<tr>\n<td width=\"245\">Beschaffung und Vertrieb (52 %*)<\/td>\n<td width=\"359\">Marktabh\u00e4ngiger Einkaufpreis, Servicekosten<\/td>\n<\/tr>\n<tr>\n<td width=\"245\">Netzentgelte, Z\u00e4hler (21 %*)<\/td>\n<td width=\"359\">Gesetzlich festgelegte Kosten<\/td>\n<\/tr>\n<tr>\n<td width=\"245\">Steuern, Abgaben, Umlagen (27 %*)<\/td>\n<td width=\"359\">Umsatz-, Stromsteuer, Konzessionsabgabe, Umlagen nach dem Kraft-W\u00e4rme-Kopplungsgesetz, der Strom-Netzentgeltverordnung und f\u00fcr abschaltbare Lasten, Offshore-Netzumlage<\/td>\n<\/tr>\n<\/tbody>\n<\/table>\n<p>* Durchschnittliche Zusammensetzung des Strompreises 2023 (f\u00fcr einen durchschnittlichen Haushalt in Deutschland mit 3.500 kWh Jahresverbrauch) \u2013 Datenquelle:\u00a0Bundesverband der Energie- und Wasserwirtschaft e.\u00a0V., Juli 2023<\/p>\n<p>Ein Gro\u00dfteil des Strompreises ist also starr \u2013 er \u00e4ndert sich nicht durch den Verbrauch. Das hei\u00dft aber auch, dass sich die Kosten f\u00fcr den Stromverbrauch mit einem dynamischen Strompreis nur zur rund der H\u00e4lfte tats\u00e4chlich beeinflussen lassen.<\/p>\n<h5>Voraussetzung f\u00fcr die Abrechnung<\/h5>\n<p>\u00dcber die aktuellen Stromz\u00e4hler k\u00f6nnen gr\u00f6\u00dftenteils keine dynamischen Stromtarife abgerechnet werden, da sie keine Z\u00e4hlerdaten versenden k\u00f6nnen. Damit aber die st\u00fcndlich neuen Preise auch korrekt abgerechnet werden, ben\u00f6tigt man ein System, das den Verbrauch zeitlich exakt erfasst und die Daten an einen Messstellenbetreiber meldet. Solche Stromz\u00e4hler, auch Smart-Meter genannt, sammeln den Stromverbrauch jede Viertelstunde und melden die Daten einmal am Tag an den zust\u00e4ndigen Messstellenbetreiber.<\/p>\n<h5>Anspruch auf \u201eSmart-Meter\u201c<\/h5>\n<p>Ab 2025 haben die Verbraucher einen Anspruch auf solche Smartmeter, die der Messstellenbetreiber innerhalb von vier Monaten installieren muss. Die Z\u00e4hlerkosten richten sich nach dem dar\u00fcber ermittelten Verbrauch. F\u00fcr einen Haushalt mit einem Verbrauch von bis zu 10.000 kWh kostet die Einrichtung 20,00 \u20ac. Bei Betrieb einer W\u00e4rmepumpe und einer Ladestation f\u00fcr das E-Auto entstehen j\u00e4hrliche Kosten von 50,00 \u20ac.<\/p>\n<hr \/>\n<p><img loading=\"lazy\" decoding=\"async\" class=\" wp-image-12797 alignleft\" src=\"https:\/\/www.buhl.de\/vermieter-web\/wp-content\/uploads\/sites\/33\/2020\/07\/Achtung.jpg\" alt=\"\" width=\"99\" height=\"97\" \/>Wichtig: Ein digitaler Stromz\u00e4hler ist zun\u00e4chst noch ein \u201eeinfacher Z\u00e4hler\u201c, der keine Daten \u00fcbermitteln kann. Hierzu muss eine Kommunikationseinheit f\u00fcr den Empfang und Versand von Daten angebracht werden \u2013 ein \u201eGateway\u201c. Ein digitaler Stromz\u00e4hler kann mit einem Gateway zum Smart-Meter umger\u00fcstet werden.<\/p>\n<hr \/>\n<h5>Lohnt sich ein dynamischer Stromtarif?<\/h5>\n<p>Wer die Ersparnism\u00f6glichkeiten eines dynamischen Stromtarifs nutzen will, sollte sich dar\u00fcber im Klaren sein, dass er sein Energieverbrauchsverhalten \u00e4ndern muss. W\u00e4hrend es bei einem festen Stromtarif gleichg\u00fcltig ist, wann Ger\u00e4te genutzt oder geladen werden, muss man bei einem dynamischen Stromtarif darauf achten, wann welcher Strompreis gilt.<\/p>\n<p>Bevor man deshalb dar\u00fcber nachdenkt, zu einem dynamischen Stromtarif zu wechseln, sollte man zun\u00e4chst \u00fcberlegen, welche M\u00f6glichkeiten man hat, sein Verbrauchsverhalten den schwankenden Strompreisen anzupassen. Hierf\u00fcr ist es nat\u00fcrlich unabdingbar, dass Sie jederzeit Zugriff auf die aktuellen Preise haben. Da Sie in den meisten F\u00e4llen die Preise f\u00fcr den n\u00e4chsten Tag meist gegen Mittag erhalten, sollten Sie diese sicherheitshalber ausdrucken.<\/p>\n<p>Nat\u00fcrlich werden die Anbieter der dynamischen Stromtarife auf die niedrigsten Strom-B\u00f6rsennotierungen verweisen. Doch lassen Sie sich nicht t\u00e4uschen: Selbst, wenn der Kurs ins Minus rutscht, m\u00fcssen Sie immer noch die festen Kosten tragen (siehe auch Kapitel \u201eWie setzt sich der dynamische Strompreis zusammen\u201c).<\/p>\n<p>Bevor Sie einen Vertrag unterzeichnen, sollten Sie sich von einem unabh\u00e4ngigen Energieberater umfassend informieren.\u00a0 Leider sind die meisten Tarife doch schwer zu verstehen und von einem Laien schwer bis gar nicht vergleichbar.<\/p>\n<p>&nbsp;<\/p>\n","protected":false},"excerpt":{"rendered":"<p>Eine ganze Reihe von Stromlieferanten bietet bereits dynamische Stromtarife an. Ab 2025 sind die Anbieter verpflichtet, Ihren Kunden auch dieses flexible Preismodell anzubieten. Vielen Verbrauchern ist aber nicht klar, worum es hier geht. In diesem Beitrag erfahren Sie, was dynamische Stromtarife sind, wo die Vorteile sind \u2013 aber auch, welche Risiken beachtet werden sollten. Das &hellip; <\/p>\n<p class=\"link-more\"><a href=\"https:\/\/www.buhl.de\/vermieter-web\/dynamischer-stromtarif-was-ist-das\/\" class=\"more-link\"><span class=\"screen-reader-text\">\u201eDynamischer Stromtarif \u2013 was ist das?\u201c<\/span> weiterlesen<\/a><\/p>\n","protected":false},"author":15,"featured_media":13695,"comment_status":"closed","ping_status":"open","sticky":false,"template":"","format":"standard","meta":{"footnotes":""},"categories":[1],"tags":[6319,4062,1418,5681],"class_list":["post-16612","post","type-post","status-publish","format-standard","has-post-thumbnail","hentry","category-allgemein","tag-dynamisch","tag-energie","tag-strom","tag-strompreis"],"yoast_head":"<!-- This site is optimized with the Yoast SEO Premium plugin v27.4 (Yoast SEO v27.5) - https:\/\/yoast.com\/product\/yoast-seo-premium-wordpress\/ -->\n<title>Dynamischer Stromtarif - was ist das?<\/title>\n<meta name=\"description\" content=\"Dynamische Stromtarife m\u00fcssen Energielieferanten ab 2025 anbieten. Doch wie funktioniert dieses System und lohnt sich der Umstieg?\" \/>\n<meta name=\"robots\" content=\"noindex, nofollow\" \/>\n<meta property=\"og:locale\" content=\"de_DE\" \/>\n<meta property=\"og:type\" content=\"article\" \/>\n<meta property=\"og:title\" content=\"Dynamischer Stromtarif \u2013 was ist das?\" \/>\n<meta property=\"og:description\" content=\"Dynamische Stromtarife m\u00fcssen Energielieferanten ab 2025 anbieten. Doch wie funktioniert dieses System und lohnt sich der Umstieg?\" \/>\n<meta property=\"og:url\" content=\"https:\/\/www.buhl.de\/vermieter-web\/dynamischer-stromtarif-was-ist-das\/\" \/>\n<meta property=\"og:site_name\" content=\"Online-Nebenkostenabrechnung mit WISO Vermieter-Web\" \/>\n<meta property=\"article:published_time\" content=\"2024-11-12T13:23:39+00:00\" \/>\n<meta property=\"og:image\" content=\"https:\/\/www.buhl.de\/vermieter-web\/wp-content\/uploads\/sites\/33\/2021\/06\/shutterstock_1895046628.jpg\" \/>\n\t<meta property=\"og:image:width\" content=\"840\" \/>\n\t<meta property=\"og:image:height\" content=\"420\" \/>\n\t<meta property=\"og:image:type\" content=\"image\/jpeg\" \/>\n<meta name=\"author\" content=\"Hartmut Fischer\" \/>\n<meta name=\"twitter:card\" content=\"summary_large_image\" \/>\n<meta name=\"twitter:label1\" content=\"Verfasst von\" \/>\n\t<meta name=\"twitter:data1\" content=\"Hartmut Fischer\" \/>\n\t<meta name=\"twitter:label2\" content=\"Gesch\u00e4tzte Lesezeit\" \/>\n\t<meta name=\"twitter:data2\" content=\"5\u00a0Minuten\" \/>\n<script type=\"application\/ld+json\" class=\"yoast-schema-graph\">{\"@context\":\"https:\\\/\\\/schema.org\",\"@graph\":[{\"@type\":\"Article\",\"@id\":\"https:\\\/\\\/www.buhl.de\\\/vermieter-web\\\/dynamischer-stromtarif-was-ist-das\\\/#article\",\"isPartOf\":{\"@id\":\"https:\\\/\\\/www.buhl.de\\\/vermieter-web\\\/dynamischer-stromtarif-was-ist-das\\\/\"},\"author\":{\"name\":\"Hartmut Fischer\",\"@id\":\"https:\\\/\\\/www.buhl.de\\\/vermieter-web\\\/#\\\/schema\\\/person\\\/82903e1cb04eb553382702d503991b4f\"},\"headline\":\"Dynamischer Stromtarif \u2013 was ist das?\",\"datePublished\":\"2024-11-12T13:23:39+00:00\",\"mainEntityOfPage\":{\"@id\":\"https:\\\/\\\/www.buhl.de\\\/vermieter-web\\\/dynamischer-stromtarif-was-ist-das\\\/\"},\"wordCount\":801,\"image\":{\"@id\":\"https:\\\/\\\/www.buhl.de\\\/vermieter-web\\\/dynamischer-stromtarif-was-ist-das\\\/#primaryimage\"},\"thumbnailUrl\":\"https:\\\/\\\/www.buhl.de\\\/vermieter-web\\\/wp-content\\\/uploads\\\/sites\\\/33\\\/2021\\\/06\\\/shutterstock_1895046628.jpg\",\"keywords\":[\"dynamisch\",\"Energie\",\"Strom\",\"Strompreis\"],\"inLanguage\":\"de\"},{\"@type\":\"WebPage\",\"@id\":\"https:\\\/\\\/www.buhl.de\\\/vermieter-web\\\/dynamischer-stromtarif-was-ist-das\\\/\",\"url\":\"https:\\\/\\\/www.buhl.de\\\/vermieter-web\\\/dynamischer-stromtarif-was-ist-das\\\/\",\"name\":\"Dynamischer Stromtarif - was ist das?\",\"isPartOf\":{\"@id\":\"https:\\\/\\\/www.buhl.de\\\/vermieter-web\\\/#website\"},\"primaryImageOfPage\":{\"@id\":\"https:\\\/\\\/www.buhl.de\\\/vermieter-web\\\/dynamischer-stromtarif-was-ist-das\\\/#primaryimage\"},\"image\":{\"@id\":\"https:\\\/\\\/www.buhl.de\\\/vermieter-web\\\/dynamischer-stromtarif-was-ist-das\\\/#primaryimage\"},\"thumbnailUrl\":\"https:\\\/\\\/www.buhl.de\\\/vermieter-web\\\/wp-content\\\/uploads\\\/sites\\\/33\\\/2021\\\/06\\\/shutterstock_1895046628.jpg\",\"datePublished\":\"2024-11-12T13:23:39+00:00\",\"author\":{\"@id\":\"https:\\\/\\\/www.buhl.de\\\/vermieter-web\\\/#\\\/schema\\\/person\\\/82903e1cb04eb553382702d503991b4f\"},\"description\":\"Dynamische Stromtarife m\u00fcssen Energielieferanten ab 2025 anbieten. Doch wie funktioniert dieses System und lohnt sich der Umstieg?\",\"breadcrumb\":{\"@id\":\"https:\\\/\\\/www.buhl.de\\\/vermieter-web\\\/dynamischer-stromtarif-was-ist-das\\\/#breadcrumb\"},\"inLanguage\":\"de\",\"potentialAction\":[{\"@type\":\"ReadAction\",\"target\":[\"https:\\\/\\\/www.buhl.de\\\/vermieter-web\\\/dynamischer-stromtarif-was-ist-das\\\/\"]}]},{\"@type\":\"ImageObject\",\"inLanguage\":\"de\",\"@id\":\"https:\\\/\\\/www.buhl.de\\\/vermieter-web\\\/dynamischer-stromtarif-was-ist-das\\\/#primaryimage\",\"url\":\"https:\\\/\\\/www.buhl.de\\\/vermieter-web\\\/wp-content\\\/uploads\\\/sites\\\/33\\\/2021\\\/06\\\/shutterstock_1895046628.jpg\",\"contentUrl\":\"https:\\\/\\\/www.buhl.de\\\/vermieter-web\\\/wp-content\\\/uploads\\\/sites\\\/33\\\/2021\\\/06\\\/shutterstock_1895046628.jpg\",\"width\":840,\"height\":420,\"caption\":\"Sparschwein auf Geldscheinen, dahinter Strom- und Gasz\u00e4hler\"},{\"@type\":\"BreadcrumbList\",\"@id\":\"https:\\\/\\\/www.buhl.de\\\/vermieter-web\\\/dynamischer-stromtarif-was-ist-das\\\/#breadcrumb\",\"itemListElement\":[{\"@type\":\"ListItem\",\"position\":1,\"name\":\"Startseite\",\"item\":\"https:\\\/\\\/www.buhl.de\\\/vermieter-web\\\/\"},{\"@type\":\"ListItem\",\"position\":2,\"name\":\"Dynamischer Stromtarif \u2013 was ist das?\"}]},{\"@type\":\"WebSite\",\"@id\":\"https:\\\/\\\/www.buhl.de\\\/vermieter-web\\\/#website\",\"url\":\"https:\\\/\\\/www.buhl.de\\\/vermieter-web\\\/\",\"name\":\"Online-Nebenkostenabrechnung mit WISO Vermieter-Web\",\"description\":\"\",\"potentialAction\":[{\"@type\":\"SearchAction\",\"target\":{\"@type\":\"EntryPoint\",\"urlTemplate\":\"https:\\\/\\\/www.buhl.de\\\/vermieter-web\\\/?s={search_term_string}\"},\"query-input\":{\"@type\":\"PropertyValueSpecification\",\"valueRequired\":true,\"valueName\":\"search_term_string\"}}],\"inLanguage\":\"de\"},{\"@type\":\"Person\",\"@id\":\"https:\\\/\\\/www.buhl.de\\\/vermieter-web\\\/#\\\/schema\\\/person\\\/82903e1cb04eb553382702d503991b4f\",\"name\":\"Hartmut Fischer\"}]}<\/script>\n<!-- \/ Yoast SEO Premium plugin. -->","yoast_head_json":{"title":"Dynamischer Stromtarif - was ist das?","description":"Dynamische Stromtarife m\u00fcssen Energielieferanten ab 2025 anbieten. Doch wie funktioniert dieses System und lohnt sich der Umstieg?","robots":{"index":"noindex","follow":"nofollow"},"og_locale":"de_DE","og_type":"article","og_title":"Dynamischer Stromtarif \u2013 was ist das?","og_description":"Dynamische Stromtarife m\u00fcssen Energielieferanten ab 2025 anbieten. Doch wie funktioniert dieses System und lohnt sich der Umstieg?","og_url":"https:\/\/www.buhl.de\/vermieter-web\/dynamischer-stromtarif-was-ist-das\/","og_site_name":"Online-Nebenkostenabrechnung mit WISO Vermieter-Web","article_published_time":"2024-11-12T13:23:39+00:00","og_image":[{"width":840,"height":420,"url":"https:\/\/www.buhl.de\/vermieter-web\/wp-content\/uploads\/sites\/33\/2021\/06\/shutterstock_1895046628.jpg","type":"image\/jpeg"}],"author":"Hartmut Fischer","twitter_card":"summary_large_image","twitter_misc":{"Verfasst von":"Hartmut Fischer","Gesch\u00e4tzte Lesezeit":"5\u00a0Minuten"},"schema":{"@context":"https:\/\/schema.org","@graph":[{"@type":"Article","@id":"https:\/\/www.buhl.de\/vermieter-web\/dynamischer-stromtarif-was-ist-das\/#article","isPartOf":{"@id":"https:\/\/www.buhl.de\/vermieter-web\/dynamischer-stromtarif-was-ist-das\/"},"author":{"name":"Hartmut Fischer","@id":"https:\/\/www.buhl.de\/vermieter-web\/#\/schema\/person\/82903e1cb04eb553382702d503991b4f"},"headline":"Dynamischer Stromtarif \u2013 was ist das?","datePublished":"2024-11-12T13:23:39+00:00","mainEntityOfPage":{"@id":"https:\/\/www.buhl.de\/vermieter-web\/dynamischer-stromtarif-was-ist-das\/"},"wordCount":801,"image":{"@id":"https:\/\/www.buhl.de\/vermieter-web\/dynamischer-stromtarif-was-ist-das\/#primaryimage"},"thumbnailUrl":"https:\/\/www.buhl.de\/vermieter-web\/wp-content\/uploads\/sites\/33\/2021\/06\/shutterstock_1895046628.jpg","keywords":["dynamisch","Energie","Strom","Strompreis"],"inLanguage":"de"},{"@type":"WebPage","@id":"https:\/\/www.buhl.de\/vermieter-web\/dynamischer-stromtarif-was-ist-das\/","url":"https:\/\/www.buhl.de\/vermieter-web\/dynamischer-stromtarif-was-ist-das\/","name":"Dynamischer Stromtarif - was ist das?","isPartOf":{"@id":"https:\/\/www.buhl.de\/vermieter-web\/#website"},"primaryImageOfPage":{"@id":"https:\/\/www.buhl.de\/vermieter-web\/dynamischer-stromtarif-was-ist-das\/#primaryimage"},"image":{"@id":"https:\/\/www.buhl.de\/vermieter-web\/dynamischer-stromtarif-was-ist-das\/#primaryimage"},"thumbnailUrl":"https:\/\/www.buhl.de\/vermieter-web\/wp-content\/uploads\/sites\/33\/2021\/06\/shutterstock_1895046628.jpg","datePublished":"2024-11-12T13:23:39+00:00","author":{"@id":"https:\/\/www.buhl.de\/vermieter-web\/#\/schema\/person\/82903e1cb04eb553382702d503991b4f"},"description":"Dynamische Stromtarife m\u00fcssen Energielieferanten ab 2025 anbieten. Doch wie funktioniert dieses System und lohnt sich der Umstieg?","breadcrumb":{"@id":"https:\/\/www.buhl.de\/vermieter-web\/dynamischer-stromtarif-was-ist-das\/#breadcrumb"},"inLanguage":"de","potentialAction":[{"@type":"ReadAction","target":["https:\/\/www.buhl.de\/vermieter-web\/dynamischer-stromtarif-was-ist-das\/"]}]},{"@type":"ImageObject","inLanguage":"de","@id":"https:\/\/www.buhl.de\/vermieter-web\/dynamischer-stromtarif-was-ist-das\/#primaryimage","url":"https:\/\/www.buhl.de\/vermieter-web\/wp-content\/uploads\/sites\/33\/2021\/06\/shutterstock_1895046628.jpg","contentUrl":"https:\/\/www.buhl.de\/vermieter-web\/wp-content\/uploads\/sites\/33\/2021\/06\/shutterstock_1895046628.jpg","width":840,"height":420,"caption":"Sparschwein auf Geldscheinen, dahinter Strom- und Gasz\u00e4hler"},{"@type":"BreadcrumbList","@id":"https:\/\/www.buhl.de\/vermieter-web\/dynamischer-stromtarif-was-ist-das\/#breadcrumb","itemListElement":[{"@type":"ListItem","position":1,"name":"Startseite","item":"https:\/\/www.buhl.de\/vermieter-web\/"},{"@type":"ListItem","position":2,"name":"Dynamischer Stromtarif \u2013 was ist das?"}]},{"@type":"WebSite","@id":"https:\/\/www.buhl.de\/vermieter-web\/#website","url":"https:\/\/www.buhl.de\/vermieter-web\/","name":"Online-Nebenkostenabrechnung mit WISO Vermieter-Web","description":"","potentialAction":[{"@type":"SearchAction","target":{"@type":"EntryPoint","urlTemplate":"https:\/\/www.buhl.de\/vermieter-web\/?s={search_term_string}"},"query-input":{"@type":"PropertyValueSpecification","valueRequired":true,"valueName":"search_term_string"}}],"inLanguage":"de"},{"@type":"Person","@id":"https:\/\/www.buhl.de\/vermieter-web\/#\/schema\/person\/82903e1cb04eb553382702d503991b4f","name":"Hartmut Fischer"}]}},"_links":{"self":[{"href":"https:\/\/www.buhl.de\/vermieter-web\/wp-json\/wp\/v2\/posts\/16612","targetHints":{"allow":["GET"]}}],"collection":[{"href":"https:\/\/www.buhl.de\/vermieter-web\/wp-json\/wp\/v2\/posts"}],"about":[{"href":"https:\/\/www.buhl.de\/vermieter-web\/wp-json\/wp\/v2\/types\/post"}],"author":[{"embeddable":true,"href":"https:\/\/www.buhl.de\/vermieter-web\/wp-json\/wp\/v2\/users\/15"}],"replies":[{"embeddable":true,"href":"https:\/\/www.buhl.de\/vermieter-web\/wp-json\/wp\/v2\/comments?post=16612"}],"version-history":[{"count":2,"href":"https:\/\/www.buhl.de\/vermieter-web\/wp-json\/wp\/v2\/posts\/16612\/revisions"}],"predecessor-version":[{"id":16615,"href":"https:\/\/www.buhl.de\/vermieter-web\/wp-json\/wp\/v2\/posts\/16612\/revisions\/16615"}],"wp:featuredmedia":[{"embeddable":true,"href":"https:\/\/www.buhl.de\/vermieter-web\/wp-json\/wp\/v2\/media\/13695"}],"wp:attachment":[{"href":"https:\/\/www.buhl.de\/vermieter-web\/wp-json\/wp\/v2\/media?parent=16612"}],"wp:term":[{"taxonomy":"category","embeddable":true,"href":"https:\/\/www.buhl.de\/vermieter-web\/wp-json\/wp\/v2\/categories?post=16612"},{"taxonomy":"post_tag","embeddable":true,"href":"https:\/\/www.buhl.de\/vermieter-web\/wp-json\/wp\/v2\/tags?post=16612"}],"curies":[{"name":"wp","href":"https:\/\/api.w.org\/{rel}","templated":true}]}}