{"id":16653,"date":"2024-11-28T14:20:11","date_gmt":"2024-11-28T13:20:11","guid":{"rendered":"https:\/\/www.buhl.de\/vermieter-web\/?p=16653"},"modified":"2024-11-28T14:20:11","modified_gmt":"2024-11-28T13:20:11","slug":"delegation-auf-den-weg-verwalter","status":"publish","type":"post","link":"https:\/\/www.buhl.de\/vermieter-web\/delegation-auf-den-weg-verwalter\/","title":{"rendered":"Delegation auf den WEG-Verwalter"},"content":{"rendered":"<p><strong>Die Wohnungseigent\u00fcmergemeinschaft kann die Aufgabe der Sanierung (hier von Au\u00dfenfenstern) auf den Verwalter delegieren, wenn die Gemeinschaft zuvor grunds\u00e4tzlich beschlossen hat, die Ma\u00dfnahmen durchzuf\u00fchren. F\u00fcr die Ausf\u00fchrung muss im Rahmen der Delegation kein verbindlicher Entscheidungsrahmen festgelegt werden, an den sich der Verwalter halten muss. Das entschied der Bundesgerichtshof in einem Urteil vom 05.07.2024 (Aktenzeichen V ZR 241\/23).<\/strong><\/p>\n<h5>Delegation auf Verwalter<\/h5>\n<p>In dem Verfahren ging es um einen Beschluss einer Wohneigent\u00fcmergemeinschaft. Danach wurde eine Delegation auf den Verwalter beschlossen, nach der er die Erneuerung der Fensteranlagen innerhalb der Wohneigentumsanlage in Auftrag geben sollte. Der grunds\u00e4tzliche Beschluss, die Fenster zu erneuern, war bereits zuvor gefasst worden. Au\u00dferdem wurde dem Verwalter per Beschluss vorgeschrieben, dass er die Erneuerungen entsprechend ihrer Dringlichkeit veranlassen sollte und er nicht mehr als 35.000 EUR im laufenden Jahr ausgeben durfte. Zudem sollte er mindestens drei Kostenvoranschl\u00e4ge einholen und die neuen Fenster entsprechend der bestehenden Optik anschaffen.<\/p>\n<h5>Wohnungseigent\u00fcmer widerspricht der Delegation<\/h5>\n<p>Gegen die Delegation reichte ein Wohnungseigent\u00fcmer eine Anfechtungsklage ein. Er konnte sich vor dem Amtsgericht nicht durchsetzen \u2013 vor dem Landgericht D\u00fcsseldorf hatte er jedoch Erfolg. Nach Ansicht des Landgerichts entsprach der Beschluss der Delegation nicht einer ordnungsgem\u00e4\u00dfen Verwaltung. Abgesehen von den Vorgaben bez\u00fcglich der Optik konnte der Verwalter frei \u00fcber die finale Gestaltung der Fenster, das Material und die Kostenverteilung (im Rahmen der Obergrenze)\u00a0 entscheiden. Dies war nach Ansicht des Landgerichts nicht zul\u00e4ssig.<\/p>\n<h5>Die Delegation wird vom BGH best\u00e4tigt<\/h5>\n<p>Das Verfahren ging dann in Revision vor den Bundesgerichtshof (BGH), der zugunsten der Wohnungseigent\u00fcmergemeinschaft entschied. Die Delegation an den Verwalter sei wirksam und entspreche einer ordnungsgem\u00e4\u00dfen Verwaltung. Die Entscheidungen \u00fcber die Durchf\u00fchrung und Finanzierung der Fenstersanierung wurden von den Wohnungseigent\u00fcmern getroffen. Beauftragung und Durchf\u00fchrung durften auf den Verwalter \u00fcbertragen werden.<\/p>\n<h5>Zur Delegation muss kein Entscheidungsspielraum festgelegt werden<\/h5>\n<p>Das aktuelle Wohneigentumsrecht erlaubt den Wohnungseigent\u00fcmern, auch Entscheidungen \u00fcber Verwaltung und Benutzung des Gemeinschaftseigentums auf den Verwalter zu delegieren. Soweit es sich aber um Erhaltungsma\u00dfnahmen handelt, muss die grundlegende Entscheidung, dass die Ma\u00dfnahme durchgef\u00fchrt werden soll, von der Wohneigent\u00fcmergemeinschaft getroffen werden. Mit dem Beschluss, die Ausf\u00fchrung an den Verwalter zu delegieren, sei keine Verpflichtung der Wohneigent\u00fcmergemeinschaft verbunden, einen verbindlichen Entscheidungsspielraum festzulegen. Die Notwendigkeit bestehe schon deshalb nicht, weil der Verwalter das Gebot der Wirtschaftlichkeit beachten muss.<\/p>\n<hr \/>\n<h5><strong>Das k\u00f6nnte Sie auch interessieren<\/strong><\/h5>\n<p><a href=\"https:\/\/www.buhl.de\/vermieter-web\/der-wohnungseigentuemer-und-seine-ansprueche-gegen-verwalter-und-gemeinschaft\/\">Der Wohnungseigent\u00fcmer und seine Anspr\u00fcche gegen Verwalter und Gemeinschaft<\/a><br \/>\n<a href=\"https:\/\/www.buhl.de\/vermieter-web\/abflussrinne-am-balkon-wer-traegt-in-einer-weg-die-kosten\/\">Abflussrinne am Balkon: Wer tr\u00e4gt in einer WEG die Kosten?<\/a><br \/>\n<a href=\"https:\/\/www.buhl.de\/vermieter-web\/rechtsanwalt-im-auftrag-der-weg\/\">Rechtsanwalt im Auftrag der WEG<\/a><\/p>\n<hr \/>\n<p>&nbsp;<\/p>\n<p>&nbsp;<\/p>\n","protected":false},"excerpt":{"rendered":"<p>Die Wohnungseigent\u00fcmergemeinschaft kann die Aufgabe der Sanierung (hier von Au\u00dfenfenstern) auf den Verwalter delegieren, wenn die Gemeinschaft zuvor grunds\u00e4tzlich beschlossen hat, die Ma\u00dfnahmen durchzuf\u00fchren. F\u00fcr die Ausf\u00fchrung muss im Rahmen der Delegation kein verbindlicher Entscheidungsrahmen festgelegt werden, an den sich der Verwalter halten muss. Das entschied der Bundesgerichtshof in einem Urteil vom 05.07.2024 (Aktenzeichen V &hellip; <\/p>\n<p class=\"link-more\"><a href=\"https:\/\/www.buhl.de\/vermieter-web\/delegation-auf-den-weg-verwalter\/\" class=\"more-link\"><span class=\"screen-reader-text\">\u201eDelegation auf den WEG-Verwalter\u201c<\/span> weiterlesen<\/a><\/p>\n","protected":false},"author":15,"featured_media":15869,"comment_status":"closed","ping_status":"open","sticky":false,"template":"","format":"standard","meta":{"footnotes":""},"categories":[1],"tags":[6329,607,1341],"class_list":["post-16653","post","type-post","status-publish","format-standard","has-post-thumbnail","hentry","category-allgemein","tag-delegation","tag-verwalter","tag-wohnungseigentuemergemeinschaft"],"yoast_head":"<!-- This site is optimized with the Yoast SEO Premium plugin v27.4 (Yoast SEO v27.5) - https:\/\/yoast.com\/product\/yoast-seo-premium-wordpress\/ -->\n<title>Delegation auf den WEG-Verwalter<\/title>\n<meta name=\"description\" content=\"Die Delegation von Sanierungsarbeiten kann auf den Verwalter \u00fcbertragen werden, wenn die WEG die Ma\u00dfnahme grunds\u00e4tzlich beschlossen hat.\" \/>\n<meta name=\"robots\" content=\"noindex, nofollow\" \/>\n<meta property=\"og:locale\" content=\"de_DE\" \/>\n<meta property=\"og:type\" content=\"article\" \/>\n<meta property=\"og:title\" content=\"Delegation auf den WEG-Verwalter\" \/>\n<meta property=\"og:description\" content=\"Die Delegation von Sanierungsarbeiten kann auf den Verwalter \u00fcbertragen werden, wenn die WEG die Ma\u00dfnahme grunds\u00e4tzlich beschlossen hat.\" \/>\n<meta property=\"og:url\" content=\"https:\/\/www.buhl.de\/vermieter-web\/delegation-auf-den-weg-verwalter\/\" \/>\n<meta property=\"og:site_name\" content=\"Online-Nebenkostenabrechnung mit WISO Vermieter-Web\" \/>\n<meta property=\"article:published_time\" content=\"2024-11-28T13:20:11+00:00\" \/>\n<meta property=\"og:image\" content=\"https:\/\/www.buhl.de\/vermieter-web\/wp-content\/uploads\/sites\/33\/2023\/12\/Titiwoot-Weerawong-Vecteezy002.jpg\" \/>\n\t<meta property=\"og:image:width\" content=\"1069\" \/>\n\t<meta property=\"og:image:height\" content=\"414\" \/>\n\t<meta property=\"og:image:type\" content=\"image\/jpeg\" \/>\n<meta name=\"author\" content=\"Hartmut Fischer\" \/>\n<meta name=\"twitter:card\" content=\"summary_large_image\" \/>\n<meta name=\"twitter:label1\" content=\"Verfasst von\" \/>\n\t<meta name=\"twitter:data1\" content=\"Hartmut Fischer\" \/>\n\t<meta name=\"twitter:label2\" content=\"Gesch\u00e4tzte Lesezeit\" \/>\n\t<meta name=\"twitter:data2\" content=\"3\u00a0Minuten\" \/>\n<script type=\"application\/ld+json\" class=\"yoast-schema-graph\">{\"@context\":\"https:\\\/\\\/schema.org\",\"@graph\":[{\"@type\":\"Article\",\"@id\":\"https:\\\/\\\/www.buhl.de\\\/vermieter-web\\\/delegation-auf-den-weg-verwalter\\\/#article\",\"isPartOf\":{\"@id\":\"https:\\\/\\\/www.buhl.de\\\/vermieter-web\\\/delegation-auf-den-weg-verwalter\\\/\"},\"author\":{\"name\":\"Hartmut Fischer\",\"@id\":\"https:\\\/\\\/www.buhl.de\\\/vermieter-web\\\/#\\\/schema\\\/person\\\/82903e1cb04eb553382702d503991b4f\"},\"headline\":\"Delegation auf den WEG-Verwalter\",\"datePublished\":\"2024-11-28T13:20:11+00:00\",\"mainEntityOfPage\":{\"@id\":\"https:\\\/\\\/www.buhl.de\\\/vermieter-web\\\/delegation-auf-den-weg-verwalter\\\/\"},\"wordCount\":430,\"image\":{\"@id\":\"https:\\\/\\\/www.buhl.de\\\/vermieter-web\\\/delegation-auf-den-weg-verwalter\\\/#primaryimage\"},\"thumbnailUrl\":\"https:\\\/\\\/www.buhl.de\\\/vermieter-web\\\/wp-content\\\/uploads\\\/sites\\\/33\\\/2023\\\/12\\\/Titiwoot-Weerawong-Vecteezy002.jpg\",\"keywords\":[\"Delegation\",\"Verwalter\",\"Wohnungseigent\u00fcmergemeinschaft\"],\"inLanguage\":\"de\"},{\"@type\":\"WebPage\",\"@id\":\"https:\\\/\\\/www.buhl.de\\\/vermieter-web\\\/delegation-auf-den-weg-verwalter\\\/\",\"url\":\"https:\\\/\\\/www.buhl.de\\\/vermieter-web\\\/delegation-auf-den-weg-verwalter\\\/\",\"name\":\"Delegation auf den WEG-Verwalter\",\"isPartOf\":{\"@id\":\"https:\\\/\\\/www.buhl.de\\\/vermieter-web\\\/#website\"},\"primaryImageOfPage\":{\"@id\":\"https:\\\/\\\/www.buhl.de\\\/vermieter-web\\\/delegation-auf-den-weg-verwalter\\\/#primaryimage\"},\"image\":{\"@id\":\"https:\\\/\\\/www.buhl.de\\\/vermieter-web\\\/delegation-auf-den-weg-verwalter\\\/#primaryimage\"},\"thumbnailUrl\":\"https:\\\/\\\/www.buhl.de\\\/vermieter-web\\\/wp-content\\\/uploads\\\/sites\\\/33\\\/2023\\\/12\\\/Titiwoot-Weerawong-Vecteezy002.jpg\",\"datePublished\":\"2024-11-28T13:20:11+00:00\",\"author\":{\"@id\":\"https:\\\/\\\/www.buhl.de\\\/vermieter-web\\\/#\\\/schema\\\/person\\\/82903e1cb04eb553382702d503991b4f\"},\"description\":\"Die Delegation von Sanierungsarbeiten kann auf den Verwalter \u00fcbertragen werden, wenn die WEG die Ma\u00dfnahme grunds\u00e4tzlich beschlossen hat.\",\"breadcrumb\":{\"@id\":\"https:\\\/\\\/www.buhl.de\\\/vermieter-web\\\/delegation-auf-den-weg-verwalter\\\/#breadcrumb\"},\"inLanguage\":\"de\",\"potentialAction\":[{\"@type\":\"ReadAction\",\"target\":[\"https:\\\/\\\/www.buhl.de\\\/vermieter-web\\\/delegation-auf-den-weg-verwalter\\\/\"]}]},{\"@type\":\"ImageObject\",\"inLanguage\":\"de\",\"@id\":\"https:\\\/\\\/www.buhl.de\\\/vermieter-web\\\/delegation-auf-den-weg-verwalter\\\/#primaryimage\",\"url\":\"https:\\\/\\\/www.buhl.de\\\/vermieter-web\\\/wp-content\\\/uploads\\\/sites\\\/33\\\/2023\\\/12\\\/Titiwoot-Weerawong-Vecteezy002.jpg\",\"contentUrl\":\"https:\\\/\\\/www.buhl.de\\\/vermieter-web\\\/wp-content\\\/uploads\\\/sites\\\/33\\\/2023\\\/12\\\/Titiwoot-Weerawong-Vecteezy002.jpg\",\"width\":1069,\"height\":414},{\"@type\":\"BreadcrumbList\",\"@id\":\"https:\\\/\\\/www.buhl.de\\\/vermieter-web\\\/delegation-auf-den-weg-verwalter\\\/#breadcrumb\",\"itemListElement\":[{\"@type\":\"ListItem\",\"position\":1,\"name\":\"Startseite\",\"item\":\"https:\\\/\\\/www.buhl.de\\\/vermieter-web\\\/\"},{\"@type\":\"ListItem\",\"position\":2,\"name\":\"Delegation auf den WEG-Verwalter\"}]},{\"@type\":\"WebSite\",\"@id\":\"https:\\\/\\\/www.buhl.de\\\/vermieter-web\\\/#website\",\"url\":\"https:\\\/\\\/www.buhl.de\\\/vermieter-web\\\/\",\"name\":\"Online-Nebenkostenabrechnung mit WISO Vermieter-Web\",\"description\":\"\",\"potentialAction\":[{\"@type\":\"SearchAction\",\"target\":{\"@type\":\"EntryPoint\",\"urlTemplate\":\"https:\\\/\\\/www.buhl.de\\\/vermieter-web\\\/?s={search_term_string}\"},\"query-input\":{\"@type\":\"PropertyValueSpecification\",\"valueRequired\":true,\"valueName\":\"search_term_string\"}}],\"inLanguage\":\"de\"},{\"@type\":\"Person\",\"@id\":\"https:\\\/\\\/www.buhl.de\\\/vermieter-web\\\/#\\\/schema\\\/person\\\/82903e1cb04eb553382702d503991b4f\",\"name\":\"Hartmut Fischer\"}]}<\/script>\n<!-- \/ Yoast SEO Premium plugin. -->","yoast_head_json":{"title":"Delegation auf den WEG-Verwalter","description":"Die Delegation von Sanierungsarbeiten kann auf den Verwalter \u00fcbertragen werden, wenn die WEG die Ma\u00dfnahme grunds\u00e4tzlich beschlossen hat.","robots":{"index":"noindex","follow":"nofollow"},"og_locale":"de_DE","og_type":"article","og_title":"Delegation auf den WEG-Verwalter","og_description":"Die Delegation von Sanierungsarbeiten kann auf den Verwalter \u00fcbertragen werden, wenn die WEG die Ma\u00dfnahme grunds\u00e4tzlich beschlossen hat.","og_url":"https:\/\/www.buhl.de\/vermieter-web\/delegation-auf-den-weg-verwalter\/","og_site_name":"Online-Nebenkostenabrechnung mit WISO Vermieter-Web","article_published_time":"2024-11-28T13:20:11+00:00","og_image":[{"width":1069,"height":414,"url":"https:\/\/www.buhl.de\/vermieter-web\/wp-content\/uploads\/sites\/33\/2023\/12\/Titiwoot-Weerawong-Vecteezy002.jpg","type":"image\/jpeg"}],"author":"Hartmut Fischer","twitter_card":"summary_large_image","twitter_misc":{"Verfasst von":"Hartmut Fischer","Gesch\u00e4tzte Lesezeit":"3\u00a0Minuten"},"schema":{"@context":"https:\/\/schema.org","@graph":[{"@type":"Article","@id":"https:\/\/www.buhl.de\/vermieter-web\/delegation-auf-den-weg-verwalter\/#article","isPartOf":{"@id":"https:\/\/www.buhl.de\/vermieter-web\/delegation-auf-den-weg-verwalter\/"},"author":{"name":"Hartmut Fischer","@id":"https:\/\/www.buhl.de\/vermieter-web\/#\/schema\/person\/82903e1cb04eb553382702d503991b4f"},"headline":"Delegation auf den WEG-Verwalter","datePublished":"2024-11-28T13:20:11+00:00","mainEntityOfPage":{"@id":"https:\/\/www.buhl.de\/vermieter-web\/delegation-auf-den-weg-verwalter\/"},"wordCount":430,"image":{"@id":"https:\/\/www.buhl.de\/vermieter-web\/delegation-auf-den-weg-verwalter\/#primaryimage"},"thumbnailUrl":"https:\/\/www.buhl.de\/vermieter-web\/wp-content\/uploads\/sites\/33\/2023\/12\/Titiwoot-Weerawong-Vecteezy002.jpg","keywords":["Delegation","Verwalter","Wohnungseigent\u00fcmergemeinschaft"],"inLanguage":"de"},{"@type":"WebPage","@id":"https:\/\/www.buhl.de\/vermieter-web\/delegation-auf-den-weg-verwalter\/","url":"https:\/\/www.buhl.de\/vermieter-web\/delegation-auf-den-weg-verwalter\/","name":"Delegation auf den WEG-Verwalter","isPartOf":{"@id":"https:\/\/www.buhl.de\/vermieter-web\/#website"},"primaryImageOfPage":{"@id":"https:\/\/www.buhl.de\/vermieter-web\/delegation-auf-den-weg-verwalter\/#primaryimage"},"image":{"@id":"https:\/\/www.buhl.de\/vermieter-web\/delegation-auf-den-weg-verwalter\/#primaryimage"},"thumbnailUrl":"https:\/\/www.buhl.de\/vermieter-web\/wp-content\/uploads\/sites\/33\/2023\/12\/Titiwoot-Weerawong-Vecteezy002.jpg","datePublished":"2024-11-28T13:20:11+00:00","author":{"@id":"https:\/\/www.buhl.de\/vermieter-web\/#\/schema\/person\/82903e1cb04eb553382702d503991b4f"},"description":"Die Delegation von Sanierungsarbeiten kann auf den Verwalter \u00fcbertragen werden, wenn die WEG die Ma\u00dfnahme grunds\u00e4tzlich beschlossen hat.","breadcrumb":{"@id":"https:\/\/www.buhl.de\/vermieter-web\/delegation-auf-den-weg-verwalter\/#breadcrumb"},"inLanguage":"de","potentialAction":[{"@type":"ReadAction","target":["https:\/\/www.buhl.de\/vermieter-web\/delegation-auf-den-weg-verwalter\/"]}]},{"@type":"ImageObject","inLanguage":"de","@id":"https:\/\/www.buhl.de\/vermieter-web\/delegation-auf-den-weg-verwalter\/#primaryimage","url":"https:\/\/www.buhl.de\/vermieter-web\/wp-content\/uploads\/sites\/33\/2023\/12\/Titiwoot-Weerawong-Vecteezy002.jpg","contentUrl":"https:\/\/www.buhl.de\/vermieter-web\/wp-content\/uploads\/sites\/33\/2023\/12\/Titiwoot-Weerawong-Vecteezy002.jpg","width":1069,"height":414},{"@type":"BreadcrumbList","@id":"https:\/\/www.buhl.de\/vermieter-web\/delegation-auf-den-weg-verwalter\/#breadcrumb","itemListElement":[{"@type":"ListItem","position":1,"name":"Startseite","item":"https:\/\/www.buhl.de\/vermieter-web\/"},{"@type":"ListItem","position":2,"name":"Delegation auf den WEG-Verwalter"}]},{"@type":"WebSite","@id":"https:\/\/www.buhl.de\/vermieter-web\/#website","url":"https:\/\/www.buhl.de\/vermieter-web\/","name":"Online-Nebenkostenabrechnung mit WISO Vermieter-Web","description":"","potentialAction":[{"@type":"SearchAction","target":{"@type":"EntryPoint","urlTemplate":"https:\/\/www.buhl.de\/vermieter-web\/?s={search_term_string}"},"query-input":{"@type":"PropertyValueSpecification","valueRequired":true,"valueName":"search_term_string"}}],"inLanguage":"de"},{"@type":"Person","@id":"https:\/\/www.buhl.de\/vermieter-web\/#\/schema\/person\/82903e1cb04eb553382702d503991b4f","name":"Hartmut Fischer"}]}},"_links":{"self":[{"href":"https:\/\/www.buhl.de\/vermieter-web\/wp-json\/wp\/v2\/posts\/16653","targetHints":{"allow":["GET"]}}],"collection":[{"href":"https:\/\/www.buhl.de\/vermieter-web\/wp-json\/wp\/v2\/posts"}],"about":[{"href":"https:\/\/www.buhl.de\/vermieter-web\/wp-json\/wp\/v2\/types\/post"}],"author":[{"embeddable":true,"href":"https:\/\/www.buhl.de\/vermieter-web\/wp-json\/wp\/v2\/users\/15"}],"replies":[{"embeddable":true,"href":"https:\/\/www.buhl.de\/vermieter-web\/wp-json\/wp\/v2\/comments?post=16653"}],"version-history":[{"count":1,"href":"https:\/\/www.buhl.de\/vermieter-web\/wp-json\/wp\/v2\/posts\/16653\/revisions"}],"predecessor-version":[{"id":16656,"href":"https:\/\/www.buhl.de\/vermieter-web\/wp-json\/wp\/v2\/posts\/16653\/revisions\/16656"}],"wp:featuredmedia":[{"embeddable":true,"href":"https:\/\/www.buhl.de\/vermieter-web\/wp-json\/wp\/v2\/media\/15869"}],"wp:attachment":[{"href":"https:\/\/www.buhl.de\/vermieter-web\/wp-json\/wp\/v2\/media?parent=16653"}],"wp:term":[{"taxonomy":"category","embeddable":true,"href":"https:\/\/www.buhl.de\/vermieter-web\/wp-json\/wp\/v2\/categories?post=16653"},{"taxonomy":"post_tag","embeddable":true,"href":"https:\/\/www.buhl.de\/vermieter-web\/wp-json\/wp\/v2\/tags?post=16653"}],"curies":[{"name":"wp","href":"https:\/\/api.w.org\/{rel}","templated":true}]}}