{"id":16684,"date":"2024-12-13T11:03:04","date_gmt":"2024-12-13T10:03:04","guid":{"rendered":"https:\/\/www.buhl.de\/vermieter-web\/?p=16684"},"modified":"2024-12-13T11:03:04","modified_gmt":"2024-12-13T10:03:04","slug":"auskunft-ueber-aktuelle-miete-bei-vorgetaeuschtem-eigenbedarf","status":"publish","type":"post","link":"https:\/\/www.buhl.de\/vermieter-web\/auskunft-ueber-aktuelle-miete-bei-vorgetaeuschtem-eigenbedarf\/","title":{"rendered":"Auskunft \u00fcber aktuelle Miete bei vorget\u00e4uschtem Eigenbedarf"},"content":{"rendered":"<p><strong>T\u00e4uscht ein Vermieter gegen\u00fcber dem Mieter Eigenbedarf vor, muss gegen\u00fcber dem ehemaligen Mieter Auskunft \u00fcber die H\u00f6he der Miete gegeben werden, die aktuell von den Mietern zu zahlen ist (\u00a7 242 BGB). Diese Auskunft ben\u00f6tigt der Ex-Mieter, um die Herausgabe des Mehrerl\u00f6ses nach <a href=\"https:\/\/www.gesetze-im-internet.de\/bgb\/__285.html\">\u00a7 285 BGB<\/a> geltend zu machen. Zu diesem Ergebnis kam das Landgericht Berlin II in einem Urteil vom 28.2.2024 (Aktenzeichen 66 S 178\/22).<\/strong><\/p>\n<h5>Exmieter fordert Auskunft bei vorget\u00e4uschtem Eigenbedarf<\/h5>\n<p>In dem Verfahren verlangte ein Mieter Auskunft \u00fcber die H\u00f6he der von seinem Nachfolger zu zahlenden Miete. Vorausgegangen war eine Eigenbedarfsk\u00fcndigung des Vermieters. Der Vermieter begr\u00fcndete die Eigenbedarfsk\u00fcndigung damit, dass er die Wohnung seiner Tochter zur Verf\u00fcgung stellen wolle. Es kam zum R\u00e4umungsprozess. Der Vermieter erhielt die Wohnung Ende 2018 wieder zur\u00fcck. Allerdings zog die Tochter des Vermieters nicht ein. Stattdessen vermietete der Vermieter die Wohnung Ende November 2021 an andere Personen. \u00dcber die H\u00f6he der nun vereinbarten Miete verlangte der ehemalige Mieter Auskunft.<\/p>\n<h5>Amtsgericht lehnt Forderung nach Auskunft ab<\/h5>\n<p>Vor dem zust\u00e4ndigen Amtsgericht konnte sich der Ex-Mieter jedoch nicht durchsetzen. Das Gericht hielt die H\u00f6he der Miete f\u00fcr etwaige Schadensersatzanspr\u00fcche nicht relevant. Der ehemalige Mieter wollte sich hiermit jedoch nicht zufriedengeben. Er legte Berufung beim Landgericht Berlin II ein.<\/p>\n<h5>Landgericht: Exmieter hat Anspruch auf Auskunft<\/h5>\n<p>Hier hatte er mit seiner Auskunftsforderung mehr Erfolg. Das Landgericht entschied zu seinen Gunsten. Der ehemalige Mieter hat einen Anspruch auf Auskunft \u00fcber die H\u00f6he der aktuell erhobenen Miete. Grunds\u00e4tzlich hat der \u00fcber den Eigenbedarf get\u00e4uschte Mieter einen Anspruch auf Wiedereinr\u00e4umung in die Besitz- und Mietrechte. Kann dieser Anspruch nicht mehr erf\u00fcllt werden, k\u00f6nne sich ein Anspruch auf Herausgabe des Mehrerl\u00f6ses durch die laufende aktuelle Miete ergeben (\u00a7 285 BGB). Um diesen Anspruch berechnen zu k\u00f6nnen, m\u00fcsse der ehemalige Mieter Auskunft \u00fcber den aktuellen Mietpreis erhalten.<\/p>\n<hr \/>\n<h5>Das k\u00f6nnte Sie auch interessieren:<\/h5>\n<p><a href=\"https:\/\/www.buhl.de\/vermieter-web\/berechtigter-eigenbedarf-und-seine-grenzen\/\">Berechtigter Eigenbedarf und seine Grenzen<\/a><br \/>\n<a href=\"https:\/\/www.buhl.de\/vermieter-web\/eigenbedarfskuendigung-verzicht-gilt-auch-nach-immobilienverkauf\/\">Eigenbedarfsk\u00fcndigung: Verzicht gilt auch nach Immobilienverkauf<\/a><br \/>\n<a href=\"https:\/\/www.buhl.de\/vermieter-web\/eigenbedarf-bei-berechtigtem-interesse\/\">Eigenbedarf bei \u00bbberechtigtem Interesse\u00ab<\/a><\/p>\n<hr \/>\n<p>&nbsp;<\/p>\n<p>&nbsp;<\/p>\n","protected":false},"excerpt":{"rendered":"<p>T\u00e4uscht ein Vermieter gegen\u00fcber dem Mieter Eigenbedarf vor, muss gegen\u00fcber dem ehemaligen Mieter Auskunft \u00fcber die H\u00f6he der Miete gegeben werden, die aktuell von den Mietern zu zahlen ist (\u00a7 242 BGB). Diese Auskunft ben\u00f6tigt der Ex-Mieter, um die Herausgabe des Mehrerl\u00f6ses nach \u00a7 285 BGB geltend zu machen. Zu diesem Ergebnis kam das Landgericht &hellip; <\/p>\n<p class=\"link-more\"><a href=\"https:\/\/www.buhl.de\/vermieter-web\/auskunft-ueber-aktuelle-miete-bei-vorgetaeuschtem-eigenbedarf\/\" class=\"more-link\"><span class=\"screen-reader-text\">\u201eAuskunft \u00fcber aktuelle Miete bei vorget\u00e4uschtem Eigenbedarf\u201c<\/span> weiterlesen<\/a><\/p>\n","protected":false},"author":15,"featured_media":16686,"comment_status":"closed","ping_status":"open","sticky":false,"template":"","format":"standard","meta":{"footnotes":""},"categories":[1],"tags":[5612,648,649],"class_list":["post-16684","post","type-post","status-publish","format-standard","has-post-thumbnail","hentry","category-allgemein","tag-auskunft","tag-eigenbedarf","tag-taeuschung"],"yoast_head":"<!-- This site is optimized with the Yoast SEO Premium plugin v27.4 (Yoast SEO v27.5) - https:\/\/yoast.com\/product\/yoast-seo-premium-wordpress\/ -->\n<title>Auskunft \u00fcber aktuelle Miete bei vorget\u00e4uschtem Eigenbedarf<\/title>\n<meta name=\"description\" content=\"Auskunft \u00fcber die aktuelle Miete hat ein ehemaliger Mieter, wenn sich herausstellt, dass der Eigenbedarf vorget\u00e4uscht wurde.\" \/>\n<meta name=\"robots\" content=\"noindex, nofollow\" \/>\n<meta property=\"og:locale\" content=\"de_DE\" \/>\n<meta property=\"og:type\" content=\"article\" \/>\n<meta property=\"og:title\" content=\"Auskunft \u00fcber aktuelle Miete bei vorget\u00e4uschtem Eigenbedarf\" \/>\n<meta property=\"og:description\" content=\"Auskunft \u00fcber die aktuelle Miete hat ein ehemaliger Mieter, wenn sich herausstellt, dass der Eigenbedarf vorget\u00e4uscht wurde.\" \/>\n<meta property=\"og:url\" content=\"https:\/\/www.buhl.de\/vermieter-web\/auskunft-ueber-aktuelle-miete-bei-vorgetaeuschtem-eigenbedarf\/\" \/>\n<meta property=\"og:site_name\" content=\"Online-Nebenkostenabrechnung mit WISO Vermieter-Web\" \/>\n<meta property=\"article:published_time\" content=\"2024-12-13T10:03:04+00:00\" \/>\n<meta property=\"og:image\" content=\"https:\/\/www.buhl.de\/vermieter-web\/wp-content\/uploads\/sites\/33\/2024\/12\/Ecaterina-Tolicova-Hammer-mit-Geld.jpg\" \/>\n\t<meta property=\"og:image:width\" content=\"1069\" \/>\n\t<meta property=\"og:image:height\" content=\"541\" \/>\n\t<meta property=\"og:image:type\" content=\"image\/jpeg\" \/>\n<meta name=\"author\" content=\"Hartmut Fischer\" \/>\n<meta name=\"twitter:card\" content=\"summary_large_image\" \/>\n<meta name=\"twitter:label1\" content=\"Verfasst von\" \/>\n\t<meta name=\"twitter:data1\" content=\"Hartmut Fischer\" \/>\n\t<meta name=\"twitter:label2\" content=\"Gesch\u00e4tzte Lesezeit\" \/>\n\t<meta name=\"twitter:data2\" content=\"2\u00a0Minuten\" \/>\n<script type=\"application\/ld+json\" class=\"yoast-schema-graph\">{\"@context\":\"https:\\\/\\\/schema.org\",\"@graph\":[{\"@type\":\"Article\",\"@id\":\"https:\\\/\\\/www.buhl.de\\\/vermieter-web\\\/auskunft-ueber-aktuelle-miete-bei-vorgetaeuschtem-eigenbedarf\\\/#article\",\"isPartOf\":{\"@id\":\"https:\\\/\\\/www.buhl.de\\\/vermieter-web\\\/auskunft-ueber-aktuelle-miete-bei-vorgetaeuschtem-eigenbedarf\\\/\"},\"author\":{\"name\":\"Hartmut Fischer\",\"@id\":\"https:\\\/\\\/www.buhl.de\\\/vermieter-web\\\/#\\\/schema\\\/person\\\/82903e1cb04eb553382702d503991b4f\"},\"headline\":\"Auskunft \u00fcber aktuelle Miete bei vorget\u00e4uschtem Eigenbedarf\",\"datePublished\":\"2024-12-13T10:03:04+00:00\",\"mainEntityOfPage\":{\"@id\":\"https:\\\/\\\/www.buhl.de\\\/vermieter-web\\\/auskunft-ueber-aktuelle-miete-bei-vorgetaeuschtem-eigenbedarf\\\/\"},\"wordCount\":343,\"image\":{\"@id\":\"https:\\\/\\\/www.buhl.de\\\/vermieter-web\\\/auskunft-ueber-aktuelle-miete-bei-vorgetaeuschtem-eigenbedarf\\\/#primaryimage\"},\"thumbnailUrl\":\"https:\\\/\\\/www.buhl.de\\\/vermieter-web\\\/wp-content\\\/uploads\\\/sites\\\/33\\\/2024\\\/12\\\/Ecaterina-Tolicova-Hammer-mit-Geld.jpg\",\"keywords\":[\"Auskunft\",\"Eigenbedarf\",\"T\u00e4uschung\"],\"inLanguage\":\"de\"},{\"@type\":\"WebPage\",\"@id\":\"https:\\\/\\\/www.buhl.de\\\/vermieter-web\\\/auskunft-ueber-aktuelle-miete-bei-vorgetaeuschtem-eigenbedarf\\\/\",\"url\":\"https:\\\/\\\/www.buhl.de\\\/vermieter-web\\\/auskunft-ueber-aktuelle-miete-bei-vorgetaeuschtem-eigenbedarf\\\/\",\"name\":\"Auskunft \u00fcber aktuelle Miete bei vorget\u00e4uschtem Eigenbedarf\",\"isPartOf\":{\"@id\":\"https:\\\/\\\/www.buhl.de\\\/vermieter-web\\\/#website\"},\"primaryImageOfPage\":{\"@id\":\"https:\\\/\\\/www.buhl.de\\\/vermieter-web\\\/auskunft-ueber-aktuelle-miete-bei-vorgetaeuschtem-eigenbedarf\\\/#primaryimage\"},\"image\":{\"@id\":\"https:\\\/\\\/www.buhl.de\\\/vermieter-web\\\/auskunft-ueber-aktuelle-miete-bei-vorgetaeuschtem-eigenbedarf\\\/#primaryimage\"},\"thumbnailUrl\":\"https:\\\/\\\/www.buhl.de\\\/vermieter-web\\\/wp-content\\\/uploads\\\/sites\\\/33\\\/2024\\\/12\\\/Ecaterina-Tolicova-Hammer-mit-Geld.jpg\",\"datePublished\":\"2024-12-13T10:03:04+00:00\",\"author\":{\"@id\":\"https:\\\/\\\/www.buhl.de\\\/vermieter-web\\\/#\\\/schema\\\/person\\\/82903e1cb04eb553382702d503991b4f\"},\"description\":\"Auskunft \u00fcber die aktuelle Miete hat ein ehemaliger Mieter, wenn sich herausstellt, dass der Eigenbedarf vorget\u00e4uscht wurde.\",\"breadcrumb\":{\"@id\":\"https:\\\/\\\/www.buhl.de\\\/vermieter-web\\\/auskunft-ueber-aktuelle-miete-bei-vorgetaeuschtem-eigenbedarf\\\/#breadcrumb\"},\"inLanguage\":\"de\",\"potentialAction\":[{\"@type\":\"ReadAction\",\"target\":[\"https:\\\/\\\/www.buhl.de\\\/vermieter-web\\\/auskunft-ueber-aktuelle-miete-bei-vorgetaeuschtem-eigenbedarf\\\/\"]}]},{\"@type\":\"ImageObject\",\"inLanguage\":\"de\",\"@id\":\"https:\\\/\\\/www.buhl.de\\\/vermieter-web\\\/auskunft-ueber-aktuelle-miete-bei-vorgetaeuschtem-eigenbedarf\\\/#primaryimage\",\"url\":\"https:\\\/\\\/www.buhl.de\\\/vermieter-web\\\/wp-content\\\/uploads\\\/sites\\\/33\\\/2024\\\/12\\\/Ecaterina-Tolicova-Hammer-mit-Geld.jpg\",\"contentUrl\":\"https:\\\/\\\/www.buhl.de\\\/vermieter-web\\\/wp-content\\\/uploads\\\/sites\\\/33\\\/2024\\\/12\\\/Ecaterina-Tolicova-Hammer-mit-Geld.jpg\",\"width\":1069,\"height\":541},{\"@type\":\"BreadcrumbList\",\"@id\":\"https:\\\/\\\/www.buhl.de\\\/vermieter-web\\\/auskunft-ueber-aktuelle-miete-bei-vorgetaeuschtem-eigenbedarf\\\/#breadcrumb\",\"itemListElement\":[{\"@type\":\"ListItem\",\"position\":1,\"name\":\"Startseite\",\"item\":\"https:\\\/\\\/www.buhl.de\\\/vermieter-web\\\/\"},{\"@type\":\"ListItem\",\"position\":2,\"name\":\"Auskunft \u00fcber aktuelle Miete bei vorget\u00e4uschtem Eigenbedarf\"}]},{\"@type\":\"WebSite\",\"@id\":\"https:\\\/\\\/www.buhl.de\\\/vermieter-web\\\/#website\",\"url\":\"https:\\\/\\\/www.buhl.de\\\/vermieter-web\\\/\",\"name\":\"Online-Nebenkostenabrechnung mit WISO Vermieter-Web\",\"description\":\"\",\"potentialAction\":[{\"@type\":\"SearchAction\",\"target\":{\"@type\":\"EntryPoint\",\"urlTemplate\":\"https:\\\/\\\/www.buhl.de\\\/vermieter-web\\\/?s={search_term_string}\"},\"query-input\":{\"@type\":\"PropertyValueSpecification\",\"valueRequired\":true,\"valueName\":\"search_term_string\"}}],\"inLanguage\":\"de\"},{\"@type\":\"Person\",\"@id\":\"https:\\\/\\\/www.buhl.de\\\/vermieter-web\\\/#\\\/schema\\\/person\\\/82903e1cb04eb553382702d503991b4f\",\"name\":\"Hartmut Fischer\"}]}<\/script>\n<!-- \/ Yoast SEO Premium plugin. -->","yoast_head_json":{"title":"Auskunft \u00fcber aktuelle Miete bei vorget\u00e4uschtem Eigenbedarf","description":"Auskunft \u00fcber die aktuelle Miete hat ein ehemaliger Mieter, wenn sich herausstellt, dass der Eigenbedarf vorget\u00e4uscht wurde.","robots":{"index":"noindex","follow":"nofollow"},"og_locale":"de_DE","og_type":"article","og_title":"Auskunft \u00fcber aktuelle Miete bei vorget\u00e4uschtem Eigenbedarf","og_description":"Auskunft \u00fcber die aktuelle Miete hat ein ehemaliger Mieter, wenn sich herausstellt, dass der Eigenbedarf vorget\u00e4uscht wurde.","og_url":"https:\/\/www.buhl.de\/vermieter-web\/auskunft-ueber-aktuelle-miete-bei-vorgetaeuschtem-eigenbedarf\/","og_site_name":"Online-Nebenkostenabrechnung mit WISO Vermieter-Web","article_published_time":"2024-12-13T10:03:04+00:00","og_image":[{"width":1069,"height":541,"url":"https:\/\/www.buhl.de\/vermieter-web\/wp-content\/uploads\/sites\/33\/2024\/12\/Ecaterina-Tolicova-Hammer-mit-Geld.jpg","type":"image\/jpeg"}],"author":"Hartmut Fischer","twitter_card":"summary_large_image","twitter_misc":{"Verfasst von":"Hartmut Fischer","Gesch\u00e4tzte Lesezeit":"2\u00a0Minuten"},"schema":{"@context":"https:\/\/schema.org","@graph":[{"@type":"Article","@id":"https:\/\/www.buhl.de\/vermieter-web\/auskunft-ueber-aktuelle-miete-bei-vorgetaeuschtem-eigenbedarf\/#article","isPartOf":{"@id":"https:\/\/www.buhl.de\/vermieter-web\/auskunft-ueber-aktuelle-miete-bei-vorgetaeuschtem-eigenbedarf\/"},"author":{"name":"Hartmut Fischer","@id":"https:\/\/www.buhl.de\/vermieter-web\/#\/schema\/person\/82903e1cb04eb553382702d503991b4f"},"headline":"Auskunft \u00fcber aktuelle Miete bei vorget\u00e4uschtem Eigenbedarf","datePublished":"2024-12-13T10:03:04+00:00","mainEntityOfPage":{"@id":"https:\/\/www.buhl.de\/vermieter-web\/auskunft-ueber-aktuelle-miete-bei-vorgetaeuschtem-eigenbedarf\/"},"wordCount":343,"image":{"@id":"https:\/\/www.buhl.de\/vermieter-web\/auskunft-ueber-aktuelle-miete-bei-vorgetaeuschtem-eigenbedarf\/#primaryimage"},"thumbnailUrl":"https:\/\/www.buhl.de\/vermieter-web\/wp-content\/uploads\/sites\/33\/2024\/12\/Ecaterina-Tolicova-Hammer-mit-Geld.jpg","keywords":["Auskunft","Eigenbedarf","T\u00e4uschung"],"inLanguage":"de"},{"@type":"WebPage","@id":"https:\/\/www.buhl.de\/vermieter-web\/auskunft-ueber-aktuelle-miete-bei-vorgetaeuschtem-eigenbedarf\/","url":"https:\/\/www.buhl.de\/vermieter-web\/auskunft-ueber-aktuelle-miete-bei-vorgetaeuschtem-eigenbedarf\/","name":"Auskunft \u00fcber aktuelle Miete bei vorget\u00e4uschtem Eigenbedarf","isPartOf":{"@id":"https:\/\/www.buhl.de\/vermieter-web\/#website"},"primaryImageOfPage":{"@id":"https:\/\/www.buhl.de\/vermieter-web\/auskunft-ueber-aktuelle-miete-bei-vorgetaeuschtem-eigenbedarf\/#primaryimage"},"image":{"@id":"https:\/\/www.buhl.de\/vermieter-web\/auskunft-ueber-aktuelle-miete-bei-vorgetaeuschtem-eigenbedarf\/#primaryimage"},"thumbnailUrl":"https:\/\/www.buhl.de\/vermieter-web\/wp-content\/uploads\/sites\/33\/2024\/12\/Ecaterina-Tolicova-Hammer-mit-Geld.jpg","datePublished":"2024-12-13T10:03:04+00:00","author":{"@id":"https:\/\/www.buhl.de\/vermieter-web\/#\/schema\/person\/82903e1cb04eb553382702d503991b4f"},"description":"Auskunft \u00fcber die aktuelle Miete hat ein ehemaliger Mieter, wenn sich herausstellt, dass der Eigenbedarf vorget\u00e4uscht wurde.","breadcrumb":{"@id":"https:\/\/www.buhl.de\/vermieter-web\/auskunft-ueber-aktuelle-miete-bei-vorgetaeuschtem-eigenbedarf\/#breadcrumb"},"inLanguage":"de","potentialAction":[{"@type":"ReadAction","target":["https:\/\/www.buhl.de\/vermieter-web\/auskunft-ueber-aktuelle-miete-bei-vorgetaeuschtem-eigenbedarf\/"]}]},{"@type":"ImageObject","inLanguage":"de","@id":"https:\/\/www.buhl.de\/vermieter-web\/auskunft-ueber-aktuelle-miete-bei-vorgetaeuschtem-eigenbedarf\/#primaryimage","url":"https:\/\/www.buhl.de\/vermieter-web\/wp-content\/uploads\/sites\/33\/2024\/12\/Ecaterina-Tolicova-Hammer-mit-Geld.jpg","contentUrl":"https:\/\/www.buhl.de\/vermieter-web\/wp-content\/uploads\/sites\/33\/2024\/12\/Ecaterina-Tolicova-Hammer-mit-Geld.jpg","width":1069,"height":541},{"@type":"BreadcrumbList","@id":"https:\/\/www.buhl.de\/vermieter-web\/auskunft-ueber-aktuelle-miete-bei-vorgetaeuschtem-eigenbedarf\/#breadcrumb","itemListElement":[{"@type":"ListItem","position":1,"name":"Startseite","item":"https:\/\/www.buhl.de\/vermieter-web\/"},{"@type":"ListItem","position":2,"name":"Auskunft \u00fcber aktuelle Miete bei vorget\u00e4uschtem Eigenbedarf"}]},{"@type":"WebSite","@id":"https:\/\/www.buhl.de\/vermieter-web\/#website","url":"https:\/\/www.buhl.de\/vermieter-web\/","name":"Online-Nebenkostenabrechnung mit WISO Vermieter-Web","description":"","potentialAction":[{"@type":"SearchAction","target":{"@type":"EntryPoint","urlTemplate":"https:\/\/www.buhl.de\/vermieter-web\/?s={search_term_string}"},"query-input":{"@type":"PropertyValueSpecification","valueRequired":true,"valueName":"search_term_string"}}],"inLanguage":"de"},{"@type":"Person","@id":"https:\/\/www.buhl.de\/vermieter-web\/#\/schema\/person\/82903e1cb04eb553382702d503991b4f","name":"Hartmut Fischer"}]}},"_links":{"self":[{"href":"https:\/\/www.buhl.de\/vermieter-web\/wp-json\/wp\/v2\/posts\/16684","targetHints":{"allow":["GET"]}}],"collection":[{"href":"https:\/\/www.buhl.de\/vermieter-web\/wp-json\/wp\/v2\/posts"}],"about":[{"href":"https:\/\/www.buhl.de\/vermieter-web\/wp-json\/wp\/v2\/types\/post"}],"author":[{"embeddable":true,"href":"https:\/\/www.buhl.de\/vermieter-web\/wp-json\/wp\/v2\/users\/15"}],"replies":[{"embeddable":true,"href":"https:\/\/www.buhl.de\/vermieter-web\/wp-json\/wp\/v2\/comments?post=16684"}],"version-history":[{"count":1,"href":"https:\/\/www.buhl.de\/vermieter-web\/wp-json\/wp\/v2\/posts\/16684\/revisions"}],"predecessor-version":[{"id":16687,"href":"https:\/\/www.buhl.de\/vermieter-web\/wp-json\/wp\/v2\/posts\/16684\/revisions\/16687"}],"wp:featuredmedia":[{"embeddable":true,"href":"https:\/\/www.buhl.de\/vermieter-web\/wp-json\/wp\/v2\/media\/16686"}],"wp:attachment":[{"href":"https:\/\/www.buhl.de\/vermieter-web\/wp-json\/wp\/v2\/media?parent=16684"}],"wp:term":[{"taxonomy":"category","embeddable":true,"href":"https:\/\/www.buhl.de\/vermieter-web\/wp-json\/wp\/v2\/categories?post=16684"},{"taxonomy":"post_tag","embeddable":true,"href":"https:\/\/www.buhl.de\/vermieter-web\/wp-json\/wp\/v2\/tags?post=16684"}],"curies":[{"name":"wp","href":"https:\/\/api.w.org\/{rel}","templated":true}]}}