{"id":16688,"date":"2024-12-19T09:08:25","date_gmt":"2024-12-19T08:08:25","guid":{"rendered":"https:\/\/www.buhl.de\/vermieter-web\/?p=16688"},"modified":"2024-12-19T09:08:25","modified_gmt":"2024-12-19T08:08:25","slug":"versicherungsklausel-kann-auch-bezugnehmend-sein","status":"publish","type":"post","link":"https:\/\/www.buhl.de\/vermieter-web\/versicherungsklausel-kann-auch-bezugnehmend-sein\/","title":{"rendered":"Versicherungsklausel kann auch bezugnehmend sein"},"content":{"rendered":"<p><strong>Eine Versicherungsklausel in den Allgemeinen Gesch\u00e4ftsbedingungen, nach der ein Versicherungsnehmer vor dem Eintritt des Versicherungsfalles alle gesetzlichen, beh\u00f6rdlichen und vertraglich vereinbarten Schutzvorschriften einzuhalten hat, ist rechtskr\u00e4ftig. Die Bezugnahme auf Beh\u00f6rden und Gesetze stellt keinen Versto\u00df gegen das Transparenzgebot dar (<\/strong><a href=\"https:\/\/www.gesetze-im-internet.de\/bgb\/__307.html\"><strong>\u00a7\u00a0307\u00a0<\/strong><\/a><a href=\"https:\/\/www.gesetze-im-internet.de\/bgb\/__307.html\"><strong>BGB<\/strong><\/a><strong>). Dies hat der Bundesgerichtshof entschieden.<\/strong><\/p>\n<h5>Versicherungsklausel f\u00fchrt zum Streit<\/h5>\n<p>In dem Verfahren stritten der Versicherer und ein Versicherungsnehmer \u00fcber die Regulierung eines Brandschadens. Der Brand wurde durch einen Pizza-Ofen ausgel\u00f6st, den der Versicherte selbst errichtet hatte und der mit einer Holzkonstruktion ummantelt wurde.<\/p>\n<p>Der Versicherer warf dem Versicherten unter anderem vor, er habe gegen eine Versicherungsklausel in den Allgemeinen Gesch\u00e4ftsbedingungen (AGB) versto\u00dfen. Nach der Versicherungsklausel musste der Versicherte schon vor Eintritt des Versicherungsfalls f\u00fcr die Einhaltung aller gesetzlichen, beh\u00f6rdlichen sowie vertraglich vereinbarten Schutzvorschriften sorgen. Vor diesem Hintergrund weigerte sich die Versicherung, f\u00fcr den Brandschaden aufzukommen. Darum klagte der Versicherungsnehmer gegen den Versicherer.<\/p>\n<h5>Landgericht h\u00e4lt Versicherungsklausel f\u00fcr unzul\u00e4ssig<\/h5>\n<p>Vor dem Landgericht Klage konnte sich der Versicherte nicht durchsetzen, die Klage wurde abgewiesen. In der Berufungsverhandlung vor dem Oberlandesgericht Celle hatte er jedoch Erfolg. Das Gericht vertrat die Ansicht, dass eine Obliegenheitsverletzung aufgrund der AGB-Klausel nicht in Betracht kommt. Die AGB-Regelung war nach Ansicht des Gerichts intransparent. Die Klausel sei f\u00fcr einen normalen Durchschnittsverbraucher eine Regelung von un\u00fcberschaubarer Reichweite. Darum erkl\u00e4rte das Gericht strittige Klausel f\u00fcr unwirksam.<\/p>\n<h5>BGH: Versicherungsklausel ist zul\u00e4ssig<\/h5>\n<p>Hiergegen richtete sich die Revision der Versicherung vor dem Bundesgerichtshof (BGH). Dieser sah die Angelegenheit anders als das Oberlandesgericht. Die umstrittene Klausel ist nach Meinung des BGH nicht intransparent. Inhalt und Umfang der Obliegenheit sind danach auch bez\u00fcglich des Verweises auf gesetzliche und beh\u00f6rdliche Sicherheitsvorschriften ausreichend klar definiert. Dass teilweise auf Sicherheitsvorschriften verwiesen wurde, die au\u00dferhalb der Allgemeinen Versicherungsbedingungen liegen, f\u00fchre nicht zur unzureichenden Bestimmtheit der Klausel.<\/p>\n<p>In der Urteilsbegr\u00fcndung stellt der BGH klar, dass der Verweis auf andere Rechtsnormen nicht un\u00fcblich sei und auch in Allgemeinen Gesch\u00e4ftsbedingungen vorkomme. Wolle man alle Situationen, in denen ein Versicherungsnehmer aktiv werden m\u00fcsse, detailliert beschreiben wolle, werde der Umfang die Klausel schon schwer \u00fcberschaubar machen?<\/p>\n<p>Der Versicherungsnehmer \u2013 so f\u00fchrt der BGH weiter aus \u2013 kann sich \u00fcber die in der Klausel angesprochenen Vorschriften informieren. Da es sich hierbei um f\u00fcr den Versicherten verbindliche Vorschriften in Form von gesetzlichen oder beh\u00f6rdlichen Anordnungen handelt, kann man davon ausgehen, dass die Bestimmungen dem Versicherungsnehmer bekannt sind.<\/p>\n<hr \/>\n<h5>Das k\u00f6nnte Sie auch interessieren:<\/h5>\n<p><a href=\"https:\/\/www.buhl.de\/vermieter-web\/wasserschaden-im-leer-stehenden-gebaeude-was-zahlt-die-versicherung\/\">Wasserschaden im leer stehenden Geb\u00e4ude \u2013 was zahlt die Versicherung?<\/a><br \/>\n<a href=\"https:\/\/www.buhl.de\/vermieter-web\/weg-wohngebaeudeversicherung-der-gemeinschaft\/\">WEG: Wohngeb\u00e4udeversicherung der Gemeinschaft<\/a><\/p>\n<hr \/>\n<p>&nbsp;<\/p>\n","protected":false},"excerpt":{"rendered":"<p>Eine Versicherungsklausel in den Allgemeinen Gesch\u00e4ftsbedingungen, nach der ein Versicherungsnehmer vor dem Eintritt des Versicherungsfalles alle gesetzlichen, beh\u00f6rdlichen und vertraglich vereinbarten Schutzvorschriften einzuhalten hat, ist rechtskr\u00e4ftig. Die Bezugnahme auf Beh\u00f6rden und Gesetze stellt keinen Versto\u00df gegen das Transparenzgebot dar (\u00a7\u00a0307\u00a0BGB). Dies hat der Bundesgerichtshof entschieden. Versicherungsklausel f\u00fchrt zum Streit In dem Verfahren stritten der Versicherer &hellip; <\/p>\n<p class=\"link-more\"><a href=\"https:\/\/www.buhl.de\/vermieter-web\/versicherungsklausel-kann-auch-bezugnehmend-sein\/\" class=\"more-link\"><span class=\"screen-reader-text\">\u201eVersicherungsklausel kann auch bezugnehmend sein\u201c<\/span> weiterlesen<\/a><\/p>\n","protected":false},"author":15,"featured_media":15810,"comment_status":"closed","ping_status":"open","sticky":false,"template":"","format":"standard","meta":{"footnotes":""},"categories":[1],"tags":[5591,6340,6339],"class_list":["post-16688","post","type-post","status-publish","format-standard","has-post-thumbnail","hentry","category-allgemein","tag-agb","tag-bezugnahme","tag-veersicherung"],"yoast_head":"<!-- This site is optimized with the Yoast SEO Premium plugin v27.4 (Yoast SEO v27.5) - https:\/\/yoast.com\/product\/yoast-seo-premium-wordpress\/ -->\n<title>Versicherungsklausel kann auch bezugnehmend sein<\/title>\n<meta name=\"description\" content=\"Versicherungsklauseln in Allgemeinen Gesch\u00e4ftsbedingungen, in denen auf andere Rechtsnormen verwiesen wird, sind grunds\u00e4tzlich zul\u00e4ssig.\" \/>\n<meta name=\"robots\" content=\"noindex, nofollow\" \/>\n<meta property=\"og:locale\" content=\"de_DE\" \/>\n<meta property=\"og:type\" content=\"article\" \/>\n<meta property=\"og:title\" content=\"Versicherungsklausel kann auch bezugnehmend sein\" \/>\n<meta property=\"og:description\" content=\"Versicherungsklauseln in Allgemeinen Gesch\u00e4ftsbedingungen, in denen auf andere Rechtsnormen verwiesen wird, sind grunds\u00e4tzlich zul\u00e4ssig.\" \/>\n<meta property=\"og:url\" content=\"https:\/\/www.buhl.de\/vermieter-web\/versicherungsklausel-kann-auch-bezugnehmend-sein\/\" \/>\n<meta property=\"og:site_name\" content=\"Online-Nebenkostenabrechnung mit WISO Vermieter-Web\" \/>\n<meta property=\"article:published_time\" content=\"2024-12-19T08:08:25+00:00\" \/>\n<meta property=\"og:image\" content=\"https:\/\/www.buhl.de\/vermieter-web\/wp-content\/uploads\/sites\/33\/2023\/11\/shutterstock_1232398291.jpg\" \/>\n\t<meta property=\"og:image:width\" content=\"800\" \/>\n\t<meta property=\"og:image:height\" content=\"420\" \/>\n\t<meta property=\"og:image:type\" content=\"image\/jpeg\" \/>\n<meta name=\"author\" content=\"Hartmut Fischer\" \/>\n<meta name=\"twitter:card\" content=\"summary_large_image\" \/>\n<meta name=\"twitter:label1\" content=\"Verfasst von\" \/>\n\t<meta name=\"twitter:data1\" content=\"Hartmut Fischer\" \/>\n\t<meta name=\"twitter:label2\" content=\"Gesch\u00e4tzte Lesezeit\" \/>\n\t<meta name=\"twitter:data2\" content=\"3\u00a0Minuten\" \/>\n<script type=\"application\/ld+json\" class=\"yoast-schema-graph\">{\"@context\":\"https:\\\/\\\/schema.org\",\"@graph\":[{\"@type\":\"Article\",\"@id\":\"https:\\\/\\\/www.buhl.de\\\/vermieter-web\\\/versicherungsklausel-kann-auch-bezugnehmend-sein\\\/#article\",\"isPartOf\":{\"@id\":\"https:\\\/\\\/www.buhl.de\\\/vermieter-web\\\/versicherungsklausel-kann-auch-bezugnehmend-sein\\\/\"},\"author\":{\"name\":\"Hartmut Fischer\",\"@id\":\"https:\\\/\\\/www.buhl.de\\\/vermieter-web\\\/#\\\/schema\\\/person\\\/82903e1cb04eb553382702d503991b4f\"},\"headline\":\"Versicherungsklausel kann auch bezugnehmend sein\",\"datePublished\":\"2024-12-19T08:08:25+00:00\",\"mainEntityOfPage\":{\"@id\":\"https:\\\/\\\/www.buhl.de\\\/vermieter-web\\\/versicherungsklausel-kann-auch-bezugnehmend-sein\\\/\"},\"wordCount\":435,\"image\":{\"@id\":\"https:\\\/\\\/www.buhl.de\\\/vermieter-web\\\/versicherungsklausel-kann-auch-bezugnehmend-sein\\\/#primaryimage\"},\"thumbnailUrl\":\"https:\\\/\\\/www.buhl.de\\\/vermieter-web\\\/wp-content\\\/uploads\\\/sites\\\/33\\\/2023\\\/11\\\/shutterstock_1232398291.jpg\",\"keywords\":[\"AGB\",\"Bezugnahme\",\"Veersicherung\"],\"inLanguage\":\"de\"},{\"@type\":\"WebPage\",\"@id\":\"https:\\\/\\\/www.buhl.de\\\/vermieter-web\\\/versicherungsklausel-kann-auch-bezugnehmend-sein\\\/\",\"url\":\"https:\\\/\\\/www.buhl.de\\\/vermieter-web\\\/versicherungsklausel-kann-auch-bezugnehmend-sein\\\/\",\"name\":\"Versicherungsklausel kann auch bezugnehmend sein\",\"isPartOf\":{\"@id\":\"https:\\\/\\\/www.buhl.de\\\/vermieter-web\\\/#website\"},\"primaryImageOfPage\":{\"@id\":\"https:\\\/\\\/www.buhl.de\\\/vermieter-web\\\/versicherungsklausel-kann-auch-bezugnehmend-sein\\\/#primaryimage\"},\"image\":{\"@id\":\"https:\\\/\\\/www.buhl.de\\\/vermieter-web\\\/versicherungsklausel-kann-auch-bezugnehmend-sein\\\/#primaryimage\"},\"thumbnailUrl\":\"https:\\\/\\\/www.buhl.de\\\/vermieter-web\\\/wp-content\\\/uploads\\\/sites\\\/33\\\/2023\\\/11\\\/shutterstock_1232398291.jpg\",\"datePublished\":\"2024-12-19T08:08:25+00:00\",\"author\":{\"@id\":\"https:\\\/\\\/www.buhl.de\\\/vermieter-web\\\/#\\\/schema\\\/person\\\/82903e1cb04eb553382702d503991b4f\"},\"description\":\"Versicherungsklauseln in Allgemeinen Gesch\u00e4ftsbedingungen, in denen auf andere Rechtsnormen verwiesen wird, sind grunds\u00e4tzlich zul\u00e4ssig.\",\"breadcrumb\":{\"@id\":\"https:\\\/\\\/www.buhl.de\\\/vermieter-web\\\/versicherungsklausel-kann-auch-bezugnehmend-sein\\\/#breadcrumb\"},\"inLanguage\":\"de\",\"potentialAction\":[{\"@type\":\"ReadAction\",\"target\":[\"https:\\\/\\\/www.buhl.de\\\/vermieter-web\\\/versicherungsklausel-kann-auch-bezugnehmend-sein\\\/\"]}]},{\"@type\":\"ImageObject\",\"inLanguage\":\"de\",\"@id\":\"https:\\\/\\\/www.buhl.de\\\/vermieter-web\\\/versicherungsklausel-kann-auch-bezugnehmend-sein\\\/#primaryimage\",\"url\":\"https:\\\/\\\/www.buhl.de\\\/vermieter-web\\\/wp-content\\\/uploads\\\/sites\\\/33\\\/2023\\\/11\\\/shutterstock_1232398291.jpg\",\"contentUrl\":\"https:\\\/\\\/www.buhl.de\\\/vermieter-web\\\/wp-content\\\/uploads\\\/sites\\\/33\\\/2023\\\/11\\\/shutterstock_1232398291.jpg\",\"width\":800,\"height\":420,\"caption\":\"Karlsruhe, Baden-Wurttemberg \\\/ Germany - May 17, 2018: Entrance to The Federal Court of Justice in Karlsruhe, Germany - Bundesgerichtshof - BGH - is the highest court in Germany\"},{\"@type\":\"BreadcrumbList\",\"@id\":\"https:\\\/\\\/www.buhl.de\\\/vermieter-web\\\/versicherungsklausel-kann-auch-bezugnehmend-sein\\\/#breadcrumb\",\"itemListElement\":[{\"@type\":\"ListItem\",\"position\":1,\"name\":\"Startseite\",\"item\":\"https:\\\/\\\/www.buhl.de\\\/vermieter-web\\\/\"},{\"@type\":\"ListItem\",\"position\":2,\"name\":\"Versicherungsklausel kann auch bezugnehmend sein\"}]},{\"@type\":\"WebSite\",\"@id\":\"https:\\\/\\\/www.buhl.de\\\/vermieter-web\\\/#website\",\"url\":\"https:\\\/\\\/www.buhl.de\\\/vermieter-web\\\/\",\"name\":\"Online-Nebenkostenabrechnung mit WISO Vermieter-Web\",\"description\":\"\",\"potentialAction\":[{\"@type\":\"SearchAction\",\"target\":{\"@type\":\"EntryPoint\",\"urlTemplate\":\"https:\\\/\\\/www.buhl.de\\\/vermieter-web\\\/?s={search_term_string}\"},\"query-input\":{\"@type\":\"PropertyValueSpecification\",\"valueRequired\":true,\"valueName\":\"search_term_string\"}}],\"inLanguage\":\"de\"},{\"@type\":\"Person\",\"@id\":\"https:\\\/\\\/www.buhl.de\\\/vermieter-web\\\/#\\\/schema\\\/person\\\/82903e1cb04eb553382702d503991b4f\",\"name\":\"Hartmut Fischer\"}]}<\/script>\n<!-- \/ Yoast SEO Premium plugin. -->","yoast_head_json":{"title":"Versicherungsklausel kann auch bezugnehmend sein","description":"Versicherungsklauseln in Allgemeinen Gesch\u00e4ftsbedingungen, in denen auf andere Rechtsnormen verwiesen wird, sind grunds\u00e4tzlich zul\u00e4ssig.","robots":{"index":"noindex","follow":"nofollow"},"og_locale":"de_DE","og_type":"article","og_title":"Versicherungsklausel kann auch bezugnehmend sein","og_description":"Versicherungsklauseln in Allgemeinen Gesch\u00e4ftsbedingungen, in denen auf andere Rechtsnormen verwiesen wird, sind grunds\u00e4tzlich zul\u00e4ssig.","og_url":"https:\/\/www.buhl.de\/vermieter-web\/versicherungsklausel-kann-auch-bezugnehmend-sein\/","og_site_name":"Online-Nebenkostenabrechnung mit WISO Vermieter-Web","article_published_time":"2024-12-19T08:08:25+00:00","og_image":[{"width":800,"height":420,"url":"https:\/\/www.buhl.de\/vermieter-web\/wp-content\/uploads\/sites\/33\/2023\/11\/shutterstock_1232398291.jpg","type":"image\/jpeg"}],"author":"Hartmut Fischer","twitter_card":"summary_large_image","twitter_misc":{"Verfasst von":"Hartmut Fischer","Gesch\u00e4tzte Lesezeit":"3\u00a0Minuten"},"schema":{"@context":"https:\/\/schema.org","@graph":[{"@type":"Article","@id":"https:\/\/www.buhl.de\/vermieter-web\/versicherungsklausel-kann-auch-bezugnehmend-sein\/#article","isPartOf":{"@id":"https:\/\/www.buhl.de\/vermieter-web\/versicherungsklausel-kann-auch-bezugnehmend-sein\/"},"author":{"name":"Hartmut Fischer","@id":"https:\/\/www.buhl.de\/vermieter-web\/#\/schema\/person\/82903e1cb04eb553382702d503991b4f"},"headline":"Versicherungsklausel kann auch bezugnehmend sein","datePublished":"2024-12-19T08:08:25+00:00","mainEntityOfPage":{"@id":"https:\/\/www.buhl.de\/vermieter-web\/versicherungsklausel-kann-auch-bezugnehmend-sein\/"},"wordCount":435,"image":{"@id":"https:\/\/www.buhl.de\/vermieter-web\/versicherungsklausel-kann-auch-bezugnehmend-sein\/#primaryimage"},"thumbnailUrl":"https:\/\/www.buhl.de\/vermieter-web\/wp-content\/uploads\/sites\/33\/2023\/11\/shutterstock_1232398291.jpg","keywords":["AGB","Bezugnahme","Veersicherung"],"inLanguage":"de"},{"@type":"WebPage","@id":"https:\/\/www.buhl.de\/vermieter-web\/versicherungsklausel-kann-auch-bezugnehmend-sein\/","url":"https:\/\/www.buhl.de\/vermieter-web\/versicherungsklausel-kann-auch-bezugnehmend-sein\/","name":"Versicherungsklausel kann auch bezugnehmend sein","isPartOf":{"@id":"https:\/\/www.buhl.de\/vermieter-web\/#website"},"primaryImageOfPage":{"@id":"https:\/\/www.buhl.de\/vermieter-web\/versicherungsklausel-kann-auch-bezugnehmend-sein\/#primaryimage"},"image":{"@id":"https:\/\/www.buhl.de\/vermieter-web\/versicherungsklausel-kann-auch-bezugnehmend-sein\/#primaryimage"},"thumbnailUrl":"https:\/\/www.buhl.de\/vermieter-web\/wp-content\/uploads\/sites\/33\/2023\/11\/shutterstock_1232398291.jpg","datePublished":"2024-12-19T08:08:25+00:00","author":{"@id":"https:\/\/www.buhl.de\/vermieter-web\/#\/schema\/person\/82903e1cb04eb553382702d503991b4f"},"description":"Versicherungsklauseln in Allgemeinen Gesch\u00e4ftsbedingungen, in denen auf andere Rechtsnormen verwiesen wird, sind grunds\u00e4tzlich zul\u00e4ssig.","breadcrumb":{"@id":"https:\/\/www.buhl.de\/vermieter-web\/versicherungsklausel-kann-auch-bezugnehmend-sein\/#breadcrumb"},"inLanguage":"de","potentialAction":[{"@type":"ReadAction","target":["https:\/\/www.buhl.de\/vermieter-web\/versicherungsklausel-kann-auch-bezugnehmend-sein\/"]}]},{"@type":"ImageObject","inLanguage":"de","@id":"https:\/\/www.buhl.de\/vermieter-web\/versicherungsklausel-kann-auch-bezugnehmend-sein\/#primaryimage","url":"https:\/\/www.buhl.de\/vermieter-web\/wp-content\/uploads\/sites\/33\/2023\/11\/shutterstock_1232398291.jpg","contentUrl":"https:\/\/www.buhl.de\/vermieter-web\/wp-content\/uploads\/sites\/33\/2023\/11\/shutterstock_1232398291.jpg","width":800,"height":420,"caption":"Karlsruhe, Baden-Wurttemberg \/ Germany - May 17, 2018: Entrance to The Federal Court of Justice in Karlsruhe, Germany - Bundesgerichtshof - BGH - is the highest court in Germany"},{"@type":"BreadcrumbList","@id":"https:\/\/www.buhl.de\/vermieter-web\/versicherungsklausel-kann-auch-bezugnehmend-sein\/#breadcrumb","itemListElement":[{"@type":"ListItem","position":1,"name":"Startseite","item":"https:\/\/www.buhl.de\/vermieter-web\/"},{"@type":"ListItem","position":2,"name":"Versicherungsklausel kann auch bezugnehmend sein"}]},{"@type":"WebSite","@id":"https:\/\/www.buhl.de\/vermieter-web\/#website","url":"https:\/\/www.buhl.de\/vermieter-web\/","name":"Online-Nebenkostenabrechnung mit WISO Vermieter-Web","description":"","potentialAction":[{"@type":"SearchAction","target":{"@type":"EntryPoint","urlTemplate":"https:\/\/www.buhl.de\/vermieter-web\/?s={search_term_string}"},"query-input":{"@type":"PropertyValueSpecification","valueRequired":true,"valueName":"search_term_string"}}],"inLanguage":"de"},{"@type":"Person","@id":"https:\/\/www.buhl.de\/vermieter-web\/#\/schema\/person\/82903e1cb04eb553382702d503991b4f","name":"Hartmut Fischer"}]}},"_links":{"self":[{"href":"https:\/\/www.buhl.de\/vermieter-web\/wp-json\/wp\/v2\/posts\/16688","targetHints":{"allow":["GET"]}}],"collection":[{"href":"https:\/\/www.buhl.de\/vermieter-web\/wp-json\/wp\/v2\/posts"}],"about":[{"href":"https:\/\/www.buhl.de\/vermieter-web\/wp-json\/wp\/v2\/types\/post"}],"author":[{"embeddable":true,"href":"https:\/\/www.buhl.de\/vermieter-web\/wp-json\/wp\/v2\/users\/15"}],"replies":[{"embeddable":true,"href":"https:\/\/www.buhl.de\/vermieter-web\/wp-json\/wp\/v2\/comments?post=16688"}],"version-history":[{"count":1,"href":"https:\/\/www.buhl.de\/vermieter-web\/wp-json\/wp\/v2\/posts\/16688\/revisions"}],"predecessor-version":[{"id":16690,"href":"https:\/\/www.buhl.de\/vermieter-web\/wp-json\/wp\/v2\/posts\/16688\/revisions\/16690"}],"wp:featuredmedia":[{"embeddable":true,"href":"https:\/\/www.buhl.de\/vermieter-web\/wp-json\/wp\/v2\/media\/15810"}],"wp:attachment":[{"href":"https:\/\/www.buhl.de\/vermieter-web\/wp-json\/wp\/v2\/media?parent=16688"}],"wp:term":[{"taxonomy":"category","embeddable":true,"href":"https:\/\/www.buhl.de\/vermieter-web\/wp-json\/wp\/v2\/categories?post=16688"},{"taxonomy":"post_tag","embeddable":true,"href":"https:\/\/www.buhl.de\/vermieter-web\/wp-json\/wp\/v2\/tags?post=16688"}],"curies":[{"name":"wp","href":"https:\/\/api.w.org\/{rel}","templated":true}]}}