{"id":16762,"date":"2025-01-20T11:17:03","date_gmt":"2025-01-20T10:17:03","guid":{"rendered":"https:\/\/www.buhl.de\/vermieter-web\/?p=16762"},"modified":"2025-01-20T11:17:03","modified_gmt":"2025-01-20T10:17:03","slug":"einsichtnahme-des-finanzamts-in-die-mietvertraege","status":"publish","type":"post","link":"https:\/\/www.buhl.de\/vermieter-web\/einsichtnahme-des-finanzamts-in-die-mietvertraege\/","title":{"rendered":"Einsichtnahme des Finanzamts in die Mietvertr\u00e4ge"},"content":{"rendered":"<p><strong>Grunds\u00e4tzlich muss jeder Steuerpflichtige das Finanzamt bei der Feststellung der Steuerlast unterst\u00fctzen. Mit der Abgabe einer Steuererkl\u00e4rung ist diese Verpflichtung allerdings nicht ersch\u00f6pft. Das Finanzamt kann auch weitergehende Unterst\u00fctzung verlangen, beispielsweise um offene Fragen im Rahmen der Steuerfestsetzung zu kl\u00e4ren. Hierzu geh\u00f6rt auch, dass dem Finanzamt die Einsichtnahme in die Mietvertr\u00e4ge erm\u00f6glicht wird. Zu diesem Ergebnis kommt das Finanzgericht N\u00fcrnberg in einem Urteil vom 01.02.2023 (Aktenzeichen 3 K 596\/22). Die Revision zu diesem Urteil lehnte der Bundesfinanzhof als unbegr\u00fcndet am 13.08.2024 ab (Aktenzeichen IX R 6\/23).<\/strong><\/p>\n<h5>Einsichtnahme vom Steuerpflichtigen abgelehnt<\/h5>\n<p>In dem Verfahren wehrte sich ein Vermieter gegen die Forderung des f\u00fcr ihn zust\u00e4ndigen Finanzamts auf Einsichtnahme in die Mietvertr\u00e4ge der von ihm vermieteten Wohnungen. Im Rahmen der Bearbeitung seiner Steuererkl\u00e4rungen verlangte das Finanzamt Kopien der aktuellen Mietvertr\u00e4ge, Nebenkostenabrechnungen sowie Nachweise \u00fcber geltend gemachte Erhaltungsaufwendungen. Der Vermieter weigerte sich, die geforderten Unterlagen zur Einsichtnahme vorzulegen. Stattdessen stellte er dem Finanzamt zur Verf\u00fcgung:<\/p>\n<ul>\n<li>eine Liste der Brutto- und Nettomieteinnahmen mit geschw\u00e4rzten Namen der Mieter,<\/li>\n<li>eine Aufstellung der Betriebskosten f\u00fcr die verschiedenen Wohnungen und<\/li>\n<li>Unterlagen \u00fcber die Instandhaltungsaufwendungen.<\/li>\n<\/ul>\n<p>Er argumentierte, dass er die Vertr\u00e4ge aufgrund der DSGVO nicht zur Einsichtnahme vorlegen k\u00f6nne, solange die Mieter dem nicht ausdr\u00fccklich zugestimmt h\u00e4tten. Au\u00dferdem w\u00e4ren die Mietvertr\u00e4ge zur Pr\u00fcfung der tats\u00e4chlichen Eink\u00fcnfte untauglich. Das Finanzamt bestand jedoch auf Vorlage von Mietvertragskopien und verwies auf die Mitwirkungspflichten des Hauseigent\u00fcmers (\u00a7\u00a7\u00a0<a href=\"https:\/\/www.gesetze-im-internet.de\/ao_1977\/__90.html\">90<\/a>, <a href=\"https:\/\/www.gesetze-im-internet.de\/ao_1977\/__93.html\">93<\/a>, <a href=\"https:\/\/www.gesetze-im-internet.de\/ao_1977\/__97.html\">97<\/a> AO \u2013 Abgabenordnung).<\/p>\n<h5>Gerichte: Einsichtnahme muss gew\u00e4hrt werden<\/h5>\n<p>Sowohl vor dem Finanzgericht N\u00fcrnberg als auch vor dem Bundesfinanzhof konnte sich der Hauseigent\u00fcmer nicht durchsetzen. Der Bundesfinanzhof stellte in den Leits\u00e4tzen zum Urteil vom 13.08.2024 fest:<\/p>\n<ol>\n<li><em> Die Anforderung unter anderem von Mietvertr\u00e4gen durch das Finanzamt (FA) beim Vermieter (Steuerpflichtigen) nach<\/em><a href=\"https:\/\/www.gesetze-im-internet.de\/ao_1977\/__97.html\"><em> \u00a7\u00a097 der Abgabenordnung<\/em><\/a><em> muss die Vorgaben der Datenschutz-Grundverordnung (DSGVO) beachten.<\/em><\/li>\n<li><em> Eine Einwilligung der Mieter in die Weitergabe an das FA ist nicht erforderlich, weil die Verarbeitung nach Art. 6 Abs. 1 Unterabschnitt 1 Buchst. c DSGVO gerechtfertigt ist.<\/em><\/li>\n<li><em> Die \u00dcbersendung der Mietvertr\u00e4ge an das FA ist als Zweck\u00e4nderung nach Art. 6 Abs. 4 DSGVO regelm\u00e4\u00dfig zul\u00e4ssig.<\/em><\/li>\n<\/ol>\n<p><strong>\u00a0<\/strong><\/p>\n<p>&nbsp;<\/p>\n","protected":false},"excerpt":{"rendered":"<p>Grunds\u00e4tzlich muss jeder Steuerpflichtige das Finanzamt bei der Feststellung der Steuerlast unterst\u00fctzen. Mit der Abgabe einer Steuererkl\u00e4rung ist diese Verpflichtung allerdings nicht ersch\u00f6pft. Das Finanzamt kann auch weitergehende Unterst\u00fctzung verlangen, beispielsweise um offene Fragen im Rahmen der Steuerfestsetzung zu kl\u00e4ren. Hierzu geh\u00f6rt auch, dass dem Finanzamt die Einsichtnahme in die Mietvertr\u00e4ge erm\u00f6glicht wird. Zu diesem &hellip; <\/p>\n<p class=\"link-more\"><a href=\"https:\/\/www.buhl.de\/vermieter-web\/einsichtnahme-des-finanzamts-in-die-mietvertraege\/\" class=\"more-link\"><span class=\"screen-reader-text\">\u201eEinsichtnahme des Finanzamts in die Mietvertr\u00e4ge\u201c<\/span> weiterlesen<\/a><\/p>\n","protected":false},"author":15,"featured_media":16767,"comment_status":"closed","ping_status":"open","sticky":false,"template":"","format":"standard","meta":{"footnotes":""},"categories":[1],"tags":[6365,4952,422,6366],"class_list":["post-16762","post","type-post","status-publish","format-standard","has-post-thumbnail","hentry","category-allgemein","tag-einischt","tag-finanzamt","tag-mietvertrag","tag-pruefung"],"yoast_head":"<!-- This site is optimized with the Yoast SEO Premium plugin v27.0 (Yoast SEO v27.0) - https:\/\/yoast.com\/product\/yoast-seo-premium-wordpress\/ -->\n<title>Einsichtnahme des Finanzamts in die Mietvertr\u00e4ge<\/title>\n<meta name=\"description\" content=\"Die Einsichtnahme in die Mietvertr\u00e4ge muss der Vermieter im Rahmen seiner Unterst\u00fctzungspflicht dem Finanzamt auf Anforderung erm\u00f6glichen.\" \/>\n<meta name=\"robots\" content=\"noindex, nofollow\" \/>\n<meta property=\"og:locale\" content=\"de_DE\" \/>\n<meta property=\"og:type\" content=\"article\" \/>\n<meta property=\"og:title\" content=\"Einsichtnahme des Finanzamts in die Mietvertr\u00e4ge\" \/>\n<meta property=\"og:description\" content=\"Die Einsichtnahme in die Mietvertr\u00e4ge muss der Vermieter im Rahmen seiner Unterst\u00fctzungspflicht dem Finanzamt auf Anforderung erm\u00f6glichen.\" \/>\n<meta property=\"og:url\" content=\"https:\/\/www.buhl.de\/vermieter-web\/einsichtnahme-des-finanzamts-in-die-mietvertraege\/\" \/>\n<meta property=\"og:site_name\" content=\"Online-Nebenkostenabrechnung mit WISO Vermieter-Web\" \/>\n<meta property=\"article:published_time\" content=\"2025-01-20T10:17:03+00:00\" \/>\n<meta property=\"og:image\" content=\"https:\/\/www.buhl.de\/vermieter-web\/wp-content\/uploads\/sites\/33\/2025\/01\/Ekaterina-Sokolova-Akteneinsicht.jpg\" \/>\n\t<meta property=\"og:image:width\" content=\"1069\" \/>\n\t<meta property=\"og:image:height\" content=\"541\" \/>\n\t<meta property=\"og:image:type\" content=\"image\/jpeg\" \/>\n<meta name=\"author\" content=\"Hartmut Fischer\" \/>\n<meta name=\"twitter:card\" content=\"summary_large_image\" \/>\n<meta name=\"twitter:label1\" content=\"Verfasst von\" \/>\n\t<meta name=\"twitter:data1\" content=\"Hartmut Fischer\" \/>\n\t<meta name=\"twitter:label2\" content=\"Gesch\u00e4tzte Lesezeit\" \/>\n\t<meta name=\"twitter:data2\" content=\"3\u00a0Minuten\" \/>\n<script type=\"application\/ld+json\" class=\"yoast-schema-graph\">{\"@context\":\"https:\/\/schema.org\",\"@graph\":[{\"@type\":\"Article\",\"@id\":\"https:\/\/www.buhl.de\/vermieter-web\/einsichtnahme-des-finanzamts-in-die-mietvertraege\/#article\",\"isPartOf\":{\"@id\":\"https:\/\/www.buhl.de\/vermieter-web\/einsichtnahme-des-finanzamts-in-die-mietvertraege\/\"},\"author\":{\"name\":\"Hartmut Fischer\",\"@id\":\"https:\/\/www.buhl.de\/vermieter-web\/#\/schema\/person\/82903e1cb04eb553382702d503991b4f\"},\"headline\":\"Einsichtnahme des Finanzamts in die Mietvertr\u00e4ge\",\"datePublished\":\"2025-01-20T10:17:03+00:00\",\"mainEntityOfPage\":{\"@id\":\"https:\/\/www.buhl.de\/vermieter-web\/einsichtnahme-des-finanzamts-in-die-mietvertraege\/\"},\"wordCount\":362,\"image\":{\"@id\":\"https:\/\/www.buhl.de\/vermieter-web\/einsichtnahme-des-finanzamts-in-die-mietvertraege\/#primaryimage\"},\"thumbnailUrl\":\"https:\/\/www.buhl.de\/vermieter-web\/wp-content\/uploads\/sites\/33\/2025\/01\/Ekaterina-Sokolova-Akteneinsicht.jpg\",\"keywords\":[\"Einischt\",\"Finanzamt\",\"Mietvertrag\",\"Pr\u00fcfung\"],\"inLanguage\":\"de\"},{\"@type\":\"WebPage\",\"@id\":\"https:\/\/www.buhl.de\/vermieter-web\/einsichtnahme-des-finanzamts-in-die-mietvertraege\/\",\"url\":\"https:\/\/www.buhl.de\/vermieter-web\/einsichtnahme-des-finanzamts-in-die-mietvertraege\/\",\"name\":\"Einsichtnahme des Finanzamts in die Mietvertr\u00e4ge\",\"isPartOf\":{\"@id\":\"https:\/\/www.buhl.de\/vermieter-web\/#website\"},\"primaryImageOfPage\":{\"@id\":\"https:\/\/www.buhl.de\/vermieter-web\/einsichtnahme-des-finanzamts-in-die-mietvertraege\/#primaryimage\"},\"image\":{\"@id\":\"https:\/\/www.buhl.de\/vermieter-web\/einsichtnahme-des-finanzamts-in-die-mietvertraege\/#primaryimage\"},\"thumbnailUrl\":\"https:\/\/www.buhl.de\/vermieter-web\/wp-content\/uploads\/sites\/33\/2025\/01\/Ekaterina-Sokolova-Akteneinsicht.jpg\",\"datePublished\":\"2025-01-20T10:17:03+00:00\",\"author\":{\"@id\":\"https:\/\/www.buhl.de\/vermieter-web\/#\/schema\/person\/82903e1cb04eb553382702d503991b4f\"},\"description\":\"Die Einsichtnahme in die Mietvertr\u00e4ge muss der Vermieter im Rahmen seiner Unterst\u00fctzungspflicht dem Finanzamt auf Anforderung erm\u00f6glichen.\",\"breadcrumb\":{\"@id\":\"https:\/\/www.buhl.de\/vermieter-web\/einsichtnahme-des-finanzamts-in-die-mietvertraege\/#breadcrumb\"},\"inLanguage\":\"de\",\"potentialAction\":[{\"@type\":\"ReadAction\",\"target\":[\"https:\/\/www.buhl.de\/vermieter-web\/einsichtnahme-des-finanzamts-in-die-mietvertraege\/\"]}]},{\"@type\":\"ImageObject\",\"inLanguage\":\"de\",\"@id\":\"https:\/\/www.buhl.de\/vermieter-web\/einsichtnahme-des-finanzamts-in-die-mietvertraege\/#primaryimage\",\"url\":\"https:\/\/www.buhl.de\/vermieter-web\/wp-content\/uploads\/sites\/33\/2025\/01\/Ekaterina-Sokolova-Akteneinsicht.jpg\",\"contentUrl\":\"https:\/\/www.buhl.de\/vermieter-web\/wp-content\/uploads\/sites\/33\/2025\/01\/Ekaterina-Sokolova-Akteneinsicht.jpg\",\"width\":1069,\"height\":541},{\"@type\":\"BreadcrumbList\",\"@id\":\"https:\/\/www.buhl.de\/vermieter-web\/einsichtnahme-des-finanzamts-in-die-mietvertraege\/#breadcrumb\",\"itemListElement\":[{\"@type\":\"ListItem\",\"position\":1,\"name\":\"Startseite\",\"item\":\"https:\/\/www.buhl.de\/vermieter-web\/\"},{\"@type\":\"ListItem\",\"position\":2,\"name\":\"Einsichtnahme des Finanzamts in die Mietvertr\u00e4ge\"}]},{\"@type\":\"WebSite\",\"@id\":\"https:\/\/www.buhl.de\/vermieter-web\/#website\",\"url\":\"https:\/\/www.buhl.de\/vermieter-web\/\",\"name\":\"Online-Nebenkostenabrechnung mit WISO Vermieter-Web\",\"description\":\"\",\"potentialAction\":[{\"@type\":\"SearchAction\",\"target\":{\"@type\":\"EntryPoint\",\"urlTemplate\":\"https:\/\/www.buhl.de\/vermieter-web\/?s={search_term_string}\"},\"query-input\":{\"@type\":\"PropertyValueSpecification\",\"valueRequired\":true,\"valueName\":\"search_term_string\"}}],\"inLanguage\":\"de\"},{\"@type\":\"Person\",\"@id\":\"https:\/\/www.buhl.de\/vermieter-web\/#\/schema\/person\/82903e1cb04eb553382702d503991b4f\",\"name\":\"Hartmut Fischer\"}]}<\/script>\n<!-- \/ Yoast SEO Premium plugin. -->","yoast_head_json":{"title":"Einsichtnahme des Finanzamts in die Mietvertr\u00e4ge","description":"Die Einsichtnahme in die Mietvertr\u00e4ge muss der Vermieter im Rahmen seiner Unterst\u00fctzungspflicht dem Finanzamt auf Anforderung erm\u00f6glichen.","robots":{"index":"noindex","follow":"nofollow"},"og_locale":"de_DE","og_type":"article","og_title":"Einsichtnahme des Finanzamts in die Mietvertr\u00e4ge","og_description":"Die Einsichtnahme in die Mietvertr\u00e4ge muss der Vermieter im Rahmen seiner Unterst\u00fctzungspflicht dem Finanzamt auf Anforderung erm\u00f6glichen.","og_url":"https:\/\/www.buhl.de\/vermieter-web\/einsichtnahme-des-finanzamts-in-die-mietvertraege\/","og_site_name":"Online-Nebenkostenabrechnung mit WISO Vermieter-Web","article_published_time":"2025-01-20T10:17:03+00:00","og_image":[{"width":1069,"height":541,"url":"https:\/\/www.buhl.de\/vermieter-web\/wp-content\/uploads\/sites\/33\/2025\/01\/Ekaterina-Sokolova-Akteneinsicht.jpg","type":"image\/jpeg"}],"author":"Hartmut Fischer","twitter_card":"summary_large_image","twitter_misc":{"Verfasst von":"Hartmut Fischer","Gesch\u00e4tzte Lesezeit":"3\u00a0Minuten"},"schema":{"@context":"https:\/\/schema.org","@graph":[{"@type":"Article","@id":"https:\/\/www.buhl.de\/vermieter-web\/einsichtnahme-des-finanzamts-in-die-mietvertraege\/#article","isPartOf":{"@id":"https:\/\/www.buhl.de\/vermieter-web\/einsichtnahme-des-finanzamts-in-die-mietvertraege\/"},"author":{"name":"Hartmut Fischer","@id":"https:\/\/www.buhl.de\/vermieter-web\/#\/schema\/person\/82903e1cb04eb553382702d503991b4f"},"headline":"Einsichtnahme des Finanzamts in die Mietvertr\u00e4ge","datePublished":"2025-01-20T10:17:03+00:00","mainEntityOfPage":{"@id":"https:\/\/www.buhl.de\/vermieter-web\/einsichtnahme-des-finanzamts-in-die-mietvertraege\/"},"wordCount":362,"image":{"@id":"https:\/\/www.buhl.de\/vermieter-web\/einsichtnahme-des-finanzamts-in-die-mietvertraege\/#primaryimage"},"thumbnailUrl":"https:\/\/www.buhl.de\/vermieter-web\/wp-content\/uploads\/sites\/33\/2025\/01\/Ekaterina-Sokolova-Akteneinsicht.jpg","keywords":["Einischt","Finanzamt","Mietvertrag","Pr\u00fcfung"],"inLanguage":"de"},{"@type":"WebPage","@id":"https:\/\/www.buhl.de\/vermieter-web\/einsichtnahme-des-finanzamts-in-die-mietvertraege\/","url":"https:\/\/www.buhl.de\/vermieter-web\/einsichtnahme-des-finanzamts-in-die-mietvertraege\/","name":"Einsichtnahme des Finanzamts in die Mietvertr\u00e4ge","isPartOf":{"@id":"https:\/\/www.buhl.de\/vermieter-web\/#website"},"primaryImageOfPage":{"@id":"https:\/\/www.buhl.de\/vermieter-web\/einsichtnahme-des-finanzamts-in-die-mietvertraege\/#primaryimage"},"image":{"@id":"https:\/\/www.buhl.de\/vermieter-web\/einsichtnahme-des-finanzamts-in-die-mietvertraege\/#primaryimage"},"thumbnailUrl":"https:\/\/www.buhl.de\/vermieter-web\/wp-content\/uploads\/sites\/33\/2025\/01\/Ekaterina-Sokolova-Akteneinsicht.jpg","datePublished":"2025-01-20T10:17:03+00:00","author":{"@id":"https:\/\/www.buhl.de\/vermieter-web\/#\/schema\/person\/82903e1cb04eb553382702d503991b4f"},"description":"Die Einsichtnahme in die Mietvertr\u00e4ge muss der Vermieter im Rahmen seiner Unterst\u00fctzungspflicht dem Finanzamt auf Anforderung erm\u00f6glichen.","breadcrumb":{"@id":"https:\/\/www.buhl.de\/vermieter-web\/einsichtnahme-des-finanzamts-in-die-mietvertraege\/#breadcrumb"},"inLanguage":"de","potentialAction":[{"@type":"ReadAction","target":["https:\/\/www.buhl.de\/vermieter-web\/einsichtnahme-des-finanzamts-in-die-mietvertraege\/"]}]},{"@type":"ImageObject","inLanguage":"de","@id":"https:\/\/www.buhl.de\/vermieter-web\/einsichtnahme-des-finanzamts-in-die-mietvertraege\/#primaryimage","url":"https:\/\/www.buhl.de\/vermieter-web\/wp-content\/uploads\/sites\/33\/2025\/01\/Ekaterina-Sokolova-Akteneinsicht.jpg","contentUrl":"https:\/\/www.buhl.de\/vermieter-web\/wp-content\/uploads\/sites\/33\/2025\/01\/Ekaterina-Sokolova-Akteneinsicht.jpg","width":1069,"height":541},{"@type":"BreadcrumbList","@id":"https:\/\/www.buhl.de\/vermieter-web\/einsichtnahme-des-finanzamts-in-die-mietvertraege\/#breadcrumb","itemListElement":[{"@type":"ListItem","position":1,"name":"Startseite","item":"https:\/\/www.buhl.de\/vermieter-web\/"},{"@type":"ListItem","position":2,"name":"Einsichtnahme des Finanzamts in die Mietvertr\u00e4ge"}]},{"@type":"WebSite","@id":"https:\/\/www.buhl.de\/vermieter-web\/#website","url":"https:\/\/www.buhl.de\/vermieter-web\/","name":"Online-Nebenkostenabrechnung mit WISO Vermieter-Web","description":"","potentialAction":[{"@type":"SearchAction","target":{"@type":"EntryPoint","urlTemplate":"https:\/\/www.buhl.de\/vermieter-web\/?s={search_term_string}"},"query-input":{"@type":"PropertyValueSpecification","valueRequired":true,"valueName":"search_term_string"}}],"inLanguage":"de"},{"@type":"Person","@id":"https:\/\/www.buhl.de\/vermieter-web\/#\/schema\/person\/82903e1cb04eb553382702d503991b4f","name":"Hartmut Fischer"}]}},"_links":{"self":[{"href":"https:\/\/www.buhl.de\/vermieter-web\/wp-json\/wp\/v2\/posts\/16762","targetHints":{"allow":["GET"]}}],"collection":[{"href":"https:\/\/www.buhl.de\/vermieter-web\/wp-json\/wp\/v2\/posts"}],"about":[{"href":"https:\/\/www.buhl.de\/vermieter-web\/wp-json\/wp\/v2\/types\/post"}],"author":[{"embeddable":true,"href":"https:\/\/www.buhl.de\/vermieter-web\/wp-json\/wp\/v2\/users\/15"}],"replies":[{"embeddable":true,"href":"https:\/\/www.buhl.de\/vermieter-web\/wp-json\/wp\/v2\/comments?post=16762"}],"version-history":[{"count":2,"href":"https:\/\/www.buhl.de\/vermieter-web\/wp-json\/wp\/v2\/posts\/16762\/revisions"}],"predecessor-version":[{"id":16768,"href":"https:\/\/www.buhl.de\/vermieter-web\/wp-json\/wp\/v2\/posts\/16762\/revisions\/16768"}],"wp:featuredmedia":[{"embeddable":true,"href":"https:\/\/www.buhl.de\/vermieter-web\/wp-json\/wp\/v2\/media\/16767"}],"wp:attachment":[{"href":"https:\/\/www.buhl.de\/vermieter-web\/wp-json\/wp\/v2\/media?parent=16762"}],"wp:term":[{"taxonomy":"category","embeddable":true,"href":"https:\/\/www.buhl.de\/vermieter-web\/wp-json\/wp\/v2\/categories?post=16762"},{"taxonomy":"post_tag","embeddable":true,"href":"https:\/\/www.buhl.de\/vermieter-web\/wp-json\/wp\/v2\/tags?post=16762"}],"curies":[{"name":"wp","href":"https:\/\/api.w.org\/{rel}","templated":true}]}}