{"id":16916,"date":"2025-03-28T14:43:21","date_gmt":"2025-03-28T13:43:21","guid":{"rendered":"https:\/\/www.buhl.de\/vermieter-web\/?p=16916"},"modified":"2025-03-28T14:43:21","modified_gmt":"2025-03-28T13:43:21","slug":"musterfeststellungsklage-bei-gaspreisregelung-erfolgreich","status":"publish","type":"post","link":"https:\/\/www.buhl.de\/vermieter-web\/musterfeststellungsklage-bei-gaspreisregelung-erfolgreich\/","title":{"rendered":"Musterfeststellungsklage bei Gaspreisregelung erfolgreich"},"content":{"rendered":"<p><strong>Der Verbraucherzentrale Bundesverband e. V. konnte sich in einer Musterfeststellungsklage vor dem Kammergericht Berlin gegen einen Gaslieferanten am 21.03.2025 durchsetzen. Die Zentrale hatte bem\u00e4ngelt, dass der Gaslieferant bei Neukunden und Bestandskunden unterschiedliche Preise festlegte. (Aktenzeichen MK 1\/22 EnWG)<\/strong><\/p>\n<hr \/>\n<p><img loading=\"lazy\" decoding=\"async\" class=\" wp-image-10018 alignleft\" src=\"https:\/\/www.buhl.de\/vermieter-web\/wp-content\/uploads\/sites\/33\/2019\/12\/Info.jpg\" alt=\"\" width=\"90\" height=\"87\" \/>Bei einer Musterfeststellungsklage k\u00f6nnen Verbraucherschutzverb\u00e4nde im Namen einer Vielzahl von Betroffenen gegen ein Unternehmen klagen. Im Rahmen der Klage soll dann gekl\u00e4rt werden, ob die Betroffenen Anspr\u00fcche gegen\u00fcber dem beklagten Unternehmen geltend machen k\u00f6nnen. Allerdings stellt das Urteil zun\u00e4chst lediglich fest, ob das Unternehmen haftet. Das Urteil erm\u00f6glicht den an der Musterfeststellungsklage Beteiligten, individuelle Anspr\u00fcche gegen das beklagte Unternehmen durchzusetzen.<\/p>\n<hr \/>\n<h5>Musterfeststellungsklage gegen unterschiedliche Gaspreise<\/h5>\n<p>In dem Verfahren ging es um die Abrechnung von Gaslieferungen in der Zeit vom 02.12.2021 bis 30.04.2022. In dieser Zeit berechnete der Gaslieferant f\u00fcr Neukunden in der Grund- und Ersatzversorgung h\u00f6here Arbeitspreise als den Bestandskunden. Dies hielt die Verbraucherzentrale f\u00fcr unzul\u00e4ssig. Das Unternehmen verwies im Verfahren auf die Ende 2021 stark gestiegenen Beschaffungspreise f\u00fcr Gas. Dieser h\u00e4tte zu einem sehr starken Anstieg der Kunden im Bereich Grund- und Ersatzversorgung gef\u00fchrt.<\/p>\n<h5>Kammergericht gibt Musterfeststellungsklage statt<\/h5>\n<p>Das Kammergericht hielt die unterschiedliche Preisfestlegung f\u00fcr Neu- und Bestandskunden\u00a0 jedoch f\u00fcr unzul\u00e4ssig. W\u00e4hrend der Verhandlung stellte das Gericht klar, dass schon nach der f\u00fcr den zu entscheidenden Zeitraum ma\u00dfgeblichen alten Rechtslage keine Preisdifferenzierung zwischen Bestandskunden und Neukunden in der Grund- und Ersatzversorgung erlaubt sei. Insbesondere die gestiegenen Energiebeschaffungspreise stellten keinen rechtlich zul\u00e4ssigen, sachlichen Grund f\u00fcr die Differenzierung dar.<\/p>\n<p>Das Urteil ist noch nicht rechtskr\u00e4ftig. Gegen die Entscheidung ist die Revision zum Bundesgerichtshof innerhalb eines Monats nach Zustellung der schriftlichen Urteilsgr\u00fcnde m\u00f6glich.<\/p>\n<hr \/>\n<h5>Das k\u00f6nnte Sie auch interessieren:<\/h5>\n<p><a href=\"https:\/\/www.buhl.de\/vermieter-web\/14813-2\/\">Musterfeststellungsklage gegen Stromio GmbH<br \/>\n<\/a><a href=\"https:\/\/www.buhl.de\/vermieter-web\/mieterverein-gewinnt-musterfeststellungsklage\/\">Mieterverein gewinnt Musterfeststellungsklage<\/a><\/p>\n<hr \/>\n<p>&nbsp;<\/p>\n","protected":false},"excerpt":{"rendered":"<p>Der Verbraucherzentrale Bundesverband e. V. konnte sich in einer Musterfeststellungsklage vor dem Kammergericht Berlin gegen einen Gaslieferanten am 21.03.2025 durchsetzen. Die Zentrale hatte bem\u00e4ngelt, dass der Gaslieferant bei Neukunden und Bestandskunden unterschiedliche Preise festlegte. (Aktenzeichen MK 1\/22 EnWG) Bei einer Musterfeststellungsklage k\u00f6nnen Verbraucherschutzverb\u00e4nde im Namen einer Vielzahl von Betroffenen gegen ein Unternehmen klagen. Im Rahmen &hellip; <\/p>\n<p class=\"link-more\"><a href=\"https:\/\/www.buhl.de\/vermieter-web\/musterfeststellungsklage-bei-gaspreisregelung-erfolgreich\/\" class=\"more-link\"><span class=\"screen-reader-text\">\u201eMusterfeststellungsklage bei Gaspreisregelung erfolgreich\u201c<\/span> weiterlesen<\/a><\/p>\n","protected":false},"author":15,"featured_media":16919,"comment_status":"closed","ping_status":"open","sticky":false,"template":"","format":"standard","meta":{"footnotes":""},"categories":[1],"tags":[6390,3672,3288,6389],"class_list":["post-16916","post","type-post","status-publish","format-standard","has-post-thumbnail","hentry","category-allgemein","tag-bestandskunde","tag-gas","tag-musterfeststellungsklage","tag-neukunde"],"yoast_head":"<!-- This site is optimized with the Yoast SEO Premium plugin v27.4 (Yoast SEO v27.5) - https:\/\/yoast.com\/product\/yoast-seo-premium-wordpress\/ -->\n<title>Musterfeststellungsklage bei Gaspreisen erfolgreich<\/title>\n<meta name=\"description\" content=\"Eine Musterfeststellungsklage gegen einen Gaslieferanten erfolgreich, der f\u00fcr Neu- und Bestandskunden unterschiedliche Arbeitspreise nahm.\" \/>\n<meta name=\"robots\" content=\"noindex, nofollow\" \/>\n<meta property=\"og:locale\" content=\"de_DE\" \/>\n<meta property=\"og:type\" content=\"article\" \/>\n<meta property=\"og:title\" content=\"Musterfeststellungsklage bei Gaspreisregelung erfolgreich\" \/>\n<meta property=\"og:description\" content=\"Eine Musterfeststellungsklage gegen einen Gaslieferanten erfolgreich, der f\u00fcr Neu- und Bestandskunden unterschiedliche Arbeitspreise nahm.\" \/>\n<meta property=\"og:url\" content=\"https:\/\/www.buhl.de\/vermieter-web\/musterfeststellungsklage-bei-gaspreisregelung-erfolgreich\/\" \/>\n<meta property=\"og:site_name\" content=\"Online-Nebenkostenabrechnung mit WISO Vermieter-Web\" \/>\n<meta property=\"article:published_time\" content=\"2025-03-28T13:43:21+00:00\" \/>\n<meta property=\"og:image\" content=\"https:\/\/www.buhl.de\/vermieter-web\/wp-content\/uploads\/sites\/33\/2025\/03\/Johannes-Hansen-Gas.jpg\" \/>\n\t<meta property=\"og:image:width\" content=\"1063\" \/>\n\t<meta property=\"og:image:height\" content=\"532\" \/>\n\t<meta property=\"og:image:type\" content=\"image\/jpeg\" \/>\n<meta name=\"author\" content=\"Hartmut Fischer\" \/>\n<meta name=\"twitter:card\" content=\"summary_large_image\" \/>\n<meta name=\"twitter:label1\" content=\"Verfasst von\" \/>\n\t<meta name=\"twitter:data1\" content=\"Hartmut Fischer\" \/>\n\t<meta name=\"twitter:label2\" content=\"Gesch\u00e4tzte Lesezeit\" \/>\n\t<meta name=\"twitter:data2\" content=\"2\u00a0Minuten\" \/>\n<script type=\"application\/ld+json\" class=\"yoast-schema-graph\">{\"@context\":\"https:\\\/\\\/schema.org\",\"@graph\":[{\"@type\":\"Article\",\"@id\":\"https:\\\/\\\/www.buhl.de\\\/vermieter-web\\\/musterfeststellungsklage-bei-gaspreisregelung-erfolgreich\\\/#article\",\"isPartOf\":{\"@id\":\"https:\\\/\\\/www.buhl.de\\\/vermieter-web\\\/musterfeststellungsklage-bei-gaspreisregelung-erfolgreich\\\/\"},\"author\":{\"name\":\"Hartmut Fischer\",\"@id\":\"https:\\\/\\\/www.buhl.de\\\/vermieter-web\\\/#\\\/schema\\\/person\\\/82903e1cb04eb553382702d503991b4f\"},\"headline\":\"Musterfeststellungsklage bei Gaspreisregelung erfolgreich\",\"datePublished\":\"2025-03-28T13:43:21+00:00\",\"mainEntityOfPage\":{\"@id\":\"https:\\\/\\\/www.buhl.de\\\/vermieter-web\\\/musterfeststellungsklage-bei-gaspreisregelung-erfolgreich\\\/\"},\"wordCount\":299,\"image\":{\"@id\":\"https:\\\/\\\/www.buhl.de\\\/vermieter-web\\\/musterfeststellungsklage-bei-gaspreisregelung-erfolgreich\\\/#primaryimage\"},\"thumbnailUrl\":\"https:\\\/\\\/www.buhl.de\\\/vermieter-web\\\/wp-content\\\/uploads\\\/sites\\\/33\\\/2025\\\/03\\\/Johannes-Hansen-Gas.jpg\",\"keywords\":[\"Bestandskunde\",\"Gas\",\"Musterfeststellungsklage\",\"Neukunde\"],\"inLanguage\":\"de\"},{\"@type\":\"WebPage\",\"@id\":\"https:\\\/\\\/www.buhl.de\\\/vermieter-web\\\/musterfeststellungsklage-bei-gaspreisregelung-erfolgreich\\\/\",\"url\":\"https:\\\/\\\/www.buhl.de\\\/vermieter-web\\\/musterfeststellungsklage-bei-gaspreisregelung-erfolgreich\\\/\",\"name\":\"Musterfeststellungsklage bei Gaspreisen erfolgreich\",\"isPartOf\":{\"@id\":\"https:\\\/\\\/www.buhl.de\\\/vermieter-web\\\/#website\"},\"primaryImageOfPage\":{\"@id\":\"https:\\\/\\\/www.buhl.de\\\/vermieter-web\\\/musterfeststellungsklage-bei-gaspreisregelung-erfolgreich\\\/#primaryimage\"},\"image\":{\"@id\":\"https:\\\/\\\/www.buhl.de\\\/vermieter-web\\\/musterfeststellungsklage-bei-gaspreisregelung-erfolgreich\\\/#primaryimage\"},\"thumbnailUrl\":\"https:\\\/\\\/www.buhl.de\\\/vermieter-web\\\/wp-content\\\/uploads\\\/sites\\\/33\\\/2025\\\/03\\\/Johannes-Hansen-Gas.jpg\",\"datePublished\":\"2025-03-28T13:43:21+00:00\",\"author\":{\"@id\":\"https:\\\/\\\/www.buhl.de\\\/vermieter-web\\\/#\\\/schema\\\/person\\\/82903e1cb04eb553382702d503991b4f\"},\"description\":\"Eine Musterfeststellungsklage gegen einen Gaslieferanten erfolgreich, der f\u00fcr Neu- und Bestandskunden unterschiedliche Arbeitspreise nahm.\",\"breadcrumb\":{\"@id\":\"https:\\\/\\\/www.buhl.de\\\/vermieter-web\\\/musterfeststellungsklage-bei-gaspreisregelung-erfolgreich\\\/#breadcrumb\"},\"inLanguage\":\"de\",\"potentialAction\":[{\"@type\":\"ReadAction\",\"target\":[\"https:\\\/\\\/www.buhl.de\\\/vermieter-web\\\/musterfeststellungsklage-bei-gaspreisregelung-erfolgreich\\\/\"]}]},{\"@type\":\"ImageObject\",\"inLanguage\":\"de\",\"@id\":\"https:\\\/\\\/www.buhl.de\\\/vermieter-web\\\/musterfeststellungsklage-bei-gaspreisregelung-erfolgreich\\\/#primaryimage\",\"url\":\"https:\\\/\\\/www.buhl.de\\\/vermieter-web\\\/wp-content\\\/uploads\\\/sites\\\/33\\\/2025\\\/03\\\/Johannes-Hansen-Gas.jpg\",\"contentUrl\":\"https:\\\/\\\/www.buhl.de\\\/vermieter-web\\\/wp-content\\\/uploads\\\/sites\\\/33\\\/2025\\\/03\\\/Johannes-Hansen-Gas.jpg\",\"width\":1063,\"height\":532},{\"@type\":\"BreadcrumbList\",\"@id\":\"https:\\\/\\\/www.buhl.de\\\/vermieter-web\\\/musterfeststellungsklage-bei-gaspreisregelung-erfolgreich\\\/#breadcrumb\",\"itemListElement\":[{\"@type\":\"ListItem\",\"position\":1,\"name\":\"Startseite\",\"item\":\"https:\\\/\\\/www.buhl.de\\\/vermieter-web\\\/\"},{\"@type\":\"ListItem\",\"position\":2,\"name\":\"Musterfeststellungsklage bei Gaspreisregelung erfolgreich\"}]},{\"@type\":\"WebSite\",\"@id\":\"https:\\\/\\\/www.buhl.de\\\/vermieter-web\\\/#website\",\"url\":\"https:\\\/\\\/www.buhl.de\\\/vermieter-web\\\/\",\"name\":\"Online-Nebenkostenabrechnung mit WISO Vermieter-Web\",\"description\":\"\",\"potentialAction\":[{\"@type\":\"SearchAction\",\"target\":{\"@type\":\"EntryPoint\",\"urlTemplate\":\"https:\\\/\\\/www.buhl.de\\\/vermieter-web\\\/?s={search_term_string}\"},\"query-input\":{\"@type\":\"PropertyValueSpecification\",\"valueRequired\":true,\"valueName\":\"search_term_string\"}}],\"inLanguage\":\"de\"},{\"@type\":\"Person\",\"@id\":\"https:\\\/\\\/www.buhl.de\\\/vermieter-web\\\/#\\\/schema\\\/person\\\/82903e1cb04eb553382702d503991b4f\",\"name\":\"Hartmut Fischer\"}]}<\/script>\n<!-- \/ Yoast SEO Premium plugin. -->","yoast_head_json":{"title":"Musterfeststellungsklage bei Gaspreisen erfolgreich","description":"Eine Musterfeststellungsklage gegen einen Gaslieferanten erfolgreich, der f\u00fcr Neu- und Bestandskunden unterschiedliche Arbeitspreise nahm.","robots":{"index":"noindex","follow":"nofollow"},"og_locale":"de_DE","og_type":"article","og_title":"Musterfeststellungsklage bei Gaspreisregelung erfolgreich","og_description":"Eine Musterfeststellungsklage gegen einen Gaslieferanten erfolgreich, der f\u00fcr Neu- und Bestandskunden unterschiedliche Arbeitspreise nahm.","og_url":"https:\/\/www.buhl.de\/vermieter-web\/musterfeststellungsklage-bei-gaspreisregelung-erfolgreich\/","og_site_name":"Online-Nebenkostenabrechnung mit WISO Vermieter-Web","article_published_time":"2025-03-28T13:43:21+00:00","og_image":[{"width":1063,"height":532,"url":"https:\/\/www.buhl.de\/vermieter-web\/wp-content\/uploads\/sites\/33\/2025\/03\/Johannes-Hansen-Gas.jpg","type":"image\/jpeg"}],"author":"Hartmut Fischer","twitter_card":"summary_large_image","twitter_misc":{"Verfasst von":"Hartmut Fischer","Gesch\u00e4tzte Lesezeit":"2\u00a0Minuten"},"schema":{"@context":"https:\/\/schema.org","@graph":[{"@type":"Article","@id":"https:\/\/www.buhl.de\/vermieter-web\/musterfeststellungsklage-bei-gaspreisregelung-erfolgreich\/#article","isPartOf":{"@id":"https:\/\/www.buhl.de\/vermieter-web\/musterfeststellungsklage-bei-gaspreisregelung-erfolgreich\/"},"author":{"name":"Hartmut Fischer","@id":"https:\/\/www.buhl.de\/vermieter-web\/#\/schema\/person\/82903e1cb04eb553382702d503991b4f"},"headline":"Musterfeststellungsklage bei Gaspreisregelung erfolgreich","datePublished":"2025-03-28T13:43:21+00:00","mainEntityOfPage":{"@id":"https:\/\/www.buhl.de\/vermieter-web\/musterfeststellungsklage-bei-gaspreisregelung-erfolgreich\/"},"wordCount":299,"image":{"@id":"https:\/\/www.buhl.de\/vermieter-web\/musterfeststellungsklage-bei-gaspreisregelung-erfolgreich\/#primaryimage"},"thumbnailUrl":"https:\/\/www.buhl.de\/vermieter-web\/wp-content\/uploads\/sites\/33\/2025\/03\/Johannes-Hansen-Gas.jpg","keywords":["Bestandskunde","Gas","Musterfeststellungsklage","Neukunde"],"inLanguage":"de"},{"@type":"WebPage","@id":"https:\/\/www.buhl.de\/vermieter-web\/musterfeststellungsklage-bei-gaspreisregelung-erfolgreich\/","url":"https:\/\/www.buhl.de\/vermieter-web\/musterfeststellungsklage-bei-gaspreisregelung-erfolgreich\/","name":"Musterfeststellungsklage bei Gaspreisen erfolgreich","isPartOf":{"@id":"https:\/\/www.buhl.de\/vermieter-web\/#website"},"primaryImageOfPage":{"@id":"https:\/\/www.buhl.de\/vermieter-web\/musterfeststellungsklage-bei-gaspreisregelung-erfolgreich\/#primaryimage"},"image":{"@id":"https:\/\/www.buhl.de\/vermieter-web\/musterfeststellungsklage-bei-gaspreisregelung-erfolgreich\/#primaryimage"},"thumbnailUrl":"https:\/\/www.buhl.de\/vermieter-web\/wp-content\/uploads\/sites\/33\/2025\/03\/Johannes-Hansen-Gas.jpg","datePublished":"2025-03-28T13:43:21+00:00","author":{"@id":"https:\/\/www.buhl.de\/vermieter-web\/#\/schema\/person\/82903e1cb04eb553382702d503991b4f"},"description":"Eine Musterfeststellungsklage gegen einen Gaslieferanten erfolgreich, der f\u00fcr Neu- und Bestandskunden unterschiedliche Arbeitspreise nahm.","breadcrumb":{"@id":"https:\/\/www.buhl.de\/vermieter-web\/musterfeststellungsklage-bei-gaspreisregelung-erfolgreich\/#breadcrumb"},"inLanguage":"de","potentialAction":[{"@type":"ReadAction","target":["https:\/\/www.buhl.de\/vermieter-web\/musterfeststellungsklage-bei-gaspreisregelung-erfolgreich\/"]}]},{"@type":"ImageObject","inLanguage":"de","@id":"https:\/\/www.buhl.de\/vermieter-web\/musterfeststellungsklage-bei-gaspreisregelung-erfolgreich\/#primaryimage","url":"https:\/\/www.buhl.de\/vermieter-web\/wp-content\/uploads\/sites\/33\/2025\/03\/Johannes-Hansen-Gas.jpg","contentUrl":"https:\/\/www.buhl.de\/vermieter-web\/wp-content\/uploads\/sites\/33\/2025\/03\/Johannes-Hansen-Gas.jpg","width":1063,"height":532},{"@type":"BreadcrumbList","@id":"https:\/\/www.buhl.de\/vermieter-web\/musterfeststellungsklage-bei-gaspreisregelung-erfolgreich\/#breadcrumb","itemListElement":[{"@type":"ListItem","position":1,"name":"Startseite","item":"https:\/\/www.buhl.de\/vermieter-web\/"},{"@type":"ListItem","position":2,"name":"Musterfeststellungsklage bei Gaspreisregelung erfolgreich"}]},{"@type":"WebSite","@id":"https:\/\/www.buhl.de\/vermieter-web\/#website","url":"https:\/\/www.buhl.de\/vermieter-web\/","name":"Online-Nebenkostenabrechnung mit WISO Vermieter-Web","description":"","potentialAction":[{"@type":"SearchAction","target":{"@type":"EntryPoint","urlTemplate":"https:\/\/www.buhl.de\/vermieter-web\/?s={search_term_string}"},"query-input":{"@type":"PropertyValueSpecification","valueRequired":true,"valueName":"search_term_string"}}],"inLanguage":"de"},{"@type":"Person","@id":"https:\/\/www.buhl.de\/vermieter-web\/#\/schema\/person\/82903e1cb04eb553382702d503991b4f","name":"Hartmut Fischer"}]}},"_links":{"self":[{"href":"https:\/\/www.buhl.de\/vermieter-web\/wp-json\/wp\/v2\/posts\/16916","targetHints":{"allow":["GET"]}}],"collection":[{"href":"https:\/\/www.buhl.de\/vermieter-web\/wp-json\/wp\/v2\/posts"}],"about":[{"href":"https:\/\/www.buhl.de\/vermieter-web\/wp-json\/wp\/v2\/types\/post"}],"author":[{"embeddable":true,"href":"https:\/\/www.buhl.de\/vermieter-web\/wp-json\/wp\/v2\/users\/15"}],"replies":[{"embeddable":true,"href":"https:\/\/www.buhl.de\/vermieter-web\/wp-json\/wp\/v2\/comments?post=16916"}],"version-history":[{"count":1,"href":"https:\/\/www.buhl.de\/vermieter-web\/wp-json\/wp\/v2\/posts\/16916\/revisions"}],"predecessor-version":[{"id":16918,"href":"https:\/\/www.buhl.de\/vermieter-web\/wp-json\/wp\/v2\/posts\/16916\/revisions\/16918"}],"wp:featuredmedia":[{"embeddable":true,"href":"https:\/\/www.buhl.de\/vermieter-web\/wp-json\/wp\/v2\/media\/16919"}],"wp:attachment":[{"href":"https:\/\/www.buhl.de\/vermieter-web\/wp-json\/wp\/v2\/media?parent=16916"}],"wp:term":[{"taxonomy":"category","embeddable":true,"href":"https:\/\/www.buhl.de\/vermieter-web\/wp-json\/wp\/v2\/categories?post=16916"},{"taxonomy":"post_tag","embeddable":true,"href":"https:\/\/www.buhl.de\/vermieter-web\/wp-json\/wp\/v2\/tags?post=16916"}],"curies":[{"name":"wp","href":"https:\/\/api.w.org\/{rel}","templated":true}]}}