{"id":16920,"date":"2025-03-31T16:49:07","date_gmt":"2025-03-31T14:49:07","guid":{"rendered":"https:\/\/www.buhl.de\/vermieter-web\/?p=16920"},"modified":"2025-03-31T16:49:07","modified_gmt":"2025-03-31T14:49:07","slug":"beschluesse-bei-unkorrekter-einladung-zur-eigentuemerversammlung","status":"publish","type":"post","link":"https:\/\/www.buhl.de\/vermieter-web\/beschluesse-bei-unkorrekter-einladung-zur-eigentuemerversammlung\/","title":{"rendered":"Beschl\u00fcsse bei unkorrekter Einladung zur Eigent\u00fcmerversammlung"},"content":{"rendered":"<p><strong>Wird die Einladung zu einer Wohneigent\u00fcmerversammlung von einer hierzu nicht befugten Person vorgenommen, werden dadurch die in der Versammlung gefassten Beschl\u00fcsse nicht automatisch nichtig. Wohnungseigent\u00fcmer k\u00f6nnen sich gegen die Beschl\u00fcsse per Anfechtung zur Wehr setzen. Das geht aus einem Urteil des Landgerichts Frankfurt\/Main vom 13.02.2025 hervor (Aktenzeichen 2 13 S 71\/24).<\/strong><\/p>\n<h5>Ladung durch Miteigent\u00fcmer grunds\u00e4tzlich nicht zul\u00e4ssig<\/h5>\n<p>In dem Verfahren ging es um eine Mitgliederversammlung einer Wohnungseigent\u00fcmergemeinschaft, die lediglich aus zwei Miteigent\u00fcmern bestand. Die Gemeinschaft verf\u00fcgte auch \u00fcber keinen Verwalter oder Beirat. Einer der beiden Eigent\u00fcmer lud zu einer Mitgliederversammlung ein, zu der aber der andere Eigent\u00fcmer nicht erschien. Der nicht zur Versammlung erschienene Eigent\u00fcmer versuchte zun\u00e4chst vor dem Amtsgericht Wetzlar, die gefassten Beschl\u00fcsse insgesamt f\u00fcr nichtig zu erkl\u00e4ren. Das Amtsgericht wies die Klage jedoch am 28.05.2024 ab (Aktenzeichen 39 C 831\/23). Hiergegen ging der Kl\u00e4ger in Revision vor das Landgericht Frankfurt\/Main.<\/p>\n<h5>Landgericht: Beschl\u00fcsse nicht automatisch nichtig<\/h5>\n<p>Auch dort hatte er keinen Erfolg. Das Landgericht teilte die Ansicht des Amtsgerichts. Es best\u00e4tigte, dass die Einladung zu einer Wohnungseigent\u00fcmerversammlung, die von einer unbefugten Person ausging, nicht dazu f\u00fchrt, dass die Beschl\u00fcsse dadurch automatisch nichtig sind.<\/p>\n<h5>Beschl\u00fcsse k\u00f6nnen angefochten werden<\/h5>\n<p>Die Mitglieder der Wohnungseigent\u00fcmerversammlung konnten die Beschl\u00fcsse anfechten. Dies stellt einen ausreichenden Schutz der Versammlungsteilnehmer dar. Werden bei den Beschl\u00fcssen inhaltliche M\u00e4ngel erkannt, k\u00f6nnten diese per Anfechtung f\u00fcr ung\u00fcltig erkl\u00e4rt werden.<\/p>\n<p>Wenn die fehlerhafte Einladung sich direkt auf einen Beschluss auswirkt, f\u00fchrt dies ebenfalls zur Nichtigkeit des Beschlusses. Auch die regelm\u00e4\u00dfige oder systematische Missachtung der Regeln des <a href=\"https:\/\/www.gesetze-im-internet.de\/woeigg\/\">Wohneigentumsgesetzes<\/a> (WEG) bez\u00fcglich der Verwaltung kann zur Nichtigkeit eines Beschlusses f\u00fchren.<\/p>\n<h5>Wer kann zur Wohnungseigent\u00fcmerversammlung einladen?<\/h5>\n<p>Das Landgericht Frankfurt\/Main machte deutlich, dass die Einladung zur Wohneigentumsversammlung grunds\u00e4tzlich vom Verwalter durchgef\u00fchrt werden muss. Alternativ kann bei Fehlen eines Verwalters der\u00a0 Verwaltungsbeirat einladen. Fehlt auch ein Beirat, kann ein Wohnungseigent\u00fcmer per Beschluss oder Gerichtsentscheidung erm\u00e4chtigt werden.<\/p>\n<hr \/>\n<h5>Das k\u00f6nnte Sie auch interessieren:<\/h5>\n<p><a href=\"https:\/\/www.buhl.de\/vermieter-web\/einsicht-recht-der-wohnungseigentuemer-und-seine-grenzen\/\">Einsicht-Recht der Wohnungseigent\u00fcmer und seine Grenzen<\/a><br \/>\n<a href=\"https:\/\/www.buhl.de\/vermieter-web\/kostenverteilung-der-weg-moeglich-klage-dagegen-aber-moeglich\/\">Kostenverteilung kann die WEG \u00e4ndern, aber Klage dagegen m\u00f6glich<\/a><br \/>\n<a href=\"https:\/\/www.buhl.de\/vermieter-web\/weg-kein-tuerspion-ohne-beschluss-der-eigentuemergemeinschaft\/\">WEG: Kein T\u00fcrspion ohne Beschluss der Eigent\u00fcmergemeinschaft<\/a><\/p>\n<hr \/>\n<p>&nbsp;<\/p>\n","protected":false},"excerpt":{"rendered":"<p>Wird die Einladung zu einer Wohneigent\u00fcmerversammlung von einer hierzu nicht befugten Person vorgenommen, werden dadurch die in der Versammlung gefassten Beschl\u00fcsse nicht automatisch nichtig. Wohnungseigent\u00fcmer k\u00f6nnen sich gegen die Beschl\u00fcsse per Anfechtung zur Wehr setzen. Das geht aus einem Urteil des Landgerichts Frankfurt\/Main vom 13.02.2025 hervor (Aktenzeichen 2 13 S 71\/24). Ladung durch Miteigent\u00fcmer grunds\u00e4tzlich &hellip; <\/p>\n<p class=\"link-more\"><a href=\"https:\/\/www.buhl.de\/vermieter-web\/beschluesse-bei-unkorrekter-einladung-zur-eigentuemerversammlung\/\" class=\"more-link\"><span class=\"screen-reader-text\">\u201eBeschl\u00fcsse bei unkorrekter Einladung zur Eigent\u00fcmerversammlung\u201c<\/span> weiterlesen<\/a><\/p>\n","protected":false},"author":15,"featured_media":16926,"comment_status":"closed","ping_status":"open","sticky":false,"template":"","format":"standard","meta":{"footnotes":""},"categories":[1],"tags":[4654,5762,5599],"class_list":["post-16920","post","type-post","status-publish","format-standard","has-post-thumbnail","hentry","category-allgemein","tag-beschluss","tag-einladung","tag-versammlung"],"yoast_head":"<!-- This site is optimized with the Yoast SEO Premium plugin v27.4 (Yoast SEO v27.5) - https:\/\/yoast.com\/product\/yoast-seo-premium-wordpress\/ -->\n<title>Beschl\u00fcsse bei Einladung zur WEG durch unbefugte Person<\/title>\n<meta name=\"description\" content=\"Beschl\u00fcsse einer Wohnungseigent\u00fcmerversammlung sind auch g\u00fcltig, wenn eine nicht berechtigte Person zur Versammlung einlud.\" \/>\n<meta name=\"robots\" content=\"noindex, nofollow\" \/>\n<meta property=\"og:locale\" content=\"de_DE\" \/>\n<meta property=\"og:type\" content=\"article\" \/>\n<meta property=\"og:title\" content=\"Beschl\u00fcsse bei unkorrekter Einladung zur Eigent\u00fcmerversammlung\" \/>\n<meta property=\"og:description\" content=\"Beschl\u00fcsse einer Wohnungseigent\u00fcmerversammlung sind auch g\u00fcltig, wenn eine nicht berechtigte Person zur Versammlung einlud.\" \/>\n<meta property=\"og:url\" content=\"https:\/\/www.buhl.de\/vermieter-web\/beschluesse-bei-unkorrekter-einladung-zur-eigentuemerversammlung\/\" \/>\n<meta property=\"og:site_name\" content=\"Online-Nebenkostenabrechnung mit WISO Vermieter-Web\" \/>\n<meta property=\"article:published_time\" content=\"2025-03-31T14:49:07+00:00\" \/>\n<meta property=\"og:image\" content=\"https:\/\/www.buhl.de\/vermieter-web\/wp-content\/uploads\/sites\/33\/2025\/03\/Benis-Arapovic-diskussion.jpg\" \/>\n\t<meta property=\"og:image:width\" content=\"1063\" \/>\n\t<meta property=\"og:image:height\" content=\"532\" \/>\n\t<meta property=\"og:image:type\" content=\"image\/jpeg\" \/>\n<meta name=\"author\" content=\"Hartmut Fischer\" \/>\n<meta name=\"twitter:card\" content=\"summary_large_image\" \/>\n<meta name=\"twitter:label1\" content=\"Verfasst von\" \/>\n\t<meta name=\"twitter:data1\" content=\"Hartmut Fischer\" \/>\n\t<meta name=\"twitter:label2\" content=\"Gesch\u00e4tzte Lesezeit\" \/>\n\t<meta name=\"twitter:data2\" content=\"3\u00a0Minuten\" \/>\n<script type=\"application\/ld+json\" class=\"yoast-schema-graph\">{\"@context\":\"https:\\\/\\\/schema.org\",\"@graph\":[{\"@type\":\"Article\",\"@id\":\"https:\\\/\\\/www.buhl.de\\\/vermieter-web\\\/beschluesse-bei-unkorrekter-einladung-zur-eigentuemerversammlung\\\/#article\",\"isPartOf\":{\"@id\":\"https:\\\/\\\/www.buhl.de\\\/vermieter-web\\\/beschluesse-bei-unkorrekter-einladung-zur-eigentuemerversammlung\\\/\"},\"author\":{\"name\":\"Hartmut Fischer\",\"@id\":\"https:\\\/\\\/www.buhl.de\\\/vermieter-web\\\/#\\\/schema\\\/person\\\/82903e1cb04eb553382702d503991b4f\"},\"headline\":\"Beschl\u00fcsse bei unkorrekter Einladung zur Eigent\u00fcmerversammlung\",\"datePublished\":\"2025-03-31T14:49:07+00:00\",\"mainEntityOfPage\":{\"@id\":\"https:\\\/\\\/www.buhl.de\\\/vermieter-web\\\/beschluesse-bei-unkorrekter-einladung-zur-eigentuemerversammlung\\\/\"},\"wordCount\":379,\"image\":{\"@id\":\"https:\\\/\\\/www.buhl.de\\\/vermieter-web\\\/beschluesse-bei-unkorrekter-einladung-zur-eigentuemerversammlung\\\/#primaryimage\"},\"thumbnailUrl\":\"https:\\\/\\\/www.buhl.de\\\/vermieter-web\\\/wp-content\\\/uploads\\\/sites\\\/33\\\/2025\\\/03\\\/Benis-Arapovic-diskussion.jpg\",\"keywords\":[\"Beschluss\",\"Einladung\",\"Versammlung\"],\"inLanguage\":\"de\"},{\"@type\":\"WebPage\",\"@id\":\"https:\\\/\\\/www.buhl.de\\\/vermieter-web\\\/beschluesse-bei-unkorrekter-einladung-zur-eigentuemerversammlung\\\/\",\"url\":\"https:\\\/\\\/www.buhl.de\\\/vermieter-web\\\/beschluesse-bei-unkorrekter-einladung-zur-eigentuemerversammlung\\\/\",\"name\":\"Beschl\u00fcsse bei Einladung zur WEG durch unbefugte Person\",\"isPartOf\":{\"@id\":\"https:\\\/\\\/www.buhl.de\\\/vermieter-web\\\/#website\"},\"primaryImageOfPage\":{\"@id\":\"https:\\\/\\\/www.buhl.de\\\/vermieter-web\\\/beschluesse-bei-unkorrekter-einladung-zur-eigentuemerversammlung\\\/#primaryimage\"},\"image\":{\"@id\":\"https:\\\/\\\/www.buhl.de\\\/vermieter-web\\\/beschluesse-bei-unkorrekter-einladung-zur-eigentuemerversammlung\\\/#primaryimage\"},\"thumbnailUrl\":\"https:\\\/\\\/www.buhl.de\\\/vermieter-web\\\/wp-content\\\/uploads\\\/sites\\\/33\\\/2025\\\/03\\\/Benis-Arapovic-diskussion.jpg\",\"datePublished\":\"2025-03-31T14:49:07+00:00\",\"author\":{\"@id\":\"https:\\\/\\\/www.buhl.de\\\/vermieter-web\\\/#\\\/schema\\\/person\\\/82903e1cb04eb553382702d503991b4f\"},\"description\":\"Beschl\u00fcsse einer Wohnungseigent\u00fcmerversammlung sind auch g\u00fcltig, wenn eine nicht berechtigte Person zur Versammlung einlud.\",\"breadcrumb\":{\"@id\":\"https:\\\/\\\/www.buhl.de\\\/vermieter-web\\\/beschluesse-bei-unkorrekter-einladung-zur-eigentuemerversammlung\\\/#breadcrumb\"},\"inLanguage\":\"de\",\"potentialAction\":[{\"@type\":\"ReadAction\",\"target\":[\"https:\\\/\\\/www.buhl.de\\\/vermieter-web\\\/beschluesse-bei-unkorrekter-einladung-zur-eigentuemerversammlung\\\/\"]}]},{\"@type\":\"ImageObject\",\"inLanguage\":\"de\",\"@id\":\"https:\\\/\\\/www.buhl.de\\\/vermieter-web\\\/beschluesse-bei-unkorrekter-einladung-zur-eigentuemerversammlung\\\/#primaryimage\",\"url\":\"https:\\\/\\\/www.buhl.de\\\/vermieter-web\\\/wp-content\\\/uploads\\\/sites\\\/33\\\/2025\\\/03\\\/Benis-Arapovic-diskussion.jpg\",\"contentUrl\":\"https:\\\/\\\/www.buhl.de\\\/vermieter-web\\\/wp-content\\\/uploads\\\/sites\\\/33\\\/2025\\\/03\\\/Benis-Arapovic-diskussion.jpg\",\"width\":1063,\"height\":532},{\"@type\":\"BreadcrumbList\",\"@id\":\"https:\\\/\\\/www.buhl.de\\\/vermieter-web\\\/beschluesse-bei-unkorrekter-einladung-zur-eigentuemerversammlung\\\/#breadcrumb\",\"itemListElement\":[{\"@type\":\"ListItem\",\"position\":1,\"name\":\"Startseite\",\"item\":\"https:\\\/\\\/www.buhl.de\\\/vermieter-web\\\/\"},{\"@type\":\"ListItem\",\"position\":2,\"name\":\"Beschl\u00fcsse bei unkorrekter Einladung zur Eigent\u00fcmerversammlung\"}]},{\"@type\":\"WebSite\",\"@id\":\"https:\\\/\\\/www.buhl.de\\\/vermieter-web\\\/#website\",\"url\":\"https:\\\/\\\/www.buhl.de\\\/vermieter-web\\\/\",\"name\":\"Online-Nebenkostenabrechnung mit WISO Vermieter-Web\",\"description\":\"\",\"potentialAction\":[{\"@type\":\"SearchAction\",\"target\":{\"@type\":\"EntryPoint\",\"urlTemplate\":\"https:\\\/\\\/www.buhl.de\\\/vermieter-web\\\/?s={search_term_string}\"},\"query-input\":{\"@type\":\"PropertyValueSpecification\",\"valueRequired\":true,\"valueName\":\"search_term_string\"}}],\"inLanguage\":\"de\"},{\"@type\":\"Person\",\"@id\":\"https:\\\/\\\/www.buhl.de\\\/vermieter-web\\\/#\\\/schema\\\/person\\\/82903e1cb04eb553382702d503991b4f\",\"name\":\"Hartmut Fischer\"}]}<\/script>\n<!-- \/ Yoast SEO Premium plugin. -->","yoast_head_json":{"title":"Beschl\u00fcsse bei Einladung zur WEG durch unbefugte Person","description":"Beschl\u00fcsse einer Wohnungseigent\u00fcmerversammlung sind auch g\u00fcltig, wenn eine nicht berechtigte Person zur Versammlung einlud.","robots":{"index":"noindex","follow":"nofollow"},"og_locale":"de_DE","og_type":"article","og_title":"Beschl\u00fcsse bei unkorrekter Einladung zur Eigent\u00fcmerversammlung","og_description":"Beschl\u00fcsse einer Wohnungseigent\u00fcmerversammlung sind auch g\u00fcltig, wenn eine nicht berechtigte Person zur Versammlung einlud.","og_url":"https:\/\/www.buhl.de\/vermieter-web\/beschluesse-bei-unkorrekter-einladung-zur-eigentuemerversammlung\/","og_site_name":"Online-Nebenkostenabrechnung mit WISO Vermieter-Web","article_published_time":"2025-03-31T14:49:07+00:00","og_image":[{"width":1063,"height":532,"url":"https:\/\/www.buhl.de\/vermieter-web\/wp-content\/uploads\/sites\/33\/2025\/03\/Benis-Arapovic-diskussion.jpg","type":"image\/jpeg"}],"author":"Hartmut Fischer","twitter_card":"summary_large_image","twitter_misc":{"Verfasst von":"Hartmut Fischer","Gesch\u00e4tzte Lesezeit":"3\u00a0Minuten"},"schema":{"@context":"https:\/\/schema.org","@graph":[{"@type":"Article","@id":"https:\/\/www.buhl.de\/vermieter-web\/beschluesse-bei-unkorrekter-einladung-zur-eigentuemerversammlung\/#article","isPartOf":{"@id":"https:\/\/www.buhl.de\/vermieter-web\/beschluesse-bei-unkorrekter-einladung-zur-eigentuemerversammlung\/"},"author":{"name":"Hartmut Fischer","@id":"https:\/\/www.buhl.de\/vermieter-web\/#\/schema\/person\/82903e1cb04eb553382702d503991b4f"},"headline":"Beschl\u00fcsse bei unkorrekter Einladung zur Eigent\u00fcmerversammlung","datePublished":"2025-03-31T14:49:07+00:00","mainEntityOfPage":{"@id":"https:\/\/www.buhl.de\/vermieter-web\/beschluesse-bei-unkorrekter-einladung-zur-eigentuemerversammlung\/"},"wordCount":379,"image":{"@id":"https:\/\/www.buhl.de\/vermieter-web\/beschluesse-bei-unkorrekter-einladung-zur-eigentuemerversammlung\/#primaryimage"},"thumbnailUrl":"https:\/\/www.buhl.de\/vermieter-web\/wp-content\/uploads\/sites\/33\/2025\/03\/Benis-Arapovic-diskussion.jpg","keywords":["Beschluss","Einladung","Versammlung"],"inLanguage":"de"},{"@type":"WebPage","@id":"https:\/\/www.buhl.de\/vermieter-web\/beschluesse-bei-unkorrekter-einladung-zur-eigentuemerversammlung\/","url":"https:\/\/www.buhl.de\/vermieter-web\/beschluesse-bei-unkorrekter-einladung-zur-eigentuemerversammlung\/","name":"Beschl\u00fcsse bei Einladung zur WEG durch unbefugte Person","isPartOf":{"@id":"https:\/\/www.buhl.de\/vermieter-web\/#website"},"primaryImageOfPage":{"@id":"https:\/\/www.buhl.de\/vermieter-web\/beschluesse-bei-unkorrekter-einladung-zur-eigentuemerversammlung\/#primaryimage"},"image":{"@id":"https:\/\/www.buhl.de\/vermieter-web\/beschluesse-bei-unkorrekter-einladung-zur-eigentuemerversammlung\/#primaryimage"},"thumbnailUrl":"https:\/\/www.buhl.de\/vermieter-web\/wp-content\/uploads\/sites\/33\/2025\/03\/Benis-Arapovic-diskussion.jpg","datePublished":"2025-03-31T14:49:07+00:00","author":{"@id":"https:\/\/www.buhl.de\/vermieter-web\/#\/schema\/person\/82903e1cb04eb553382702d503991b4f"},"description":"Beschl\u00fcsse einer Wohnungseigent\u00fcmerversammlung sind auch g\u00fcltig, wenn eine nicht berechtigte Person zur Versammlung einlud.","breadcrumb":{"@id":"https:\/\/www.buhl.de\/vermieter-web\/beschluesse-bei-unkorrekter-einladung-zur-eigentuemerversammlung\/#breadcrumb"},"inLanguage":"de","potentialAction":[{"@type":"ReadAction","target":["https:\/\/www.buhl.de\/vermieter-web\/beschluesse-bei-unkorrekter-einladung-zur-eigentuemerversammlung\/"]}]},{"@type":"ImageObject","inLanguage":"de","@id":"https:\/\/www.buhl.de\/vermieter-web\/beschluesse-bei-unkorrekter-einladung-zur-eigentuemerversammlung\/#primaryimage","url":"https:\/\/www.buhl.de\/vermieter-web\/wp-content\/uploads\/sites\/33\/2025\/03\/Benis-Arapovic-diskussion.jpg","contentUrl":"https:\/\/www.buhl.de\/vermieter-web\/wp-content\/uploads\/sites\/33\/2025\/03\/Benis-Arapovic-diskussion.jpg","width":1063,"height":532},{"@type":"BreadcrumbList","@id":"https:\/\/www.buhl.de\/vermieter-web\/beschluesse-bei-unkorrekter-einladung-zur-eigentuemerversammlung\/#breadcrumb","itemListElement":[{"@type":"ListItem","position":1,"name":"Startseite","item":"https:\/\/www.buhl.de\/vermieter-web\/"},{"@type":"ListItem","position":2,"name":"Beschl\u00fcsse bei unkorrekter Einladung zur Eigent\u00fcmerversammlung"}]},{"@type":"WebSite","@id":"https:\/\/www.buhl.de\/vermieter-web\/#website","url":"https:\/\/www.buhl.de\/vermieter-web\/","name":"Online-Nebenkostenabrechnung mit WISO Vermieter-Web","description":"","potentialAction":[{"@type":"SearchAction","target":{"@type":"EntryPoint","urlTemplate":"https:\/\/www.buhl.de\/vermieter-web\/?s={search_term_string}"},"query-input":{"@type":"PropertyValueSpecification","valueRequired":true,"valueName":"search_term_string"}}],"inLanguage":"de"},{"@type":"Person","@id":"https:\/\/www.buhl.de\/vermieter-web\/#\/schema\/person\/82903e1cb04eb553382702d503991b4f","name":"Hartmut Fischer"}]}},"_links":{"self":[{"href":"https:\/\/www.buhl.de\/vermieter-web\/wp-json\/wp\/v2\/posts\/16920","targetHints":{"allow":["GET"]}}],"collection":[{"href":"https:\/\/www.buhl.de\/vermieter-web\/wp-json\/wp\/v2\/posts"}],"about":[{"href":"https:\/\/www.buhl.de\/vermieter-web\/wp-json\/wp\/v2\/types\/post"}],"author":[{"embeddable":true,"href":"https:\/\/www.buhl.de\/vermieter-web\/wp-json\/wp\/v2\/users\/15"}],"replies":[{"embeddable":true,"href":"https:\/\/www.buhl.de\/vermieter-web\/wp-json\/wp\/v2\/comments?post=16920"}],"version-history":[{"count":2,"href":"https:\/\/www.buhl.de\/vermieter-web\/wp-json\/wp\/v2\/posts\/16920\/revisions"}],"predecessor-version":[{"id":16923,"href":"https:\/\/www.buhl.de\/vermieter-web\/wp-json\/wp\/v2\/posts\/16920\/revisions\/16923"}],"wp:featuredmedia":[{"embeddable":true,"href":"https:\/\/www.buhl.de\/vermieter-web\/wp-json\/wp\/v2\/media\/16926"}],"wp:attachment":[{"href":"https:\/\/www.buhl.de\/vermieter-web\/wp-json\/wp\/v2\/media?parent=16920"}],"wp:term":[{"taxonomy":"category","embeddable":true,"href":"https:\/\/www.buhl.de\/vermieter-web\/wp-json\/wp\/v2\/categories?post=16920"},{"taxonomy":"post_tag","embeddable":true,"href":"https:\/\/www.buhl.de\/vermieter-web\/wp-json\/wp\/v2\/tags?post=16920"}],"curies":[{"name":"wp","href":"https:\/\/api.w.org\/{rel}","templated":true}]}}