{"id":16958,"date":"2025-04-22T15:35:38","date_gmt":"2025-04-22T13:35:38","guid":{"rendered":"https:\/\/www.buhl.de\/vermieter-web\/?p=16958"},"modified":"2025-04-22T15:35:38","modified_gmt":"2025-04-22T13:35:38","slug":"bundesgerichtshof-miete-extrem-preiswert-keine-schuld-des-mieters","status":"publish","type":"post","link":"https:\/\/www.buhl.de\/vermieter-web\/bundesgerichtshof-miete-extrem-preiswert-keine-schuld-des-mieters\/","title":{"rendered":"Bundesgerichtshof: Miete extrem preiswert? Keine Schuld des Mieters"},"content":{"rendered":"<p><strong>Am 26. M\u00e4rz 2025 entschied der Bundesgerichtshof (BGH), dass eine extrem niedrige Miete einen Mietvertrag nicht automatisch sittenwidrig macht. Dies sei auch nicht der Fall, wenn der Gesch\u00e4ftsf\u00fchrer einer Vermieter-GmbH bei Abschluss des Vertrags seine Kompetenzen \u00fcberschritten hat. (Aktenzeichen <\/strong><a href=\"https:\/\/juris.bundesgerichtshof.de\/cgi-bin\/rechtsprechung\/document.py?Gericht=bgh&amp;Art=en&amp;sid=8236648ec1dc4d128292addbd1b35410&amp;nr=141216&amp;anz=3&amp;pos=2\"><strong>VIII ZR 152\/23<\/strong><\/a><strong>).<\/strong><\/p>\n<h5>Preiswerte Miete in Berlin<\/h5>\n<p>In dem Verfahren ging es um einen sehr speziellen Fall. Der Gesch\u00e4ftsf\u00fchrer einer Vermieter-GmbH hatte eine knapp 180 m\u00b2 gro\u00dfe 5-Zimmerwohnung Ende 2017 f\u00fcr eine Monatsmiete von nur 600 \u20ac angemietet. Dies war mehr als 50 % unter der \u00fcblichen Miete. Hinzu kam, dass die Mieterin zun\u00e4chst f\u00fcr 8 Monate gar keine Miete zahlen sollte. Als Gegenleistung wurden Renovierungsarbeiten durch die Mieterin vereinbart. Insgesamt eine extrem preiswerte Miete.<\/p>\n<h5>Gesch\u00e4ftsf\u00fchrer des Vermieters entlassen<\/h5>\n<p>Mit diesem Mietvertrag war die Vermieter-Gesellschaft nicht einverstanden. Sie warfen dem Gesch\u00e4ftsf\u00fchrer vor, eine Absprache mit dem Lebensgef\u00e4hrten der Mieterin geschlossen zu haben und deshalb die extrem preiswerte Miete bewusst zum Schaden der GmbH vereinbart zu haben. Vor diesem Hintergrund verlangte die Gesellschaft die R\u00e4umung der Wohnung und forderte zus\u00e4tzliche Geldleistungen. Das Landgericht Berlin schloss sich den Forderungen der klagenden Gesellschaft weitgehend an. Die Mieterin legte gegen diese Entscheidung Revision beim Bundesgerichtshof (BGH) ein.<\/p>\n<h5>Extrem preiswerte Miete nicht vom Mieter zu vereinbaren<\/h5>\n<p>Der BGH entschied zugunsten der Mieterin. In der Urteilsbegr\u00fcndung stellte das Gericht klar, dass ein Mietvertrag erst dann sittenwidrig wird, wenn beide Parteien (Mieterin und Gesch\u00e4ftsf\u00fchrer) zum Schaden eines Dritten (GmbH) handeln. Dass der zum Nachteil der Gesellschaft vereinbarte Mietvertrag geschlossen wurde und der Gesch\u00e4ftsf\u00fchrer dabei seine Befugnisse \u00fcberschritt, machte den vorliegenden Vertrag f\u00fcr den BGH nicht sittenwidrig.<\/p>\n<p>Der BGH stellte sich auf den Standpunkt, dass man das Verhalten des Lebensgef\u00e4hrten der Mieterin nicht ohne weiteres zurechnen kann. Dass Mieterin und Lebensgef\u00e4hrte zusammenwohnten, sei er nicht entscheidend. Lediglich wenn der Lebensgef\u00e4hrte ausdr\u00fccklich im Namen der Vermieterin gehandelt h\u00e4tte oder von ihr beauftragt wurde, k\u00f6nne man von einem sittenwidrigen Vertrag ausgehen.<\/p>\n<h5>Landgericht muss erneut pr\u00fcfen<\/h5>\n<p>Mit dieser Begr\u00fcndung erkl\u00e4rte der BGH den Mietvertrag zun\u00e4chst als weiterhin wirksam. Das Gericht verwies die Sache zur\u00fcck an das Landgericht Berlin. Hier soll nun explizit untersucht werden, ob die Mieterin vom rechtswidrigen Verhalten des Gesch\u00e4ftsf\u00fchrers zumindest wissen musste. Erst wenn dies gekl\u00e4rt w\u00e4re, k\u00f6nnte dar\u00fcber entschieden werden, ob der Vertrag unter Umst\u00e4nden unwirksam sei.<\/p>\n<hr \/>\n<h5>Das k\u00f6nnte Sie auch interessieren:<\/h5>\n<p><a href=\"https:\/\/www.buhl.de\/vermieter-web\/indexmiete-im-vertrag-versteckt-ungueltig\/\">Indexmiete im Vertrag \u201eversteckt\u201c &#8211; ung\u00fcltig<\/a><br \/>\n<a href=\"https:\/\/www.buhl.de\/vermieter-web\/auskunft-ueber-aktuelle-miete-bei-vorgetaeuschtem-eigenbedarf\/\">Auskunft \u00fcber aktuelle Miete bei vorget\u00e4uschtem Eigenbedarf<\/a><br \/>\n<a href=\"https:\/\/www.buhl.de\/vermieter-web\/betriebskosten-abrechnung-nur-eine-aenderung-pro-periode\/\">Betriebskosten-Abrechnung: Nur eine \u00c4nderung pro Periode<\/a><\/p>\n<hr \/>\n<p>&nbsp;<\/p>\n","protected":false},"excerpt":{"rendered":"<p>Am 26. M\u00e4rz 2025 entschied der Bundesgerichtshof (BGH), dass eine extrem niedrige Miete einen Mietvertrag nicht automatisch sittenwidrig macht. Dies sei auch nicht der Fall, wenn der Gesch\u00e4ftsf\u00fchrer einer Vermieter-GmbH bei Abschluss des Vertrags seine Kompetenzen \u00fcberschritten hat. (Aktenzeichen VIII ZR 152\/23). Preiswerte Miete in Berlin In dem Verfahren ging es um einen sehr speziellen &hellip; <\/p>\n<p class=\"link-more\"><a href=\"https:\/\/www.buhl.de\/vermieter-web\/bundesgerichtshof-miete-extrem-preiswert-keine-schuld-des-mieters\/\" class=\"more-link\"><span class=\"screen-reader-text\">\u201eBundesgerichtshof: Miete extrem preiswert? Keine Schuld des Mieters\u201c<\/span> weiterlesen<\/a><\/p>\n","protected":false},"author":15,"featured_media":16934,"comment_status":"closed","ping_status":"open","sticky":false,"template":"","format":"standard","meta":{"footnotes":""},"categories":[1],"tags":[1228,6397,462],"class_list":["post-16958","post","type-post","status-publish","format-standard","has-post-thumbnail","hentry","category-allgemein","tag-bgh","tag-guenstig","tag-miete"],"yoast_head":"<!-- This site is optimized with the Yoast SEO Premium plugin v27.4 (Yoast SEO v27.5) - https:\/\/yoast.com\/product\/yoast-seo-premium-wordpress\/ -->\n<title>Extrem preiswerte Miete? Keine Schuld des Mieters<\/title>\n<meta name=\"description\" content=\"Eine extrem g\u00fcnstige Miete kann nicht ohne Weiteres auch dem Mieter angelastet werden. Die Mitverantwortung muss nachgewiesen werden.\" \/>\n<meta name=\"robots\" content=\"noindex, nofollow\" \/>\n<meta property=\"og:locale\" content=\"de_DE\" \/>\n<meta property=\"og:type\" content=\"article\" \/>\n<meta property=\"og:title\" content=\"Bundesgerichtshof: Miete extrem preiswert? Keine Schuld des Mieters\" \/>\n<meta property=\"og:description\" content=\"Eine extrem g\u00fcnstige Miete kann nicht ohne Weiteres auch dem Mieter angelastet werden. Die Mitverantwortung muss nachgewiesen werden.\" \/>\n<meta property=\"og:url\" content=\"https:\/\/www.buhl.de\/vermieter-web\/bundesgerichtshof-miete-extrem-preiswert-keine-schuld-des-mieters\/\" \/>\n<meta property=\"og:site_name\" content=\"Online-Nebenkostenabrechnung mit WISO Vermieter-Web\" \/>\n<meta property=\"article:published_time\" content=\"2025-04-22T13:35:38+00:00\" \/>\n<meta property=\"og:image\" content=\"https:\/\/www.buhl.de\/vermieter-web\/wp-content\/uploads\/sites\/33\/2025\/04\/siti-fatonah476-bezahlen.jpg\" \/>\n\t<meta property=\"og:image:width\" content=\"1063\" \/>\n\t<meta property=\"og:image:height\" content=\"532\" \/>\n\t<meta property=\"og:image:type\" content=\"image\/jpeg\" \/>\n<meta name=\"author\" content=\"Hartmut Fischer\" \/>\n<meta name=\"twitter:card\" content=\"summary_large_image\" \/>\n<meta name=\"twitter:label1\" content=\"Verfasst von\" \/>\n\t<meta name=\"twitter:data1\" content=\"Hartmut Fischer\" \/>\n\t<meta name=\"twitter:label2\" content=\"Gesch\u00e4tzte Lesezeit\" \/>\n\t<meta name=\"twitter:data2\" content=\"3\u00a0Minuten\" \/>\n<script type=\"application\/ld+json\" class=\"yoast-schema-graph\">{\"@context\":\"https:\\\/\\\/schema.org\",\"@graph\":[{\"@type\":\"Article\",\"@id\":\"https:\\\/\\\/www.buhl.de\\\/vermieter-web\\\/bundesgerichtshof-miete-extrem-preiswert-keine-schuld-des-mieters\\\/#article\",\"isPartOf\":{\"@id\":\"https:\\\/\\\/www.buhl.de\\\/vermieter-web\\\/bundesgerichtshof-miete-extrem-preiswert-keine-schuld-des-mieters\\\/\"},\"author\":{\"name\":\"Hartmut Fischer\",\"@id\":\"https:\\\/\\\/www.buhl.de\\\/vermieter-web\\\/#\\\/schema\\\/person\\\/82903e1cb04eb553382702d503991b4f\"},\"headline\":\"Bundesgerichtshof: Miete extrem preiswert? Keine Schuld des Mieters\",\"datePublished\":\"2025-04-22T13:35:38+00:00\",\"mainEntityOfPage\":{\"@id\":\"https:\\\/\\\/www.buhl.de\\\/vermieter-web\\\/bundesgerichtshof-miete-extrem-preiswert-keine-schuld-des-mieters\\\/\"},\"wordCount\":435,\"image\":{\"@id\":\"https:\\\/\\\/www.buhl.de\\\/vermieter-web\\\/bundesgerichtshof-miete-extrem-preiswert-keine-schuld-des-mieters\\\/#primaryimage\"},\"thumbnailUrl\":\"https:\\\/\\\/www.buhl.de\\\/vermieter-web\\\/wp-content\\\/uploads\\\/sites\\\/33\\\/2025\\\/04\\\/siti-fatonah476-bezahlen.jpg\",\"keywords\":[\"BGH\",\"g\u00fcnstig\",\"Miete\"],\"inLanguage\":\"de\"},{\"@type\":\"WebPage\",\"@id\":\"https:\\\/\\\/www.buhl.de\\\/vermieter-web\\\/bundesgerichtshof-miete-extrem-preiswert-keine-schuld-des-mieters\\\/\",\"url\":\"https:\\\/\\\/www.buhl.de\\\/vermieter-web\\\/bundesgerichtshof-miete-extrem-preiswert-keine-schuld-des-mieters\\\/\",\"name\":\"Extrem preiswerte Miete? Keine Schuld des Mieters\",\"isPartOf\":{\"@id\":\"https:\\\/\\\/www.buhl.de\\\/vermieter-web\\\/#website\"},\"primaryImageOfPage\":{\"@id\":\"https:\\\/\\\/www.buhl.de\\\/vermieter-web\\\/bundesgerichtshof-miete-extrem-preiswert-keine-schuld-des-mieters\\\/#primaryimage\"},\"image\":{\"@id\":\"https:\\\/\\\/www.buhl.de\\\/vermieter-web\\\/bundesgerichtshof-miete-extrem-preiswert-keine-schuld-des-mieters\\\/#primaryimage\"},\"thumbnailUrl\":\"https:\\\/\\\/www.buhl.de\\\/vermieter-web\\\/wp-content\\\/uploads\\\/sites\\\/33\\\/2025\\\/04\\\/siti-fatonah476-bezahlen.jpg\",\"datePublished\":\"2025-04-22T13:35:38+00:00\",\"author\":{\"@id\":\"https:\\\/\\\/www.buhl.de\\\/vermieter-web\\\/#\\\/schema\\\/person\\\/82903e1cb04eb553382702d503991b4f\"},\"description\":\"Eine extrem g\u00fcnstige Miete kann nicht ohne Weiteres auch dem Mieter angelastet werden. Die Mitverantwortung muss nachgewiesen werden.\",\"breadcrumb\":{\"@id\":\"https:\\\/\\\/www.buhl.de\\\/vermieter-web\\\/bundesgerichtshof-miete-extrem-preiswert-keine-schuld-des-mieters\\\/#breadcrumb\"},\"inLanguage\":\"de\",\"potentialAction\":[{\"@type\":\"ReadAction\",\"target\":[\"https:\\\/\\\/www.buhl.de\\\/vermieter-web\\\/bundesgerichtshof-miete-extrem-preiswert-keine-schuld-des-mieters\\\/\"]}]},{\"@type\":\"ImageObject\",\"inLanguage\":\"de\",\"@id\":\"https:\\\/\\\/www.buhl.de\\\/vermieter-web\\\/bundesgerichtshof-miete-extrem-preiswert-keine-schuld-des-mieters\\\/#primaryimage\",\"url\":\"https:\\\/\\\/www.buhl.de\\\/vermieter-web\\\/wp-content\\\/uploads\\\/sites\\\/33\\\/2025\\\/04\\\/siti-fatonah476-bezahlen.jpg\",\"contentUrl\":\"https:\\\/\\\/www.buhl.de\\\/vermieter-web\\\/wp-content\\\/uploads\\\/sites\\\/33\\\/2025\\\/04\\\/siti-fatonah476-bezahlen.jpg\",\"width\":1063,\"height\":532},{\"@type\":\"BreadcrumbList\",\"@id\":\"https:\\\/\\\/www.buhl.de\\\/vermieter-web\\\/bundesgerichtshof-miete-extrem-preiswert-keine-schuld-des-mieters\\\/#breadcrumb\",\"itemListElement\":[{\"@type\":\"ListItem\",\"position\":1,\"name\":\"Startseite\",\"item\":\"https:\\\/\\\/www.buhl.de\\\/vermieter-web\\\/\"},{\"@type\":\"ListItem\",\"position\":2,\"name\":\"Bundesgerichtshof: Miete extrem preiswert? Keine Schuld des Mieters\"}]},{\"@type\":\"WebSite\",\"@id\":\"https:\\\/\\\/www.buhl.de\\\/vermieter-web\\\/#website\",\"url\":\"https:\\\/\\\/www.buhl.de\\\/vermieter-web\\\/\",\"name\":\"Online-Nebenkostenabrechnung mit WISO Vermieter-Web\",\"description\":\"\",\"potentialAction\":[{\"@type\":\"SearchAction\",\"target\":{\"@type\":\"EntryPoint\",\"urlTemplate\":\"https:\\\/\\\/www.buhl.de\\\/vermieter-web\\\/?s={search_term_string}\"},\"query-input\":{\"@type\":\"PropertyValueSpecification\",\"valueRequired\":true,\"valueName\":\"search_term_string\"}}],\"inLanguage\":\"de\"},{\"@type\":\"Person\",\"@id\":\"https:\\\/\\\/www.buhl.de\\\/vermieter-web\\\/#\\\/schema\\\/person\\\/82903e1cb04eb553382702d503991b4f\",\"name\":\"Hartmut Fischer\"}]}<\/script>\n<!-- \/ Yoast SEO Premium plugin. -->","yoast_head_json":{"title":"Extrem preiswerte Miete? Keine Schuld des Mieters","description":"Eine extrem g\u00fcnstige Miete kann nicht ohne Weiteres auch dem Mieter angelastet werden. Die Mitverantwortung muss nachgewiesen werden.","robots":{"index":"noindex","follow":"nofollow"},"og_locale":"de_DE","og_type":"article","og_title":"Bundesgerichtshof: Miete extrem preiswert? Keine Schuld des Mieters","og_description":"Eine extrem g\u00fcnstige Miete kann nicht ohne Weiteres auch dem Mieter angelastet werden. Die Mitverantwortung muss nachgewiesen werden.","og_url":"https:\/\/www.buhl.de\/vermieter-web\/bundesgerichtshof-miete-extrem-preiswert-keine-schuld-des-mieters\/","og_site_name":"Online-Nebenkostenabrechnung mit WISO Vermieter-Web","article_published_time":"2025-04-22T13:35:38+00:00","og_image":[{"width":1063,"height":532,"url":"https:\/\/www.buhl.de\/vermieter-web\/wp-content\/uploads\/sites\/33\/2025\/04\/siti-fatonah476-bezahlen.jpg","type":"image\/jpeg"}],"author":"Hartmut Fischer","twitter_card":"summary_large_image","twitter_misc":{"Verfasst von":"Hartmut Fischer","Gesch\u00e4tzte Lesezeit":"3\u00a0Minuten"},"schema":{"@context":"https:\/\/schema.org","@graph":[{"@type":"Article","@id":"https:\/\/www.buhl.de\/vermieter-web\/bundesgerichtshof-miete-extrem-preiswert-keine-schuld-des-mieters\/#article","isPartOf":{"@id":"https:\/\/www.buhl.de\/vermieter-web\/bundesgerichtshof-miete-extrem-preiswert-keine-schuld-des-mieters\/"},"author":{"name":"Hartmut Fischer","@id":"https:\/\/www.buhl.de\/vermieter-web\/#\/schema\/person\/82903e1cb04eb553382702d503991b4f"},"headline":"Bundesgerichtshof: Miete extrem preiswert? Keine Schuld des Mieters","datePublished":"2025-04-22T13:35:38+00:00","mainEntityOfPage":{"@id":"https:\/\/www.buhl.de\/vermieter-web\/bundesgerichtshof-miete-extrem-preiswert-keine-schuld-des-mieters\/"},"wordCount":435,"image":{"@id":"https:\/\/www.buhl.de\/vermieter-web\/bundesgerichtshof-miete-extrem-preiswert-keine-schuld-des-mieters\/#primaryimage"},"thumbnailUrl":"https:\/\/www.buhl.de\/vermieter-web\/wp-content\/uploads\/sites\/33\/2025\/04\/siti-fatonah476-bezahlen.jpg","keywords":["BGH","g\u00fcnstig","Miete"],"inLanguage":"de"},{"@type":"WebPage","@id":"https:\/\/www.buhl.de\/vermieter-web\/bundesgerichtshof-miete-extrem-preiswert-keine-schuld-des-mieters\/","url":"https:\/\/www.buhl.de\/vermieter-web\/bundesgerichtshof-miete-extrem-preiswert-keine-schuld-des-mieters\/","name":"Extrem preiswerte Miete? Keine Schuld des Mieters","isPartOf":{"@id":"https:\/\/www.buhl.de\/vermieter-web\/#website"},"primaryImageOfPage":{"@id":"https:\/\/www.buhl.de\/vermieter-web\/bundesgerichtshof-miete-extrem-preiswert-keine-schuld-des-mieters\/#primaryimage"},"image":{"@id":"https:\/\/www.buhl.de\/vermieter-web\/bundesgerichtshof-miete-extrem-preiswert-keine-schuld-des-mieters\/#primaryimage"},"thumbnailUrl":"https:\/\/www.buhl.de\/vermieter-web\/wp-content\/uploads\/sites\/33\/2025\/04\/siti-fatonah476-bezahlen.jpg","datePublished":"2025-04-22T13:35:38+00:00","author":{"@id":"https:\/\/www.buhl.de\/vermieter-web\/#\/schema\/person\/82903e1cb04eb553382702d503991b4f"},"description":"Eine extrem g\u00fcnstige Miete kann nicht ohne Weiteres auch dem Mieter angelastet werden. Die Mitverantwortung muss nachgewiesen werden.","breadcrumb":{"@id":"https:\/\/www.buhl.de\/vermieter-web\/bundesgerichtshof-miete-extrem-preiswert-keine-schuld-des-mieters\/#breadcrumb"},"inLanguage":"de","potentialAction":[{"@type":"ReadAction","target":["https:\/\/www.buhl.de\/vermieter-web\/bundesgerichtshof-miete-extrem-preiswert-keine-schuld-des-mieters\/"]}]},{"@type":"ImageObject","inLanguage":"de","@id":"https:\/\/www.buhl.de\/vermieter-web\/bundesgerichtshof-miete-extrem-preiswert-keine-schuld-des-mieters\/#primaryimage","url":"https:\/\/www.buhl.de\/vermieter-web\/wp-content\/uploads\/sites\/33\/2025\/04\/siti-fatonah476-bezahlen.jpg","contentUrl":"https:\/\/www.buhl.de\/vermieter-web\/wp-content\/uploads\/sites\/33\/2025\/04\/siti-fatonah476-bezahlen.jpg","width":1063,"height":532},{"@type":"BreadcrumbList","@id":"https:\/\/www.buhl.de\/vermieter-web\/bundesgerichtshof-miete-extrem-preiswert-keine-schuld-des-mieters\/#breadcrumb","itemListElement":[{"@type":"ListItem","position":1,"name":"Startseite","item":"https:\/\/www.buhl.de\/vermieter-web\/"},{"@type":"ListItem","position":2,"name":"Bundesgerichtshof: Miete extrem preiswert? Keine Schuld des Mieters"}]},{"@type":"WebSite","@id":"https:\/\/www.buhl.de\/vermieter-web\/#website","url":"https:\/\/www.buhl.de\/vermieter-web\/","name":"Online-Nebenkostenabrechnung mit WISO Vermieter-Web","description":"","potentialAction":[{"@type":"SearchAction","target":{"@type":"EntryPoint","urlTemplate":"https:\/\/www.buhl.de\/vermieter-web\/?s={search_term_string}"},"query-input":{"@type":"PropertyValueSpecification","valueRequired":true,"valueName":"search_term_string"}}],"inLanguage":"de"},{"@type":"Person","@id":"https:\/\/www.buhl.de\/vermieter-web\/#\/schema\/person\/82903e1cb04eb553382702d503991b4f","name":"Hartmut Fischer"}]}},"_links":{"self":[{"href":"https:\/\/www.buhl.de\/vermieter-web\/wp-json\/wp\/v2\/posts\/16958","targetHints":{"allow":["GET"]}}],"collection":[{"href":"https:\/\/www.buhl.de\/vermieter-web\/wp-json\/wp\/v2\/posts"}],"about":[{"href":"https:\/\/www.buhl.de\/vermieter-web\/wp-json\/wp\/v2\/types\/post"}],"author":[{"embeddable":true,"href":"https:\/\/www.buhl.de\/vermieter-web\/wp-json\/wp\/v2\/users\/15"}],"replies":[{"embeddable":true,"href":"https:\/\/www.buhl.de\/vermieter-web\/wp-json\/wp\/v2\/comments?post=16958"}],"version-history":[{"count":1,"href":"https:\/\/www.buhl.de\/vermieter-web\/wp-json\/wp\/v2\/posts\/16958\/revisions"}],"predecessor-version":[{"id":16960,"href":"https:\/\/www.buhl.de\/vermieter-web\/wp-json\/wp\/v2\/posts\/16958\/revisions\/16960"}],"wp:featuredmedia":[{"embeddable":true,"href":"https:\/\/www.buhl.de\/vermieter-web\/wp-json\/wp\/v2\/media\/16934"}],"wp:attachment":[{"href":"https:\/\/www.buhl.de\/vermieter-web\/wp-json\/wp\/v2\/media?parent=16958"}],"wp:term":[{"taxonomy":"category","embeddable":true,"href":"https:\/\/www.buhl.de\/vermieter-web\/wp-json\/wp\/v2\/categories?post=16958"},{"taxonomy":"post_tag","embeddable":true,"href":"https:\/\/www.buhl.de\/vermieter-web\/wp-json\/wp\/v2\/tags?post=16958"}],"curies":[{"name":"wp","href":"https:\/\/api.w.org\/{rel}","templated":true}]}}