{"id":16962,"date":"2025-04-22T16:33:08","date_gmt":"2025-04-22T14:33:08","guid":{"rendered":"https:\/\/www.buhl.de\/vermieter-web\/?p=16962"},"modified":"2025-04-22T16:33:08","modified_gmt":"2025-04-22T14:33:08","slug":"wohnwert-und-wohnumfeld","status":"publish","type":"post","link":"https:\/\/www.buhl.de\/vermieter-web\/wohnwert-und-wohnumfeld\/","title":{"rendered":"Wohnwert und Wohnumfeld"},"content":{"rendered":"<p><strong>Die nahegelegene Bushaltestelle oder der Supermarkt um die Ecke steigern grunds\u00e4tzlich nicht den Wohnwert einer Mietwohnung. Nach Ansicht des Amtsgerichts Berlin-Lichtenberg k\u00f6nnen diese Merkmale zur Rechtfertigung einer Mieterh\u00f6hung nicht herangezogen werden. (Urteil vom 04.02.2025 \u2013 Aktenzeichen 7 C 5099\/24).<\/strong><\/p>\n<h5>Vermieter sieht h\u00f6heren Wohnwert<\/h5>\n<p>Grund der Auseinandersetzung war eine im Juni 2024 vom Vermieter angestrebte Mieterh\u00f6hung. Diese begr\u00fcndete er unter anderem mit einem h\u00f6heren Wohnwert. Er berief sich dabei auf die Merkmalgruppe 5 des Berliner Mietspiegels 2023. Die Merkmalgruppe 5 befasst sich mit dem Einfluss des Wohnumfelds auf den Wohnwert. Der Vermieter fand, dass danach der Wohnwert der Wohnung h\u00f6her sei. Er verwies darauf, dass die n\u00e4chsten Superm\u00e4rkte keine 100 m von der Wohnung entfernt sind, eine Apotheke und ein Allgemeinarzt konnten in 200 m Entfernung erreicht werden und die Haltestellen von mehreren Buslinien befanden sich ebenfalls in der N\u00e4he der Wohnung (ca. 350 bis 400 m). Zu den Haltestellen geh\u00f6rten aber keine Stationen der S- oder U-Bahn.<\/p>\n<h5>H\u00f6herer Wohnwert wurde vom Gericht nicht anerkannt<\/h5>\n<p>Da der Mieter die Mieterh\u00f6hung ablehnte, klagte der Vermieter vor dem Amtsgericht. Allerdings konnte sich nicht durchsetzen. F\u00fcr das Gericht war die Begr\u00fcndung des Vermieters f\u00fcr einen h\u00f6heren Wohnwert nicht ausreichend. Sowohl die N\u00e4he von Bushaltestellen als auch von \u00c4rzten, Apotheken und Superm\u00e4rkten stellten in Berlin keine Besonderheit dar, mit der eine Mieterh\u00f6hung gerechtfertigt werden kann.<\/p>\n<h5>Wohnwert entspricht dem in Berlin \u00fcblichen<\/h5>\n<p>Im Einzelnen stellte das Gericht fest, dass eine gute \u00d6PNV-Anbindung in Berlin aufgrund des ausgebauten Netzes keine Wohnwert steigernde Besonderheit darstellt. Au\u00dferdem d\u00fcrfte die Verkehr\u00ads\u00adan\u00adbindung eher schlechter sein als in Berlin \u00fcblich, da sich keine S- oder U-Bahn-Haltestelle in der N\u00e4he befand.<\/p>\n<p>Auch die N\u00e4he der Superm\u00e4rkte hielt das Gericht nicht f\u00fcr wohnwerterh\u00f6hend. Der Vermieter hatte selbst angegeben, dass in Berlin der n\u00e4chste Supermarkt durchschnittlich 1,1 Kilometer von einer Wohnung entfernt ist. Eine Einkaufsm\u00f6glichkeit ist also f\u00fcr die meisten Berliner Mieter auch zu Fu\u00df in kurzer Zeit erreichbar.<\/p>\n<hr \/>\n<h5>Das k\u00f6nnte Sie auch interessieren:<\/h5>\n<p><a href=\"https:\/\/www.buhl.de\/vermieter-web\/mieterhoehungsverlangen-eingeschraenkte-beweismittel\/\">Mieterh\u00f6hungsverlangen: Eingeschr\u00e4nkte Beweismittel<\/a><br \/>\n<a href=\"https:\/\/www.buhl.de\/vermieter-web\/bundesgerichtshof-miete-extrem-preiswert-keine-schuld-des-mieters\/\">Bundesgerichtshof: Miete extrem preiswert? Keine Schuld des Mieters<\/a><br \/>\n<a href=\"https:\/\/www.buhl.de\/vermieter-web\/mieterhoehung-aufgliederung-von-modernisierungskosten\/\">Mieterh\u00f6hung: Aufgliederung von Modernisierungskosten<\/a><\/p>\n<hr \/>\n<p>&nbsp;<\/p>\n","protected":false},"excerpt":{"rendered":"<p>Die nahegelegene Bushaltestelle oder der Supermarkt um die Ecke steigern grunds\u00e4tzlich nicht den Wohnwert einer Mietwohnung. Nach Ansicht des Amtsgerichts Berlin-Lichtenberg k\u00f6nnen diese Merkmale zur Rechtfertigung einer Mieterh\u00f6hung nicht herangezogen werden. (Urteil vom 04.02.2025 \u2013 Aktenzeichen 7 C 5099\/24). Vermieter sieht h\u00f6heren Wohnwert Grund der Auseinandersetzung war eine im Juni 2024 vom Vermieter angestrebte Mieterh\u00f6hung. &hellip; <\/p>\n<p class=\"link-more\"><a href=\"https:\/\/www.buhl.de\/vermieter-web\/wohnwert-und-wohnumfeld\/\" class=\"more-link\"><span class=\"screen-reader-text\">\u201eWohnwert und Wohnumfeld\u201c<\/span> weiterlesen<\/a><\/p>\n","protected":false},"author":15,"featured_media":16964,"comment_status":"closed","ping_status":"open","sticky":false,"template":"","format":"standard","meta":{"footnotes":""},"categories":[1],"tags":[6400,477,6399,5898,6398,609],"class_list":["post-16962","post","type-post","status-publish","format-standard","has-post-thumbnail","hentry","category-allgemein","tag-arzt","tag-berlin","tag-geschaefte","tag-versorgung","tag-wohnumgebung","tag-wohnwert"],"yoast_head":"<!-- This site is optimized with the Yoast SEO Premium plugin v27.4 (Yoast SEO v27.5) - https:\/\/yoast.com\/product\/yoast-seo-premium-wordpress\/ -->\n<title>Wohnwert und Wohnumfeld<\/title>\n<meta name=\"description\" content=\"Der Wohnwert einer Wohnung kann auch durch das Umfeld beeinflusst werden. Die Anforderungen richten sich nach den \u00f6rtlichen Gegebenheiten.\" \/>\n<meta name=\"robots\" content=\"noindex, nofollow\" \/>\n<meta property=\"og:locale\" content=\"de_DE\" \/>\n<meta property=\"og:type\" content=\"article\" \/>\n<meta property=\"og:title\" content=\"Wohnwert und Wohnumfeld\" \/>\n<meta property=\"og:description\" content=\"Der Wohnwert einer Wohnung kann auch durch das Umfeld beeinflusst werden. Die Anforderungen richten sich nach den \u00f6rtlichen Gegebenheiten.\" \/>\n<meta property=\"og:url\" content=\"https:\/\/www.buhl.de\/vermieter-web\/wohnwert-und-wohnumfeld\/\" \/>\n<meta property=\"og:site_name\" content=\"Online-Nebenkostenabrechnung mit WISO Vermieter-Web\" \/>\n<meta property=\"article:published_time\" content=\"2025-04-22T14:33:08+00:00\" \/>\n<meta property=\"og:image\" content=\"https:\/\/www.buhl.de\/vermieter-web\/wp-content\/uploads\/sites\/33\/2025\/04\/Claudio-Divizia-Berlin.jpg\" \/>\n\t<meta property=\"og:image:width\" content=\"1063\" \/>\n\t<meta property=\"og:image:height\" content=\"532\" \/>\n\t<meta property=\"og:image:type\" content=\"image\/jpeg\" \/>\n<meta name=\"author\" content=\"Hartmut Fischer\" \/>\n<meta name=\"twitter:card\" content=\"summary_large_image\" \/>\n<meta name=\"twitter:label1\" content=\"Verfasst von\" \/>\n\t<meta name=\"twitter:data1\" content=\"Hartmut Fischer\" \/>\n\t<meta name=\"twitter:label2\" content=\"Gesch\u00e4tzte Lesezeit\" \/>\n\t<meta name=\"twitter:data2\" content=\"3\u00a0Minuten\" \/>\n<script type=\"application\/ld+json\" class=\"yoast-schema-graph\">{\"@context\":\"https:\\\/\\\/schema.org\",\"@graph\":[{\"@type\":\"Article\",\"@id\":\"https:\\\/\\\/www.buhl.de\\\/vermieter-web\\\/wohnwert-und-wohnumfeld\\\/#article\",\"isPartOf\":{\"@id\":\"https:\\\/\\\/www.buhl.de\\\/vermieter-web\\\/wohnwert-und-wohnumfeld\\\/\"},\"author\":{\"name\":\"Hartmut Fischer\",\"@id\":\"https:\\\/\\\/www.buhl.de\\\/vermieter-web\\\/#\\\/schema\\\/person\\\/82903e1cb04eb553382702d503991b4f\"},\"headline\":\"Wohnwert und Wohnumfeld\",\"datePublished\":\"2025-04-22T14:33:08+00:00\",\"mainEntityOfPage\":{\"@id\":\"https:\\\/\\\/www.buhl.de\\\/vermieter-web\\\/wohnwert-und-wohnumfeld\\\/\"},\"wordCount\":363,\"image\":{\"@id\":\"https:\\\/\\\/www.buhl.de\\\/vermieter-web\\\/wohnwert-und-wohnumfeld\\\/#primaryimage\"},\"thumbnailUrl\":\"https:\\\/\\\/www.buhl.de\\\/vermieter-web\\\/wp-content\\\/uploads\\\/sites\\\/33\\\/2025\\\/04\\\/Claudio-Divizia-Berlin.jpg\",\"keywords\":[\"Arzt\",\"Berlin\",\"Gesch\u00e4fte\",\"Versorgung\",\"Wohnumgebung\",\"Wohnwert\"],\"inLanguage\":\"de\"},{\"@type\":\"WebPage\",\"@id\":\"https:\\\/\\\/www.buhl.de\\\/vermieter-web\\\/wohnwert-und-wohnumfeld\\\/\",\"url\":\"https:\\\/\\\/www.buhl.de\\\/vermieter-web\\\/wohnwert-und-wohnumfeld\\\/\",\"name\":\"Wohnwert und Wohnumfeld\",\"isPartOf\":{\"@id\":\"https:\\\/\\\/www.buhl.de\\\/vermieter-web\\\/#website\"},\"primaryImageOfPage\":{\"@id\":\"https:\\\/\\\/www.buhl.de\\\/vermieter-web\\\/wohnwert-und-wohnumfeld\\\/#primaryimage\"},\"image\":{\"@id\":\"https:\\\/\\\/www.buhl.de\\\/vermieter-web\\\/wohnwert-und-wohnumfeld\\\/#primaryimage\"},\"thumbnailUrl\":\"https:\\\/\\\/www.buhl.de\\\/vermieter-web\\\/wp-content\\\/uploads\\\/sites\\\/33\\\/2025\\\/04\\\/Claudio-Divizia-Berlin.jpg\",\"datePublished\":\"2025-04-22T14:33:08+00:00\",\"author\":{\"@id\":\"https:\\\/\\\/www.buhl.de\\\/vermieter-web\\\/#\\\/schema\\\/person\\\/82903e1cb04eb553382702d503991b4f\"},\"description\":\"Der Wohnwert einer Wohnung kann auch durch das Umfeld beeinflusst werden. Die Anforderungen richten sich nach den \u00f6rtlichen Gegebenheiten.\",\"breadcrumb\":{\"@id\":\"https:\\\/\\\/www.buhl.de\\\/vermieter-web\\\/wohnwert-und-wohnumfeld\\\/#breadcrumb\"},\"inLanguage\":\"de\",\"potentialAction\":[{\"@type\":\"ReadAction\",\"target\":[\"https:\\\/\\\/www.buhl.de\\\/vermieter-web\\\/wohnwert-und-wohnumfeld\\\/\"]}]},{\"@type\":\"ImageObject\",\"inLanguage\":\"de\",\"@id\":\"https:\\\/\\\/www.buhl.de\\\/vermieter-web\\\/wohnwert-und-wohnumfeld\\\/#primaryimage\",\"url\":\"https:\\\/\\\/www.buhl.de\\\/vermieter-web\\\/wp-content\\\/uploads\\\/sites\\\/33\\\/2025\\\/04\\\/Claudio-Divizia-Berlin.jpg\",\"contentUrl\":\"https:\\\/\\\/www.buhl.de\\\/vermieter-web\\\/wp-content\\\/uploads\\\/sites\\\/33\\\/2025\\\/04\\\/Claudio-Divizia-Berlin.jpg\",\"width\":1063,\"height\":532},{\"@type\":\"BreadcrumbList\",\"@id\":\"https:\\\/\\\/www.buhl.de\\\/vermieter-web\\\/wohnwert-und-wohnumfeld\\\/#breadcrumb\",\"itemListElement\":[{\"@type\":\"ListItem\",\"position\":1,\"name\":\"Startseite\",\"item\":\"https:\\\/\\\/www.buhl.de\\\/vermieter-web\\\/\"},{\"@type\":\"ListItem\",\"position\":2,\"name\":\"Wohnwert und Wohnumfeld\"}]},{\"@type\":\"WebSite\",\"@id\":\"https:\\\/\\\/www.buhl.de\\\/vermieter-web\\\/#website\",\"url\":\"https:\\\/\\\/www.buhl.de\\\/vermieter-web\\\/\",\"name\":\"Online-Nebenkostenabrechnung mit WISO Vermieter-Web\",\"description\":\"\",\"potentialAction\":[{\"@type\":\"SearchAction\",\"target\":{\"@type\":\"EntryPoint\",\"urlTemplate\":\"https:\\\/\\\/www.buhl.de\\\/vermieter-web\\\/?s={search_term_string}\"},\"query-input\":{\"@type\":\"PropertyValueSpecification\",\"valueRequired\":true,\"valueName\":\"search_term_string\"}}],\"inLanguage\":\"de\"},{\"@type\":\"Person\",\"@id\":\"https:\\\/\\\/www.buhl.de\\\/vermieter-web\\\/#\\\/schema\\\/person\\\/82903e1cb04eb553382702d503991b4f\",\"name\":\"Hartmut Fischer\"}]}<\/script>\n<!-- \/ Yoast SEO Premium plugin. -->","yoast_head_json":{"title":"Wohnwert und Wohnumfeld","description":"Der Wohnwert einer Wohnung kann auch durch das Umfeld beeinflusst werden. Die Anforderungen richten sich nach den \u00f6rtlichen Gegebenheiten.","robots":{"index":"noindex","follow":"nofollow"},"og_locale":"de_DE","og_type":"article","og_title":"Wohnwert und Wohnumfeld","og_description":"Der Wohnwert einer Wohnung kann auch durch das Umfeld beeinflusst werden. Die Anforderungen richten sich nach den \u00f6rtlichen Gegebenheiten.","og_url":"https:\/\/www.buhl.de\/vermieter-web\/wohnwert-und-wohnumfeld\/","og_site_name":"Online-Nebenkostenabrechnung mit WISO Vermieter-Web","article_published_time":"2025-04-22T14:33:08+00:00","og_image":[{"width":1063,"height":532,"url":"https:\/\/www.buhl.de\/vermieter-web\/wp-content\/uploads\/sites\/33\/2025\/04\/Claudio-Divizia-Berlin.jpg","type":"image\/jpeg"}],"author":"Hartmut Fischer","twitter_card":"summary_large_image","twitter_misc":{"Verfasst von":"Hartmut Fischer","Gesch\u00e4tzte Lesezeit":"3\u00a0Minuten"},"schema":{"@context":"https:\/\/schema.org","@graph":[{"@type":"Article","@id":"https:\/\/www.buhl.de\/vermieter-web\/wohnwert-und-wohnumfeld\/#article","isPartOf":{"@id":"https:\/\/www.buhl.de\/vermieter-web\/wohnwert-und-wohnumfeld\/"},"author":{"name":"Hartmut Fischer","@id":"https:\/\/www.buhl.de\/vermieter-web\/#\/schema\/person\/82903e1cb04eb553382702d503991b4f"},"headline":"Wohnwert und Wohnumfeld","datePublished":"2025-04-22T14:33:08+00:00","mainEntityOfPage":{"@id":"https:\/\/www.buhl.de\/vermieter-web\/wohnwert-und-wohnumfeld\/"},"wordCount":363,"image":{"@id":"https:\/\/www.buhl.de\/vermieter-web\/wohnwert-und-wohnumfeld\/#primaryimage"},"thumbnailUrl":"https:\/\/www.buhl.de\/vermieter-web\/wp-content\/uploads\/sites\/33\/2025\/04\/Claudio-Divizia-Berlin.jpg","keywords":["Arzt","Berlin","Gesch\u00e4fte","Versorgung","Wohnumgebung","Wohnwert"],"inLanguage":"de"},{"@type":"WebPage","@id":"https:\/\/www.buhl.de\/vermieter-web\/wohnwert-und-wohnumfeld\/","url":"https:\/\/www.buhl.de\/vermieter-web\/wohnwert-und-wohnumfeld\/","name":"Wohnwert und Wohnumfeld","isPartOf":{"@id":"https:\/\/www.buhl.de\/vermieter-web\/#website"},"primaryImageOfPage":{"@id":"https:\/\/www.buhl.de\/vermieter-web\/wohnwert-und-wohnumfeld\/#primaryimage"},"image":{"@id":"https:\/\/www.buhl.de\/vermieter-web\/wohnwert-und-wohnumfeld\/#primaryimage"},"thumbnailUrl":"https:\/\/www.buhl.de\/vermieter-web\/wp-content\/uploads\/sites\/33\/2025\/04\/Claudio-Divizia-Berlin.jpg","datePublished":"2025-04-22T14:33:08+00:00","author":{"@id":"https:\/\/www.buhl.de\/vermieter-web\/#\/schema\/person\/82903e1cb04eb553382702d503991b4f"},"description":"Der Wohnwert einer Wohnung kann auch durch das Umfeld beeinflusst werden. Die Anforderungen richten sich nach den \u00f6rtlichen Gegebenheiten.","breadcrumb":{"@id":"https:\/\/www.buhl.de\/vermieter-web\/wohnwert-und-wohnumfeld\/#breadcrumb"},"inLanguage":"de","potentialAction":[{"@type":"ReadAction","target":["https:\/\/www.buhl.de\/vermieter-web\/wohnwert-und-wohnumfeld\/"]}]},{"@type":"ImageObject","inLanguage":"de","@id":"https:\/\/www.buhl.de\/vermieter-web\/wohnwert-und-wohnumfeld\/#primaryimage","url":"https:\/\/www.buhl.de\/vermieter-web\/wp-content\/uploads\/sites\/33\/2025\/04\/Claudio-Divizia-Berlin.jpg","contentUrl":"https:\/\/www.buhl.de\/vermieter-web\/wp-content\/uploads\/sites\/33\/2025\/04\/Claudio-Divizia-Berlin.jpg","width":1063,"height":532},{"@type":"BreadcrumbList","@id":"https:\/\/www.buhl.de\/vermieter-web\/wohnwert-und-wohnumfeld\/#breadcrumb","itemListElement":[{"@type":"ListItem","position":1,"name":"Startseite","item":"https:\/\/www.buhl.de\/vermieter-web\/"},{"@type":"ListItem","position":2,"name":"Wohnwert und Wohnumfeld"}]},{"@type":"WebSite","@id":"https:\/\/www.buhl.de\/vermieter-web\/#website","url":"https:\/\/www.buhl.de\/vermieter-web\/","name":"Online-Nebenkostenabrechnung mit WISO Vermieter-Web","description":"","potentialAction":[{"@type":"SearchAction","target":{"@type":"EntryPoint","urlTemplate":"https:\/\/www.buhl.de\/vermieter-web\/?s={search_term_string}"},"query-input":{"@type":"PropertyValueSpecification","valueRequired":true,"valueName":"search_term_string"}}],"inLanguage":"de"},{"@type":"Person","@id":"https:\/\/www.buhl.de\/vermieter-web\/#\/schema\/person\/82903e1cb04eb553382702d503991b4f","name":"Hartmut Fischer"}]}},"_links":{"self":[{"href":"https:\/\/www.buhl.de\/vermieter-web\/wp-json\/wp\/v2\/posts\/16962","targetHints":{"allow":["GET"]}}],"collection":[{"href":"https:\/\/www.buhl.de\/vermieter-web\/wp-json\/wp\/v2\/posts"}],"about":[{"href":"https:\/\/www.buhl.de\/vermieter-web\/wp-json\/wp\/v2\/types\/post"}],"author":[{"embeddable":true,"href":"https:\/\/www.buhl.de\/vermieter-web\/wp-json\/wp\/v2\/users\/15"}],"replies":[{"embeddable":true,"href":"https:\/\/www.buhl.de\/vermieter-web\/wp-json\/wp\/v2\/comments?post=16962"}],"version-history":[{"count":1,"href":"https:\/\/www.buhl.de\/vermieter-web\/wp-json\/wp\/v2\/posts\/16962\/revisions"}],"predecessor-version":[{"id":16965,"href":"https:\/\/www.buhl.de\/vermieter-web\/wp-json\/wp\/v2\/posts\/16962\/revisions\/16965"}],"wp:featuredmedia":[{"embeddable":true,"href":"https:\/\/www.buhl.de\/vermieter-web\/wp-json\/wp\/v2\/media\/16964"}],"wp:attachment":[{"href":"https:\/\/www.buhl.de\/vermieter-web\/wp-json\/wp\/v2\/media?parent=16962"}],"wp:term":[{"taxonomy":"category","embeddable":true,"href":"https:\/\/www.buhl.de\/vermieter-web\/wp-json\/wp\/v2\/categories?post=16962"},{"taxonomy":"post_tag","embeddable":true,"href":"https:\/\/www.buhl.de\/vermieter-web\/wp-json\/wp\/v2\/tags?post=16962"}],"curies":[{"name":"wp","href":"https:\/\/api.w.org\/{rel}","templated":true}]}}