{"id":17009,"date":"2025-05-13T15:14:51","date_gmt":"2025-05-13T13:14:51","guid":{"rendered":"https:\/\/www.buhl.de\/vermieter-web\/?p=17009"},"modified":"2025-05-13T15:14:51","modified_gmt":"2025-05-13T13:14:51","slug":"abfall-nicht-am-haus-abgeholt","status":"publish","type":"post","link":"https:\/\/www.buhl.de\/vermieter-web\/abfall-nicht-am-haus-abgeholt\/","title":{"rendered":"Abfall nicht am Haus abgeholt"},"content":{"rendered":"<p><strong>Ist ein bebautes Grundst\u00fcck mit den Fahrzeugen des Abfall-Entsorgers nicht erreichbar, kann er einen Sammelplatz festlegen, zu dem die Anleger ihren Abfall bringen m\u00fcssen. Die Betroffenen haben keinen Anspruch auf eine spezielle, individuelle L\u00f6sung. Zu diesem Ergebnis kam das Verwaltungsgericht Koblenz in einem Urteil vom 24.04.2025 (Aktenzeichen 4-K-110624 KO und-111724 KO).<\/strong><\/p>\n<h5>Abfallentsorgungs-Fahrzeuge kommen nicht zum Haus<\/h5>\n<p>Geklagt hatten die Eigent\u00fcmer von Immobilien, die mithilfe eines Wirtschaftswegs erschlossen wurden. Der Weg ist rund 1800 m lang und durchschnittlich 2,40 m breit. Die Durchfahrt war mit Ausnahme landwirtschaftlicher und forstwirtschaftlicher Fahrzeuge untersagt. Der zust\u00e4ndige Anfall-Entsorger entschied, dass die H\u00e4user nicht mehr angefahren werden. Es wurde eine Sammelstelle eingerichtet, von der die Abf\u00e4lle der Kl\u00e4ger abgeholt werden sollen. Die Hauseigent\u00fcmer mussten dann ihre M\u00fclltonnen zur Sammelstelle schaffen.<\/p>\n<h5>Anlieger wehren sich gegen Abfall-Sammelstelle<\/h5>\n<p>Gegen diese Regelung legten die Anleger zun\u00e4chst Widerspruch ein, der aber erfolglos war. Daraufhin erhoben sie Klage vor dem Verwaltungsgericht Koblenz. Hier konnten sie sich jedoch nicht durchsetzen. Das Gericht entschied, dass der Abfall-Entsorger berechtigt ist, f\u00fcr die Immobilien der Kl\u00e4ger einen Bereitstellungsort festzulegen. Dies ergebe sich auch aus den Vorschriften des Landeskreislaufwirtschaftsgesetzes sowie aus der Abfallsatzung des zust\u00e4ndigen Entsorgers.<\/p>\n<p>Aus diesen Bestimmungen ergibt sich, dass die Anlieger ihren Abfall in entsprechenden S\u00e4cken an einen alternativen Sammelplatz bringen m\u00fcssen, wenn die betreffenden H\u00e4user nicht mit den Fahrzeugen des Abfall-Entsorgers angefahren werden k\u00f6nnen. Nur, wenn diese Regelung f\u00fcr die Anlieger eine unzumutbare H\u00e4rte darstelle, w\u00e4re sie nicht zul\u00e4ssig.<\/p>\n<h5>Gericht: Anlieger m\u00fcssen Abfall zur Sammelstelle bringen<\/h5>\n<p>Das Gericht stellte fest, dass die rechtlichen Voraussetzungen f\u00fcr die getroffene Regelung vorliegen. Dem Entsorger sei es nicht m\u00f6glich, die betroffenen Grundst\u00fccke mit einem Abfuhrwagen direkt anzufahren. Dies sei schon aus stra\u00dfenverkehrsrechtlichen und arbeitsschutzrechtlichen Bestimmungen nicht m\u00f6glich. Dass die Kl\u00e4ger ihren Abfall zu dem Sammelplatz bringen m\u00fcssen, hielt das Gericht f\u00fcr zumutbar. Dabei ber\u00fccksichtigte das Verwaltungsgericht auch die individuelle Situation der Grundst\u00fccke.<\/p>\n<p>Das Gericht f\u00fchrte weiter aus, dass Hauseigent\u00fcmer, die ihren Abfall nicht selbst zu dem Sammelplatz bringen k\u00f6nnen, hierf\u00fcr die Hilfe Dritter in Anspruch nehmen m\u00fcssen. Dies liege im Bereich des Zumutbaren. Auf jeden Fall h\u00e4tten die Kl\u00e4ger im vorliegenden Fall keinen Anspruch auf eine spezielle, individuelle L\u00f6sung.<\/p>\n<hr \/>\n<h5>Das k\u00f6nnte Sie auch interessieren:<\/h5>\n<p><a href=\"https:\/\/www.buhl.de\/vermieter-web\/muelltonnen-im-oeffentlichen-verkehrsraum\/\">M\u00fclltonnen im \u00f6ffentlichen Verkehrsraum<\/a><br \/>\n<a href=\"https:\/\/www.buhl.de\/vermieter-web\/bioabfall-das-kann-teuer-werden\/\">Bioabfall: Das kann teuer werden!<\/a><br \/>\n<a href=\"https:\/\/www.buhl.de\/vermieter-web\/kosten-fuer-abfallbehaelter-und-rauchmelder-kontrolle-umlegbar\/\">Kosten f\u00fcr Abfallbeh\u00e4lter-Kontrolle umlegbar<\/a><\/p>\n<hr \/>\n<p>&nbsp;<\/p>\n","protected":false},"excerpt":{"rendered":"<p>Ist ein bebautes Grundst\u00fcck mit den Fahrzeugen des Abfall-Entsorgers nicht erreichbar, kann er einen Sammelplatz festlegen, zu dem die Anleger ihren Abfall bringen m\u00fcssen. Die Betroffenen haben keinen Anspruch auf eine spezielle, individuelle L\u00f6sung. Zu diesem Ergebnis kam das Verwaltungsgericht Koblenz in einem Urteil vom 24.04.2025 (Aktenzeichen 4-K-110624 KO und-111724 KO). Abfallentsorgungs-Fahrzeuge kommen nicht zum &hellip; <\/p>\n<p class=\"link-more\"><a href=\"https:\/\/www.buhl.de\/vermieter-web\/abfall-nicht-am-haus-abgeholt\/\" class=\"more-link\"><span class=\"screen-reader-text\">\u201eAbfall nicht am Haus abgeholt\u201c<\/span> weiterlesen<\/a><\/p>\n","protected":false},"author":15,"featured_media":17011,"comment_status":"closed","ping_status":"open","sticky":false,"template":"","format":"standard","meta":{"footnotes":""},"categories":[1],"tags":[4770,5913,1403],"class_list":["post-17009","post","type-post","status-publish","format-standard","has-post-thumbnail","hentry","category-allgemein","tag-abfall","tag-entsorgung","tag-muell"],"yoast_head":"<!-- This site is optimized with the Yoast SEO Premium plugin v27.4 (Yoast SEO v27.5) - https:\/\/yoast.com\/product\/yoast-seo-premium-wordpress\/ -->\n<title>Abfall muss nicht am Haus abgeholt werden<\/title>\n<meta name=\"description\" content=\"Abfall, der nicht vom Haus abgeholt wird, weil die Entsorgungsfahrzeuge die H\u00e4user nicht erreichen, m\u00fcssen die Anlieger zur Sammelstelle bringen\" \/>\n<meta name=\"robots\" content=\"noindex, nofollow\" \/>\n<meta property=\"og:locale\" content=\"de_DE\" \/>\n<meta property=\"og:type\" content=\"article\" \/>\n<meta property=\"og:title\" content=\"Abfall nicht am Haus abgeholt\" \/>\n<meta property=\"og:description\" content=\"Abfall, der nicht vom Haus abgeholt wird, weil die Entsorgungsfahrzeuge die H\u00e4user nicht erreichen, m\u00fcssen die Anlieger zur Sammelstelle bringen\" \/>\n<meta property=\"og:url\" content=\"https:\/\/www.buhl.de\/vermieter-web\/abfall-nicht-am-haus-abgeholt\/\" \/>\n<meta property=\"og:site_name\" content=\"Online-Nebenkostenabrechnung mit WISO Vermieter-Web\" \/>\n<meta property=\"article:published_time\" content=\"2025-05-13T13:14:51+00:00\" \/>\n<meta property=\"og:image\" content=\"https:\/\/www.buhl.de\/vermieter-web\/wp-content\/uploads\/sites\/33\/2025\/05\/Viktor-Kintop-Muellbehaelter.jpg\" \/>\n\t<meta property=\"og:image:width\" content=\"1063\" \/>\n\t<meta property=\"og:image:height\" content=\"532\" \/>\n\t<meta property=\"og:image:type\" content=\"image\/jpeg\" \/>\n<meta name=\"author\" content=\"Hartmut Fischer\" \/>\n<meta name=\"twitter:card\" content=\"summary_large_image\" \/>\n<meta name=\"twitter:label1\" content=\"Verfasst von\" \/>\n\t<meta name=\"twitter:data1\" content=\"Hartmut Fischer\" \/>\n\t<meta name=\"twitter:label2\" content=\"Gesch\u00e4tzte Lesezeit\" \/>\n\t<meta name=\"twitter:data2\" content=\"3\u00a0Minuten\" \/>\n<script type=\"application\/ld+json\" class=\"yoast-schema-graph\">{\"@context\":\"https:\\\/\\\/schema.org\",\"@graph\":[{\"@type\":\"Article\",\"@id\":\"https:\\\/\\\/www.buhl.de\\\/vermieter-web\\\/abfall-nicht-am-haus-abgeholt\\\/#article\",\"isPartOf\":{\"@id\":\"https:\\\/\\\/www.buhl.de\\\/vermieter-web\\\/abfall-nicht-am-haus-abgeholt\\\/\"},\"author\":{\"name\":\"Hartmut Fischer\",\"@id\":\"https:\\\/\\\/www.buhl.de\\\/vermieter-web\\\/#\\\/schema\\\/person\\\/82903e1cb04eb553382702d503991b4f\"},\"headline\":\"Abfall nicht am Haus abgeholt\",\"datePublished\":\"2025-05-13T13:14:51+00:00\",\"mainEntityOfPage\":{\"@id\":\"https:\\\/\\\/www.buhl.de\\\/vermieter-web\\\/abfall-nicht-am-haus-abgeholt\\\/\"},\"wordCount\":418,\"image\":{\"@id\":\"https:\\\/\\\/www.buhl.de\\\/vermieter-web\\\/abfall-nicht-am-haus-abgeholt\\\/#primaryimage\"},\"thumbnailUrl\":\"https:\\\/\\\/www.buhl.de\\\/vermieter-web\\\/wp-content\\\/uploads\\\/sites\\\/33\\\/2025\\\/05\\\/Viktor-Kintop-Muellbehaelter.jpg\",\"keywords\":[\"Abfall\",\"Entsorgung\",\"M\u00fcll\"],\"inLanguage\":\"de\"},{\"@type\":\"WebPage\",\"@id\":\"https:\\\/\\\/www.buhl.de\\\/vermieter-web\\\/abfall-nicht-am-haus-abgeholt\\\/\",\"url\":\"https:\\\/\\\/www.buhl.de\\\/vermieter-web\\\/abfall-nicht-am-haus-abgeholt\\\/\",\"name\":\"Abfall muss nicht am Haus abgeholt werden\",\"isPartOf\":{\"@id\":\"https:\\\/\\\/www.buhl.de\\\/vermieter-web\\\/#website\"},\"primaryImageOfPage\":{\"@id\":\"https:\\\/\\\/www.buhl.de\\\/vermieter-web\\\/abfall-nicht-am-haus-abgeholt\\\/#primaryimage\"},\"image\":{\"@id\":\"https:\\\/\\\/www.buhl.de\\\/vermieter-web\\\/abfall-nicht-am-haus-abgeholt\\\/#primaryimage\"},\"thumbnailUrl\":\"https:\\\/\\\/www.buhl.de\\\/vermieter-web\\\/wp-content\\\/uploads\\\/sites\\\/33\\\/2025\\\/05\\\/Viktor-Kintop-Muellbehaelter.jpg\",\"datePublished\":\"2025-05-13T13:14:51+00:00\",\"author\":{\"@id\":\"https:\\\/\\\/www.buhl.de\\\/vermieter-web\\\/#\\\/schema\\\/person\\\/82903e1cb04eb553382702d503991b4f\"},\"description\":\"Abfall, der nicht vom Haus abgeholt wird, weil die Entsorgungsfahrzeuge die H\u00e4user nicht erreichen, m\u00fcssen die Anlieger zur Sammelstelle bringen\",\"breadcrumb\":{\"@id\":\"https:\\\/\\\/www.buhl.de\\\/vermieter-web\\\/abfall-nicht-am-haus-abgeholt\\\/#breadcrumb\"},\"inLanguage\":\"de\",\"potentialAction\":[{\"@type\":\"ReadAction\",\"target\":[\"https:\\\/\\\/www.buhl.de\\\/vermieter-web\\\/abfall-nicht-am-haus-abgeholt\\\/\"]}]},{\"@type\":\"ImageObject\",\"inLanguage\":\"de\",\"@id\":\"https:\\\/\\\/www.buhl.de\\\/vermieter-web\\\/abfall-nicht-am-haus-abgeholt\\\/#primaryimage\",\"url\":\"https:\\\/\\\/www.buhl.de\\\/vermieter-web\\\/wp-content\\\/uploads\\\/sites\\\/33\\\/2025\\\/05\\\/Viktor-Kintop-Muellbehaelter.jpg\",\"contentUrl\":\"https:\\\/\\\/www.buhl.de\\\/vermieter-web\\\/wp-content\\\/uploads\\\/sites\\\/33\\\/2025\\\/05\\\/Viktor-Kintop-Muellbehaelter.jpg\",\"width\":1063,\"height\":532},{\"@type\":\"BreadcrumbList\",\"@id\":\"https:\\\/\\\/www.buhl.de\\\/vermieter-web\\\/abfall-nicht-am-haus-abgeholt\\\/#breadcrumb\",\"itemListElement\":[{\"@type\":\"ListItem\",\"position\":1,\"name\":\"Startseite\",\"item\":\"https:\\\/\\\/www.buhl.de\\\/vermieter-web\\\/\"},{\"@type\":\"ListItem\",\"position\":2,\"name\":\"Abfall nicht am Haus abgeholt\"}]},{\"@type\":\"WebSite\",\"@id\":\"https:\\\/\\\/www.buhl.de\\\/vermieter-web\\\/#website\",\"url\":\"https:\\\/\\\/www.buhl.de\\\/vermieter-web\\\/\",\"name\":\"Online-Nebenkostenabrechnung mit WISO Vermieter-Web\",\"description\":\"\",\"potentialAction\":[{\"@type\":\"SearchAction\",\"target\":{\"@type\":\"EntryPoint\",\"urlTemplate\":\"https:\\\/\\\/www.buhl.de\\\/vermieter-web\\\/?s={search_term_string}\"},\"query-input\":{\"@type\":\"PropertyValueSpecification\",\"valueRequired\":true,\"valueName\":\"search_term_string\"}}],\"inLanguage\":\"de\"},{\"@type\":\"Person\",\"@id\":\"https:\\\/\\\/www.buhl.de\\\/vermieter-web\\\/#\\\/schema\\\/person\\\/82903e1cb04eb553382702d503991b4f\",\"name\":\"Hartmut Fischer\"}]}<\/script>\n<!-- \/ Yoast SEO Premium plugin. -->","yoast_head_json":{"title":"Abfall muss nicht am Haus abgeholt werden","description":"Abfall, der nicht vom Haus abgeholt wird, weil die Entsorgungsfahrzeuge die H\u00e4user nicht erreichen, m\u00fcssen die Anlieger zur Sammelstelle bringen","robots":{"index":"noindex","follow":"nofollow"},"og_locale":"de_DE","og_type":"article","og_title":"Abfall nicht am Haus abgeholt","og_description":"Abfall, der nicht vom Haus abgeholt wird, weil die Entsorgungsfahrzeuge die H\u00e4user nicht erreichen, m\u00fcssen die Anlieger zur Sammelstelle bringen","og_url":"https:\/\/www.buhl.de\/vermieter-web\/abfall-nicht-am-haus-abgeholt\/","og_site_name":"Online-Nebenkostenabrechnung mit WISO Vermieter-Web","article_published_time":"2025-05-13T13:14:51+00:00","og_image":[{"width":1063,"height":532,"url":"https:\/\/www.buhl.de\/vermieter-web\/wp-content\/uploads\/sites\/33\/2025\/05\/Viktor-Kintop-Muellbehaelter.jpg","type":"image\/jpeg"}],"author":"Hartmut Fischer","twitter_card":"summary_large_image","twitter_misc":{"Verfasst von":"Hartmut Fischer","Gesch\u00e4tzte Lesezeit":"3\u00a0Minuten"},"schema":{"@context":"https:\/\/schema.org","@graph":[{"@type":"Article","@id":"https:\/\/www.buhl.de\/vermieter-web\/abfall-nicht-am-haus-abgeholt\/#article","isPartOf":{"@id":"https:\/\/www.buhl.de\/vermieter-web\/abfall-nicht-am-haus-abgeholt\/"},"author":{"name":"Hartmut Fischer","@id":"https:\/\/www.buhl.de\/vermieter-web\/#\/schema\/person\/82903e1cb04eb553382702d503991b4f"},"headline":"Abfall nicht am Haus abgeholt","datePublished":"2025-05-13T13:14:51+00:00","mainEntityOfPage":{"@id":"https:\/\/www.buhl.de\/vermieter-web\/abfall-nicht-am-haus-abgeholt\/"},"wordCount":418,"image":{"@id":"https:\/\/www.buhl.de\/vermieter-web\/abfall-nicht-am-haus-abgeholt\/#primaryimage"},"thumbnailUrl":"https:\/\/www.buhl.de\/vermieter-web\/wp-content\/uploads\/sites\/33\/2025\/05\/Viktor-Kintop-Muellbehaelter.jpg","keywords":["Abfall","Entsorgung","M\u00fcll"],"inLanguage":"de"},{"@type":"WebPage","@id":"https:\/\/www.buhl.de\/vermieter-web\/abfall-nicht-am-haus-abgeholt\/","url":"https:\/\/www.buhl.de\/vermieter-web\/abfall-nicht-am-haus-abgeholt\/","name":"Abfall muss nicht am Haus abgeholt werden","isPartOf":{"@id":"https:\/\/www.buhl.de\/vermieter-web\/#website"},"primaryImageOfPage":{"@id":"https:\/\/www.buhl.de\/vermieter-web\/abfall-nicht-am-haus-abgeholt\/#primaryimage"},"image":{"@id":"https:\/\/www.buhl.de\/vermieter-web\/abfall-nicht-am-haus-abgeholt\/#primaryimage"},"thumbnailUrl":"https:\/\/www.buhl.de\/vermieter-web\/wp-content\/uploads\/sites\/33\/2025\/05\/Viktor-Kintop-Muellbehaelter.jpg","datePublished":"2025-05-13T13:14:51+00:00","author":{"@id":"https:\/\/www.buhl.de\/vermieter-web\/#\/schema\/person\/82903e1cb04eb553382702d503991b4f"},"description":"Abfall, der nicht vom Haus abgeholt wird, weil die Entsorgungsfahrzeuge die H\u00e4user nicht erreichen, m\u00fcssen die Anlieger zur Sammelstelle bringen","breadcrumb":{"@id":"https:\/\/www.buhl.de\/vermieter-web\/abfall-nicht-am-haus-abgeholt\/#breadcrumb"},"inLanguage":"de","potentialAction":[{"@type":"ReadAction","target":["https:\/\/www.buhl.de\/vermieter-web\/abfall-nicht-am-haus-abgeholt\/"]}]},{"@type":"ImageObject","inLanguage":"de","@id":"https:\/\/www.buhl.de\/vermieter-web\/abfall-nicht-am-haus-abgeholt\/#primaryimage","url":"https:\/\/www.buhl.de\/vermieter-web\/wp-content\/uploads\/sites\/33\/2025\/05\/Viktor-Kintop-Muellbehaelter.jpg","contentUrl":"https:\/\/www.buhl.de\/vermieter-web\/wp-content\/uploads\/sites\/33\/2025\/05\/Viktor-Kintop-Muellbehaelter.jpg","width":1063,"height":532},{"@type":"BreadcrumbList","@id":"https:\/\/www.buhl.de\/vermieter-web\/abfall-nicht-am-haus-abgeholt\/#breadcrumb","itemListElement":[{"@type":"ListItem","position":1,"name":"Startseite","item":"https:\/\/www.buhl.de\/vermieter-web\/"},{"@type":"ListItem","position":2,"name":"Abfall nicht am Haus abgeholt"}]},{"@type":"WebSite","@id":"https:\/\/www.buhl.de\/vermieter-web\/#website","url":"https:\/\/www.buhl.de\/vermieter-web\/","name":"Online-Nebenkostenabrechnung mit WISO Vermieter-Web","description":"","potentialAction":[{"@type":"SearchAction","target":{"@type":"EntryPoint","urlTemplate":"https:\/\/www.buhl.de\/vermieter-web\/?s={search_term_string}"},"query-input":{"@type":"PropertyValueSpecification","valueRequired":true,"valueName":"search_term_string"}}],"inLanguage":"de"},{"@type":"Person","@id":"https:\/\/www.buhl.de\/vermieter-web\/#\/schema\/person\/82903e1cb04eb553382702d503991b4f","name":"Hartmut Fischer"}]}},"_links":{"self":[{"href":"https:\/\/www.buhl.de\/vermieter-web\/wp-json\/wp\/v2\/posts\/17009","targetHints":{"allow":["GET"]}}],"collection":[{"href":"https:\/\/www.buhl.de\/vermieter-web\/wp-json\/wp\/v2\/posts"}],"about":[{"href":"https:\/\/www.buhl.de\/vermieter-web\/wp-json\/wp\/v2\/types\/post"}],"author":[{"embeddable":true,"href":"https:\/\/www.buhl.de\/vermieter-web\/wp-json\/wp\/v2\/users\/15"}],"replies":[{"embeddable":true,"href":"https:\/\/www.buhl.de\/vermieter-web\/wp-json\/wp\/v2\/comments?post=17009"}],"version-history":[{"count":1,"href":"https:\/\/www.buhl.de\/vermieter-web\/wp-json\/wp\/v2\/posts\/17009\/revisions"}],"predecessor-version":[{"id":17012,"href":"https:\/\/www.buhl.de\/vermieter-web\/wp-json\/wp\/v2\/posts\/17009\/revisions\/17012"}],"wp:featuredmedia":[{"embeddable":true,"href":"https:\/\/www.buhl.de\/vermieter-web\/wp-json\/wp\/v2\/media\/17011"}],"wp:attachment":[{"href":"https:\/\/www.buhl.de\/vermieter-web\/wp-json\/wp\/v2\/media?parent=17009"}],"wp:term":[{"taxonomy":"category","embeddable":true,"href":"https:\/\/www.buhl.de\/vermieter-web\/wp-json\/wp\/v2\/categories?post=17009"},{"taxonomy":"post_tag","embeddable":true,"href":"https:\/\/www.buhl.de\/vermieter-web\/wp-json\/wp\/v2\/tags?post=17009"}],"curies":[{"name":"wp","href":"https:\/\/api.w.org\/{rel}","templated":true}]}}