{"id":17045,"date":"2025-06-01T13:19:07","date_gmt":"2025-06-01T11:19:07","guid":{"rendered":"https:\/\/www.buhl.de\/vermieter-web\/?p=17045"},"modified":"2025-06-01T13:20:35","modified_gmt":"2025-06-01T11:20:35","slug":"fotos-unerlaubt-genutzt-schmerzensgeld","status":"publish","type":"post","link":"https:\/\/www.buhl.de\/vermieter-web\/fotos-unerlaubt-genutzt-schmerzensgeld\/","title":{"rendered":"Fotos unerlaubt genutzt &#8211; Schadenersatz"},"content":{"rendered":"<p><strong>Es kommt immer wieder vor, dass Vermieter bei Wohnungsbesichtigungen Fotos von den R\u00e4umlichkeiten anfertigen, die dann f\u00fcr Anzeigen zur Suche nach neuen Mietern oder K\u00e4ufern, beispielsweise im Internet genutzt werden. Hier ist Vorsicht geboten: werden die Aufnahmen ohne ausdr\u00fcckliche Genehmigung des Mieters verwendet, kann dieser Schadenersatz geltend machen. Das entschied das Landgericht Stuttgart in einem Urteil vom 24.3.2025 (Aktenzeichen 4 S 159\/24).<\/strong><\/p>\n<h5>Fotos f\u00fcr Internetanzeige genutzt<\/h5>\n<p>In diesem Verfahren klagten mehrere Mieter. Sie verlangten von ihrem Vermieter Schadenersatz. Der Vermieter hatte bei Wohnungsbesichtigungen Aufnahmen der R\u00e4umlichkeiten gemacht. Diese Fotos hatte er in einer Internet-Verkaufsanzeige ver\u00f6ffentlicht. Allerdings hatte er sich hierf\u00fcr keine Erlaubnis der Mieter eingeholt.<\/p>\n<h5>Mieter verlangen Schmerzensgeld<\/h5>\n<p>Die Mieter verlangten vom Vermieter Schmerzensgeld. Sie forderten pro Mieter 2.500,00 \u20ac. Da der Vermieter nicht zahlen wollte, klagten sie vor dem zust\u00e4ndigen Amtsgericht. Dort hatten allerdings keinen Erfolg: Die Klagen wurden abgewiesen. Darum gingen die Mieter vor dem Landgericht Stuttgart in Berufung.<\/p>\n<h5>Landgericht: Schadenersatz wegen ungenehmigter Nutzung der Fotos<\/h5>\n<p>Das Landgericht entschied, dass die Mieter wegen der Nutzung der Fotos Anspruch auf Schadenersatz haben. Dies ergibt sich aus \u00a7 82 Abs. 1 DSGVO (Datenschutzgrundverordnung):<\/p>\n<p><em>\u201eJede Person, der wegen eines Versto\u00dfes gegen diese Verordnung ein materieller oder immaterieller Schaden entstanden ist, hat Anspruch auf Schadenersatz gegen den Verantwortlichen oder gegen den Auftragsverarbeiter.\u201c<\/em><\/p>\n<h5>Mieter h\u00e4tten Ver\u00f6ffentlichung der Fotos zustimmen m\u00fcssen<\/h5>\n<p>Der Vermieter ver\u00f6ffentlichte die Wohnungsbilder ohne Zustimmung der Mieter. Die Mieter hatten der Ver\u00f6ffentlichung nicht nachweislich zugestimmt. Da den Mietern die Kontrolle \u00fcber personenbezogene Daten dadurch entzogen wurde, entstand ein Schaden.<\/p>\n<h5>Forderung der Mieter war zu hoch<\/h5>\n<p>Die Forderung von jeweils 2.500,00 \u20ac hielt das Gericht allerdings f\u00fcr zu hoch. Im vorliegenden Fall m\u00fcsse man ber\u00fccksichtigen, dass die Aufnahmen nur von einem begrenzten Personenkreis den Wohnungen der Mieter zugeordnet werden konnten. Au\u00dferdem habe der Vermieter die Fotos nicht in b\u00f6ser Absicht gegen den Willen der Mieter eingesetzt. Das Gericht hielt vor diesem Hintergrund eine Entsch\u00e4digung von 100,00 \u20ac f\u00fcr ausreichend und angemessen.<\/p>\n<hr \/>\n<h5>Das k\u00f6nnte Sie auch interessieren:<\/h5>\n<p><a href=\"https:\/\/www.buhl.de\/vermieter-web\/schmerzensgeld-fuer-erlaubte-fotos\/\">Schmerzensgeld f\u00fcr erlaubte Fotos?<\/a><br \/>\n<a href=\"https:\/\/www.buhl.de\/vermieter-web\/unzulaessige-fotos-nicht-gerichtsverwertbar\/\">Unzul\u00e4ssige Fotos nicht gerichtsverwertbar<\/a><\/p>\n<hr \/>\n<p>&nbsp;<\/p>\n<p>&nbsp;<\/p>\n","protected":false},"excerpt":{"rendered":"<p>Es kommt immer wieder vor, dass Vermieter bei Wohnungsbesichtigungen Fotos von den R\u00e4umlichkeiten anfertigen, die dann f\u00fcr Anzeigen zur Suche nach neuen Mietern oder K\u00e4ufern, beispielsweise im Internet genutzt werden. Hier ist Vorsicht geboten: werden die Aufnahmen ohne ausdr\u00fcckliche Genehmigung des Mieters verwendet, kann dieser Schadenersatz geltend machen. Das entschied das Landgericht Stuttgart in einem &hellip; <\/p>\n<p class=\"link-more\"><a href=\"https:\/\/www.buhl.de\/vermieter-web\/fotos-unerlaubt-genutzt-schmerzensgeld\/\" class=\"more-link\"><span class=\"screen-reader-text\">\u201eFotos unerlaubt genutzt &#8211; Schadenersatz\u201c<\/span> weiterlesen<\/a><\/p>\n","protected":false},"author":15,"featured_media":17050,"comment_status":"closed","ping_status":"open","sticky":false,"template":"","format":"standard","meta":{"footnotes":""},"categories":[1],"tags":[4898,420,6415],"class_list":["post-17045","post","type-post","status-publish","format-standard","has-post-thumbnail","hentry","category-allgemein","tag-fotos","tag-schadenersatz","tag-veroeffeentlichung"],"yoast_head":"<!-- This site is optimized with the Yoast SEO Premium plugin v27.4 (Yoast SEO v27.5) - https:\/\/yoast.com\/product\/yoast-seo-premium-wordpress\/ -->\n<title>Fotos vermieteter R\u00e4ume k\u00f6nnen teuer werden<\/title>\n<meta name=\"description\" content=\"F\u00fcr Fotos von vermieteten R\u00e4umen, die ohne Erlaubnis der Mieter ver\u00f6ffentlicht werden, k\u00f6nnen diese Schadenersatz verlangen.\" \/>\n<meta name=\"robots\" content=\"noindex, nofollow\" \/>\n<meta property=\"og:locale\" content=\"de_DE\" \/>\n<meta property=\"og:type\" content=\"article\" \/>\n<meta property=\"og:title\" content=\"Fotos unerlaubt genutzt - Schadenersatz\" \/>\n<meta property=\"og:description\" content=\"F\u00fcr Fotos von vermieteten R\u00e4umen, die ohne Erlaubnis der Mieter ver\u00f6ffentlicht werden, k\u00f6nnen diese Schadenersatz verlangen.\" \/>\n<meta property=\"og:url\" content=\"https:\/\/www.buhl.de\/vermieter-web\/fotos-unerlaubt-genutzt-schmerzensgeld\/\" \/>\n<meta property=\"og:site_name\" content=\"Online-Nebenkostenabrechnung mit WISO Vermieter-Web\" \/>\n<meta property=\"article:published_time\" content=\"2025-06-01T11:19:07+00:00\" \/>\n<meta property=\"article:modified_time\" content=\"2025-06-01T11:20:35+00:00\" \/>\n<meta property=\"og:image\" content=\"https:\/\/www.buhl.de\/vermieter-web\/wp-content\/uploads\/sites\/33\/2025\/06\/Sevak-Aramyan-Fotografieren.jpg\" \/>\n\t<meta property=\"og:image:width\" content=\"1063\" \/>\n\t<meta property=\"og:image:height\" content=\"532\" \/>\n\t<meta property=\"og:image:type\" content=\"image\/jpeg\" \/>\n<meta name=\"author\" content=\"Hartmut Fischer\" \/>\n<meta name=\"twitter:card\" content=\"summary_large_image\" \/>\n<meta name=\"twitter:label1\" content=\"Verfasst von\" \/>\n\t<meta name=\"twitter:data1\" content=\"Hartmut Fischer\" \/>\n\t<meta name=\"twitter:label2\" content=\"Gesch\u00e4tzte Lesezeit\" \/>\n\t<meta name=\"twitter:data2\" content=\"3\u00a0Minuten\" \/>\n<script type=\"application\/ld+json\" class=\"yoast-schema-graph\">{\"@context\":\"https:\\\/\\\/schema.org\",\"@graph\":[{\"@type\":\"Article\",\"@id\":\"https:\\\/\\\/www.buhl.de\\\/vermieter-web\\\/fotos-unerlaubt-genutzt-schmerzensgeld\\\/#article\",\"isPartOf\":{\"@id\":\"https:\\\/\\\/www.buhl.de\\\/vermieter-web\\\/fotos-unerlaubt-genutzt-schmerzensgeld\\\/\"},\"author\":{\"name\":\"Hartmut Fischer\",\"@id\":\"https:\\\/\\\/www.buhl.de\\\/vermieter-web\\\/#\\\/schema\\\/person\\\/82903e1cb04eb553382702d503991b4f\"},\"headline\":\"Fotos unerlaubt genutzt &#8211; Schadenersatz\",\"datePublished\":\"2025-06-01T11:19:07+00:00\",\"dateModified\":\"2025-06-01T11:20:35+00:00\",\"mainEntityOfPage\":{\"@id\":\"https:\\\/\\\/www.buhl.de\\\/vermieter-web\\\/fotos-unerlaubt-genutzt-schmerzensgeld\\\/\"},\"wordCount\":352,\"image\":{\"@id\":\"https:\\\/\\\/www.buhl.de\\\/vermieter-web\\\/fotos-unerlaubt-genutzt-schmerzensgeld\\\/#primaryimage\"},\"thumbnailUrl\":\"https:\\\/\\\/www.buhl.de\\\/vermieter-web\\\/wp-content\\\/uploads\\\/sites\\\/33\\\/2025\\\/06\\\/Sevak-Aramyan-Fotografieren.jpg\",\"keywords\":[\"Fotos\",\"Schadenersatz\",\"Ver\u00f6ffeentlichung\"],\"inLanguage\":\"de\"},{\"@type\":\"WebPage\",\"@id\":\"https:\\\/\\\/www.buhl.de\\\/vermieter-web\\\/fotos-unerlaubt-genutzt-schmerzensgeld\\\/\",\"url\":\"https:\\\/\\\/www.buhl.de\\\/vermieter-web\\\/fotos-unerlaubt-genutzt-schmerzensgeld\\\/\",\"name\":\"Fotos vermieteter R\u00e4ume k\u00f6nnen teuer werden\",\"isPartOf\":{\"@id\":\"https:\\\/\\\/www.buhl.de\\\/vermieter-web\\\/#website\"},\"primaryImageOfPage\":{\"@id\":\"https:\\\/\\\/www.buhl.de\\\/vermieter-web\\\/fotos-unerlaubt-genutzt-schmerzensgeld\\\/#primaryimage\"},\"image\":{\"@id\":\"https:\\\/\\\/www.buhl.de\\\/vermieter-web\\\/fotos-unerlaubt-genutzt-schmerzensgeld\\\/#primaryimage\"},\"thumbnailUrl\":\"https:\\\/\\\/www.buhl.de\\\/vermieter-web\\\/wp-content\\\/uploads\\\/sites\\\/33\\\/2025\\\/06\\\/Sevak-Aramyan-Fotografieren.jpg\",\"datePublished\":\"2025-06-01T11:19:07+00:00\",\"dateModified\":\"2025-06-01T11:20:35+00:00\",\"author\":{\"@id\":\"https:\\\/\\\/www.buhl.de\\\/vermieter-web\\\/#\\\/schema\\\/person\\\/82903e1cb04eb553382702d503991b4f\"},\"description\":\"F\u00fcr Fotos von vermieteten R\u00e4umen, die ohne Erlaubnis der Mieter ver\u00f6ffentlicht werden, k\u00f6nnen diese Schadenersatz verlangen.\",\"breadcrumb\":{\"@id\":\"https:\\\/\\\/www.buhl.de\\\/vermieter-web\\\/fotos-unerlaubt-genutzt-schmerzensgeld\\\/#breadcrumb\"},\"inLanguage\":\"de\",\"potentialAction\":[{\"@type\":\"ReadAction\",\"target\":[\"https:\\\/\\\/www.buhl.de\\\/vermieter-web\\\/fotos-unerlaubt-genutzt-schmerzensgeld\\\/\"]}]},{\"@type\":\"ImageObject\",\"inLanguage\":\"de\",\"@id\":\"https:\\\/\\\/www.buhl.de\\\/vermieter-web\\\/fotos-unerlaubt-genutzt-schmerzensgeld\\\/#primaryimage\",\"url\":\"https:\\\/\\\/www.buhl.de\\\/vermieter-web\\\/wp-content\\\/uploads\\\/sites\\\/33\\\/2025\\\/06\\\/Sevak-Aramyan-Fotografieren.jpg\",\"contentUrl\":\"https:\\\/\\\/www.buhl.de\\\/vermieter-web\\\/wp-content\\\/uploads\\\/sites\\\/33\\\/2025\\\/06\\\/Sevak-Aramyan-Fotografieren.jpg\",\"width\":1063,\"height\":532},{\"@type\":\"BreadcrumbList\",\"@id\":\"https:\\\/\\\/www.buhl.de\\\/vermieter-web\\\/fotos-unerlaubt-genutzt-schmerzensgeld\\\/#breadcrumb\",\"itemListElement\":[{\"@type\":\"ListItem\",\"position\":1,\"name\":\"Startseite\",\"item\":\"https:\\\/\\\/www.buhl.de\\\/vermieter-web\\\/\"},{\"@type\":\"ListItem\",\"position\":2,\"name\":\"Fotos unerlaubt genutzt &#8211; Schmerzensgeld\"}]},{\"@type\":\"WebSite\",\"@id\":\"https:\\\/\\\/www.buhl.de\\\/vermieter-web\\\/#website\",\"url\":\"https:\\\/\\\/www.buhl.de\\\/vermieter-web\\\/\",\"name\":\"Online-Nebenkostenabrechnung mit WISO Vermieter-Web\",\"description\":\"\",\"potentialAction\":[{\"@type\":\"SearchAction\",\"target\":{\"@type\":\"EntryPoint\",\"urlTemplate\":\"https:\\\/\\\/www.buhl.de\\\/vermieter-web\\\/?s={search_term_string}\"},\"query-input\":{\"@type\":\"PropertyValueSpecification\",\"valueRequired\":true,\"valueName\":\"search_term_string\"}}],\"inLanguage\":\"de\"},{\"@type\":\"Person\",\"@id\":\"https:\\\/\\\/www.buhl.de\\\/vermieter-web\\\/#\\\/schema\\\/person\\\/82903e1cb04eb553382702d503991b4f\",\"name\":\"Hartmut Fischer\"}]}<\/script>\n<!-- \/ Yoast SEO Premium plugin. -->","yoast_head_json":{"title":"Fotos vermieteter R\u00e4ume k\u00f6nnen teuer werden","description":"F\u00fcr Fotos von vermieteten R\u00e4umen, die ohne Erlaubnis der Mieter ver\u00f6ffentlicht werden, k\u00f6nnen diese Schadenersatz verlangen.","robots":{"index":"noindex","follow":"nofollow"},"og_locale":"de_DE","og_type":"article","og_title":"Fotos unerlaubt genutzt - Schadenersatz","og_description":"F\u00fcr Fotos von vermieteten R\u00e4umen, die ohne Erlaubnis der Mieter ver\u00f6ffentlicht werden, k\u00f6nnen diese Schadenersatz verlangen.","og_url":"https:\/\/www.buhl.de\/vermieter-web\/fotos-unerlaubt-genutzt-schmerzensgeld\/","og_site_name":"Online-Nebenkostenabrechnung mit WISO Vermieter-Web","article_published_time":"2025-06-01T11:19:07+00:00","article_modified_time":"2025-06-01T11:20:35+00:00","og_image":[{"width":1063,"height":532,"url":"https:\/\/www.buhl.de\/vermieter-web\/wp-content\/uploads\/sites\/33\/2025\/06\/Sevak-Aramyan-Fotografieren.jpg","type":"image\/jpeg"}],"author":"Hartmut Fischer","twitter_card":"summary_large_image","twitter_misc":{"Verfasst von":"Hartmut Fischer","Gesch\u00e4tzte Lesezeit":"3\u00a0Minuten"},"schema":{"@context":"https:\/\/schema.org","@graph":[{"@type":"Article","@id":"https:\/\/www.buhl.de\/vermieter-web\/fotos-unerlaubt-genutzt-schmerzensgeld\/#article","isPartOf":{"@id":"https:\/\/www.buhl.de\/vermieter-web\/fotos-unerlaubt-genutzt-schmerzensgeld\/"},"author":{"name":"Hartmut Fischer","@id":"https:\/\/www.buhl.de\/vermieter-web\/#\/schema\/person\/82903e1cb04eb553382702d503991b4f"},"headline":"Fotos unerlaubt genutzt &#8211; Schadenersatz","datePublished":"2025-06-01T11:19:07+00:00","dateModified":"2025-06-01T11:20:35+00:00","mainEntityOfPage":{"@id":"https:\/\/www.buhl.de\/vermieter-web\/fotos-unerlaubt-genutzt-schmerzensgeld\/"},"wordCount":352,"image":{"@id":"https:\/\/www.buhl.de\/vermieter-web\/fotos-unerlaubt-genutzt-schmerzensgeld\/#primaryimage"},"thumbnailUrl":"https:\/\/www.buhl.de\/vermieter-web\/wp-content\/uploads\/sites\/33\/2025\/06\/Sevak-Aramyan-Fotografieren.jpg","keywords":["Fotos","Schadenersatz","Ver\u00f6ffeentlichung"],"inLanguage":"de"},{"@type":"WebPage","@id":"https:\/\/www.buhl.de\/vermieter-web\/fotos-unerlaubt-genutzt-schmerzensgeld\/","url":"https:\/\/www.buhl.de\/vermieter-web\/fotos-unerlaubt-genutzt-schmerzensgeld\/","name":"Fotos vermieteter R\u00e4ume k\u00f6nnen teuer werden","isPartOf":{"@id":"https:\/\/www.buhl.de\/vermieter-web\/#website"},"primaryImageOfPage":{"@id":"https:\/\/www.buhl.de\/vermieter-web\/fotos-unerlaubt-genutzt-schmerzensgeld\/#primaryimage"},"image":{"@id":"https:\/\/www.buhl.de\/vermieter-web\/fotos-unerlaubt-genutzt-schmerzensgeld\/#primaryimage"},"thumbnailUrl":"https:\/\/www.buhl.de\/vermieter-web\/wp-content\/uploads\/sites\/33\/2025\/06\/Sevak-Aramyan-Fotografieren.jpg","datePublished":"2025-06-01T11:19:07+00:00","dateModified":"2025-06-01T11:20:35+00:00","author":{"@id":"https:\/\/www.buhl.de\/vermieter-web\/#\/schema\/person\/82903e1cb04eb553382702d503991b4f"},"description":"F\u00fcr Fotos von vermieteten R\u00e4umen, die ohne Erlaubnis der Mieter ver\u00f6ffentlicht werden, k\u00f6nnen diese Schadenersatz verlangen.","breadcrumb":{"@id":"https:\/\/www.buhl.de\/vermieter-web\/fotos-unerlaubt-genutzt-schmerzensgeld\/#breadcrumb"},"inLanguage":"de","potentialAction":[{"@type":"ReadAction","target":["https:\/\/www.buhl.de\/vermieter-web\/fotos-unerlaubt-genutzt-schmerzensgeld\/"]}]},{"@type":"ImageObject","inLanguage":"de","@id":"https:\/\/www.buhl.de\/vermieter-web\/fotos-unerlaubt-genutzt-schmerzensgeld\/#primaryimage","url":"https:\/\/www.buhl.de\/vermieter-web\/wp-content\/uploads\/sites\/33\/2025\/06\/Sevak-Aramyan-Fotografieren.jpg","contentUrl":"https:\/\/www.buhl.de\/vermieter-web\/wp-content\/uploads\/sites\/33\/2025\/06\/Sevak-Aramyan-Fotografieren.jpg","width":1063,"height":532},{"@type":"BreadcrumbList","@id":"https:\/\/www.buhl.de\/vermieter-web\/fotos-unerlaubt-genutzt-schmerzensgeld\/#breadcrumb","itemListElement":[{"@type":"ListItem","position":1,"name":"Startseite","item":"https:\/\/www.buhl.de\/vermieter-web\/"},{"@type":"ListItem","position":2,"name":"Fotos unerlaubt genutzt &#8211; Schmerzensgeld"}]},{"@type":"WebSite","@id":"https:\/\/www.buhl.de\/vermieter-web\/#website","url":"https:\/\/www.buhl.de\/vermieter-web\/","name":"Online-Nebenkostenabrechnung mit WISO Vermieter-Web","description":"","potentialAction":[{"@type":"SearchAction","target":{"@type":"EntryPoint","urlTemplate":"https:\/\/www.buhl.de\/vermieter-web\/?s={search_term_string}"},"query-input":{"@type":"PropertyValueSpecification","valueRequired":true,"valueName":"search_term_string"}}],"inLanguage":"de"},{"@type":"Person","@id":"https:\/\/www.buhl.de\/vermieter-web\/#\/schema\/person\/82903e1cb04eb553382702d503991b4f","name":"Hartmut Fischer"}]}},"_links":{"self":[{"href":"https:\/\/www.buhl.de\/vermieter-web\/wp-json\/wp\/v2\/posts\/17045","targetHints":{"allow":["GET"]}}],"collection":[{"href":"https:\/\/www.buhl.de\/vermieter-web\/wp-json\/wp\/v2\/posts"}],"about":[{"href":"https:\/\/www.buhl.de\/vermieter-web\/wp-json\/wp\/v2\/types\/post"}],"author":[{"embeddable":true,"href":"https:\/\/www.buhl.de\/vermieter-web\/wp-json\/wp\/v2\/users\/15"}],"replies":[{"embeddable":true,"href":"https:\/\/www.buhl.de\/vermieter-web\/wp-json\/wp\/v2\/comments?post=17045"}],"version-history":[{"count":3,"href":"https:\/\/www.buhl.de\/vermieter-web\/wp-json\/wp\/v2\/posts\/17045\/revisions"}],"predecessor-version":[{"id":17052,"href":"https:\/\/www.buhl.de\/vermieter-web\/wp-json\/wp\/v2\/posts\/17045\/revisions\/17052"}],"wp:featuredmedia":[{"embeddable":true,"href":"https:\/\/www.buhl.de\/vermieter-web\/wp-json\/wp\/v2\/media\/17050"}],"wp:attachment":[{"href":"https:\/\/www.buhl.de\/vermieter-web\/wp-json\/wp\/v2\/media?parent=17045"}],"wp:term":[{"taxonomy":"category","embeddable":true,"href":"https:\/\/www.buhl.de\/vermieter-web\/wp-json\/wp\/v2\/categories?post=17045"},{"taxonomy":"post_tag","embeddable":true,"href":"https:\/\/www.buhl.de\/vermieter-web\/wp-json\/wp\/v2\/tags?post=17045"}],"curies":[{"name":"wp","href":"https:\/\/api.w.org\/{rel}","templated":true}]}}