{"id":17055,"date":"2025-06-03T16:32:27","date_gmt":"2025-06-03T14:32:27","guid":{"rendered":"https:\/\/www.buhl.de\/vermieter-web\/?p=17055"},"modified":"2025-06-03T16:37:18","modified_gmt":"2025-06-03T14:37:18","slug":"mieterhoehung-anforderungen-an-ein-gutachten","status":"publish","type":"post","link":"https:\/\/www.buhl.de\/vermieter-web\/mieterhoehung-anforderungen-an-ein-gutachten\/","title":{"rendered":"Mieterh\u00f6hung: Anforderungen an ein Gutachten"},"content":{"rendered":"<p><strong>Grunds\u00e4tzlich kann eine Mieterh\u00f6hung durch ein Sachverst\u00e4ndigengutachten begr\u00fcndet werden (<a href=\"https:\/\/www.gesetze-im-internet.de\/bgb\/__558a.html\">\u00a7\u00a0558a BGB<\/a>). Das Landgericht L\u00fcneburg stellt im Urteil vom 02.04.2025 (Aktenzeichen 6 S 4\/25) klar, welche (hohen) Anforderungen ein Sachverst\u00e4ndigengutachten erf\u00fcllen muss.<\/strong><\/p>\n<h5>Mieterh\u00f6hung per Gutachten begr\u00fcndet<\/h5>\n<p>Zu dem Rechtsstreit kam es, nachdem der Mieter ein Mieterh\u00f6hungsverlangen des Vermieters abgelehnt hatte. Der Vermieter begr\u00fcndete seinen Anspruch auf Mieterh\u00f6hung mithilfe eines Gutachtens eines Sachverst\u00e4ndigen. Da der Mieter die Zustimmung verweigerte, klagte der Vermieter vor dem zust\u00e4ndigen Amtsgericht.<\/p>\n<h5>Amtsgericht: Gutachten nicht ausreichend<\/h5>\n<p>Das Amtsgericht wies die Klage ab. Nach Meinung des Gerichts erf\u00fcllte das Gutachten nicht die nach <a href=\"https:\/\/www.gesetze-im-internet.de\/bgb\/__558a.html\">\u00a7\u00a0558a BGB<\/a> notwendigen Mindestanforderungen an ein mit Gr\u00fcnden versehenes Gutachten eines \u00f6ffentlich bestellten und vereidigten Sachverst\u00e4ndigen. Der Vermieter legte nun Berufung vor dem Landgericht L\u00fcneburg ein.<\/p>\n<h5>Landgericht zu den Anforderungen an ein Gutachten<\/h5>\n<p>Doch auch dort hatte er keinen Erfolg. Auch nach Ansicht des Landgerichts erf\u00fcllte das Gutachten nicht die geforderten Voraussetzungen. Das Gericht f\u00fchrte hierzu aus, dass ein Gutachten zur Begr\u00fcndung einer Mieterh\u00f6hung Aussagen erhalten muss, anhand derer der Mieter nachvollziehen kann, wie es zur Wertfeststellung kam. Die Einzelfeststellungen muss man nicht alle ausf\u00fchren, wie das Gericht erl\u00e4uterte:<\/p>\n<p><em>\u201eNachvollziehbar ist das Gutachten f\u00fcr den Mieter dann, wenn ihm durch die Ausf\u00fchrungen des Sachverst\u00e4ndigen der Eindruck vermittelt wird, die Schlussfolgerungen des Gutachters auf das vergleichbare Mietgef\u00fcge seien verst\u00e4ndlich und naheliegend.\u201c<\/em><\/p>\n<p>F\u00fcr eine ausreichende (formelle) Begr\u00fcndung des Mieterh\u00f6hungsbegehrens reicht es nach Ansicht des Gerichts grunds\u00e4tzlich aus, wenn das Gutachten Angaben enth\u00e4lt, aus denen die geforderte Mieterh\u00f6hung hergeleitet wird. Die Angaben m\u00fcssen den Mieter in die Lage versetzen, die Berechtigung des Erh\u00f6hungsverlangens zumindest ansatzweise selbst zu \u00fcberpr\u00fcfen.<\/p>\n<p>Weiter f\u00fchrt das Landgericht aus, dass der Sachverst\u00e4ndige eine Aussage \u00fcber die tats\u00e4chliche orts\u00fcbliche Vergleichsmiete trifft und die zu beurteilende Wohnung in das \u00f6rtliche Preisgef\u00fcge einordnet. Hierzu ist es nicht erforderlich, dass der Sachverst\u00e4ndige die streitgegenst\u00e4ndliche oder eine vergleichbare Wohnung besichtigt hat. Er muss deshalb nicht mitteilen, auf welchem Weg (etwa durch Besichtigung oder auf andere Weise) er die tats\u00e4chlichen Grundlagen f\u00fcr die Angaben im Gutachten gewonnen hat.<\/p>\n<h5>Landgericht: Gutachten reicht nicht f\u00fcr Mieterh\u00f6hung<\/h5>\n<p>Nach Einsch\u00e4tzung des Gerichts erf\u00fcllte das Gutachten nicht die notwendigen Voraussetzungen zur Begr\u00fcndung eines Mieterh\u00f6hungsverlangens. Im Einzelnen bem\u00e4ngelte es:<\/p>\n<ol>\n<li>F\u00fcr den Mieter war nicht nachvollziehbar, wie der Gutachter zu seiner Wertfeststellung kam. Der Gutachter gibt nicht an, wie er die ausgewiesenen Mietspannen ermittelte. Der Sachverst\u00e4ndige machte unter anderem keine Angaben, wie viele Datens\u00e4tze er seinem Gutachten zugrunde legte. Er gab zwar an, dass sich aufgrund seiner Recherche von Neu- und Bestandsmieten der letzten sechs Jahre eine Spanne von 6,80 &#8211; 11,00 \u20ac\/m<sup>2<\/sup>\/mtl. ergibt. Es fehlten aber Angaben, wie viele Mietvertr\u00e4ge er aus welcher Kategorie, Neu- oder Bestandsmieten, dem Gutachten zugrunde lagen. Eine konkrete Gewichtung zwischen Neu- und Altvermietung war nicht zu erkennen. Der Sachverst\u00e4ndige musste aber ein angemessenes Verh\u00e4ltnis von ver\u00e4nderten Bestandsmieten und Neuvertragsmieten aus dem ma\u00dfgeblichen Betrachtungszeitraum ber\u00fccksichtigen.<\/li>\n<li>Die Darlegung der Ermittlung der orts\u00fcblichen Vergleichsmiete enth\u00e4lt keine Angaben dazu, wie viele Datens\u00e4tze der jeweiligen Wohnungskategorie zugrunde gelegt wurden. Es fehlen auch Angaben, welche Spanne f\u00fcr die jeweilige Kategorie ermittelt wurde. Der Sachverst\u00e4ndige gibt nicht an, wie er zu den angegebenen durchschnittlichen Mietwerten gelangt ist. Das Gutachten enth\u00e4lt keine Angaben, welches der einschl\u00e4gigen Internetportale bem\u00fcht wurde. Es fehlten auch Angaben, durch welche Angaben (Mietpreisdaten aus der Mietpreisver\u00f6ffentlichung eines Verbandes, eines Datenportals oder den Mietpreisver\u00f6ffentlichungen im Internet) die Berechnungen beeinflusst wurden.<\/li>\n<li>Es ist auch nicht angegeben, ob es sich bei der durchschnittlichen Nettomiete f\u00fcr die jeweilige Wohnungskategorie um ein arithmetisches oder bereinigtes Mittel handelt.<\/li>\n<li>Der Gutachter f\u00fchrte nicht detailliert aus, welche durchschnittlichen Mieten sich aus anderen Erkenntnisquellen als den Mietvertr\u00e4gen ergaben. F\u00fcr einen Mieter ist es schlicht nicht nachvollziehbar, aufgrund welcher Datengrundlage sich die durchschnittliche Nettomiete ergibt.<\/li>\n<\/ol>\n<p>Insgesamt gewann das Gutachten dem Gericht den Eindruck eines Gutachtens, das (so w\u00f6rtlich) durch \u201eKaffeesatz-Lesen\u201c entstand. Nach alledem stufte das Gericht das Gutachten als f\u00fcr seinen Zweck g\u00e4nzlich ungeeignet ein.<\/p>\n<hr \/>\n<h5>Das k\u00f6nnte Sie auch interessieren:<\/h5>\n<p><a href=\"https:\/\/www.buhl.de\/vermieter-web\/energetische-modernisierung-wann-ist-mieterhoehung-zulaessig\/\">Energetische Modernisierung: Wann ist Mieterh\u00f6hung zul\u00e4ssig<\/a><br \/>\n<a href=\"https:\/\/www.buhl.de\/vermieter-web\/schrift-fuer-mieterhoehungsverlangen-zu-klein\/\">Schrift f\u00fcr Mieterh\u00f6hungsverlangen zu klein?<\/a><br \/>\n<a href=\"https:\/\/www.buhl.de\/vermieter-web\/vergleichsgutachten-trotz-vorliegenden-mietspiegels\/\">Vergleichsgutachten trotz vorliegenden Mietspiegels<\/a><\/p>\n<hr \/>\n<p>&nbsp;<\/p>\n","protected":false},"excerpt":{"rendered":"<p>Grunds\u00e4tzlich kann eine Mieterh\u00f6hung durch ein Sachverst\u00e4ndigengutachten begr\u00fcndet werden (\u00a7\u00a0558a BGB). Das Landgericht L\u00fcneburg stellt im Urteil vom 02.04.2025 (Aktenzeichen 6 S 4\/25) klar, welche (hohen) Anforderungen ein Sachverst\u00e4ndigengutachten erf\u00fcllen muss. Mieterh\u00f6hung per Gutachten begr\u00fcndet Zu dem Rechtsstreit kam es, nachdem der Mieter ein Mieterh\u00f6hungsverlangen des Vermieters abgelehnt hatte. Der Vermieter begr\u00fcndete seinen Anspruch auf &hellip; <\/p>\n<p class=\"link-more\"><a href=\"https:\/\/www.buhl.de\/vermieter-web\/mieterhoehung-anforderungen-an-ein-gutachten\/\" class=\"more-link\"><span class=\"screen-reader-text\">\u201eMieterh\u00f6hung: Anforderungen an ein Gutachten\u201c<\/span> weiterlesen<\/a><\/p>\n","protected":false},"author":15,"featured_media":16469,"comment_status":"closed","ping_status":"open","sticky":false,"template":"","format":"standard","meta":{"footnotes":""},"categories":[1],"tags":[715,387],"class_list":["post-17055","post","type-post","status-publish","format-standard","has-post-thumbnail","hentry","category-allgemein","tag-gutachten","tag-mieterhoehung"],"yoast_head":"<!-- This site is optimized with the Yoast SEO Premium plugin v27.4 (Yoast SEO v27.5) - https:\/\/yoast.com\/product\/yoast-seo-premium-wordpress\/ -->\n<title>Gutachten zur Begr\u00fcndung einer Mieterh\u00f6hung<\/title>\n<meta name=\"description\" content=\"Ein Gutachten, mit dem man eine Mieterh\u00f6hung begr\u00fcnden will, muss eine Reihe von Voraussetzungen erf\u00fcllen.\" \/>\n<meta name=\"robots\" content=\"noindex, nofollow\" \/>\n<meta property=\"og:locale\" content=\"de_DE\" \/>\n<meta property=\"og:type\" content=\"article\" \/>\n<meta property=\"og:title\" content=\"Mieterh\u00f6hung: Anforderungen an ein Gutachten\" \/>\n<meta property=\"og:description\" content=\"Ein Gutachten, mit dem man eine Mieterh\u00f6hung begr\u00fcnden will, muss eine Reihe von Voraussetzungen erf\u00fcllen.\" \/>\n<meta property=\"og:url\" content=\"https:\/\/www.buhl.de\/vermieter-web\/mieterhoehung-anforderungen-an-ein-gutachten\/\" \/>\n<meta property=\"og:site_name\" content=\"Online-Nebenkostenabrechnung mit WISO Vermieter-Web\" \/>\n<meta property=\"article:published_time\" content=\"2025-06-03T14:32:27+00:00\" \/>\n<meta property=\"article:modified_time\" content=\"2025-06-03T14:37:18+00:00\" \/>\n<meta property=\"og:image\" content=\"https:\/\/www.buhl.de\/vermieter-web\/wp-content\/uploads\/sites\/33\/2024\/08\/Yana-Kazakova-Gericht-vecteezy.jpg\" \/>\n\t<meta property=\"og:image:width\" content=\"1069\" \/>\n\t<meta property=\"og:image:height\" content=\"541\" \/>\n\t<meta property=\"og:image:type\" content=\"image\/jpeg\" \/>\n<meta name=\"author\" content=\"Hartmut Fischer\" \/>\n<meta name=\"twitter:card\" content=\"summary_large_image\" \/>\n<meta name=\"twitter:label1\" content=\"Verfasst von\" \/>\n\t<meta name=\"twitter:data1\" content=\"Hartmut Fischer\" \/>\n\t<meta name=\"twitter:label2\" content=\"Gesch\u00e4tzte Lesezeit\" \/>\n\t<meta name=\"twitter:data2\" content=\"4\u00a0Minuten\" \/>\n<script type=\"application\/ld+json\" class=\"yoast-schema-graph\">{\"@context\":\"https:\\\/\\\/schema.org\",\"@graph\":[{\"@type\":\"Article\",\"@id\":\"https:\\\/\\\/www.buhl.de\\\/vermieter-web\\\/mieterhoehung-anforderungen-an-ein-gutachten\\\/#article\",\"isPartOf\":{\"@id\":\"https:\\\/\\\/www.buhl.de\\\/vermieter-web\\\/mieterhoehung-anforderungen-an-ein-gutachten\\\/\"},\"author\":{\"name\":\"Hartmut Fischer\",\"@id\":\"https:\\\/\\\/www.buhl.de\\\/vermieter-web\\\/#\\\/schema\\\/person\\\/82903e1cb04eb553382702d503991b4f\"},\"headline\":\"Mieterh\u00f6hung: Anforderungen an ein Gutachten\",\"datePublished\":\"2025-06-03T14:32:27+00:00\",\"dateModified\":\"2025-06-03T14:37:18+00:00\",\"mainEntityOfPage\":{\"@id\":\"https:\\\/\\\/www.buhl.de\\\/vermieter-web\\\/mieterhoehung-anforderungen-an-ein-gutachten\\\/\"},\"wordCount\":737,\"image\":{\"@id\":\"https:\\\/\\\/www.buhl.de\\\/vermieter-web\\\/mieterhoehung-anforderungen-an-ein-gutachten\\\/#primaryimage\"},\"thumbnailUrl\":\"https:\\\/\\\/www.buhl.de\\\/vermieter-web\\\/wp-content\\\/uploads\\\/sites\\\/33\\\/2024\\\/08\\\/Yana-Kazakova-Gericht-vecteezy.jpg\",\"keywords\":[\"Gutachten\",\"Mieterh\u00f6hung\"],\"inLanguage\":\"de\"},{\"@type\":\"WebPage\",\"@id\":\"https:\\\/\\\/www.buhl.de\\\/vermieter-web\\\/mieterhoehung-anforderungen-an-ein-gutachten\\\/\",\"url\":\"https:\\\/\\\/www.buhl.de\\\/vermieter-web\\\/mieterhoehung-anforderungen-an-ein-gutachten\\\/\",\"name\":\"Gutachten zur Begr\u00fcndung einer Mieterh\u00f6hung\",\"isPartOf\":{\"@id\":\"https:\\\/\\\/www.buhl.de\\\/vermieter-web\\\/#website\"},\"primaryImageOfPage\":{\"@id\":\"https:\\\/\\\/www.buhl.de\\\/vermieter-web\\\/mieterhoehung-anforderungen-an-ein-gutachten\\\/#primaryimage\"},\"image\":{\"@id\":\"https:\\\/\\\/www.buhl.de\\\/vermieter-web\\\/mieterhoehung-anforderungen-an-ein-gutachten\\\/#primaryimage\"},\"thumbnailUrl\":\"https:\\\/\\\/www.buhl.de\\\/vermieter-web\\\/wp-content\\\/uploads\\\/sites\\\/33\\\/2024\\\/08\\\/Yana-Kazakova-Gericht-vecteezy.jpg\",\"datePublished\":\"2025-06-03T14:32:27+00:00\",\"dateModified\":\"2025-06-03T14:37:18+00:00\",\"author\":{\"@id\":\"https:\\\/\\\/www.buhl.de\\\/vermieter-web\\\/#\\\/schema\\\/person\\\/82903e1cb04eb553382702d503991b4f\"},\"description\":\"Ein Gutachten, mit dem man eine Mieterh\u00f6hung begr\u00fcnden will, muss eine Reihe von Voraussetzungen erf\u00fcllen.\",\"breadcrumb\":{\"@id\":\"https:\\\/\\\/www.buhl.de\\\/vermieter-web\\\/mieterhoehung-anforderungen-an-ein-gutachten\\\/#breadcrumb\"},\"inLanguage\":\"de\",\"potentialAction\":[{\"@type\":\"ReadAction\",\"target\":[\"https:\\\/\\\/www.buhl.de\\\/vermieter-web\\\/mieterhoehung-anforderungen-an-ein-gutachten\\\/\"]}]},{\"@type\":\"ImageObject\",\"inLanguage\":\"de\",\"@id\":\"https:\\\/\\\/www.buhl.de\\\/vermieter-web\\\/mieterhoehung-anforderungen-an-ein-gutachten\\\/#primaryimage\",\"url\":\"https:\\\/\\\/www.buhl.de\\\/vermieter-web\\\/wp-content\\\/uploads\\\/sites\\\/33\\\/2024\\\/08\\\/Yana-Kazakova-Gericht-vecteezy.jpg\",\"contentUrl\":\"https:\\\/\\\/www.buhl.de\\\/vermieter-web\\\/wp-content\\\/uploads\\\/sites\\\/33\\\/2024\\\/08\\\/Yana-Kazakova-Gericht-vecteezy.jpg\",\"width\":1069,\"height\":541},{\"@type\":\"BreadcrumbList\",\"@id\":\"https:\\\/\\\/www.buhl.de\\\/vermieter-web\\\/mieterhoehung-anforderungen-an-ein-gutachten\\\/#breadcrumb\",\"itemListElement\":[{\"@type\":\"ListItem\",\"position\":1,\"name\":\"Startseite\",\"item\":\"https:\\\/\\\/www.buhl.de\\\/vermieter-web\\\/\"},{\"@type\":\"ListItem\",\"position\":2,\"name\":\"Mieterh\u00f6hung: Anforderungen an ein Gutachten\"}]},{\"@type\":\"WebSite\",\"@id\":\"https:\\\/\\\/www.buhl.de\\\/vermieter-web\\\/#website\",\"url\":\"https:\\\/\\\/www.buhl.de\\\/vermieter-web\\\/\",\"name\":\"Online-Nebenkostenabrechnung mit WISO Vermieter-Web\",\"description\":\"\",\"potentialAction\":[{\"@type\":\"SearchAction\",\"target\":{\"@type\":\"EntryPoint\",\"urlTemplate\":\"https:\\\/\\\/www.buhl.de\\\/vermieter-web\\\/?s={search_term_string}\"},\"query-input\":{\"@type\":\"PropertyValueSpecification\",\"valueRequired\":true,\"valueName\":\"search_term_string\"}}],\"inLanguage\":\"de\"},{\"@type\":\"Person\",\"@id\":\"https:\\\/\\\/www.buhl.de\\\/vermieter-web\\\/#\\\/schema\\\/person\\\/82903e1cb04eb553382702d503991b4f\",\"name\":\"Hartmut Fischer\"}]}<\/script>\n<!-- \/ Yoast SEO Premium plugin. -->","yoast_head_json":{"title":"Gutachten zur Begr\u00fcndung einer Mieterh\u00f6hung","description":"Ein Gutachten, mit dem man eine Mieterh\u00f6hung begr\u00fcnden will, muss eine Reihe von Voraussetzungen erf\u00fcllen.","robots":{"index":"noindex","follow":"nofollow"},"og_locale":"de_DE","og_type":"article","og_title":"Mieterh\u00f6hung: Anforderungen an ein Gutachten","og_description":"Ein Gutachten, mit dem man eine Mieterh\u00f6hung begr\u00fcnden will, muss eine Reihe von Voraussetzungen erf\u00fcllen.","og_url":"https:\/\/www.buhl.de\/vermieter-web\/mieterhoehung-anforderungen-an-ein-gutachten\/","og_site_name":"Online-Nebenkostenabrechnung mit WISO Vermieter-Web","article_published_time":"2025-06-03T14:32:27+00:00","article_modified_time":"2025-06-03T14:37:18+00:00","og_image":[{"width":1069,"height":541,"url":"https:\/\/www.buhl.de\/vermieter-web\/wp-content\/uploads\/sites\/33\/2024\/08\/Yana-Kazakova-Gericht-vecteezy.jpg","type":"image\/jpeg"}],"author":"Hartmut Fischer","twitter_card":"summary_large_image","twitter_misc":{"Verfasst von":"Hartmut Fischer","Gesch\u00e4tzte Lesezeit":"4\u00a0Minuten"},"schema":{"@context":"https:\/\/schema.org","@graph":[{"@type":"Article","@id":"https:\/\/www.buhl.de\/vermieter-web\/mieterhoehung-anforderungen-an-ein-gutachten\/#article","isPartOf":{"@id":"https:\/\/www.buhl.de\/vermieter-web\/mieterhoehung-anforderungen-an-ein-gutachten\/"},"author":{"name":"Hartmut Fischer","@id":"https:\/\/www.buhl.de\/vermieter-web\/#\/schema\/person\/82903e1cb04eb553382702d503991b4f"},"headline":"Mieterh\u00f6hung: Anforderungen an ein Gutachten","datePublished":"2025-06-03T14:32:27+00:00","dateModified":"2025-06-03T14:37:18+00:00","mainEntityOfPage":{"@id":"https:\/\/www.buhl.de\/vermieter-web\/mieterhoehung-anforderungen-an-ein-gutachten\/"},"wordCount":737,"image":{"@id":"https:\/\/www.buhl.de\/vermieter-web\/mieterhoehung-anforderungen-an-ein-gutachten\/#primaryimage"},"thumbnailUrl":"https:\/\/www.buhl.de\/vermieter-web\/wp-content\/uploads\/sites\/33\/2024\/08\/Yana-Kazakova-Gericht-vecteezy.jpg","keywords":["Gutachten","Mieterh\u00f6hung"],"inLanguage":"de"},{"@type":"WebPage","@id":"https:\/\/www.buhl.de\/vermieter-web\/mieterhoehung-anforderungen-an-ein-gutachten\/","url":"https:\/\/www.buhl.de\/vermieter-web\/mieterhoehung-anforderungen-an-ein-gutachten\/","name":"Gutachten zur Begr\u00fcndung einer Mieterh\u00f6hung","isPartOf":{"@id":"https:\/\/www.buhl.de\/vermieter-web\/#website"},"primaryImageOfPage":{"@id":"https:\/\/www.buhl.de\/vermieter-web\/mieterhoehung-anforderungen-an-ein-gutachten\/#primaryimage"},"image":{"@id":"https:\/\/www.buhl.de\/vermieter-web\/mieterhoehung-anforderungen-an-ein-gutachten\/#primaryimage"},"thumbnailUrl":"https:\/\/www.buhl.de\/vermieter-web\/wp-content\/uploads\/sites\/33\/2024\/08\/Yana-Kazakova-Gericht-vecteezy.jpg","datePublished":"2025-06-03T14:32:27+00:00","dateModified":"2025-06-03T14:37:18+00:00","author":{"@id":"https:\/\/www.buhl.de\/vermieter-web\/#\/schema\/person\/82903e1cb04eb553382702d503991b4f"},"description":"Ein Gutachten, mit dem man eine Mieterh\u00f6hung begr\u00fcnden will, muss eine Reihe von Voraussetzungen erf\u00fcllen.","breadcrumb":{"@id":"https:\/\/www.buhl.de\/vermieter-web\/mieterhoehung-anforderungen-an-ein-gutachten\/#breadcrumb"},"inLanguage":"de","potentialAction":[{"@type":"ReadAction","target":["https:\/\/www.buhl.de\/vermieter-web\/mieterhoehung-anforderungen-an-ein-gutachten\/"]}]},{"@type":"ImageObject","inLanguage":"de","@id":"https:\/\/www.buhl.de\/vermieter-web\/mieterhoehung-anforderungen-an-ein-gutachten\/#primaryimage","url":"https:\/\/www.buhl.de\/vermieter-web\/wp-content\/uploads\/sites\/33\/2024\/08\/Yana-Kazakova-Gericht-vecteezy.jpg","contentUrl":"https:\/\/www.buhl.de\/vermieter-web\/wp-content\/uploads\/sites\/33\/2024\/08\/Yana-Kazakova-Gericht-vecteezy.jpg","width":1069,"height":541},{"@type":"BreadcrumbList","@id":"https:\/\/www.buhl.de\/vermieter-web\/mieterhoehung-anforderungen-an-ein-gutachten\/#breadcrumb","itemListElement":[{"@type":"ListItem","position":1,"name":"Startseite","item":"https:\/\/www.buhl.de\/vermieter-web\/"},{"@type":"ListItem","position":2,"name":"Mieterh\u00f6hung: Anforderungen an ein Gutachten"}]},{"@type":"WebSite","@id":"https:\/\/www.buhl.de\/vermieter-web\/#website","url":"https:\/\/www.buhl.de\/vermieter-web\/","name":"Online-Nebenkostenabrechnung mit WISO Vermieter-Web","description":"","potentialAction":[{"@type":"SearchAction","target":{"@type":"EntryPoint","urlTemplate":"https:\/\/www.buhl.de\/vermieter-web\/?s={search_term_string}"},"query-input":{"@type":"PropertyValueSpecification","valueRequired":true,"valueName":"search_term_string"}}],"inLanguage":"de"},{"@type":"Person","@id":"https:\/\/www.buhl.de\/vermieter-web\/#\/schema\/person\/82903e1cb04eb553382702d503991b4f","name":"Hartmut Fischer"}]}},"_links":{"self":[{"href":"https:\/\/www.buhl.de\/vermieter-web\/wp-json\/wp\/v2\/posts\/17055","targetHints":{"allow":["GET"]}}],"collection":[{"href":"https:\/\/www.buhl.de\/vermieter-web\/wp-json\/wp\/v2\/posts"}],"about":[{"href":"https:\/\/www.buhl.de\/vermieter-web\/wp-json\/wp\/v2\/types\/post"}],"author":[{"embeddable":true,"href":"https:\/\/www.buhl.de\/vermieter-web\/wp-json\/wp\/v2\/users\/15"}],"replies":[{"embeddable":true,"href":"https:\/\/www.buhl.de\/vermieter-web\/wp-json\/wp\/v2\/comments?post=17055"}],"version-history":[{"count":5,"href":"https:\/\/www.buhl.de\/vermieter-web\/wp-json\/wp\/v2\/posts\/17055\/revisions"}],"predecessor-version":[{"id":17061,"href":"https:\/\/www.buhl.de\/vermieter-web\/wp-json\/wp\/v2\/posts\/17055\/revisions\/17061"}],"wp:featuredmedia":[{"embeddable":true,"href":"https:\/\/www.buhl.de\/vermieter-web\/wp-json\/wp\/v2\/media\/16469"}],"wp:attachment":[{"href":"https:\/\/www.buhl.de\/vermieter-web\/wp-json\/wp\/v2\/media?parent=17055"}],"wp:term":[{"taxonomy":"category","embeddable":true,"href":"https:\/\/www.buhl.de\/vermieter-web\/wp-json\/wp\/v2\/categories?post=17055"},{"taxonomy":"post_tag","embeddable":true,"href":"https:\/\/www.buhl.de\/vermieter-web\/wp-json\/wp\/v2\/tags?post=17055"}],"curies":[{"name":"wp","href":"https:\/\/api.w.org\/{rel}","templated":true}]}}