{"id":17160,"date":"2025-07-15T16:45:55","date_gmt":"2025-07-15T14:45:55","guid":{"rendered":"https:\/\/www.buhl.de\/vermieter-web\/?p=17160"},"modified":"2025-11-03T10:04:34","modified_gmt":"2025-11-03T09:04:34","slug":"vertrauensverhaeltnis-zerstoert","status":"publish","type":"post","link":"https:\/\/www.buhl.de\/vermieter-web\/vertrauensverhaeltnis-zerstoert\/","title":{"rendered":"Vertrauensverh\u00e4ltnis zerst\u00f6rt"},"content":{"rendered":"<p><strong>Wird vom Mieter die Wohnung unerlaubt untervermietet und macht er hier\u00fcber gegen\u00fcber dem Vermieter wissentlich falsche Angaben, wird dadurch das Vertrauensverh\u00e4ltnis zwischen Vermieter und Mieter zerst\u00f6rt. Dies ist dann ein Grund zur ordentlichen K\u00fcndigung nach <a href=\"https:\/\/www.gesetze-im-internet.de\/bgb\/__573.html\">\u00a7 573 BGB<\/a>. Zu diesem Ergebnis kam das Landgericht Berlin in einem Urteil vom 20.03.2023 (Aktenzeichen 64 S 61\/23).<\/strong><\/p>\n<h5>Mieter bel\u00fcgt den Vermieter<\/h5>\n<p>In dem Verfahren ging es um die Klage eines Vermieters auf R\u00e4umung und Herausgabe einer Wohnung. Er warf dem Mieter vor, dass dieser das Vertrauensverh\u00e4ltnis zwischen den Vertragsparteien zerst\u00f6rt hat. Der Mieter habe seine Wohnung an eine dritte Person ohne Erlaubnis untervermietet. Der Vermieter mahnte den Mieter daraufhin ab.<\/p>\n<h5>Vermieter k\u00fcndigte mehrmals<\/h5>\n<p>Anschlie\u00dfend k\u00fcndigte der Vermieter mehrmals: erst wegen unerlaubter Untervermietung, dann wegen Zahlungsverzugs. Schlie\u00dflich stellte sich heraus, dass die Wohnung ausschlie\u00dflich vom Untervermieter genutzt wurde und dieser rund 150 EUR mehr zahlen musste als der Mieter. Darum k\u00fcndigte der Mieter nun wegen Zerr\u00fcttung des Mietverh\u00e4ltnisses. Da der Mieter nicht auszog, kam es zur Klage des Vermieters.<\/p>\n<h5>Mieter weist Anschuldigungen zur\u00fcck<\/h5>\n<p>Der Mieter wies die Anschuldigungen des Vermieters zur\u00fcck. Er habe die Wohnung lediglich einer Bekannten \u00fcberlassen, um diese zu unterst\u00fctzen. Bereits vor der Abmahnung habe er versucht, die Bekannte zum Auszug zu bewegen.<\/p>\n<p>Auch die Vermutung, er wollte die Wohnung f\u00fcr seine Kinder freihalten, bestritt er. Er wollte wieder selbst in die Wohnung einziehen.<\/p>\n<h5>Gerichte glauben Mieter nicht<\/h5>\n<p>Das Amtsgericht Charlottenburg lie\u00df die Einlassungen des Mieters nicht gelten. Er habe die Wohnung unerlaubt vollst\u00e4ndig untervermietet. Erschwerend kommt noch hinzu, dass der Mieter nach der Abmahnung falsche Angaben \u00fcber den Umfang und die Konditionen der Untervermietung machte. Diese erheblichen Pflichtverletzungen m\u00fcsse der Vermieter nicht hinnehmen. Die ordentliche K\u00fcndigung sei deshalb gerechtfertigt. Der Mieter ging gegen das Urteil in Berufung.<\/p>\n<p>Doch auch das Landgericht Berlin best\u00e4tigte, dass die K\u00fcndigung gerechtfertigt war. Schon die heimliche, komplette Untervermietung der Wohnung sei eine Pflichtverletzung. Dass der Mieter den Vermieter auch noch versuchte, \u00fcber die Details der Untervermietung zu t\u00e4uschen.<\/p>\n<p>Der Mieter habe mit seinem Verhalten das Vertrauensverh\u00e4ltnis zum Vermieter nachhaltig zerst\u00f6rt. Die ordentliche K\u00fcndigung (<a href=\"https:\/\/www.gesetze-im-internet.de\/bgb\/__573.html\">\u00a7\u00a0573 Abs. 2 BGB<\/a>) sei deshalb gerechtfertigt. Dass der eigentliche K\u00fcndigungsgrund \u2013 die unerlaubte Untervermietung \u2013 behoben werden konnte, spielt hier keine Rolle mehr.<\/p>\n<hr \/>\n<h5>Das k\u00f6nnte Sie auch interessieren:<\/h5>\n<p><a href=\"https:\/\/www.buhl.de\/vermieter-web\/indexmiete-im-vertrag-versteckt-ungueltig\/\">Indexmiete im Vertrag &#8222;versteckt&#8220; &#8211; ung\u00fcltig<\/a><br \/>\n<a href=\"https:\/\/www.buhl.de\/vermieter-web\/zerruettung-alleine-ist-kein-kuendigungsgrund\/\">Zerr\u00fcttung alleine ist kein K\u00fcndigungsgrund.<\/a><br \/>\n<a href=\"https:\/\/www.buhl.de\/vermieter-web\/ueberwachungskamera-auf-nachbargrundstueck\/\">\u00dcberwachungskamera auf Nachbargrundst\u00fcck<\/a><\/p>\n<hr \/>\n<p>&nbsp;<\/p>\n","protected":false},"excerpt":{"rendered":"<p>Wird vom Mieter die Wohnung unerlaubt untervermietet und macht er hier\u00fcber gegen\u00fcber dem Vermieter wissentlich falsche Angaben, wird dadurch das Vertrauensverh\u00e4ltnis zwischen Vermieter und Mieter zerst\u00f6rt. Dies ist dann ein Grund zur ordentlichen K\u00fcndigung nach \u00a7 573 BGB. Zu diesem Ergebnis kam das Landgericht Berlin in einem Urteil vom 20.03.2023 (Aktenzeichen 64 S 61\/23). Mieter &hellip; <\/p>\n<p class=\"link-more\"><a href=\"https:\/\/www.buhl.de\/vermieter-web\/vertrauensverhaeltnis-zerstoert\/\" class=\"more-link\"><span class=\"screen-reader-text\">\u201eVertrauensverh\u00e4ltnis zerst\u00f6rt\u201c<\/span> weiterlesen<\/a><\/p>\n","protected":false},"author":15,"featured_media":17163,"comment_status":"closed","ping_status":"open","sticky":false,"template":"","format":"standard","meta":{"footnotes":""},"categories":[1],"tags":[5667,6172,423],"class_list":["post-17160","post","type-post","status-publish","format-standard","has-post-thumbnail","hentry","category-allgemein","tag-erlaubnis","tag-luege","tag-untermieter"],"yoast_head":"<!-- This site is optimized with the Yoast SEO Premium plugin v27.4 (Yoast SEO v27.5) - https:\/\/yoast.com\/product\/yoast-seo-premium-wordpress\/ -->\n<title>Vertrauensverh\u00e4ltnis zerst\u00f6rt<\/title>\n<meta name=\"description\" content=\"Das zerst\u00f6rte Vertrauensverh\u00e4ltnis kann zur K\u00fcndigung f\u00fchren. Hierzu kann es kommen, wenn der Mieter l\u00fcgt und unerlaubt untervermietet.\" \/>\n<meta name=\"robots\" content=\"noindex, nofollow\" \/>\n<meta property=\"og:locale\" content=\"de_DE\" \/>\n<meta property=\"og:type\" content=\"article\" \/>\n<meta property=\"og:title\" content=\"Vertrauensverh\u00e4ltnis zerst\u00f6rt\" \/>\n<meta property=\"og:description\" content=\"Das zerst\u00f6rte Vertrauensverh\u00e4ltnis kann zur K\u00fcndigung f\u00fchren. Hierzu kann es kommen, wenn der Mieter l\u00fcgt und unerlaubt untervermietet.\" \/>\n<meta property=\"og:url\" content=\"https:\/\/www.buhl.de\/vermieter-web\/vertrauensverhaeltnis-zerstoert\/\" \/>\n<meta property=\"og:site_name\" content=\"Online-Nebenkostenabrechnung mit WISO Vermieter-Web\" \/>\n<meta property=\"article:published_time\" content=\"2025-07-15T14:45:55+00:00\" \/>\n<meta property=\"article:modified_time\" content=\"2025-11-03T09:04:34+00:00\" \/>\n<meta property=\"og:image\" content=\"https:\/\/www.buhl.de\/vermieter-web\/wp-content\/uploads\/sites\/33\/2025\/07\/Kostiantyn-Postumitenko-MIsstrauen.jpg\" \/>\n\t<meta property=\"og:image:width\" content=\"1063\" \/>\n\t<meta property=\"og:image:height\" content=\"532\" \/>\n\t<meta property=\"og:image:type\" content=\"image\/jpeg\" \/>\n<meta name=\"author\" content=\"Hartmut Fischer\" \/>\n<meta name=\"twitter:card\" content=\"summary_large_image\" \/>\n<meta name=\"twitter:label1\" content=\"Verfasst von\" \/>\n\t<meta name=\"twitter:data1\" content=\"Hartmut Fischer\" \/>\n\t<meta name=\"twitter:label2\" content=\"Gesch\u00e4tzte Lesezeit\" \/>\n\t<meta name=\"twitter:data2\" content=\"3\u00a0Minuten\" \/>\n<script type=\"application\/ld+json\" class=\"yoast-schema-graph\">{\"@context\":\"https:\\\/\\\/schema.org\",\"@graph\":[{\"@type\":\"Article\",\"@id\":\"https:\\\/\\\/www.buhl.de\\\/vermieter-web\\\/vertrauensverhaeltnis-zerstoert\\\/#article\",\"isPartOf\":{\"@id\":\"https:\\\/\\\/www.buhl.de\\\/vermieter-web\\\/vertrauensverhaeltnis-zerstoert\\\/\"},\"author\":{\"name\":\"Hartmut Fischer\",\"@id\":\"https:\\\/\\\/www.buhl.de\\\/vermieter-web\\\/#\\\/schema\\\/person\\\/82903e1cb04eb553382702d503991b4f\"},\"headline\":\"Vertrauensverh\u00e4ltnis zerst\u00f6rt\",\"datePublished\":\"2025-07-15T14:45:55+00:00\",\"dateModified\":\"2025-11-03T09:04:34+00:00\",\"mainEntityOfPage\":{\"@id\":\"https:\\\/\\\/www.buhl.de\\\/vermieter-web\\\/vertrauensverhaeltnis-zerstoert\\\/\"},\"wordCount\":412,\"image\":{\"@id\":\"https:\\\/\\\/www.buhl.de\\\/vermieter-web\\\/vertrauensverhaeltnis-zerstoert\\\/#primaryimage\"},\"thumbnailUrl\":\"https:\\\/\\\/www.buhl.de\\\/vermieter-web\\\/wp-content\\\/uploads\\\/sites\\\/33\\\/2025\\\/07\\\/Kostiantyn-Postumitenko-MIsstrauen.jpg\",\"keywords\":[\"Erlaubnis\",\"L\u00fcge\",\"Untermieter\"],\"inLanguage\":\"de\"},{\"@type\":\"WebPage\",\"@id\":\"https:\\\/\\\/www.buhl.de\\\/vermieter-web\\\/vertrauensverhaeltnis-zerstoert\\\/\",\"url\":\"https:\\\/\\\/www.buhl.de\\\/vermieter-web\\\/vertrauensverhaeltnis-zerstoert\\\/\",\"name\":\"Vertrauensverh\u00e4ltnis zerst\u00f6rt\",\"isPartOf\":{\"@id\":\"https:\\\/\\\/www.buhl.de\\\/vermieter-web\\\/#website\"},\"primaryImageOfPage\":{\"@id\":\"https:\\\/\\\/www.buhl.de\\\/vermieter-web\\\/vertrauensverhaeltnis-zerstoert\\\/#primaryimage\"},\"image\":{\"@id\":\"https:\\\/\\\/www.buhl.de\\\/vermieter-web\\\/vertrauensverhaeltnis-zerstoert\\\/#primaryimage\"},\"thumbnailUrl\":\"https:\\\/\\\/www.buhl.de\\\/vermieter-web\\\/wp-content\\\/uploads\\\/sites\\\/33\\\/2025\\\/07\\\/Kostiantyn-Postumitenko-MIsstrauen.jpg\",\"datePublished\":\"2025-07-15T14:45:55+00:00\",\"dateModified\":\"2025-11-03T09:04:34+00:00\",\"author\":{\"@id\":\"https:\\\/\\\/www.buhl.de\\\/vermieter-web\\\/#\\\/schema\\\/person\\\/82903e1cb04eb553382702d503991b4f\"},\"description\":\"Das zerst\u00f6rte Vertrauensverh\u00e4ltnis kann zur K\u00fcndigung f\u00fchren. Hierzu kann es kommen, wenn der Mieter l\u00fcgt und unerlaubt untervermietet.\",\"breadcrumb\":{\"@id\":\"https:\\\/\\\/www.buhl.de\\\/vermieter-web\\\/vertrauensverhaeltnis-zerstoert\\\/#breadcrumb\"},\"inLanguage\":\"de\",\"potentialAction\":[{\"@type\":\"ReadAction\",\"target\":[\"https:\\\/\\\/www.buhl.de\\\/vermieter-web\\\/vertrauensverhaeltnis-zerstoert\\\/\"]}]},{\"@type\":\"ImageObject\",\"inLanguage\":\"de\",\"@id\":\"https:\\\/\\\/www.buhl.de\\\/vermieter-web\\\/vertrauensverhaeltnis-zerstoert\\\/#primaryimage\",\"url\":\"https:\\\/\\\/www.buhl.de\\\/vermieter-web\\\/wp-content\\\/uploads\\\/sites\\\/33\\\/2025\\\/07\\\/Kostiantyn-Postumitenko-MIsstrauen.jpg\",\"contentUrl\":\"https:\\\/\\\/www.buhl.de\\\/vermieter-web\\\/wp-content\\\/uploads\\\/sites\\\/33\\\/2025\\\/07\\\/Kostiantyn-Postumitenko-MIsstrauen.jpg\",\"width\":1063,\"height\":532},{\"@type\":\"BreadcrumbList\",\"@id\":\"https:\\\/\\\/www.buhl.de\\\/vermieter-web\\\/vertrauensverhaeltnis-zerstoert\\\/#breadcrumb\",\"itemListElement\":[{\"@type\":\"ListItem\",\"position\":1,\"name\":\"Startseite\",\"item\":\"https:\\\/\\\/www.buhl.de\\\/vermieter-web\\\/\"},{\"@type\":\"ListItem\",\"position\":2,\"name\":\"Vertrauensverh\u00e4ltnis zerst\u00f6rt\"}]},{\"@type\":\"WebSite\",\"@id\":\"https:\\\/\\\/www.buhl.de\\\/vermieter-web\\\/#website\",\"url\":\"https:\\\/\\\/www.buhl.de\\\/vermieter-web\\\/\",\"name\":\"Online-Nebenkostenabrechnung mit WISO Vermieter-Web\",\"description\":\"\",\"potentialAction\":[{\"@type\":\"SearchAction\",\"target\":{\"@type\":\"EntryPoint\",\"urlTemplate\":\"https:\\\/\\\/www.buhl.de\\\/vermieter-web\\\/?s={search_term_string}\"},\"query-input\":{\"@type\":\"PropertyValueSpecification\",\"valueRequired\":true,\"valueName\":\"search_term_string\"}}],\"inLanguage\":\"de\"},{\"@type\":\"Person\",\"@id\":\"https:\\\/\\\/www.buhl.de\\\/vermieter-web\\\/#\\\/schema\\\/person\\\/82903e1cb04eb553382702d503991b4f\",\"name\":\"Hartmut Fischer\"}]}<\/script>\n<!-- \/ Yoast SEO Premium plugin. -->","yoast_head_json":{"title":"Vertrauensverh\u00e4ltnis zerst\u00f6rt","description":"Das zerst\u00f6rte Vertrauensverh\u00e4ltnis kann zur K\u00fcndigung f\u00fchren. Hierzu kann es kommen, wenn der Mieter l\u00fcgt und unerlaubt untervermietet.","robots":{"index":"noindex","follow":"nofollow"},"og_locale":"de_DE","og_type":"article","og_title":"Vertrauensverh\u00e4ltnis zerst\u00f6rt","og_description":"Das zerst\u00f6rte Vertrauensverh\u00e4ltnis kann zur K\u00fcndigung f\u00fchren. Hierzu kann es kommen, wenn der Mieter l\u00fcgt und unerlaubt untervermietet.","og_url":"https:\/\/www.buhl.de\/vermieter-web\/vertrauensverhaeltnis-zerstoert\/","og_site_name":"Online-Nebenkostenabrechnung mit WISO Vermieter-Web","article_published_time":"2025-07-15T14:45:55+00:00","article_modified_time":"2025-11-03T09:04:34+00:00","og_image":[{"width":1063,"height":532,"url":"https:\/\/www.buhl.de\/vermieter-web\/wp-content\/uploads\/sites\/33\/2025\/07\/Kostiantyn-Postumitenko-MIsstrauen.jpg","type":"image\/jpeg"}],"author":"Hartmut Fischer","twitter_card":"summary_large_image","twitter_misc":{"Verfasst von":"Hartmut Fischer","Gesch\u00e4tzte Lesezeit":"3\u00a0Minuten"},"schema":{"@context":"https:\/\/schema.org","@graph":[{"@type":"Article","@id":"https:\/\/www.buhl.de\/vermieter-web\/vertrauensverhaeltnis-zerstoert\/#article","isPartOf":{"@id":"https:\/\/www.buhl.de\/vermieter-web\/vertrauensverhaeltnis-zerstoert\/"},"author":{"name":"Hartmut Fischer","@id":"https:\/\/www.buhl.de\/vermieter-web\/#\/schema\/person\/82903e1cb04eb553382702d503991b4f"},"headline":"Vertrauensverh\u00e4ltnis zerst\u00f6rt","datePublished":"2025-07-15T14:45:55+00:00","dateModified":"2025-11-03T09:04:34+00:00","mainEntityOfPage":{"@id":"https:\/\/www.buhl.de\/vermieter-web\/vertrauensverhaeltnis-zerstoert\/"},"wordCount":412,"image":{"@id":"https:\/\/www.buhl.de\/vermieter-web\/vertrauensverhaeltnis-zerstoert\/#primaryimage"},"thumbnailUrl":"https:\/\/www.buhl.de\/vermieter-web\/wp-content\/uploads\/sites\/33\/2025\/07\/Kostiantyn-Postumitenko-MIsstrauen.jpg","keywords":["Erlaubnis","L\u00fcge","Untermieter"],"inLanguage":"de"},{"@type":"WebPage","@id":"https:\/\/www.buhl.de\/vermieter-web\/vertrauensverhaeltnis-zerstoert\/","url":"https:\/\/www.buhl.de\/vermieter-web\/vertrauensverhaeltnis-zerstoert\/","name":"Vertrauensverh\u00e4ltnis zerst\u00f6rt","isPartOf":{"@id":"https:\/\/www.buhl.de\/vermieter-web\/#website"},"primaryImageOfPage":{"@id":"https:\/\/www.buhl.de\/vermieter-web\/vertrauensverhaeltnis-zerstoert\/#primaryimage"},"image":{"@id":"https:\/\/www.buhl.de\/vermieter-web\/vertrauensverhaeltnis-zerstoert\/#primaryimage"},"thumbnailUrl":"https:\/\/www.buhl.de\/vermieter-web\/wp-content\/uploads\/sites\/33\/2025\/07\/Kostiantyn-Postumitenko-MIsstrauen.jpg","datePublished":"2025-07-15T14:45:55+00:00","dateModified":"2025-11-03T09:04:34+00:00","author":{"@id":"https:\/\/www.buhl.de\/vermieter-web\/#\/schema\/person\/82903e1cb04eb553382702d503991b4f"},"description":"Das zerst\u00f6rte Vertrauensverh\u00e4ltnis kann zur K\u00fcndigung f\u00fchren. Hierzu kann es kommen, wenn der Mieter l\u00fcgt und unerlaubt untervermietet.","breadcrumb":{"@id":"https:\/\/www.buhl.de\/vermieter-web\/vertrauensverhaeltnis-zerstoert\/#breadcrumb"},"inLanguage":"de","potentialAction":[{"@type":"ReadAction","target":["https:\/\/www.buhl.de\/vermieter-web\/vertrauensverhaeltnis-zerstoert\/"]}]},{"@type":"ImageObject","inLanguage":"de","@id":"https:\/\/www.buhl.de\/vermieter-web\/vertrauensverhaeltnis-zerstoert\/#primaryimage","url":"https:\/\/www.buhl.de\/vermieter-web\/wp-content\/uploads\/sites\/33\/2025\/07\/Kostiantyn-Postumitenko-MIsstrauen.jpg","contentUrl":"https:\/\/www.buhl.de\/vermieter-web\/wp-content\/uploads\/sites\/33\/2025\/07\/Kostiantyn-Postumitenko-MIsstrauen.jpg","width":1063,"height":532},{"@type":"BreadcrumbList","@id":"https:\/\/www.buhl.de\/vermieter-web\/vertrauensverhaeltnis-zerstoert\/#breadcrumb","itemListElement":[{"@type":"ListItem","position":1,"name":"Startseite","item":"https:\/\/www.buhl.de\/vermieter-web\/"},{"@type":"ListItem","position":2,"name":"Vertrauensverh\u00e4ltnis zerst\u00f6rt"}]},{"@type":"WebSite","@id":"https:\/\/www.buhl.de\/vermieter-web\/#website","url":"https:\/\/www.buhl.de\/vermieter-web\/","name":"Online-Nebenkostenabrechnung mit WISO Vermieter-Web","description":"","potentialAction":[{"@type":"SearchAction","target":{"@type":"EntryPoint","urlTemplate":"https:\/\/www.buhl.de\/vermieter-web\/?s={search_term_string}"},"query-input":{"@type":"PropertyValueSpecification","valueRequired":true,"valueName":"search_term_string"}}],"inLanguage":"de"},{"@type":"Person","@id":"https:\/\/www.buhl.de\/vermieter-web\/#\/schema\/person\/82903e1cb04eb553382702d503991b4f","name":"Hartmut Fischer"}]}},"_links":{"self":[{"href":"https:\/\/www.buhl.de\/vermieter-web\/wp-json\/wp\/v2\/posts\/17160","targetHints":{"allow":["GET"]}}],"collection":[{"href":"https:\/\/www.buhl.de\/vermieter-web\/wp-json\/wp\/v2\/posts"}],"about":[{"href":"https:\/\/www.buhl.de\/vermieter-web\/wp-json\/wp\/v2\/types\/post"}],"author":[{"embeddable":true,"href":"https:\/\/www.buhl.de\/vermieter-web\/wp-json\/wp\/v2\/users\/15"}],"replies":[{"embeddable":true,"href":"https:\/\/www.buhl.de\/vermieter-web\/wp-json\/wp\/v2\/comments?post=17160"}],"version-history":[{"count":3,"href":"https:\/\/www.buhl.de\/vermieter-web\/wp-json\/wp\/v2\/posts\/17160\/revisions"}],"predecessor-version":[{"id":17421,"href":"https:\/\/www.buhl.de\/vermieter-web\/wp-json\/wp\/v2\/posts\/17160\/revisions\/17421"}],"wp:featuredmedia":[{"embeddable":true,"href":"https:\/\/www.buhl.de\/vermieter-web\/wp-json\/wp\/v2\/media\/17163"}],"wp:attachment":[{"href":"https:\/\/www.buhl.de\/vermieter-web\/wp-json\/wp\/v2\/media?parent=17160"}],"wp:term":[{"taxonomy":"category","embeddable":true,"href":"https:\/\/www.buhl.de\/vermieter-web\/wp-json\/wp\/v2\/categories?post=17160"},{"taxonomy":"post_tag","embeddable":true,"href":"https:\/\/www.buhl.de\/vermieter-web\/wp-json\/wp\/v2\/tags?post=17160"}],"curies":[{"name":"wp","href":"https:\/\/api.w.org\/{rel}","templated":true}]}}