{"id":17170,"date":"2025-07-19T15:26:21","date_gmt":"2025-07-19T13:26:21","guid":{"rendered":"https:\/\/www.buhl.de\/vermieter-web\/?p=17170"},"modified":"2025-11-03T10:04:34","modified_gmt":"2025-11-03T09:04:34","slug":"kostenverteilung-bei-einer-weg","status":"publish","type":"post","link":"https:\/\/www.buhl.de\/vermieter-web\/kostenverteilung-bei-einer-weg\/","title":{"rendered":"Kostenverteilung bei einer WEG"},"content":{"rendered":"<p><strong>Wird in einer Wohnungseigentumsgemeinschaft der Schl\u00fcssel zur Kostenverteilung nachtr\u00e4glich ge\u00e4ndert, entspricht das nicht einer ordnungsgem\u00e4\u00dfen Verwaltung. Ein entsprechender Beschluss der Wohnungseigent\u00fcmerversammlung ist deshalb unwirksam. Zu diesem Ergebnis kam das Amtsgericht Berlin-Mitte in einem Urteil vom 07.05.2025 (Aktenzeichen 22 C 4\/25 WEG).<\/strong><\/p>\n<h5>Kostenverteilung nachtr\u00e4glich ge\u00e4ndert<\/h5>\n<p>In dem Verfahren ging es um den Mehrheitsbeschluss einer Wohneigent\u00fcmerversammlung im Dezember 2024.\u00a0 Die Versammlung \u00e4nderte die Kostenverteilung f\u00fcr das Jahr 2023 r\u00fcckwirkend. Ein Wohnungseigent\u00fcmer akzeptierte diesen Beschluss nicht und klagte dagegen vor dem Amtsgericht Berlin-Mitte.<\/p>\n<h5>Gericht: Kostenverteilung darf nicht r\u00fcckwirkend ge\u00e4ndert werden<\/h5>\n<p>Das Gericht entschied zugunsten des Kl\u00e4gers. Eine r\u00fcckwirkende \u00c4nderung der Kostenverteilung f\u00fcr ein bereits abgeschlossenes Abrechnungsjahr ist nicht m\u00f6glich. Dies widerspricht den Prinzipien einer ordnungsgem\u00e4\u00dfen Verwaltung. Das Gericht erkl\u00e4rte den Beschluss darum f\u00fcr unwirksam.<\/p>\n<h5>Wohnungseigent\u00fcmer muss sich auf Kostenverteilungsschl\u00fcssel verlassen k\u00f6nnen<\/h5>\n<p>In seiner Begr\u00fcndung stellte das Gericht klar: Ein Wohnungseigent\u00fcmer darf sich darauf verlassen, dass der Schl\u00fcssel zur Kostenverteilung grunds\u00e4tzlich so lange angewandt wird, bis ein neuer Schl\u00fcssel beschlossen wird.\u00a0 Eine r\u00fcckwirkende \u00c4nderung des Abrechnungsmodus ist normalerweise ausgeschlossen.<\/p>\n<h5>Verteilungsschl\u00fcssel nur im Ausnahmefall nachtr\u00e4glich \u00e4nderbar<\/h5>\n<p>Nur im Ausnahmefall, wenn besondere Umst\u00e4nde dazu zwingen, kann ein Verteilungsschl\u00fcssel r\u00fcckwirkend ge\u00e4ndert werden. Solche Umst\u00e4nde sind nach Ansicht des Gerichts beispielsweise gegeben, wenn der geltende Schl\u00fcssel unbrauchbar wurde, er sich als \u00e4u\u00dferst unpraktisch erweist oder seine Anwendung zu grob unbilligen Ergebnissen f\u00fchrt. Da keiner dieser Gr\u00fcnde vorlag, erkl\u00e4rte das Gericht die \u00c4nderungen des Verteilerschl\u00fcssels f\u00fcr unwirksam.<\/p>\n<hr \/>\n<h5>Das k\u00f6nnte Sie auch interessieren:<\/h5>\n<p><a href=\"https:\/\/www.buhl.de\/vermieter-web\/kosten-muessen-aus-weg-beschluss-hervorgehen\/\">Kosten m\u00fcssen aus WEG-Beschluss hervorgehen<\/a><br \/>\n<a href=\"https:\/\/www.buhl.de\/vermieter-web\/beschlussklage-gegen-weg-versammlung-im-auge-behalten\/\">Beschlussklage gegen WEG-Versammlung im Auge behalten<\/a><br \/>\n<a href=\"https:\/\/www.buhl.de\/vermieter-web\/weg-eigentuemerversammlung-zerstrittener-miteigentuemer\/\">WEG: Eigent\u00fcmerversammlung zerstrittener Miteigent\u00fcmer<\/a><\/p>\n<hr \/>\n","protected":false},"excerpt":{"rendered":"<p>Wird in einer Wohnungseigentumsgemeinschaft der Schl\u00fcssel zur Kostenverteilung nachtr\u00e4glich ge\u00e4ndert, entspricht das nicht einer ordnungsgem\u00e4\u00dfen Verwaltung. Ein entsprechender Beschluss der Wohnungseigent\u00fcmerversammlung ist deshalb unwirksam. Zu diesem Ergebnis kam das Amtsgericht Berlin-Mitte in einem Urteil vom 07.05.2025 (Aktenzeichen 22 C 4\/25 WEG). Kostenverteilung nachtr\u00e4glich ge\u00e4ndert In dem Verfahren ging es um den Mehrheitsbeschluss einer Wohneigent\u00fcmerversammlung im &hellip; <\/p>\n<p class=\"link-more\"><a href=\"https:\/\/www.buhl.de\/vermieter-web\/kostenverteilung-bei-einer-weg\/\" class=\"more-link\"><span class=\"screen-reader-text\">\u201eKostenverteilung bei einer WEG\u201c<\/span> weiterlesen<\/a><\/p>\n","protected":false},"author":15,"featured_media":17172,"comment_status":"closed","ping_status":"open","sticky":false,"template":"","format":"standard","meta":{"footnotes":""},"categories":[1],"tags":[590,610,2369],"class_list":["post-17170","post","type-post","status-publish","format-standard","has-post-thumbnail","hentry","category-allgemein","tag-aenderung","tag-kostenverteilung","tag-wohneigentum"],"yoast_head":"<!-- This site is optimized with the Yoast SEO Premium plugin v27.4 (Yoast SEO v27.5) - https:\/\/yoast.com\/product\/yoast-seo-premium-wordpress\/ -->\n<title>Kostenverteilung bei einer WEG<\/title>\n<meta name=\"description\" content=\"Der Schl\u00fcssel zur Kostverteilung einer Wohneigentumsgemeinschaft kann grunds\u00e4tzlich nicht r\u00fcckwirkend ge\u00e4ndert werden.\" \/>\n<meta name=\"robots\" content=\"noindex, nofollow\" \/>\n<meta property=\"og:locale\" content=\"de_DE\" \/>\n<meta property=\"og:type\" content=\"article\" \/>\n<meta property=\"og:title\" content=\"Kostenverteilung bei einer WEG\" \/>\n<meta property=\"og:description\" content=\"Der Schl\u00fcssel zur Kostverteilung einer Wohneigentumsgemeinschaft kann grunds\u00e4tzlich nicht r\u00fcckwirkend ge\u00e4ndert werden.\" \/>\n<meta property=\"og:url\" content=\"https:\/\/www.buhl.de\/vermieter-web\/kostenverteilung-bei-einer-weg\/\" \/>\n<meta property=\"og:site_name\" content=\"Online-Nebenkostenabrechnung mit WISO Vermieter-Web\" \/>\n<meta property=\"article:published_time\" content=\"2025-07-19T13:26:21+00:00\" \/>\n<meta property=\"article:modified_time\" content=\"2025-11-03T09:04:34+00:00\" \/>\n<meta property=\"og:image\" content=\"https:\/\/www.buhl.de\/vermieter-web\/wp-content\/uploads\/sites\/33\/2025\/07\/Andrii-Synenkyi-Geld-Schluessel.jpg\" \/>\n\t<meta property=\"og:image:width\" content=\"1063\" \/>\n\t<meta property=\"og:image:height\" content=\"532\" \/>\n\t<meta property=\"og:image:type\" content=\"image\/jpeg\" \/>\n<meta name=\"author\" content=\"Hartmut Fischer\" \/>\n<meta name=\"twitter:card\" content=\"summary_large_image\" \/>\n<meta name=\"twitter:label1\" content=\"Verfasst von\" \/>\n\t<meta name=\"twitter:data1\" content=\"Hartmut Fischer\" \/>\n\t<meta name=\"twitter:label2\" content=\"Gesch\u00e4tzte Lesezeit\" \/>\n\t<meta name=\"twitter:data2\" content=\"2\u00a0Minuten\" \/>\n<script type=\"application\/ld+json\" class=\"yoast-schema-graph\">{\"@context\":\"https:\\\/\\\/schema.org\",\"@graph\":[{\"@type\":\"Article\",\"@id\":\"https:\\\/\\\/www.buhl.de\\\/vermieter-web\\\/kostenverteilung-bei-einer-weg\\\/#article\",\"isPartOf\":{\"@id\":\"https:\\\/\\\/www.buhl.de\\\/vermieter-web\\\/kostenverteilung-bei-einer-weg\\\/\"},\"author\":{\"name\":\"Hartmut Fischer\",\"@id\":\"https:\\\/\\\/www.buhl.de\\\/vermieter-web\\\/#\\\/schema\\\/person\\\/82903e1cb04eb553382702d503991b4f\"},\"headline\":\"Kostenverteilung bei einer WEG\",\"datePublished\":\"2025-07-19T13:26:21+00:00\",\"dateModified\":\"2025-11-03T09:04:34+00:00\",\"mainEntityOfPage\":{\"@id\":\"https:\\\/\\\/www.buhl.de\\\/vermieter-web\\\/kostenverteilung-bei-einer-weg\\\/\"},\"wordCount\":294,\"image\":{\"@id\":\"https:\\\/\\\/www.buhl.de\\\/vermieter-web\\\/kostenverteilung-bei-einer-weg\\\/#primaryimage\"},\"thumbnailUrl\":\"https:\\\/\\\/www.buhl.de\\\/vermieter-web\\\/wp-content\\\/uploads\\\/sites\\\/33\\\/2025\\\/07\\\/Andrii-Synenkyi-Geld-Schluessel.jpg\",\"keywords\":[\"\u00c4nderung\",\"Kostenverteilung\",\"Wohneigentum\"],\"inLanguage\":\"de\"},{\"@type\":\"WebPage\",\"@id\":\"https:\\\/\\\/www.buhl.de\\\/vermieter-web\\\/kostenverteilung-bei-einer-weg\\\/\",\"url\":\"https:\\\/\\\/www.buhl.de\\\/vermieter-web\\\/kostenverteilung-bei-einer-weg\\\/\",\"name\":\"Kostenverteilung bei einer WEG\",\"isPartOf\":{\"@id\":\"https:\\\/\\\/www.buhl.de\\\/vermieter-web\\\/#website\"},\"primaryImageOfPage\":{\"@id\":\"https:\\\/\\\/www.buhl.de\\\/vermieter-web\\\/kostenverteilung-bei-einer-weg\\\/#primaryimage\"},\"image\":{\"@id\":\"https:\\\/\\\/www.buhl.de\\\/vermieter-web\\\/kostenverteilung-bei-einer-weg\\\/#primaryimage\"},\"thumbnailUrl\":\"https:\\\/\\\/www.buhl.de\\\/vermieter-web\\\/wp-content\\\/uploads\\\/sites\\\/33\\\/2025\\\/07\\\/Andrii-Synenkyi-Geld-Schluessel.jpg\",\"datePublished\":\"2025-07-19T13:26:21+00:00\",\"dateModified\":\"2025-11-03T09:04:34+00:00\",\"author\":{\"@id\":\"https:\\\/\\\/www.buhl.de\\\/vermieter-web\\\/#\\\/schema\\\/person\\\/82903e1cb04eb553382702d503991b4f\"},\"description\":\"Der Schl\u00fcssel zur Kostverteilung einer Wohneigentumsgemeinschaft kann grunds\u00e4tzlich nicht r\u00fcckwirkend ge\u00e4ndert werden.\",\"breadcrumb\":{\"@id\":\"https:\\\/\\\/www.buhl.de\\\/vermieter-web\\\/kostenverteilung-bei-einer-weg\\\/#breadcrumb\"},\"inLanguage\":\"de\",\"potentialAction\":[{\"@type\":\"ReadAction\",\"target\":[\"https:\\\/\\\/www.buhl.de\\\/vermieter-web\\\/kostenverteilung-bei-einer-weg\\\/\"]}]},{\"@type\":\"ImageObject\",\"inLanguage\":\"de\",\"@id\":\"https:\\\/\\\/www.buhl.de\\\/vermieter-web\\\/kostenverteilung-bei-einer-weg\\\/#primaryimage\",\"url\":\"https:\\\/\\\/www.buhl.de\\\/vermieter-web\\\/wp-content\\\/uploads\\\/sites\\\/33\\\/2025\\\/07\\\/Andrii-Synenkyi-Geld-Schluessel.jpg\",\"contentUrl\":\"https:\\\/\\\/www.buhl.de\\\/vermieter-web\\\/wp-content\\\/uploads\\\/sites\\\/33\\\/2025\\\/07\\\/Andrii-Synenkyi-Geld-Schluessel.jpg\",\"width\":1063,\"height\":532},{\"@type\":\"BreadcrumbList\",\"@id\":\"https:\\\/\\\/www.buhl.de\\\/vermieter-web\\\/kostenverteilung-bei-einer-weg\\\/#breadcrumb\",\"itemListElement\":[{\"@type\":\"ListItem\",\"position\":1,\"name\":\"Startseite\",\"item\":\"https:\\\/\\\/www.buhl.de\\\/vermieter-web\\\/\"},{\"@type\":\"ListItem\",\"position\":2,\"name\":\"Kostenverteilung bei einer WEG\"}]},{\"@type\":\"WebSite\",\"@id\":\"https:\\\/\\\/www.buhl.de\\\/vermieter-web\\\/#website\",\"url\":\"https:\\\/\\\/www.buhl.de\\\/vermieter-web\\\/\",\"name\":\"Online-Nebenkostenabrechnung mit WISO Vermieter-Web\",\"description\":\"\",\"potentialAction\":[{\"@type\":\"SearchAction\",\"target\":{\"@type\":\"EntryPoint\",\"urlTemplate\":\"https:\\\/\\\/www.buhl.de\\\/vermieter-web\\\/?s={search_term_string}\"},\"query-input\":{\"@type\":\"PropertyValueSpecification\",\"valueRequired\":true,\"valueName\":\"search_term_string\"}}],\"inLanguage\":\"de\"},{\"@type\":\"Person\",\"@id\":\"https:\\\/\\\/www.buhl.de\\\/vermieter-web\\\/#\\\/schema\\\/person\\\/82903e1cb04eb553382702d503991b4f\",\"name\":\"Hartmut Fischer\"}]}<\/script>\n<!-- \/ Yoast SEO Premium plugin. -->","yoast_head_json":{"title":"Kostenverteilung bei einer WEG","description":"Der Schl\u00fcssel zur Kostverteilung einer Wohneigentumsgemeinschaft kann grunds\u00e4tzlich nicht r\u00fcckwirkend ge\u00e4ndert werden.","robots":{"index":"noindex","follow":"nofollow"},"og_locale":"de_DE","og_type":"article","og_title":"Kostenverteilung bei einer WEG","og_description":"Der Schl\u00fcssel zur Kostverteilung einer Wohneigentumsgemeinschaft kann grunds\u00e4tzlich nicht r\u00fcckwirkend ge\u00e4ndert werden.","og_url":"https:\/\/www.buhl.de\/vermieter-web\/kostenverteilung-bei-einer-weg\/","og_site_name":"Online-Nebenkostenabrechnung mit WISO Vermieter-Web","article_published_time":"2025-07-19T13:26:21+00:00","article_modified_time":"2025-11-03T09:04:34+00:00","og_image":[{"width":1063,"height":532,"url":"https:\/\/www.buhl.de\/vermieter-web\/wp-content\/uploads\/sites\/33\/2025\/07\/Andrii-Synenkyi-Geld-Schluessel.jpg","type":"image\/jpeg"}],"author":"Hartmut Fischer","twitter_card":"summary_large_image","twitter_misc":{"Verfasst von":"Hartmut Fischer","Gesch\u00e4tzte Lesezeit":"2\u00a0Minuten"},"schema":{"@context":"https:\/\/schema.org","@graph":[{"@type":"Article","@id":"https:\/\/www.buhl.de\/vermieter-web\/kostenverteilung-bei-einer-weg\/#article","isPartOf":{"@id":"https:\/\/www.buhl.de\/vermieter-web\/kostenverteilung-bei-einer-weg\/"},"author":{"name":"Hartmut Fischer","@id":"https:\/\/www.buhl.de\/vermieter-web\/#\/schema\/person\/82903e1cb04eb553382702d503991b4f"},"headline":"Kostenverteilung bei einer WEG","datePublished":"2025-07-19T13:26:21+00:00","dateModified":"2025-11-03T09:04:34+00:00","mainEntityOfPage":{"@id":"https:\/\/www.buhl.de\/vermieter-web\/kostenverteilung-bei-einer-weg\/"},"wordCount":294,"image":{"@id":"https:\/\/www.buhl.de\/vermieter-web\/kostenverteilung-bei-einer-weg\/#primaryimage"},"thumbnailUrl":"https:\/\/www.buhl.de\/vermieter-web\/wp-content\/uploads\/sites\/33\/2025\/07\/Andrii-Synenkyi-Geld-Schluessel.jpg","keywords":["\u00c4nderung","Kostenverteilung","Wohneigentum"],"inLanguage":"de"},{"@type":"WebPage","@id":"https:\/\/www.buhl.de\/vermieter-web\/kostenverteilung-bei-einer-weg\/","url":"https:\/\/www.buhl.de\/vermieter-web\/kostenverteilung-bei-einer-weg\/","name":"Kostenverteilung bei einer WEG","isPartOf":{"@id":"https:\/\/www.buhl.de\/vermieter-web\/#website"},"primaryImageOfPage":{"@id":"https:\/\/www.buhl.de\/vermieter-web\/kostenverteilung-bei-einer-weg\/#primaryimage"},"image":{"@id":"https:\/\/www.buhl.de\/vermieter-web\/kostenverteilung-bei-einer-weg\/#primaryimage"},"thumbnailUrl":"https:\/\/www.buhl.de\/vermieter-web\/wp-content\/uploads\/sites\/33\/2025\/07\/Andrii-Synenkyi-Geld-Schluessel.jpg","datePublished":"2025-07-19T13:26:21+00:00","dateModified":"2025-11-03T09:04:34+00:00","author":{"@id":"https:\/\/www.buhl.de\/vermieter-web\/#\/schema\/person\/82903e1cb04eb553382702d503991b4f"},"description":"Der Schl\u00fcssel zur Kostverteilung einer Wohneigentumsgemeinschaft kann grunds\u00e4tzlich nicht r\u00fcckwirkend ge\u00e4ndert werden.","breadcrumb":{"@id":"https:\/\/www.buhl.de\/vermieter-web\/kostenverteilung-bei-einer-weg\/#breadcrumb"},"inLanguage":"de","potentialAction":[{"@type":"ReadAction","target":["https:\/\/www.buhl.de\/vermieter-web\/kostenverteilung-bei-einer-weg\/"]}]},{"@type":"ImageObject","inLanguage":"de","@id":"https:\/\/www.buhl.de\/vermieter-web\/kostenverteilung-bei-einer-weg\/#primaryimage","url":"https:\/\/www.buhl.de\/vermieter-web\/wp-content\/uploads\/sites\/33\/2025\/07\/Andrii-Synenkyi-Geld-Schluessel.jpg","contentUrl":"https:\/\/www.buhl.de\/vermieter-web\/wp-content\/uploads\/sites\/33\/2025\/07\/Andrii-Synenkyi-Geld-Schluessel.jpg","width":1063,"height":532},{"@type":"BreadcrumbList","@id":"https:\/\/www.buhl.de\/vermieter-web\/kostenverteilung-bei-einer-weg\/#breadcrumb","itemListElement":[{"@type":"ListItem","position":1,"name":"Startseite","item":"https:\/\/www.buhl.de\/vermieter-web\/"},{"@type":"ListItem","position":2,"name":"Kostenverteilung bei einer WEG"}]},{"@type":"WebSite","@id":"https:\/\/www.buhl.de\/vermieter-web\/#website","url":"https:\/\/www.buhl.de\/vermieter-web\/","name":"Online-Nebenkostenabrechnung mit WISO Vermieter-Web","description":"","potentialAction":[{"@type":"SearchAction","target":{"@type":"EntryPoint","urlTemplate":"https:\/\/www.buhl.de\/vermieter-web\/?s={search_term_string}"},"query-input":{"@type":"PropertyValueSpecification","valueRequired":true,"valueName":"search_term_string"}}],"inLanguage":"de"},{"@type":"Person","@id":"https:\/\/www.buhl.de\/vermieter-web\/#\/schema\/person\/82903e1cb04eb553382702d503991b4f","name":"Hartmut Fischer"}]}},"_links":{"self":[{"href":"https:\/\/www.buhl.de\/vermieter-web\/wp-json\/wp\/v2\/posts\/17170","targetHints":{"allow":["GET"]}}],"collection":[{"href":"https:\/\/www.buhl.de\/vermieter-web\/wp-json\/wp\/v2\/posts"}],"about":[{"href":"https:\/\/www.buhl.de\/vermieter-web\/wp-json\/wp\/v2\/types\/post"}],"author":[{"embeddable":true,"href":"https:\/\/www.buhl.de\/vermieter-web\/wp-json\/wp\/v2\/users\/15"}],"replies":[{"embeddable":true,"href":"https:\/\/www.buhl.de\/vermieter-web\/wp-json\/wp\/v2\/comments?post=17170"}],"version-history":[{"count":2,"href":"https:\/\/www.buhl.de\/vermieter-web\/wp-json\/wp\/v2\/posts\/17170\/revisions"}],"predecessor-version":[{"id":17419,"href":"https:\/\/www.buhl.de\/vermieter-web\/wp-json\/wp\/v2\/posts\/17170\/revisions\/17419"}],"wp:featuredmedia":[{"embeddable":true,"href":"https:\/\/www.buhl.de\/vermieter-web\/wp-json\/wp\/v2\/media\/17172"}],"wp:attachment":[{"href":"https:\/\/www.buhl.de\/vermieter-web\/wp-json\/wp\/v2\/media?parent=17170"}],"wp:term":[{"taxonomy":"category","embeddable":true,"href":"https:\/\/www.buhl.de\/vermieter-web\/wp-json\/wp\/v2\/categories?post=17170"},{"taxonomy":"post_tag","embeddable":true,"href":"https:\/\/www.buhl.de\/vermieter-web\/wp-json\/wp\/v2\/tags?post=17170"}],"curies":[{"name":"wp","href":"https:\/\/api.w.org\/{rel}","templated":true}]}}