{"id":17191,"date":"2025-08-04T16:53:50","date_gmt":"2025-08-04T14:53:50","guid":{"rendered":"https:\/\/www.buhl.de\/vermieter-web\/?p=17191"},"modified":"2025-08-04T16:53:50","modified_gmt":"2025-08-04T14:53:50","slug":"vorkaufsrecht-bei-teileigentum","status":"publish","type":"post","link":"https:\/\/www.buhl.de\/vermieter-web\/vorkaufsrecht-bei-teileigentum\/","title":{"rendered":"Vorkaufsrecht bei Teileigentum"},"content":{"rendered":"<p><strong>Nach <\/strong><a href=\"https:\/\/www.gesetze-im-internet.de\/bgb\/__577.html\"><strong>\u00a7\u00a0577 BGB<\/strong><\/a><strong> haben Mieter in vielen F\u00e4llen ein Vorkaufsrecht. Der Bundesgerichtshof (BGH) befasste sich in einem Urteil vom 21.05.2025 mit der Frage, wie dieses Vorkaufsrecht angewandt wird, wenn eine Mietwohnung lediglich als Teileigentum verkauft wird. (Aktenzeichen VIII ZR 201\/23).<\/strong><\/p>\n<h5>Mieter will Vorkaufsrecht nach einem Jahr aus\u00fcben<\/h5>\n<p>In dem Verfahren ging es um die Wohnung eines Mehrfamilienhauses, die \u2013 wie auch die anderen Wohnungen \u2013 in eine Teileigentumseinheit umgewandelt wurde. Die Einheiten wurden an eine Gesellschaft verkauft. Der Mieter war \u00fcber den Verkauf der Wohnungen als Teileigentumseinheiten informiert worden. Er \u00fcbte sein Vorkaufsrecht jedoch erst nach einem Jahr aus. Au\u00dferdem verlangte er Schadenersatz, weil er die Wohnung nicht mehr erwerben konnte.<\/p>\n<h5>BGH best\u00e4tigt Vorkaufsrecht \u2013 dennoch hat die Klage keinen Erfolg<\/h5>\n<p>Der klagende Mieter hatte vor dem BGH keinen Erfolg. In seinen Ausf\u00fchrungen zum Urteil stellte das Gericht zun\u00e4chst klar, dass das gesetzliche Vorkaufsrecht nach \u00a7 577 BGB auch gilt, wenn an der betroffenen Wohnung kein Wohnungseigentum, sondern Teileigentum begr\u00fcndet wird.<\/p>\n<p>Allerdings hat der Mieter lediglich zwei Monate Zeit, sein Vorkaufsrecht auszu\u00fcben. Diese Frist beginnt ab dem Zeitpunkt, an dem der Mieter \u00fcber den Inhalt des Kaufvertrags informiert wird. Die Informationspflicht ist auch erf\u00fcllt, wenn die Daten des potenziellen K\u00e4ufers geschw\u00e4rzt wurden. Au\u00dferdem muss der Mieter bei Information \u00fcber den Kauf auch ausdr\u00fccklich auf das Vorkaufsrecht hingewiesen werden.<\/p>\n<p>Im vorliegenden Fall begann die Ausschlussfrist im 1. Quartal 2018. Der ehemalige Mieter \u00fcbte sein Vorkaufsrecht jedoch erst im August 2019 aus, was definitiv zu sp\u00e4t war.<\/p>\n<p>Bei der Zweimonatsfrist handelt es sich im \u00dcbrigen um eine Ausschlussfrist. Nach Ablauf der Frist ist die Aus\u00fcbung des Vorkaufsrechts deshalb ausgeschlossen.<\/p>\n<hr \/>\n<h5>Das k\u00f6nnte Sie auch interessieren:<\/h5>\n<p><a href=\"https:\/\/www.buhl.de\/vermieter-web\/dingliches-vorkaufsrecht-des-geschiedenen-ehepartners\/\">Dingliches Vorkaufsrecht des geschiedenen Ehepartners<\/a><br \/>\n<a href=\"https:\/\/www.buhl.de\/vermieter-web\/vorkaufsrecht-angehoeriger-hat-vorrang\/\">Vorkaufsrecht: Angeh\u00f6riger hat Vorrang<\/a><br \/>\n<a href=\"https:\/\/www.buhl.de\/vermieter-web\/schadenersatz-bei-vereiteltem-vorkaufsrecht\/\">Schadenersatz bei vereiteltem Vorkaufsrecht<\/a><\/p>\n<hr \/>\n<p>&nbsp;<\/p>\n","protected":false},"excerpt":{"rendered":"<p>Nach \u00a7\u00a0577 BGB haben Mieter in vielen F\u00e4llen ein Vorkaufsrecht. Der Bundesgerichtshof (BGH) befasste sich in einem Urteil vom 21.05.2025 mit der Frage, wie dieses Vorkaufsrecht angewandt wird, wenn eine Mietwohnung lediglich als Teileigentum verkauft wird. (Aktenzeichen VIII ZR 201\/23). Mieter will Vorkaufsrecht nach einem Jahr aus\u00fcben In dem Verfahren ging es um die Wohnung &hellip; <\/p>\n<p class=\"link-more\"><a href=\"https:\/\/www.buhl.de\/vermieter-web\/vorkaufsrecht-bei-teileigentum\/\" class=\"more-link\"><span class=\"screen-reader-text\">\u201eVorkaufsrecht bei Teileigentum\u201c<\/span> weiterlesen<\/a><\/p>\n","protected":false},"author":15,"featured_media":17172,"comment_status":"closed","ping_status":"open","sticky":false,"template":"","format":"standard","meta":{"footnotes":""},"categories":[1],"tags":[6142],"class_list":["post-17191","post","type-post","status-publish","format-standard","has-post-thumbnail","hentry","category-allgemein","tag-vorkaufsrecht"],"yoast_head":"<!-- This site is optimized with the Yoast SEO Premium plugin v27.4 (Yoast SEO v27.5) - https:\/\/yoast.com\/product\/yoast-seo-premium-wordpress\/ -->\n<title>Vorkaufsrecht bei Teileigentum - Online-Nebenkostenabrechnung mit WISO Vermieter-Web<\/title>\n<meta name=\"robots\" content=\"noindex, nofollow\" \/>\n<meta property=\"og:locale\" content=\"de_DE\" \/>\n<meta property=\"og:type\" content=\"article\" \/>\n<meta property=\"og:title\" content=\"Vorkaufsrecht bei Teileigentum\" \/>\n<meta property=\"og:description\" content=\"Nach \u00a7\u00a0577 BGB haben Mieter in vielen F\u00e4llen ein Vorkaufsrecht. Der Bundesgerichtshof (BGH) befasste sich in einem Urteil vom 21.05.2025 mit der Frage, wie dieses Vorkaufsrecht angewandt wird, wenn eine Mietwohnung lediglich als Teileigentum verkauft wird. (Aktenzeichen VIII ZR 201\/23). Mieter will Vorkaufsrecht nach einem Jahr aus\u00fcben In dem Verfahren ging es um die Wohnung &hellip; \u201eVorkaufsrecht bei Teileigentum\u201c weiterlesen\" \/>\n<meta property=\"og:url\" content=\"https:\/\/www.buhl.de\/vermieter-web\/vorkaufsrecht-bei-teileigentum\/\" \/>\n<meta property=\"og:site_name\" content=\"Online-Nebenkostenabrechnung mit WISO Vermieter-Web\" \/>\n<meta property=\"article:published_time\" content=\"2025-08-04T14:53:50+00:00\" \/>\n<meta property=\"og:image\" content=\"https:\/\/www.buhl.de\/vermieter-web\/wp-content\/uploads\/sites\/33\/2025\/07\/Andrii-Synenkyi-Geld-Schluessel.jpg\" \/>\n\t<meta property=\"og:image:width\" content=\"1063\" \/>\n\t<meta property=\"og:image:height\" content=\"532\" \/>\n\t<meta property=\"og:image:type\" content=\"image\/jpeg\" \/>\n<meta name=\"author\" content=\"Hartmut Fischer\" \/>\n<meta name=\"twitter:card\" content=\"summary_large_image\" \/>\n<meta name=\"twitter:label1\" content=\"Verfasst von\" \/>\n\t<meta name=\"twitter:data1\" content=\"Hartmut Fischer\" \/>\n\t<meta name=\"twitter:label2\" content=\"Gesch\u00e4tzte Lesezeit\" \/>\n\t<meta name=\"twitter:data2\" content=\"1\u00a0Minute\" \/>\n<script type=\"application\/ld+json\" class=\"yoast-schema-graph\">{\"@context\":\"https:\\\/\\\/schema.org\",\"@graph\":[{\"@type\":\"Article\",\"@id\":\"https:\\\/\\\/www.buhl.de\\\/vermieter-web\\\/vorkaufsrecht-bei-teileigentum\\\/#article\",\"isPartOf\":{\"@id\":\"https:\\\/\\\/www.buhl.de\\\/vermieter-web\\\/vorkaufsrecht-bei-teileigentum\\\/\"},\"author\":{\"name\":\"Hartmut Fischer\",\"@id\":\"https:\\\/\\\/www.buhl.de\\\/vermieter-web\\\/#\\\/schema\\\/person\\\/82903e1cb04eb553382702d503991b4f\"},\"headline\":\"Vorkaufsrecht bei Teileigentum\",\"datePublished\":\"2025-08-04T14:53:50+00:00\",\"mainEntityOfPage\":{\"@id\":\"https:\\\/\\\/www.buhl.de\\\/vermieter-web\\\/vorkaufsrecht-bei-teileigentum\\\/\"},\"wordCount\":295,\"image\":{\"@id\":\"https:\\\/\\\/www.buhl.de\\\/vermieter-web\\\/vorkaufsrecht-bei-teileigentum\\\/#primaryimage\"},\"thumbnailUrl\":\"https:\\\/\\\/www.buhl.de\\\/vermieter-web\\\/wp-content\\\/uploads\\\/sites\\\/33\\\/2025\\\/07\\\/Andrii-Synenkyi-Geld-Schluessel.jpg\",\"keywords\":[\"Vorkaufsrecht\"],\"inLanguage\":\"de\"},{\"@type\":\"WebPage\",\"@id\":\"https:\\\/\\\/www.buhl.de\\\/vermieter-web\\\/vorkaufsrecht-bei-teileigentum\\\/\",\"url\":\"https:\\\/\\\/www.buhl.de\\\/vermieter-web\\\/vorkaufsrecht-bei-teileigentum\\\/\",\"name\":\"Vorkaufsrecht bei Teileigentum - Online-Nebenkostenabrechnung mit WISO Vermieter-Web\",\"isPartOf\":{\"@id\":\"https:\\\/\\\/www.buhl.de\\\/vermieter-web\\\/#website\"},\"primaryImageOfPage\":{\"@id\":\"https:\\\/\\\/www.buhl.de\\\/vermieter-web\\\/vorkaufsrecht-bei-teileigentum\\\/#primaryimage\"},\"image\":{\"@id\":\"https:\\\/\\\/www.buhl.de\\\/vermieter-web\\\/vorkaufsrecht-bei-teileigentum\\\/#primaryimage\"},\"thumbnailUrl\":\"https:\\\/\\\/www.buhl.de\\\/vermieter-web\\\/wp-content\\\/uploads\\\/sites\\\/33\\\/2025\\\/07\\\/Andrii-Synenkyi-Geld-Schluessel.jpg\",\"datePublished\":\"2025-08-04T14:53:50+00:00\",\"author\":{\"@id\":\"https:\\\/\\\/www.buhl.de\\\/vermieter-web\\\/#\\\/schema\\\/person\\\/82903e1cb04eb553382702d503991b4f\"},\"breadcrumb\":{\"@id\":\"https:\\\/\\\/www.buhl.de\\\/vermieter-web\\\/vorkaufsrecht-bei-teileigentum\\\/#breadcrumb\"},\"inLanguage\":\"de\",\"potentialAction\":[{\"@type\":\"ReadAction\",\"target\":[\"https:\\\/\\\/www.buhl.de\\\/vermieter-web\\\/vorkaufsrecht-bei-teileigentum\\\/\"]}]},{\"@type\":\"ImageObject\",\"inLanguage\":\"de\",\"@id\":\"https:\\\/\\\/www.buhl.de\\\/vermieter-web\\\/vorkaufsrecht-bei-teileigentum\\\/#primaryimage\",\"url\":\"https:\\\/\\\/www.buhl.de\\\/vermieter-web\\\/wp-content\\\/uploads\\\/sites\\\/33\\\/2025\\\/07\\\/Andrii-Synenkyi-Geld-Schluessel.jpg\",\"contentUrl\":\"https:\\\/\\\/www.buhl.de\\\/vermieter-web\\\/wp-content\\\/uploads\\\/sites\\\/33\\\/2025\\\/07\\\/Andrii-Synenkyi-Geld-Schluessel.jpg\",\"width\":1063,\"height\":532},{\"@type\":\"BreadcrumbList\",\"@id\":\"https:\\\/\\\/www.buhl.de\\\/vermieter-web\\\/vorkaufsrecht-bei-teileigentum\\\/#breadcrumb\",\"itemListElement\":[{\"@type\":\"ListItem\",\"position\":1,\"name\":\"Startseite\",\"item\":\"https:\\\/\\\/www.buhl.de\\\/vermieter-web\\\/\"},{\"@type\":\"ListItem\",\"position\":2,\"name\":\"Vorkaufsrecht bei Teileigentum\"}]},{\"@type\":\"WebSite\",\"@id\":\"https:\\\/\\\/www.buhl.de\\\/vermieter-web\\\/#website\",\"url\":\"https:\\\/\\\/www.buhl.de\\\/vermieter-web\\\/\",\"name\":\"Online-Nebenkostenabrechnung mit WISO Vermieter-Web\",\"description\":\"\",\"potentialAction\":[{\"@type\":\"SearchAction\",\"target\":{\"@type\":\"EntryPoint\",\"urlTemplate\":\"https:\\\/\\\/www.buhl.de\\\/vermieter-web\\\/?s={search_term_string}\"},\"query-input\":{\"@type\":\"PropertyValueSpecification\",\"valueRequired\":true,\"valueName\":\"search_term_string\"}}],\"inLanguage\":\"de\"},{\"@type\":\"Person\",\"@id\":\"https:\\\/\\\/www.buhl.de\\\/vermieter-web\\\/#\\\/schema\\\/person\\\/82903e1cb04eb553382702d503991b4f\",\"name\":\"Hartmut Fischer\"}]}<\/script>\n<!-- \/ Yoast SEO Premium plugin. -->","yoast_head_json":{"title":"Vorkaufsrecht bei Teileigentum - Online-Nebenkostenabrechnung mit WISO Vermieter-Web","robots":{"index":"noindex","follow":"nofollow"},"og_locale":"de_DE","og_type":"article","og_title":"Vorkaufsrecht bei Teileigentum","og_description":"Nach \u00a7\u00a0577 BGB haben Mieter in vielen F\u00e4llen ein Vorkaufsrecht. Der Bundesgerichtshof (BGH) befasste sich in einem Urteil vom 21.05.2025 mit der Frage, wie dieses Vorkaufsrecht angewandt wird, wenn eine Mietwohnung lediglich als Teileigentum verkauft wird. (Aktenzeichen VIII ZR 201\/23). Mieter will Vorkaufsrecht nach einem Jahr aus\u00fcben In dem Verfahren ging es um die Wohnung &hellip; \u201eVorkaufsrecht bei Teileigentum\u201c weiterlesen","og_url":"https:\/\/www.buhl.de\/vermieter-web\/vorkaufsrecht-bei-teileigentum\/","og_site_name":"Online-Nebenkostenabrechnung mit WISO Vermieter-Web","article_published_time":"2025-08-04T14:53:50+00:00","og_image":[{"width":1063,"height":532,"url":"https:\/\/www.buhl.de\/vermieter-web\/wp-content\/uploads\/sites\/33\/2025\/07\/Andrii-Synenkyi-Geld-Schluessel.jpg","type":"image\/jpeg"}],"author":"Hartmut Fischer","twitter_card":"summary_large_image","twitter_misc":{"Verfasst von":"Hartmut Fischer","Gesch\u00e4tzte Lesezeit":"1\u00a0Minute"},"schema":{"@context":"https:\/\/schema.org","@graph":[{"@type":"Article","@id":"https:\/\/www.buhl.de\/vermieter-web\/vorkaufsrecht-bei-teileigentum\/#article","isPartOf":{"@id":"https:\/\/www.buhl.de\/vermieter-web\/vorkaufsrecht-bei-teileigentum\/"},"author":{"name":"Hartmut Fischer","@id":"https:\/\/www.buhl.de\/vermieter-web\/#\/schema\/person\/82903e1cb04eb553382702d503991b4f"},"headline":"Vorkaufsrecht bei Teileigentum","datePublished":"2025-08-04T14:53:50+00:00","mainEntityOfPage":{"@id":"https:\/\/www.buhl.de\/vermieter-web\/vorkaufsrecht-bei-teileigentum\/"},"wordCount":295,"image":{"@id":"https:\/\/www.buhl.de\/vermieter-web\/vorkaufsrecht-bei-teileigentum\/#primaryimage"},"thumbnailUrl":"https:\/\/www.buhl.de\/vermieter-web\/wp-content\/uploads\/sites\/33\/2025\/07\/Andrii-Synenkyi-Geld-Schluessel.jpg","keywords":["Vorkaufsrecht"],"inLanguage":"de"},{"@type":"WebPage","@id":"https:\/\/www.buhl.de\/vermieter-web\/vorkaufsrecht-bei-teileigentum\/","url":"https:\/\/www.buhl.de\/vermieter-web\/vorkaufsrecht-bei-teileigentum\/","name":"Vorkaufsrecht bei Teileigentum - Online-Nebenkostenabrechnung mit WISO Vermieter-Web","isPartOf":{"@id":"https:\/\/www.buhl.de\/vermieter-web\/#website"},"primaryImageOfPage":{"@id":"https:\/\/www.buhl.de\/vermieter-web\/vorkaufsrecht-bei-teileigentum\/#primaryimage"},"image":{"@id":"https:\/\/www.buhl.de\/vermieter-web\/vorkaufsrecht-bei-teileigentum\/#primaryimage"},"thumbnailUrl":"https:\/\/www.buhl.de\/vermieter-web\/wp-content\/uploads\/sites\/33\/2025\/07\/Andrii-Synenkyi-Geld-Schluessel.jpg","datePublished":"2025-08-04T14:53:50+00:00","author":{"@id":"https:\/\/www.buhl.de\/vermieter-web\/#\/schema\/person\/82903e1cb04eb553382702d503991b4f"},"breadcrumb":{"@id":"https:\/\/www.buhl.de\/vermieter-web\/vorkaufsrecht-bei-teileigentum\/#breadcrumb"},"inLanguage":"de","potentialAction":[{"@type":"ReadAction","target":["https:\/\/www.buhl.de\/vermieter-web\/vorkaufsrecht-bei-teileigentum\/"]}]},{"@type":"ImageObject","inLanguage":"de","@id":"https:\/\/www.buhl.de\/vermieter-web\/vorkaufsrecht-bei-teileigentum\/#primaryimage","url":"https:\/\/www.buhl.de\/vermieter-web\/wp-content\/uploads\/sites\/33\/2025\/07\/Andrii-Synenkyi-Geld-Schluessel.jpg","contentUrl":"https:\/\/www.buhl.de\/vermieter-web\/wp-content\/uploads\/sites\/33\/2025\/07\/Andrii-Synenkyi-Geld-Schluessel.jpg","width":1063,"height":532},{"@type":"BreadcrumbList","@id":"https:\/\/www.buhl.de\/vermieter-web\/vorkaufsrecht-bei-teileigentum\/#breadcrumb","itemListElement":[{"@type":"ListItem","position":1,"name":"Startseite","item":"https:\/\/www.buhl.de\/vermieter-web\/"},{"@type":"ListItem","position":2,"name":"Vorkaufsrecht bei Teileigentum"}]},{"@type":"WebSite","@id":"https:\/\/www.buhl.de\/vermieter-web\/#website","url":"https:\/\/www.buhl.de\/vermieter-web\/","name":"Online-Nebenkostenabrechnung mit WISO Vermieter-Web","description":"","potentialAction":[{"@type":"SearchAction","target":{"@type":"EntryPoint","urlTemplate":"https:\/\/www.buhl.de\/vermieter-web\/?s={search_term_string}"},"query-input":{"@type":"PropertyValueSpecification","valueRequired":true,"valueName":"search_term_string"}}],"inLanguage":"de"},{"@type":"Person","@id":"https:\/\/www.buhl.de\/vermieter-web\/#\/schema\/person\/82903e1cb04eb553382702d503991b4f","name":"Hartmut Fischer"}]}},"_links":{"self":[{"href":"https:\/\/www.buhl.de\/vermieter-web\/wp-json\/wp\/v2\/posts\/17191","targetHints":{"allow":["GET"]}}],"collection":[{"href":"https:\/\/www.buhl.de\/vermieter-web\/wp-json\/wp\/v2\/posts"}],"about":[{"href":"https:\/\/www.buhl.de\/vermieter-web\/wp-json\/wp\/v2\/types\/post"}],"author":[{"embeddable":true,"href":"https:\/\/www.buhl.de\/vermieter-web\/wp-json\/wp\/v2\/users\/15"}],"replies":[{"embeddable":true,"href":"https:\/\/www.buhl.de\/vermieter-web\/wp-json\/wp\/v2\/comments?post=17191"}],"version-history":[{"count":1,"href":"https:\/\/www.buhl.de\/vermieter-web\/wp-json\/wp\/v2\/posts\/17191\/revisions"}],"predecessor-version":[{"id":17193,"href":"https:\/\/www.buhl.de\/vermieter-web\/wp-json\/wp\/v2\/posts\/17191\/revisions\/17193"}],"wp:featuredmedia":[{"embeddable":true,"href":"https:\/\/www.buhl.de\/vermieter-web\/wp-json\/wp\/v2\/media\/17172"}],"wp:attachment":[{"href":"https:\/\/www.buhl.de\/vermieter-web\/wp-json\/wp\/v2\/media?parent=17191"}],"wp:term":[{"taxonomy":"category","embeddable":true,"href":"https:\/\/www.buhl.de\/vermieter-web\/wp-json\/wp\/v2\/categories?post=17191"},{"taxonomy":"post_tag","embeddable":true,"href":"https:\/\/www.buhl.de\/vermieter-web\/wp-json\/wp\/v2\/tags?post=17191"}],"curies":[{"name":"wp","href":"https:\/\/api.w.org\/{rel}","templated":true}]}}