{"id":17199,"date":"2025-08-08T13:46:11","date_gmt":"2025-08-08T11:46:11","guid":{"rendered":"https:\/\/www.buhl.de\/vermieter-web\/?p=17199"},"modified":"2025-11-03T10:04:34","modified_gmt":"2025-11-03T09:04:34","slug":"hilfe-ein-wespennest","status":"publish","type":"post","link":"https:\/\/www.buhl.de\/vermieter-web\/hilfe-ein-wespennest\/","title":{"rendered":"Hilfe &#8211; ein Wespennest"},"content":{"rendered":"<p><strong>Wird ein Wespennest entdeckt, ist die Aufregung gro\u00df. Doch Vorsicht \u2013 das Entfernen der Nester ist nicht nur gef\u00e4hrlich , sondern in vielen F\u00e4llen auch unzul\u00e4ssig.<\/strong><\/p>\n<h5>Ist ein Wespennest gesch\u00fctzt?<\/h5>\n<p>Es gibt kein Gesetz, in dem explizit geregelt wird, dass man Wespennester nicht entfernen darf. \u00a7 39 Naturschutzgesetz verbietet jedoch allgemein, \u201ewild lebende Tiere mutwillig zu beunruhigen oder ohne vern\u00fcnftigen Grund zu fangen, zu verletzen oder zu t\u00f6ten \u2026\u201c.<\/p>\n<p>Aufgrund dieser Regelung ist die Entfernung eines bewohnten Wespennests nur erlaubt, wenn hierf\u00fcr nachvollziehbare Gr\u00fcnde vorliegen. Das kann insbesondere die Gef\u00e4hrdung der Gesundheit von Bewohnern sein, wenn das Nest im Wohnbereich entstanden ist.<\/p>\n<p>F\u00fcr einige Arten, etwa Hornissen, Knopfhorn- oder Kreiselwespen muss eine Sondergenehmigung eingeholt werden. Diese erteilt meist die untere Naturschutzbeh\u00f6rde. Zust\u00e4ndig sind:<\/p>\n<p>Bei kreisfreien St\u00e4dten das Umwelt- oder Naturschutzamt der Kommune.<br \/>\nBei den Landkreisen die Naturschutzbeh\u00f6rde beim Landratsamt.<br \/>\nIn einigen Bundesl\u00e4ndern sind untere Landschaftsbeh\u00f6rden oder Artenschutzstellen zust\u00e4ndig.<\/p>\n<p>Wird ein Wespennest unberechtigt entfernt, kann dies hohe Bu\u00dfgelder nach sich ziehen.<\/p>\n<h5>Eine Aufgabe f\u00fcr Fachleute<\/h5>\n<p>Das Entfernen von Wespennestern ist nicht ungef\u00e4hrlich und sollte grunds\u00e4tzlich nur von Fachleuten vorgenommen werden. Die Kosten f\u00fcr die Entfernung richten sich nach dem Aufwand, der je nach Gr\u00f6\u00dfe und Lage des Nestes unterschiedlich hoch ist. <span style=\"font-size: 1rem\">Normalerweise kann man von Kosten zwischen 150 \u20ac und 250 \u20ac ausgehen.\u00a0<\/span><\/p>\n<h5>Wer tr\u00e4gt die Kosten?<\/h5>\n<p>Ein Wespennest in der N\u00e4he der Mietwohnung stellt eine Gefahr f\u00fcr die Mieter dar. Die Kosten f\u00fcr die Beseitigung dieses \u201eMietmangels\u201c muss der Vermieter \u00fcbernehmen. Er kann die Kosten auch nicht \u00fcber die Nebenkostenabrechnung auf die Mieter abw\u00e4lzen.<\/p>\n<p>Unter Umst\u00e4nden \u00fcbernimmt die Hausrat- oder Wohngeb\u00e4udeversicherung die Kosten. Das h\u00e4ngt jedoch von der Vertragsgestaltung ab. Auf jeden Fall sollte man entsprechende Vertr\u00e4ge daraufhin pr\u00fcfen, ob eine Kosten\u00fcbernahme durch die Versicherung infrage kommt.<\/p>\n<h5>Wie man vorgehen sollte<\/h5>\n<p>Entdeckt der Mieter ein Wespennest, muss er den Vermieter hier\u00fcber unverz\u00fcglich in Kenntnis setzen. Der Vermieter sollte sich dann umgehend mit einem Fachmann (Kammerj\u00e4ger, Imker mit Zusatzausbildung usw.) in Verbindung setzen und das Nest fachm\u00e4nnisch entfernen lassen. Wird der Vermieter nicht aktiv, kann der Mieter unter Umst\u00e4nden eine Mietminderung vornehmen.<\/p>\n<hr \/>\n<h5>Das k\u00f6nnte Sie auch interessieren<\/h5>\n<p><a href=\"https:\/\/www.buhl.de\/vermieter-web\/krabbeltiere-und-co\/\">Krabbeltier und Co.<\/a><br \/>\n<a href=\"https:\/\/www.buhl.de\/vermieter-web\/kampf-dem-eichen%c2%adprozessions%c2%adspinner\/\">Kampf dem Eichen\u00adprozessions\u00adspinner<\/a><br \/>\n<a href=\"https:\/\/www.buhl.de\/vermieter-web\/zwei-heimchen-in-der-wohnung-sind-noch-kein-ungeziefer-befall\/\">Zwei Heimchen in der Wohnung sind noch kein Ungezieferbefall.<\/a><\/p>\n<hr \/>\n<p>&nbsp;<\/p>\n<p>&nbsp;<\/p>\n","protected":false},"excerpt":{"rendered":"<p>Wird ein Wespennest entdeckt, ist die Aufregung gro\u00df. Doch Vorsicht \u2013 das Entfernen der Nester ist nicht nur gef\u00e4hrlich , sondern in vielen F\u00e4llen auch unzul\u00e4ssig. Ist ein Wespennest gesch\u00fctzt? Es gibt kein Gesetz, in dem explizit geregelt wird, dass man Wespennester nicht entfernen darf. \u00a7 39 Naturschutzgesetz verbietet jedoch allgemein, \u201ewild lebende Tiere mutwillig &hellip; <\/p>\n<p class=\"link-more\"><a href=\"https:\/\/www.buhl.de\/vermieter-web\/hilfe-ein-wespennest\/\" class=\"more-link\"><span class=\"screen-reader-text\">\u201eHilfe &#8211; ein Wespennest\u201c<\/span> weiterlesen<\/a><\/p>\n","protected":false},"author":15,"featured_media":17204,"comment_status":"closed","ping_status":"open","sticky":false,"template":"","format":"standard","meta":{"footnotes":""},"categories":[1],"tags":[],"class_list":["post-17199","post","type-post","status-publish","format-standard","has-post-thumbnail","hentry","category-allgemein"],"yoast_head":"<!-- This site is optimized with the Yoast SEO Premium plugin v27.4 (Yoast SEO v27.5) - https:\/\/yoast.com\/product\/yoast-seo-premium-wordpress\/ -->\n<title>Wespennest in Mietimmobilie<\/title>\n<meta name=\"description\" content=\"Ein Wespennest in der Wohnimmobilie sorgt nicht nur f\u00fcr Aufregung. Es ergeben sich auch eine Reihe von Fragen, die gekl\u00e4rt werden m\u00fcssen.\" \/>\n<meta name=\"robots\" content=\"noindex, nofollow\" \/>\n<meta property=\"og:locale\" content=\"de_DE\" \/>\n<meta property=\"og:type\" content=\"article\" \/>\n<meta property=\"og:title\" content=\"Hilfe - ein Wespennest\" \/>\n<meta property=\"og:description\" content=\"Ein Wespennest in der Wohnimmobilie sorgt nicht nur f\u00fcr Aufregung. Es ergeben sich auch eine Reihe von Fragen, die gekl\u00e4rt werden m\u00fcssen.\" \/>\n<meta property=\"og:url\" content=\"https:\/\/www.buhl.de\/vermieter-web\/hilfe-ein-wespennest\/\" \/>\n<meta property=\"og:site_name\" content=\"Online-Nebenkostenabrechnung mit WISO Vermieter-Web\" \/>\n<meta property=\"article:published_time\" content=\"2025-08-08T11:46:11+00:00\" \/>\n<meta property=\"article:modified_time\" content=\"2025-11-03T09:04:34+00:00\" \/>\n<meta property=\"og:image\" content=\"https:\/\/www.buhl.de\/vermieter-web\/wp-content\/uploads\/sites\/33\/2025\/08\/Andrei-Znamenskii-Wespennest.jpg\" \/>\n\t<meta property=\"og:image:width\" content=\"1063\" \/>\n\t<meta property=\"og:image:height\" content=\"532\" \/>\n\t<meta property=\"og:image:type\" content=\"image\/jpeg\" \/>\n<meta name=\"author\" content=\"Hartmut Fischer\" \/>\n<meta name=\"twitter:card\" content=\"summary_large_image\" \/>\n<meta name=\"twitter:label1\" content=\"Verfasst von\" \/>\n\t<meta name=\"twitter:data1\" content=\"Hartmut Fischer\" \/>\n\t<meta name=\"twitter:label2\" content=\"Gesch\u00e4tzte Lesezeit\" \/>\n\t<meta name=\"twitter:data2\" content=\"3\u00a0Minuten\" \/>\n<script type=\"application\/ld+json\" class=\"yoast-schema-graph\">{\"@context\":\"https:\\\/\\\/schema.org\",\"@graph\":[{\"@type\":\"Article\",\"@id\":\"https:\\\/\\\/www.buhl.de\\\/vermieter-web\\\/hilfe-ein-wespennest\\\/#article\",\"isPartOf\":{\"@id\":\"https:\\\/\\\/www.buhl.de\\\/vermieter-web\\\/hilfe-ein-wespennest\\\/\"},\"author\":{\"name\":\"Hartmut Fischer\",\"@id\":\"https:\\\/\\\/www.buhl.de\\\/vermieter-web\\\/#\\\/schema\\\/person\\\/82903e1cb04eb553382702d503991b4f\"},\"headline\":\"Hilfe &#8211; ein Wespennest\",\"datePublished\":\"2025-08-08T11:46:11+00:00\",\"dateModified\":\"2025-11-03T09:04:34+00:00\",\"mainEntityOfPage\":{\"@id\":\"https:\\\/\\\/www.buhl.de\\\/vermieter-web\\\/hilfe-ein-wespennest\\\/\"},\"wordCount\":400,\"image\":{\"@id\":\"https:\\\/\\\/www.buhl.de\\\/vermieter-web\\\/hilfe-ein-wespennest\\\/#primaryimage\"},\"thumbnailUrl\":\"https:\\\/\\\/www.buhl.de\\\/vermieter-web\\\/wp-content\\\/uploads\\\/sites\\\/33\\\/2025\\\/08\\\/Andrei-Znamenskii-Wespennest.jpg\",\"inLanguage\":\"de\"},{\"@type\":\"WebPage\",\"@id\":\"https:\\\/\\\/www.buhl.de\\\/vermieter-web\\\/hilfe-ein-wespennest\\\/\",\"url\":\"https:\\\/\\\/www.buhl.de\\\/vermieter-web\\\/hilfe-ein-wespennest\\\/\",\"name\":\"Wespennest in Mietimmobilie\",\"isPartOf\":{\"@id\":\"https:\\\/\\\/www.buhl.de\\\/vermieter-web\\\/#website\"},\"primaryImageOfPage\":{\"@id\":\"https:\\\/\\\/www.buhl.de\\\/vermieter-web\\\/hilfe-ein-wespennest\\\/#primaryimage\"},\"image\":{\"@id\":\"https:\\\/\\\/www.buhl.de\\\/vermieter-web\\\/hilfe-ein-wespennest\\\/#primaryimage\"},\"thumbnailUrl\":\"https:\\\/\\\/www.buhl.de\\\/vermieter-web\\\/wp-content\\\/uploads\\\/sites\\\/33\\\/2025\\\/08\\\/Andrei-Znamenskii-Wespennest.jpg\",\"datePublished\":\"2025-08-08T11:46:11+00:00\",\"dateModified\":\"2025-11-03T09:04:34+00:00\",\"author\":{\"@id\":\"https:\\\/\\\/www.buhl.de\\\/vermieter-web\\\/#\\\/schema\\\/person\\\/82903e1cb04eb553382702d503991b4f\"},\"description\":\"Ein Wespennest in der Wohnimmobilie sorgt nicht nur f\u00fcr Aufregung. Es ergeben sich auch eine Reihe von Fragen, die gekl\u00e4rt werden m\u00fcssen.\",\"breadcrumb\":{\"@id\":\"https:\\\/\\\/www.buhl.de\\\/vermieter-web\\\/hilfe-ein-wespennest\\\/#breadcrumb\"},\"inLanguage\":\"de\",\"potentialAction\":[{\"@type\":\"ReadAction\",\"target\":[\"https:\\\/\\\/www.buhl.de\\\/vermieter-web\\\/hilfe-ein-wespennest\\\/\"]}]},{\"@type\":\"ImageObject\",\"inLanguage\":\"de\",\"@id\":\"https:\\\/\\\/www.buhl.de\\\/vermieter-web\\\/hilfe-ein-wespennest\\\/#primaryimage\",\"url\":\"https:\\\/\\\/www.buhl.de\\\/vermieter-web\\\/wp-content\\\/uploads\\\/sites\\\/33\\\/2025\\\/08\\\/Andrei-Znamenskii-Wespennest.jpg\",\"contentUrl\":\"https:\\\/\\\/www.buhl.de\\\/vermieter-web\\\/wp-content\\\/uploads\\\/sites\\\/33\\\/2025\\\/08\\\/Andrei-Znamenskii-Wespennest.jpg\",\"width\":1063,\"height\":532},{\"@type\":\"BreadcrumbList\",\"@id\":\"https:\\\/\\\/www.buhl.de\\\/vermieter-web\\\/hilfe-ein-wespennest\\\/#breadcrumb\",\"itemListElement\":[{\"@type\":\"ListItem\",\"position\":1,\"name\":\"Startseite\",\"item\":\"https:\\\/\\\/www.buhl.de\\\/vermieter-web\\\/\"},{\"@type\":\"ListItem\",\"position\":2,\"name\":\"Hilfe &#8211; ein Wespennest\"}]},{\"@type\":\"WebSite\",\"@id\":\"https:\\\/\\\/www.buhl.de\\\/vermieter-web\\\/#website\",\"url\":\"https:\\\/\\\/www.buhl.de\\\/vermieter-web\\\/\",\"name\":\"Online-Nebenkostenabrechnung mit WISO Vermieter-Web\",\"description\":\"\",\"potentialAction\":[{\"@type\":\"SearchAction\",\"target\":{\"@type\":\"EntryPoint\",\"urlTemplate\":\"https:\\\/\\\/www.buhl.de\\\/vermieter-web\\\/?s={search_term_string}\"},\"query-input\":{\"@type\":\"PropertyValueSpecification\",\"valueRequired\":true,\"valueName\":\"search_term_string\"}}],\"inLanguage\":\"de\"},{\"@type\":\"Person\",\"@id\":\"https:\\\/\\\/www.buhl.de\\\/vermieter-web\\\/#\\\/schema\\\/person\\\/82903e1cb04eb553382702d503991b4f\",\"name\":\"Hartmut Fischer\"}]}<\/script>\n<!-- \/ Yoast SEO Premium plugin. -->","yoast_head_json":{"title":"Wespennest in Mietimmobilie","description":"Ein Wespennest in der Wohnimmobilie sorgt nicht nur f\u00fcr Aufregung. Es ergeben sich auch eine Reihe von Fragen, die gekl\u00e4rt werden m\u00fcssen.","robots":{"index":"noindex","follow":"nofollow"},"og_locale":"de_DE","og_type":"article","og_title":"Hilfe - ein Wespennest","og_description":"Ein Wespennest in der Wohnimmobilie sorgt nicht nur f\u00fcr Aufregung. Es ergeben sich auch eine Reihe von Fragen, die gekl\u00e4rt werden m\u00fcssen.","og_url":"https:\/\/www.buhl.de\/vermieter-web\/hilfe-ein-wespennest\/","og_site_name":"Online-Nebenkostenabrechnung mit WISO Vermieter-Web","article_published_time":"2025-08-08T11:46:11+00:00","article_modified_time":"2025-11-03T09:04:34+00:00","og_image":[{"width":1063,"height":532,"url":"https:\/\/www.buhl.de\/vermieter-web\/wp-content\/uploads\/sites\/33\/2025\/08\/Andrei-Znamenskii-Wespennest.jpg","type":"image\/jpeg"}],"author":"Hartmut Fischer","twitter_card":"summary_large_image","twitter_misc":{"Verfasst von":"Hartmut Fischer","Gesch\u00e4tzte Lesezeit":"3\u00a0Minuten"},"schema":{"@context":"https:\/\/schema.org","@graph":[{"@type":"Article","@id":"https:\/\/www.buhl.de\/vermieter-web\/hilfe-ein-wespennest\/#article","isPartOf":{"@id":"https:\/\/www.buhl.de\/vermieter-web\/hilfe-ein-wespennest\/"},"author":{"name":"Hartmut Fischer","@id":"https:\/\/www.buhl.de\/vermieter-web\/#\/schema\/person\/82903e1cb04eb553382702d503991b4f"},"headline":"Hilfe &#8211; ein Wespennest","datePublished":"2025-08-08T11:46:11+00:00","dateModified":"2025-11-03T09:04:34+00:00","mainEntityOfPage":{"@id":"https:\/\/www.buhl.de\/vermieter-web\/hilfe-ein-wespennest\/"},"wordCount":400,"image":{"@id":"https:\/\/www.buhl.de\/vermieter-web\/hilfe-ein-wespennest\/#primaryimage"},"thumbnailUrl":"https:\/\/www.buhl.de\/vermieter-web\/wp-content\/uploads\/sites\/33\/2025\/08\/Andrei-Znamenskii-Wespennest.jpg","inLanguage":"de"},{"@type":"WebPage","@id":"https:\/\/www.buhl.de\/vermieter-web\/hilfe-ein-wespennest\/","url":"https:\/\/www.buhl.de\/vermieter-web\/hilfe-ein-wespennest\/","name":"Wespennest in Mietimmobilie","isPartOf":{"@id":"https:\/\/www.buhl.de\/vermieter-web\/#website"},"primaryImageOfPage":{"@id":"https:\/\/www.buhl.de\/vermieter-web\/hilfe-ein-wespennest\/#primaryimage"},"image":{"@id":"https:\/\/www.buhl.de\/vermieter-web\/hilfe-ein-wespennest\/#primaryimage"},"thumbnailUrl":"https:\/\/www.buhl.de\/vermieter-web\/wp-content\/uploads\/sites\/33\/2025\/08\/Andrei-Znamenskii-Wespennest.jpg","datePublished":"2025-08-08T11:46:11+00:00","dateModified":"2025-11-03T09:04:34+00:00","author":{"@id":"https:\/\/www.buhl.de\/vermieter-web\/#\/schema\/person\/82903e1cb04eb553382702d503991b4f"},"description":"Ein Wespennest in der Wohnimmobilie sorgt nicht nur f\u00fcr Aufregung. Es ergeben sich auch eine Reihe von Fragen, die gekl\u00e4rt werden m\u00fcssen.","breadcrumb":{"@id":"https:\/\/www.buhl.de\/vermieter-web\/hilfe-ein-wespennest\/#breadcrumb"},"inLanguage":"de","potentialAction":[{"@type":"ReadAction","target":["https:\/\/www.buhl.de\/vermieter-web\/hilfe-ein-wespennest\/"]}]},{"@type":"ImageObject","inLanguage":"de","@id":"https:\/\/www.buhl.de\/vermieter-web\/hilfe-ein-wespennest\/#primaryimage","url":"https:\/\/www.buhl.de\/vermieter-web\/wp-content\/uploads\/sites\/33\/2025\/08\/Andrei-Znamenskii-Wespennest.jpg","contentUrl":"https:\/\/www.buhl.de\/vermieter-web\/wp-content\/uploads\/sites\/33\/2025\/08\/Andrei-Znamenskii-Wespennest.jpg","width":1063,"height":532},{"@type":"BreadcrumbList","@id":"https:\/\/www.buhl.de\/vermieter-web\/hilfe-ein-wespennest\/#breadcrumb","itemListElement":[{"@type":"ListItem","position":1,"name":"Startseite","item":"https:\/\/www.buhl.de\/vermieter-web\/"},{"@type":"ListItem","position":2,"name":"Hilfe &#8211; ein Wespennest"}]},{"@type":"WebSite","@id":"https:\/\/www.buhl.de\/vermieter-web\/#website","url":"https:\/\/www.buhl.de\/vermieter-web\/","name":"Online-Nebenkostenabrechnung mit WISO Vermieter-Web","description":"","potentialAction":[{"@type":"SearchAction","target":{"@type":"EntryPoint","urlTemplate":"https:\/\/www.buhl.de\/vermieter-web\/?s={search_term_string}"},"query-input":{"@type":"PropertyValueSpecification","valueRequired":true,"valueName":"search_term_string"}}],"inLanguage":"de"},{"@type":"Person","@id":"https:\/\/www.buhl.de\/vermieter-web\/#\/schema\/person\/82903e1cb04eb553382702d503991b4f","name":"Hartmut Fischer"}]}},"_links":{"self":[{"href":"https:\/\/www.buhl.de\/vermieter-web\/wp-json\/wp\/v2\/posts\/17199","targetHints":{"allow":["GET"]}}],"collection":[{"href":"https:\/\/www.buhl.de\/vermieter-web\/wp-json\/wp\/v2\/posts"}],"about":[{"href":"https:\/\/www.buhl.de\/vermieter-web\/wp-json\/wp\/v2\/types\/post"}],"author":[{"embeddable":true,"href":"https:\/\/www.buhl.de\/vermieter-web\/wp-json\/wp\/v2\/users\/15"}],"replies":[{"embeddable":true,"href":"https:\/\/www.buhl.de\/vermieter-web\/wp-json\/wp\/v2\/comments?post=17199"}],"version-history":[{"count":5,"href":"https:\/\/www.buhl.de\/vermieter-web\/wp-json\/wp\/v2\/posts\/17199\/revisions"}],"predecessor-version":[{"id":17415,"href":"https:\/\/www.buhl.de\/vermieter-web\/wp-json\/wp\/v2\/posts\/17199\/revisions\/17415"}],"wp:featuredmedia":[{"embeddable":true,"href":"https:\/\/www.buhl.de\/vermieter-web\/wp-json\/wp\/v2\/media\/17204"}],"wp:attachment":[{"href":"https:\/\/www.buhl.de\/vermieter-web\/wp-json\/wp\/v2\/media?parent=17199"}],"wp:term":[{"taxonomy":"category","embeddable":true,"href":"https:\/\/www.buhl.de\/vermieter-web\/wp-json\/wp\/v2\/categories?post=17199"},{"taxonomy":"post_tag","embeddable":true,"href":"https:\/\/www.buhl.de\/vermieter-web\/wp-json\/wp\/v2\/tags?post=17199"}],"curies":[{"name":"wp","href":"https:\/\/api.w.org\/{rel}","templated":true}]}}